{"id":32725,"date":"2024-07-15T14:06:42","date_gmt":"2024-07-15T17:06:42","guid":{"rendered":"https:\/\/www.ejercito.mil.uy\/?p=32725"},"modified":"2024-07-16T07:52:30","modified_gmt":"2024-07-16T10:52:30","slug":"jornada-de-sensibilizacion-y-capacitacion-en-prevencion-del-suicidio","status":"publish","type":"post","link":"https:\/\/www.ejercito.mil.uy\/index.php\/2024\/07\/15\/jornada-de-sensibilizacion-y-capacitacion-en-prevencion-del-suicidio\/","title":{"rendered":"Jornada de sensibilizaci\u00f3n y capacitaci\u00f3n en prevenci\u00f3n del suicidio"},"content":{"rendered":"\n<div style=\"height:22px\" aria-hidden=\"true\" class=\"wp-block-spacer\"><\/div>\n\n\n\n<p class=\"has-black-color has-text-color has-small-font-size\">15.07.2024 &#8211; Montevideo <\/p>\n\n\n\n<div style=\"height:33px\" aria-hidden=\"true\" class=\"wp-block-spacer\"><\/div>\n\n\n\n<p class=\"has-black-color has-text-color has-background has-link-color has-medium-font-size wp-elements-5af6018c3055292c50a2e375fb72bddc\" style=\"background-color:#ffcc00\">El 15 de julio, se realiz\u00f3 en el Anfiteatro \u00abGeneral Jos\u00e9 Gervasio Artigas\u00bb del Instituto Militar de Estudios Superiores, una <strong>jornada de sensibilizaci\u00f3n y capacitaci\u00f3n en prevenci\u00f3n del suicidio<\/strong>.<\/p>\n\n\n\n<div style=\"height:33px\" aria-hidden=\"true\" class=\"wp-block-spacer\"><\/div>\n\n\n\n<p class=\"has-black-color has-text-color has-link-color wp-elements-deca7dcd8c4b938e1556bead3fbde337\" style=\"font-size:18px\">Esta actividad se desarroll\u00f3 en el marco del D\u00eda Nacional para la Prevenci\u00f3n del Suicidio (17 de julio).<\/p>\n\n\n\n<div style=\"height:44px\" aria-hidden=\"true\" class=\"wp-block-spacer\"><\/div>\n\n\n\n<figure class=\"wp-block-image size-large\"><img fetchpriority=\"high\" decoding=\"async\" width=\"1024\" height=\"683\" src=\"https:\/\/www.ejercito.mil.uy\/wp-content\/uploads\/2024\/07\/2024-07-15-IMES-SSE-Jornada-Suicidio-5-1024x683.jpg\" alt=\"\" class=\"wp-image-32727\" srcset=\"https:\/\/www.ejercito.mil.uy\/wp-content\/uploads\/2024\/07\/2024-07-15-IMES-SSE-Jornada-Suicidio-5-1024x683.jpg 1024w, https:\/\/www.ejercito.mil.uy\/wp-content\/uploads\/2024\/07\/2024-07-15-IMES-SSE-Jornada-Suicidio-5-300x200.jpg 300w, https:\/\/www.ejercito.mil.uy\/wp-content\/uploads\/2024\/07\/2024-07-15-IMES-SSE-Jornada-Suicidio-5.jpg 1200w\" sizes=\"(max-width: 1024px) 100vw, 1024px\" \/><\/figure>\n\n\n\n<div style=\"height:33px\" aria-hidden=\"true\" class=\"wp-block-spacer\"><\/div>\n\n\n\n<p class=\"has-black-color has-text-color has-link-color wp-elements-cc717e739553d9198cfc5cef7ea61703\" style=\"font-size:18px\">La charla estuvo a cargo del Departamento de Psicolog\u00eda del Servicio Sanitario del Ej\u00e9rcito y cont\u00f3 con la participaci\u00f3n de disertantes como la Sgto. (Lic. Ps.) Flabia Sosa y la Sgto. (Lic. Ps.) Adriana Urrutia. &nbsp;<\/p>\n\n\n\n<div style=\"height:33px\" aria-hidden=\"true\" class=\"wp-block-spacer\"><\/div>\n\n\n\n<p class=\"has-black-color has-text-color has-link-color wp-elements-f6fb7b3f9463020072aeb26db5e95bd0\" style=\"font-size:18px\">Estuvo dirigido a los Jefes de las Unidades B\u00e1sicas con sus respectivos m\u00e9dicos, psic\u00f3logos y asistentes sociales de todo el territorio nacional.<\/p>\n\n\n\n<div style=\"height:55px\" aria-hidden=\"true\" class=\"wp-block-spacer\"><\/div>\n\n\n\n<figure class=\"wp-block-gallery has-nested-images columns-default is-cropped wp-block-gallery-1 is-layout-flex wp-block-gallery-is-layout-flex\">\n<figure class=\"wp-block-image size-large\"><img decoding=\"async\" width=\"1024\" height=\"683\" data-id=\"32728\" src=\"https:\/\/www.ejercito.mil.uy\/wp-content\/uploads\/2024\/07\/2024-07-15-IMES-SSE-Jornada-Suicidio-4-1024x683.jpg\" alt=\"\" class=\"wp-image-32728\" srcset=\"https:\/\/www.ejercito.mil.uy\/wp-content\/uploads\/2024\/07\/2024-07-15-IMES-SSE-Jornada-Suicidio-4-1024x683.jpg 1024w, https:\/\/www.ejercito.mil.uy\/wp-content\/uploads\/2024\/07\/2024-07-15-IMES-SSE-Jornada-Suicidio-4-300x200.jpg 300w, https:\/\/www.ejercito.mil.uy\/wp-content\/uploads\/2024\/07\/2024-07-15-IMES-SSE-Jornada-Suicidio-4.jpg 1200w\" sizes=\"(max-width: 1024px) 100vw, 1024px\" \/><\/figure>\n\n\n\n<figure class=\"wp-block-image size-large\"><img decoding=\"async\" width=\"1024\" height=\"683\" data-id=\"32729\" src=\"https:\/\/www.ejercito.mil.uy\/wp-content\/uploads\/2024\/07\/2024-07-15-IMES-SSE-Jornada-Suicidio-7-1024x683.jpg\" alt=\"\" class=\"wp-image-32729\" srcset=\"https:\/\/www.ejercito.mil.uy\/wp-content\/uploads\/2024\/07\/2024-07-15-IMES-SSE-Jornada-Suicidio-7-1024x683.jpg 1024w, https:\/\/www.ejercito.mil.uy\/wp-content\/uploads\/2024\/07\/2024-07-15-IMES-SSE-Jornada-Suicidio-7-300x200.jpg 300w, https:\/\/www.ejercito.mil.uy\/wp-content\/uploads\/2024\/07\/2024-07-15-IMES-SSE-Jornada-Suicidio-7.jpg 1200w\" sizes=\"(max-width: 1024px) 100vw, 1024px\" \/><\/figure>\n<\/figure>\n\n\n\n<div style=\"height:55px\" aria-hidden=\"true\" class=\"wp-block-spacer\"><\/div>\n\n\n\n<p class=\"has-black-color has-text-color has-link-color wp-elements-5419f6bb5e141fe201e9f2a52cb80064\" style=\"font-size:18px\">Se abordaron temas como: salud mental, l\u00edneas de acci\u00f3n para la prevenci\u00f3n, estrategia de prevenci\u00f3n y tratamiento, entre otros.<\/p>\n\n\n\n<div style=\"height:33px\" aria-hidden=\"true\" class=\"wp-block-spacer\"><\/div>\n\n\n\n<p class=\"has-black-color has-text-color has-link-color wp-elements-5864988744f686a7f127e126f09cd422\" style=\"font-size:18px\">Cabe destacar que, seg\u00fan la Organizaci\u00f3n Mundial de la Salud en su informe Prevenci\u00f3n del \u201cSuicidio: un imperativo mundial\u201d, la prevenci\u00f3n del suicidio militar debe ser reconocido mundialmente como un grupo de m\u00e1xima prioridad ante este problema de salud mental.<\/p>\n\n\n\n<div style=\"height:55px\" aria-hidden=\"true\" class=\"wp-block-spacer\"><\/div>\n\n\n\n<figure class=\"wp-block-image size-large\"><img loading=\"lazy\" decoding=\"async\" width=\"1024\" height=\"683\" src=\"https:\/\/www.ejercito.mil.uy\/wp-content\/uploads\/2024\/07\/2024-07-15-IMES-SSE-Jornada-Suicidio-6-1024x683.jpg\" alt=\"\" class=\"wp-image-32731\" srcset=\"https:\/\/www.ejercito.mil.uy\/wp-content\/uploads\/2024\/07\/2024-07-15-IMES-SSE-Jornada-Suicidio-6-1024x683.jpg 1024w, https:\/\/www.ejercito.mil.uy\/wp-content\/uploads\/2024\/07\/2024-07-15-IMES-SSE-Jornada-Suicidio-6-300x200.jpg 300w, https:\/\/www.ejercito.mil.uy\/wp-content\/uploads\/2024\/07\/2024-07-15-IMES-SSE-Jornada-Suicidio-6.jpg 1200w\" sizes=\"(max-width: 1024px) 100vw, 1024px\" \/><\/figure>\n\n\n\n<div style=\"height:33px\" aria-hidden=\"true\" class=\"wp-block-spacer\"><\/div>\n\n\n\n<p class=\"has-black-color has-text-color has-link-color wp-elements-ad0a2a0620c949191b2a66a952352733\" style=\"font-size:18px\">La finalidad del encuentro es brindar herramientas que le permitan liderar la gesti\u00f3n en cuanto a la salud mental y la prevenci\u00f3n del suicidio en sus correspondientes reparticiones.<\/p>\n\n\n\n<div style=\"height:55px\" aria-hidden=\"true\" class=\"wp-block-spacer\"><\/div>\n\n\n\n<div class=\"wp-block-coblocks-gallery-stacked\"><ul class=\"coblocks-gallery has-no-alignment has-fullwidth-images has-custom-gutter\" style=\"--coblocks-custom-gutter:0em\"><li class=\"coblocks-gallery--item\"><figure class=\"coblocks-gallery--figure\"><img loading=\"lazy\" decoding=\"async\" width=\"1024\" height=\"683\" alt=\"\" class=\"wp-image-32730 has-shadow-none\" data-id=\"32730\" data-imglink=\"\" data-link=\"https:\/\/www.ejercito.mil.uy\/?attachment_id=32730\" src=\"https:\/\/www.ejercito.mil.uy\/wp-content\/uploads\/2024\/07\/2024-07-15-IMES-SSE-Jornada-Suicidio-2-1024x683.jpg\" srcset=\"https:\/\/www.ejercito.mil.uy\/wp-content\/uploads\/2024\/07\/2024-07-15-IMES-SSE-Jornada-Suicidio-2-1024x683.jpg 1024w, https:\/\/www.ejercito.mil.uy\/wp-content\/uploads\/2024\/07\/2024-07-15-IMES-SSE-Jornada-Suicidio-2-300x200.jpg 300w, https:\/\/www.ejercito.mil.uy\/wp-content\/uploads\/2024\/07\/2024-07-15-IMES-SSE-Jornada-Suicidio-2.jpg 1200w\" sizes=\"(max-width: 1024px) 100vw, 1024px\" \/><\/figure><\/li><\/ul><\/div>\n\n\n\n<div style=\"height:100px\" aria-hidden=\"true\" class=\"wp-block-spacer\"><\/div>\n","protected":false},"excerpt":{"rendered":"<p>15.07.2024 &#8211; Se realiz\u00f3 el 15 de julio en el Anfiteatro del IMES y estuvo a cargo del Departamento de Psicolog\u00eda del Servicio Sanitario del Ej\u00e9rcito. <\/p>\n","protected":false},"author":14,"featured_media":32726,"comment_status":"open","ping_status":"open","sticky":false,"template":"","format":"standard","meta":{"_coblocks_attr":"","_coblocks_dimensions":"","_coblocks_responsive_height":"","_coblocks_accordion_ie_support":"","_monsterinsights_skip_tracking":false,"_monsterinsights_sitenote_active":false,"_monsterinsights_sitenote_note":"","_monsterinsights_sitenote_category":0,"_uf_show_specific_survey":0,"_uf_disable_surveys":false,"footnotes":""},"categories":[2,10,14,1],"tags":[314,642,1624,300,159,1623,655],"class_list":["post-32725","post","type-post","status-publish","format-standard","has-post-thumbnail","hentry","category-blog","category-destacados","category-noticias","category-sin-categoria","tag-capacitacion","tag-jornada","tag-mental","tag-prevencion","tag-salud","tag-sensibilizacion","tag-suicidio"],"aioseo_notices":[],"_links":{"self":[{"href":"https:\/\/www.ejercito.mil.uy\/index.php\/wp-json\/wp\/v2\/posts\/32725","targetHints":{"allow":["GET"]}}],"collection":[{"href":"https:\/\/www.ejercito.mil.uy\/index.php\/wp-json\/wp\/v2\/posts"}],"about":[{"href":"https:\/\/www.ejercito.mil.uy\/index.php\/wp-json\/wp\/v2\/types\/post"}],"author":[{"embeddable":true,"href":"https:\/\/www.ejercito.mil.uy\/index.php\/wp-json\/wp\/v2\/users\/14"}],"replies":[{"embeddable":true,"href":"https:\/\/www.ejercito.mil.uy\/index.php\/wp-json\/wp\/v2\/comments?post=32725"}],"version-history":[{"count":7,"href":"https:\/\/www.ejercito.mil.uy\/index.php\/wp-json\/wp\/v2\/posts\/32725\/revisions"}],"predecessor-version":[{"id":32740,"href":"https:\/\/www.ejercito.mil.uy\/index.php\/wp-json\/wp\/v2\/posts\/32725\/revisions\/32740"}],"wp:featuredmedia":[{"embeddable":true,"href":"https:\/\/www.ejercito.mil.uy\/index.php\/wp-json\/wp\/v2\/media\/32726"}],"wp:attachment":[{"href":"https:\/\/www.ejercito.mil.uy\/index.php\/wp-json\/wp\/v2\/media?parent=32725"}],"wp:term":[{"taxonomy":"category","embeddable":true,"href":"https:\/\/www.ejercito.mil.uy\/index.php\/wp-json\/wp\/v2\/categories?post=32725"},{"taxonomy":"post_tag","embeddable":true,"href":"https:\/\/www.ejercito.mil.uy\/index.php\/wp-json\/wp\/v2\/tags?post=32725"}],"curies":[{"name":"wp","href":"https:\/\/api.w.org\/{rel}","templated":true}]}}