{"id":32743,"date":"2024-07-17T01:03:00","date_gmt":"2024-07-17T04:03:00","guid":{"rendered":"https:\/\/www.ejercito.mil.uy\/?p=32743"},"modified":"2024-07-16T10:58:32","modified_gmt":"2024-07-16T13:58:32","slug":"dia-nacional-para-la-prevencion-del-suicidio","status":"publish","type":"post","link":"https:\/\/www.ejercito.mil.uy\/index.php\/2024\/07\/17\/dia-nacional-para-la-prevencion-del-suicidio\/","title":{"rendered":"D\u00eda Nacional para la Prevenci\u00f3n del Suicidio"},"content":{"rendered":"\n<p style=\"font-size:14px\">17.07.2024<\/p>\n\n\n\n<div style=\"height:24px\" aria-hidden=\"true\" class=\"wp-block-spacer\"><\/div>\n\n\n\n<p class=\"has-white-color has-text-color has-background has-link-color wp-elements-7c5c0a08f5e912772625280fb81de9a7\" style=\"background-color:#0038a8;font-size:22px\"><strong>El Ej\u00e9rcito Nacional se adhiere al D\u00eda Nacional para la Prevenci\u00f3n del Suicidio, que se conmemora cada 17 de julio en nuestro pa\u00eds.<\/strong><\/p>\n\n\n\n<div style=\"height:33px\" aria-hidden=\"true\" class=\"wp-block-spacer\"><\/div>\n\n\n\n<p>Recordamos las l\u00edneas gratuitas de comunicaci\u00f3n abiertas las 24 h del d\u00eda, para recibir apoyo psicol\u00f3gico: 0800 0767 y *0767 (desde tel\u00e9fono celular).<\/p>\n\n\n\n<div style=\"height:33px\" aria-hidden=\"true\" class=\"wp-block-spacer\"><\/div>\n\n\n\n<figure class=\"wp-block-embed aligncenter is-type-video is-provider-youtube wp-block-embed-youtube wp-embed-aspect-16-9 wp-has-aspect-ratio\"><div class=\"wp-block-embed__wrapper\">\nhttps:\/\/www.youtube.com\/watch?v=FSjJPRbBNOEu0026ab_channel=Ej%C3%A9rcitodelUruguay\n<\/div><\/figure>\n\n\n\n<div style=\"height:99px\" aria-hidden=\"true\" class=\"wp-block-spacer\"><\/div>\n\n\n\n<p><\/p>\n","protected":false},"excerpt":{"rendered":"<p>17.07.2024 &#8211; El Ej\u00e9rcito Nacional se adhiere al D\u00eda Nacional para la Prevenci\u00f3n del Suicidio, que se conmemora cada 17 de julio en nuestro pa\u00eds.<\/p>\n","protected":false},"author":4,"featured_media":32747,"comment_status":"closed","ping_status":"open","sticky":false,"template":"","format":"standard","meta":{"_coblocks_attr":"","_coblocks_dimensions":"","_coblocks_responsive_height":"","_coblocks_accordion_ie_support":"","_monsterinsights_skip_tracking":false,"_monsterinsights_sitenote_active":false,"_monsterinsights_sitenote_note":"","_monsterinsights_sitenote_category":0,"_uf_show_specific_survey":0,"_uf_disable_surveys":false,"footnotes":""},"categories":[2,10,14],"tags":[27,32,29,1172,497,28,37,655],"class_list":["post-32743","post","type-post","status-publish","format-standard","has-post-thumbnail","hentry","category-blog","category-destacados","category-noticias","tag-apoyo","tag-bienestar","tag-comunidad","tag-sanitario","tag-servicio","tag-social","tag-sociedad","tag-suicidio"],"aioseo_notices":[],"_links":{"self":[{"href":"https:\/\/www.ejercito.mil.uy\/index.php\/wp-json\/wp\/v2\/posts\/32743","targetHints":{"allow":["GET"]}}],"collection":[{"href":"https:\/\/www.ejercito.mil.uy\/index.php\/wp-json\/wp\/v2\/posts"}],"about":[{"href":"https:\/\/www.ejercito.mil.uy\/index.php\/wp-json\/wp\/v2\/types\/post"}],"author":[{"embeddable":true,"href":"https:\/\/www.ejercito.mil.uy\/index.php\/wp-json\/wp\/v2\/users\/4"}],"replies":[{"embeddable":true,"href":"https:\/\/www.ejercito.mil.uy\/index.php\/wp-json\/wp\/v2\/comments?post=32743"}],"version-history":[{"count":2,"href":"https:\/\/www.ejercito.mil.uy\/index.php\/wp-json\/wp\/v2\/posts\/32743\/revisions"}],"predecessor-version":[{"id":32748,"href":"https:\/\/www.ejercito.mil.uy\/index.php\/wp-json\/wp\/v2\/posts\/32743\/revisions\/32748"}],"wp:featuredmedia":[{"embeddable":true,"href":"https:\/\/www.ejercito.mil.uy\/index.php\/wp-json\/wp\/v2\/media\/32747"}],"wp:attachment":[{"href":"https:\/\/www.ejercito.mil.uy\/index.php\/wp-json\/wp\/v2\/media?parent=32743"}],"wp:term":[{"taxonomy":"category","embeddable":true,"href":"https:\/\/www.ejercito.mil.uy\/index.php\/wp-json\/wp\/v2\/categories?post=32743"},{"taxonomy":"post_tag","embeddable":true,"href":"https:\/\/www.ejercito.mil.uy\/index.php\/wp-json\/wp\/v2\/tags?post=32743"}],"curies":[{"name":"wp","href":"https:\/\/api.w.org\/{rel}","templated":true}]}}