{"id":32789,"date":"2024-07-17T18:00:00","date_gmt":"2024-07-17T21:00:00","guid":{"rendered":"https:\/\/www.ejercito.mil.uy\/?p=32789"},"modified":"2024-07-22T14:55:06","modified_gmt":"2024-07-22T17:55:06","slug":"jornada-de-concientizacion-sobre-la-problematica-del-suicidio","status":"publish","type":"post","link":"https:\/\/www.ejercito.mil.uy\/index.php\/2024\/07\/17\/jornada-de-concientizacion-sobre-la-problematica-del-suicidio\/","title":{"rendered":"Jornada de concientizaci\u00f3n sobre la problem\u00e1tica del suicidio"},"content":{"rendered":"\n<div style=\"height:22px\" aria-hidden=\"true\" class=\"wp-block-spacer\"><\/div>\n\n\n\n<p class=\"has-black-color has-text-color has-small-font-size\">17.07.2024 &#8211; Montevideo<\/p>\n\n\n\n<div style=\"height:33px\" aria-hidden=\"true\" class=\"wp-block-spacer\"><\/div>\n\n\n\n<p class=\"has-black-color has-text-color has-background has-link-color has-medium-font-size wp-elements-2c3ea83587c75287c58132de1bd58d3c\" style=\"background-color:#ffcc00\">El 17 de julio, se realiz\u00f3 en el Anfiteatro \u00abGeneral Jos\u00e9 Gervasio Artigas\u00bb del Instituto Militar de Estudios Superiores, la charla referente a la <strong>concientizaci\u00f3n sobre la problem\u00e1tica del suicidio<\/strong>.<\/p>\n\n\n\n<div style=\"height:33px\" aria-hidden=\"true\" class=\"wp-block-spacer\"><\/div>\n\n\n\n<p class=\"has-black-color has-text-color has-link-color wp-elements-dbe871eec08e89d6a7a8566d50350ae3\" style=\"font-size:18px\">Se abordaron temas como: suicido a nivel mundial y nacional, se\u00f1ales de advertencia, prevenci\u00f3n y posvenci\u00f3n, entre otros.<\/p>\n\n\n\n<div style=\"height:44px\" aria-hidden=\"true\" class=\"wp-block-spacer\"><\/div>\n\n\n\n<div aria-label=\"Carousel Gallery\" class=\"wp-block-coblocks-gallery-carousel\"><div class=\"coblocks-gallery-carousel-swiper-container is-cropped coblocks-gallery has-no-alignment has-caption-style-dark has-horizontal-gutter has-no-thumbnails\"><div class=\"has-carousel has-carousel-xlrg swiper-container\" data-swiper=\"{&quot;alignCells&quot;:false,&quot;autoPlay&quot;:false,&quot;autoPlaySpeed&quot;:3000,&quot;draggable&quot;:true,&quot;freeMode&quot;:false,&quot;loop&quot;:false,&quot;navigation&quot;:true,&quot;pageDots&quot;:false,&quot;pauseHover&quot;:false,&quot;responsiveHeight&quot;:false,&quot;slidesPerView&quot;:1,&quot;thumbnails&quot;:false,&quot;uuid&quot;:&quot;12345&quot;}\" style=\"height:600px\"><div class=\"swiper-wrapper\"><div class=\"swiper-slide\"><div class=\"coblocks-gallery--item\" role=\"button\" tabindex=\"0\"><figure class=\"coblocks-gallery--figure has-margin-left-5 has-margin-left-mobile-5 has-margin-right-5 has-margin-right-mobile-5\"><img fetchpriority=\"high\" decoding=\"async\" width=\"1024\" height=\"683\" alt=\"\" class=\"wp-image-32795\" data-id=\"32795\" data-link=\"https:\/\/www.ejercito.mil.uy\/index.php\/2024\/07\/17\/jornada-de-concientizacion-sobre-la-problematica-del-suicidio\/jornada-de-prevencion-del-suicidio-17-de-julio-7\/\" src=\"https:\/\/www.ejercito.mil.uy\/wp-content\/uploads\/2024\/07\/Jornada-de-prevencion-del-suicidio-17-de-julio-7-1024x683.jpg\" srcset=\"https:\/\/www.ejercito.mil.uy\/wp-content\/uploads\/2024\/07\/Jornada-de-prevencion-del-suicidio-17-de-julio-7-1024x683.jpg 1024w, https:\/\/www.ejercito.mil.uy\/wp-content\/uploads\/2024\/07\/Jornada-de-prevencion-del-suicidio-17-de-julio-7-300x200.jpg 300w, https:\/\/www.ejercito.mil.uy\/wp-content\/uploads\/2024\/07\/Jornada-de-prevencion-del-suicidio-17-de-julio-7.jpg 1200w\" sizes=\"(max-width: 1024px) 100vw, 1024px\" \/><\/figure><figcaption class=\"coblocks-gallery--caption coblocks-gallery--primary-caption\"><\/figcaption><\/div><\/div><div class=\"swiper-slide\"><div class=\"coblocks-gallery--item\" role=\"button\" tabindex=\"1\"><figure class=\"coblocks-gallery--figure has-margin-left-5 has-margin-left-mobile-5 has-margin-right-5 has-margin-right-mobile-5\"><img decoding=\"async\" width=\"1024\" height=\"683\" alt=\"\" class=\"wp-image-32794\" data-id=\"32794\" data-link=\"https:\/\/www.ejercito.mil.uy\/index.php\/2024\/07\/17\/jornada-de-concientizacion-sobre-la-problematica-del-suicidio\/jornada-de-prevencion-del-suicidio-17-de-julio-6\/\" src=\"https:\/\/www.ejercito.mil.uy\/wp-content\/uploads\/2024\/07\/Jornada-de-prevencion-del-suicidio-17-de-julio-6-1024x683.jpg\" srcset=\"https:\/\/www.ejercito.mil.uy\/wp-content\/uploads\/2024\/07\/Jornada-de-prevencion-del-suicidio-17-de-julio-6-1024x683.jpg 1024w, https:\/\/www.ejercito.mil.uy\/wp-content\/uploads\/2024\/07\/Jornada-de-prevencion-del-suicidio-17-de-julio-6-300x200.jpg 300w, https:\/\/www.ejercito.mil.uy\/wp-content\/uploads\/2024\/07\/Jornada-de-prevencion-del-suicidio-17-de-julio-6.jpg 1200w\" sizes=\"(max-width: 1024px) 100vw, 1024px\" \/><\/figure><figcaption class=\"coblocks-gallery--caption coblocks-gallery--primary-caption\"><\/figcaption><\/div><\/div><div class=\"swiper-slide\"><div class=\"coblocks-gallery--item\" role=\"button\" tabindex=\"2\"><figure class=\"coblocks-gallery--figure has-margin-left-5 has-margin-left-mobile-5 has-margin-right-5 has-margin-right-mobile-5\"><img decoding=\"async\" width=\"1024\" height=\"683\" alt=\"\" class=\"wp-image-32797\" data-id=\"32797\" data-link=\"https:\/\/www.ejercito.mil.uy\/index.php\/2024\/07\/17\/jornada-de-concientizacion-sobre-la-problematica-del-suicidio\/jornada-de-prevencion-del-suicidio-17-de-julio-12\/\" src=\"https:\/\/www.ejercito.mil.uy\/wp-content\/uploads\/2024\/07\/Jornada-de-prevencion-del-suicidio-17-de-julio-12-1024x683.jpg\" srcset=\"https:\/\/www.ejercito.mil.uy\/wp-content\/uploads\/2024\/07\/Jornada-de-prevencion-del-suicidio-17-de-julio-12-1024x683.jpg 1024w, https:\/\/www.ejercito.mil.uy\/wp-content\/uploads\/2024\/07\/Jornada-de-prevencion-del-suicidio-17-de-julio-12-300x200.jpg 300w, https:\/\/www.ejercito.mil.uy\/wp-content\/uploads\/2024\/07\/Jornada-de-prevencion-del-suicidio-17-de-julio-12.jpg 1200w\" sizes=\"(max-width: 1024px) 100vw, 1024px\" \/><\/figure><figcaption class=\"coblocks-gallery--caption coblocks-gallery--primary-caption\"><\/figcaption><\/div><\/div><div class=\"swiper-slide\"><div class=\"coblocks-gallery--item\" role=\"button\" tabindex=\"3\"><figure class=\"coblocks-gallery--figure has-margin-left-5 has-margin-left-mobile-5 has-margin-right-5 has-margin-right-mobile-5\"><img loading=\"lazy\" decoding=\"async\" width=\"1024\" height=\"683\" alt=\"\" class=\"wp-image-32796\" data-id=\"32796\" data-link=\"https:\/\/www.ejercito.mil.uy\/index.php\/2024\/07\/17\/jornada-de-concientizacion-sobre-la-problematica-del-suicidio\/jornada-de-prevencion-del-suicidio-17-de-julio-11\/\" src=\"https:\/\/www.ejercito.mil.uy\/wp-content\/uploads\/2024\/07\/Jornada-de-prevencion-del-suicidio-17-de-julio-11-1024x683.jpg\" srcset=\"https:\/\/www.ejercito.mil.uy\/wp-content\/uploads\/2024\/07\/Jornada-de-prevencion-del-suicidio-17-de-julio-11-1024x683.jpg 1024w, https:\/\/www.ejercito.mil.uy\/wp-content\/uploads\/2024\/07\/Jornada-de-prevencion-del-suicidio-17-de-julio-11-300x200.jpg 300w, https:\/\/www.ejercito.mil.uy\/wp-content\/uploads\/2024\/07\/Jornada-de-prevencion-del-suicidio-17-de-julio-11.jpg 1200w\" sizes=\"(max-width: 1024px) 100vw, 1024px\" \/><\/figure><figcaption class=\"coblocks-gallery--caption coblocks-gallery--primary-caption\"><\/figcaption><\/div><\/div><div class=\"swiper-slide\"><div class=\"coblocks-gallery--item\" role=\"button\" tabindex=\"4\"><figure class=\"coblocks-gallery--figure has-margin-left-5 has-margin-left-mobile-5 has-margin-right-5 has-margin-right-mobile-5\"><img loading=\"lazy\" decoding=\"async\" width=\"1024\" height=\"683\" alt=\"\" class=\"wp-image-32800\" data-id=\"32800\" data-link=\"https:\/\/www.ejercito.mil.uy\/index.php\/2024\/07\/17\/jornada-de-concientizacion-sobre-la-problematica-del-suicidio\/jornada-de-prevencion-del-suicidio-17-de-julio-4-2\/\" src=\"https:\/\/www.ejercito.mil.uy\/wp-content\/uploads\/2024\/07\/Jornada-de-prevencion-del-suicidio-17-de-julio-4-1-1024x683.jpg\" srcset=\"https:\/\/www.ejercito.mil.uy\/wp-content\/uploads\/2024\/07\/Jornada-de-prevencion-del-suicidio-17-de-julio-4-1-1024x683.jpg 1024w, https:\/\/www.ejercito.mil.uy\/wp-content\/uploads\/2024\/07\/Jornada-de-prevencion-del-suicidio-17-de-julio-4-1-300x200.jpg 300w, https:\/\/www.ejercito.mil.uy\/wp-content\/uploads\/2024\/07\/Jornada-de-prevencion-del-suicidio-17-de-julio-4-1.jpg 1200w\" sizes=\"(max-width: 1024px) 100vw, 1024px\" \/><\/figure><figcaption class=\"coblocks-gallery--caption coblocks-gallery--primary-caption\"><\/figcaption><\/div><\/div><div class=\"swiper-slide\"><div class=\"coblocks-gallery--item\" role=\"button\" tabindex=\"5\"><figure class=\"coblocks-gallery--figure has-margin-left-5 has-margin-left-mobile-5 has-margin-right-5 has-margin-right-mobile-5\"><img loading=\"lazy\" decoding=\"async\" width=\"1024\" height=\"683\" alt=\"\" class=\"wp-image-32793\" data-id=\"32793\" data-link=\"https:\/\/www.ejercito.mil.uy\/index.php\/2024\/07\/17\/jornada-de-concientizacion-sobre-la-problematica-del-suicidio\/jornada-de-prevencion-del-suicidio-17-de-julio-5\/\" src=\"https:\/\/www.ejercito.mil.uy\/wp-content\/uploads\/2024\/07\/Jornada-de-prevencion-del-suicidio-17-de-julio-5-1024x683.jpg\" srcset=\"https:\/\/www.ejercito.mil.uy\/wp-content\/uploads\/2024\/07\/Jornada-de-prevencion-del-suicidio-17-de-julio-5-1024x683.jpg 1024w, https:\/\/www.ejercito.mil.uy\/wp-content\/uploads\/2024\/07\/Jornada-de-prevencion-del-suicidio-17-de-julio-5-300x200.jpg 300w, https:\/\/www.ejercito.mil.uy\/wp-content\/uploads\/2024\/07\/Jornada-de-prevencion-del-suicidio-17-de-julio-5.jpg 1200w\" sizes=\"(max-width: 1024px) 100vw, 1024px\" \/><\/figure><figcaption class=\"coblocks-gallery--caption coblocks-gallery--primary-caption\"><\/figcaption><\/div><\/div><div class=\"swiper-slide\"><div class=\"coblocks-gallery--item\" role=\"button\" tabindex=\"6\"><figure class=\"coblocks-gallery--figure has-margin-left-5 has-margin-left-mobile-5 has-margin-right-5 has-margin-right-mobile-5\"><img loading=\"lazy\" decoding=\"async\" width=\"1024\" height=\"683\" alt=\"\" class=\"wp-image-32791\" data-id=\"32791\" data-link=\"https:\/\/www.ejercito.mil.uy\/index.php\/2024\/07\/17\/jornada-de-concientizacion-sobre-la-problematica-del-suicidio\/jornada-de-prevencion-del-suicidio-17-de-julio-3\/\" src=\"https:\/\/www.ejercito.mil.uy\/wp-content\/uploads\/2024\/07\/Jornada-de-prevencion-del-suicidio-17-de-julio-3-1024x683.jpg\" srcset=\"https:\/\/www.ejercito.mil.uy\/wp-content\/uploads\/2024\/07\/Jornada-de-prevencion-del-suicidio-17-de-julio-3-1024x683.jpg 1024w, https:\/\/www.ejercito.mil.uy\/wp-content\/uploads\/2024\/07\/Jornada-de-prevencion-del-suicidio-17-de-julio-3-300x200.jpg 300w, https:\/\/www.ejercito.mil.uy\/wp-content\/uploads\/2024\/07\/Jornada-de-prevencion-del-suicidio-17-de-julio-3.jpg 1200w\" sizes=\"(max-width: 1024px) 100vw, 1024px\" \/><\/figure><figcaption class=\"coblocks-gallery--caption coblocks-gallery--primary-caption\"><\/figcaption><\/div><\/div><\/div><button class=\"nav-button__prev\" id=\"12345-prev\"><svg class=\"icon\" style=\"transform:rotate(180deg)\"><\/svg><\/button><button class=\"nav-button__next\" id=\"12345-next\"><svg class=\"icon\"><\/svg><\/button><\/div><\/div><\/div>\n\n\n\n<div style=\"height:33px\" aria-hidden=\"true\" class=\"wp-block-spacer\"><\/div>\n\n\n\n<p class=\"has-black-color has-text-color has-link-color wp-elements-cfa891030b142bf61719977003c40f1e\" style=\"font-size:18px\">Esta actividad es coordinada por la Escuela de Sanidad de las Fuerzas Armadas, que est\u00e1 desarrollando distintas jornadas de sensibilizaci\u00f3n en la prevenci\u00f3n del suicidio durante el mes de julio por motivo del D\u00eda Nacional para la Prevenci\u00f3n del Suicidio.<\/p>\n\n\n\n<div style=\"height:33px\" aria-hidden=\"true\" class=\"wp-block-spacer\"><\/div>\n\n\n\n<p class=\"has-black-color has-text-color has-link-color wp-elements-a909646857f797b1d010c614065ef850\" style=\"font-size:18px\">Cont\u00f3 con la presencia del Jefe del Estado Mayor del Ej\u00e9rcito, integrantes del Ej\u00e9rcito Nacional, Armada Nacional y Fuerza A\u00e9rea Uruguaya, personal de sanidad y p\u00fablico en general. Destac\u00e1ndose el inter\u00e9s y gran concurrencia.<\/p>\n\n\n\n<div style=\"height:55px\" aria-hidden=\"true\" class=\"wp-block-spacer\"><\/div>\n\n\n\n<figure class=\"wp-block-gallery has-nested-images columns-default is-cropped wp-block-gallery-1 is-layout-flex wp-block-gallery-is-layout-flex\">\n<figure class=\"wp-block-image size-large\"><img loading=\"lazy\" decoding=\"async\" width=\"1024\" height=\"683\" data-id=\"32798\" src=\"https:\/\/www.ejercito.mil.uy\/wp-content\/uploads\/2024\/07\/Jornada-de-prevencion-del-suicidio-17-de-julio-1-1024x683.jpg\" alt=\"\" class=\"wp-image-32798\" srcset=\"https:\/\/www.ejercito.mil.uy\/wp-content\/uploads\/2024\/07\/Jornada-de-prevencion-del-suicidio-17-de-julio-1-1024x683.jpg 1024w, https:\/\/www.ejercito.mil.uy\/wp-content\/uploads\/2024\/07\/Jornada-de-prevencion-del-suicidio-17-de-julio-1-300x200.jpg 300w, https:\/\/www.ejercito.mil.uy\/wp-content\/uploads\/2024\/07\/Jornada-de-prevencion-del-suicidio-17-de-julio-1.jpg 1200w\" sizes=\"(max-width: 1024px) 100vw, 1024px\" \/><\/figure>\n\n\n\n<figure class=\"wp-block-image size-large\"><img loading=\"lazy\" decoding=\"async\" width=\"1024\" height=\"683\" data-id=\"32799\" src=\"https:\/\/www.ejercito.mil.uy\/wp-content\/uploads\/2024\/07\/Jornada-de-prevencion-del-suicidio-17-de-julio-10-1024x683.jpg\" alt=\"\" class=\"wp-image-32799\" srcset=\"https:\/\/www.ejercito.mil.uy\/wp-content\/uploads\/2024\/07\/Jornada-de-prevencion-del-suicidio-17-de-julio-10-1024x683.jpg 1024w, https:\/\/www.ejercito.mil.uy\/wp-content\/uploads\/2024\/07\/Jornada-de-prevencion-del-suicidio-17-de-julio-10-300x200.jpg 300w, https:\/\/www.ejercito.mil.uy\/wp-content\/uploads\/2024\/07\/Jornada-de-prevencion-del-suicidio-17-de-julio-10.jpg 1200w\" sizes=\"(max-width: 1024px) 100vw, 1024px\" \/><\/figure>\n<\/figure>\n\n\n\n<div style=\"height:55px\" aria-hidden=\"true\" class=\"wp-block-spacer\"><\/div>\n\n\n\n<p class=\"has-black-color has-text-color has-link-color wp-elements-76ad51a9915a2a63857b8efe76be4a3d\" style=\"font-size:18px\">Los invitamos a participar de la \u00faltima jornada de sensibilizaci\u00f3n, el pr\u00f3ximo jueves 25 de julio de 9:30 a 12:30 h.<\/p>\n\n\n\n<div style=\"height:33px\" aria-hidden=\"true\" class=\"wp-block-spacer\"><\/div>\n\n\n\n<div class=\"wp-block-coblocks-gallery-stacked\"><ul class=\"coblocks-gallery has-no-alignment has-fullwidth-images has-custom-gutter\" style=\"--coblocks-custom-gutter:0em\"><li class=\"coblocks-gallery--item\"><figure class=\"coblocks-gallery--figure\"><img loading=\"lazy\" decoding=\"async\" width=\"819\" height=\"1024\" alt=\"\" class=\"wp-image-32802 has-shadow-none\" data-id=\"32802\" data-imglink=\"\" data-link=\"https:\/\/www.ejercito.mil.uy\/index.php\/2024\/07\/17\/jornada-de-concientizacion-sobre-la-problematica-del-suicidio\/esta-para-mas-adelante\/\" src=\"https:\/\/www.ejercito.mil.uy\/wp-content\/uploads\/2024\/07\/Esta-para-mas-adelante-819x1024.jpeg\" srcset=\"https:\/\/www.ejercito.mil.uy\/wp-content\/uploads\/2024\/07\/Esta-para-mas-adelante-819x1024.jpeg 819w, https:\/\/www.ejercito.mil.uy\/wp-content\/uploads\/2024\/07\/Esta-para-mas-adelante-240x300.jpeg 240w, https:\/\/www.ejercito.mil.uy\/wp-content\/uploads\/2024\/07\/Esta-para-mas-adelante.jpeg 1280w\" sizes=\"(max-width: 819px) 100vw, 819px\" \/><\/figure><\/li><\/ul><\/div>\n\n\n\n<div style=\"height:33px\" aria-hidden=\"true\" class=\"wp-block-spacer\"><\/div>\n\n\n\n<p class=\"has-text-align-center has-white-color has-text-color has-background has-link-color wp-elements-d8c7e99788697d36be70f1c79e01c50a\" style=\"background-color:#00096d;font-size:22px\"><strong>Rompamos con el silencio y el tab\u00fa \u00a1HABLEMOS DEL SUICIDIO!<\/strong><\/p>\n\n\n\n<div style=\"height:55px\" aria-hidden=\"true\" class=\"wp-block-spacer\"><\/div>\n\n\n\n<p class=\"has-black-color has-text-color has-background has-link-color wp-elements-18bf3761c4753eb37caed8f7115b3a96\" style=\"background-color:#fdf5e6\"><strong>Ver nota a partir del minuto 01:18 en la edici\u00f3n #19 del informativo Ej\u00e9rcito del Uruguay \u2013\u00a0<\/strong><a href=\"https:\/\/youtu.be\/aqAFhKS0Myw?t=79\">Jornada de concientizaci\u00f3n sobre la problem\u00e1tica del suicidio<\/a><\/p>\n\n\n\n<div style=\"height:100px\" aria-hidden=\"true\" class=\"wp-block-spacer\"><\/div>\n","protected":false},"excerpt":{"rendered":"<p>17.07.2024 &#8211; El 17 de julio, se realiz\u00f3 en el Anfiteatro del Instituto Militar de Estudios Superiores, la charla referente a la concientizaci\u00f3n sobre la problem\u00e1tica del suicidio.<\/p>\n","protected":false},"author":4,"featured_media":32790,"comment_status":"open","ping_status":"open","sticky":false,"template":"","format":"standard","meta":{"_coblocks_attr":"","_coblocks_dimensions":"","_coblocks_responsive_height":"","_coblocks_accordion_ie_support":"","_monsterinsights_skip_tracking":false,"_monsterinsights_sitenote_active":false,"_monsterinsights_sitenote_note":"","_monsterinsights_sitenote_category":0,"_uf_show_specific_survey":0,"_uf_disable_surveys":false,"footnotes":""},"categories":[2,10,14,1],"tags":[314,642,1624,300,159,1623,655],"class_list":["post-32789","post","type-post","status-publish","format-standard","has-post-thumbnail","hentry","category-blog","category-destacados","category-noticias","category-sin-categoria","tag-capacitacion","tag-jornada","tag-mental","tag-prevencion","tag-salud","tag-sensibilizacion","tag-suicidio"],"aioseo_notices":[],"_links":{"self":[{"href":"https:\/\/www.ejercito.mil.uy\/index.php\/wp-json\/wp\/v2\/posts\/32789","targetHints":{"allow":["GET"]}}],"collection":[{"href":"https:\/\/www.ejercito.mil.uy\/index.php\/wp-json\/wp\/v2\/posts"}],"about":[{"href":"https:\/\/www.ejercito.mil.uy\/index.php\/wp-json\/wp\/v2\/types\/post"}],"author":[{"embeddable":true,"href":"https:\/\/www.ejercito.mil.uy\/index.php\/wp-json\/wp\/v2\/users\/4"}],"replies":[{"embeddable":true,"href":"https:\/\/www.ejercito.mil.uy\/index.php\/wp-json\/wp\/v2\/comments?post=32789"}],"version-history":[{"count":4,"href":"https:\/\/www.ejercito.mil.uy\/index.php\/wp-json\/wp\/v2\/posts\/32789\/revisions"}],"predecessor-version":[{"id":32952,"href":"https:\/\/www.ejercito.mil.uy\/index.php\/wp-json\/wp\/v2\/posts\/32789\/revisions\/32952"}],"wp:featuredmedia":[{"embeddable":true,"href":"https:\/\/www.ejercito.mil.uy\/index.php\/wp-json\/wp\/v2\/media\/32790"}],"wp:attachment":[{"href":"https:\/\/www.ejercito.mil.uy\/index.php\/wp-json\/wp\/v2\/media?parent=32789"}],"wp:term":[{"taxonomy":"category","embeddable":true,"href":"https:\/\/www.ejercito.mil.uy\/index.php\/wp-json\/wp\/v2\/categories?post=32789"},{"taxonomy":"post_tag","embeddable":true,"href":"https:\/\/www.ejercito.mil.uy\/index.php\/wp-json\/wp\/v2\/tags?post=32789"}],"curies":[{"name":"wp","href":"https:\/\/api.w.org\/{rel}","templated":true}]}}