{"id":34364,"date":"2024-09-09T16:04:55","date_gmt":"2024-09-09T19:04:55","guid":{"rendered":"https:\/\/www.ejercito.mil.uy\/?p=34364"},"modified":"2024-09-10T18:03:31","modified_gmt":"2024-09-10T21:03:31","slug":"fogon-tradicional","status":"publish","type":"post","link":"https:\/\/www.ejercito.mil.uy\/index.php\/2024\/09\/09\/fogon-tradicional\/","title":{"rendered":"\u00abFog\u00f3n Tradicional\u00bb"},"content":{"rendered":"\n<p class=\"has-medium-font-size\">09.09.2024 &#8211; <strong>Rivera<\/strong> <\/p>\n\n\n\n<div style=\"height:22px\" aria-hidden=\"true\" class=\"wp-block-spacer\"><\/div>\n\n\n\n<p class=\"has-white-color has-text-color has-background has-link-color has-medium-font-size wp-elements-7483e175e4e9aea1fc9c8c78519702aa\" style=\"background-color:#5f021f\">El pasado viernes 6 de setiembre, la Banda Militar perteneciente a la Brigada de Caballer\u00eda N\u00b01 (Rivera) particip\u00f3 del evento \u00abFog\u00f3n Tradicional\u00bb.<\/p>\n\n\n\n<div style=\"height:22px\" aria-hidden=\"true\" class=\"wp-block-spacer\"><\/div>\n\n\n\n<figure class=\"wp-block-image size-large\"><img fetchpriority=\"high\" decoding=\"async\" width=\"1024\" height=\"683\" src=\"https:\/\/www.ejercito.mil.uy\/wp-content\/uploads\/2024\/09\/Banda-de-Musicos-de-la-Brigada-de-Caballeria-N\u00b0-1-en-el-evento-Fogon-Tradicional-1.jpeg-1024x683.jpg\" alt=\"\" class=\"wp-image-34366\" srcset=\"https:\/\/www.ejercito.mil.uy\/wp-content\/uploads\/2024\/09\/Banda-de-Musicos-de-la-Brigada-de-Caballeria-N\u00b0-1-en-el-evento-Fogon-Tradicional-1.jpeg-1024x683.jpg 1024w, https:\/\/www.ejercito.mil.uy\/wp-content\/uploads\/2024\/09\/Banda-de-Musicos-de-la-Brigada-de-Caballeria-N\u00b0-1-en-el-evento-Fogon-Tradicional-1.jpeg-300x200.jpg 300w, https:\/\/www.ejercito.mil.uy\/wp-content\/uploads\/2024\/09\/Banda-de-Musicos-de-la-Brigada-de-Caballeria-N\u00b0-1-en-el-evento-Fogon-Tradicional-1.jpeg.jpg 1200w\" sizes=\"(max-width: 1024px) 100vw, 1024px\" \/><\/figure>\n\n\n\n<div style=\"height:22px\" aria-hidden=\"true\" class=\"wp-block-spacer\"><\/div>\n\n\n\n<p class=\"has-black-color has-text-color has-link-color has-medium-font-size wp-elements-53c94a757abf80c84b418f5727422769\">Fue organizado por la Escuela N\u00b09 de la ciudad de Rivera y alumnos del Colegio \u00abJoao Soto\u00bb de Santana do Livramento (Rep\u00fablica Federativa de Brasil), con la finalidad de conmemorar la Independencia de Uruguay y Brasil. La actividad est\u00e1 dentro del Programa de Escuelas Interculturales de Frontera, que promueve los saberes compartidos y el respeto por la diversidad cultural de los pueblos.<\/p>\n\n\n\n<div style=\"height:22px\" aria-hidden=\"true\" class=\"wp-block-spacer\"><\/div>\n\n\n\n<p class=\"has-black-color has-text-color has-link-color has-medium-font-size wp-elements-b585cfd3dda29c012b6fed5d2ec17837\">El prop\u00f3sito de la actuaci\u00f3n de la Banda Militar, fue generar un intercambio cultural a trav\u00e9s de canciones populares que caracterizan a ambos pa\u00edses.<\/p>\n\n\n\n<div style=\"height:22px\" aria-hidden=\"true\" class=\"wp-block-spacer\"><\/div>\n\n\n\n<p class=\"has-black-color has-text-color has-link-color has-medium-font-size wp-elements-74f1cb5b5f23fb707a67d20e2ec45b17\">Nuestros m\u00fasicos militares interpretaron canciones como \u00abEl Gallo Azul\u00bb, \u00abCaminitos de Tierra Colorada\u00bb y \u00abLa Ariscona\u00bb. Mientras, que \u00f1i\u00f1os de 2do a\u00f1o cantaron \u00abSantanera\u00bb, canci\u00f3n de la artista riverense Carolina C\u00e1ceres; para finalizar, alumnos de 6to a\u00f1o bailaron el Peric\u00f3n Nacional con la ejecuci\u00f3n de la Banda.<\/p>\n\n\n\n<div style=\"height:22px\" aria-hidden=\"true\" class=\"wp-block-spacer\"><\/div>\n\n\n\n<div aria-label=\"Carousel Gallery\" class=\"wp-block-coblocks-gallery-carousel\"><div class=\"coblocks-gallery-carousel-swiper-container is-cropped coblocks-gallery has-no-alignment has-caption-style-dark has-no-thumbnails\"><div class=\"has-carousel has-carousel-xlrg swiper-container\" data-swiper=\"{&quot;alignCells&quot;:false,&quot;autoPlay&quot;:false,&quot;autoPlaySpeed&quot;:3000,&quot;draggable&quot;:true,&quot;freeMode&quot;:false,&quot;loop&quot;:false,&quot;navigation&quot;:true,&quot;pageDots&quot;:false,&quot;pauseHover&quot;:false,&quot;responsiveHeight&quot;:false,&quot;slidesPerView&quot;:1,&quot;thumbnails&quot;:false,&quot;uuid&quot;:&quot;12345&quot;}\" style=\"height:550px\"><div class=\"swiper-wrapper\"><div class=\"swiper-slide\"><div class=\"coblocks-gallery--item\" role=\"button\" tabindex=\"0\"><figure class=\"coblocks-gallery--figure\"><img decoding=\"async\" width=\"1024\" height=\"683\" alt=\"\" class=\"wp-image-34367\" data-id=\"34367\" data-link=\"https:\/\/www.ejercito.mil.uy\/?attachment_id=34367\" src=\"https:\/\/www.ejercito.mil.uy\/wp-content\/uploads\/2024\/09\/Banda-de-Musicos-de-la-Brigada-de-Caballeria-N\u00b0-1-en-el-evento-Fogon-Tradicional-2.jpeg-1-1024x683.jpg\" srcset=\"https:\/\/www.ejercito.mil.uy\/wp-content\/uploads\/2024\/09\/Banda-de-Musicos-de-la-Brigada-de-Caballeria-N\u00b0-1-en-el-evento-Fogon-Tradicional-2.jpeg-1-1024x683.jpg 1024w, https:\/\/www.ejercito.mil.uy\/wp-content\/uploads\/2024\/09\/Banda-de-Musicos-de-la-Brigada-de-Caballeria-N\u00b0-1-en-el-evento-Fogon-Tradicional-2.jpeg-1-300x200.jpg 300w, https:\/\/www.ejercito.mil.uy\/wp-content\/uploads\/2024\/09\/Banda-de-Musicos-de-la-Brigada-de-Caballeria-N\u00b0-1-en-el-evento-Fogon-Tradicional-2.jpeg-1.jpg 1200w\" sizes=\"(max-width: 1024px) 100vw, 1024px\" \/><\/figure><figcaption class=\"coblocks-gallery--caption coblocks-gallery--primary-caption\"><\/figcaption><\/div><\/div><div class=\"swiper-slide\"><div class=\"coblocks-gallery--item\" role=\"button\" tabindex=\"1\"><figure class=\"coblocks-gallery--figure\"><img decoding=\"async\" width=\"1024\" height=\"683\" alt=\"\" class=\"wp-image-34372\" data-id=\"34372\" data-link=\"https:\/\/www.ejercito.mil.uy\/?attachment_id=34372\" src=\"https:\/\/www.ejercito.mil.uy\/wp-content\/uploads\/2024\/09\/Banda-de-Musicos-de-la-Brigada-de-Caballeria-N\u00b0-1-en-el-evento-Fogon-Tradicional-.jpeg-1024x683.jpg\" srcset=\"https:\/\/www.ejercito.mil.uy\/wp-content\/uploads\/2024\/09\/Banda-de-Musicos-de-la-Brigada-de-Caballeria-N\u00b0-1-en-el-evento-Fogon-Tradicional-.jpeg-1024x683.jpg 1024w, https:\/\/www.ejercito.mil.uy\/wp-content\/uploads\/2024\/09\/Banda-de-Musicos-de-la-Brigada-de-Caballeria-N\u00b0-1-en-el-evento-Fogon-Tradicional-.jpeg-300x200.jpg 300w, https:\/\/www.ejercito.mil.uy\/wp-content\/uploads\/2024\/09\/Banda-de-Musicos-de-la-Brigada-de-Caballeria-N\u00b0-1-en-el-evento-Fogon-Tradicional-.jpeg.jpg 1200w\" sizes=\"(max-width: 1024px) 100vw, 1024px\" \/><\/figure><figcaption class=\"coblocks-gallery--caption coblocks-gallery--primary-caption\"><\/figcaption><\/div><\/div><div class=\"swiper-slide\"><div class=\"coblocks-gallery--item\" role=\"button\" tabindex=\"2\"><figure class=\"coblocks-gallery--figure\"><img loading=\"lazy\" decoding=\"async\" width=\"1024\" height=\"683\" alt=\"\" class=\"wp-image-34373\" data-id=\"34373\" data-link=\"https:\/\/www.ejercito.mil.uy\/?attachment_id=34373\" src=\"https:\/\/www.ejercito.mil.uy\/wp-content\/uploads\/2024\/09\/Banda-de-Musicos-de-la-Brigada-de-Caballeria-N\u00b0-1-en-el-evento-Fogon-Tradicional-1-1024x683.jpeg\" srcset=\"https:\/\/www.ejercito.mil.uy\/wp-content\/uploads\/2024\/09\/Banda-de-Musicos-de-la-Brigada-de-Caballeria-N\u00b0-1-en-el-evento-Fogon-Tradicional-1-1024x683.jpeg 1024w, https:\/\/www.ejercito.mil.uy\/wp-content\/uploads\/2024\/09\/Banda-de-Musicos-de-la-Brigada-de-Caballeria-N\u00b0-1-en-el-evento-Fogon-Tradicional-1-300x200.jpeg 300w, https:\/\/www.ejercito.mil.uy\/wp-content\/uploads\/2024\/09\/Banda-de-Musicos-de-la-Brigada-de-Caballeria-N\u00b0-1-en-el-evento-Fogon-Tradicional-1.jpeg 1200w\" sizes=\"(max-width: 1024px) 100vw, 1024px\" \/><\/figure><figcaption class=\"coblocks-gallery--caption coblocks-gallery--primary-caption\"><\/figcaption><\/div><\/div><div class=\"swiper-slide\"><div class=\"coblocks-gallery--item\" role=\"button\" tabindex=\"3\"><figure class=\"coblocks-gallery--figure\"><img loading=\"lazy\" decoding=\"async\" width=\"1024\" height=\"683\" alt=\"\" class=\"wp-image-34371\" data-id=\"34371\" data-link=\"https:\/\/www.ejercito.mil.uy\/?attachment_id=34371\" src=\"https:\/\/www.ejercito.mil.uy\/wp-content\/uploads\/2024\/09\/Banda-de-Musicos-de-la-Brigada-de-Caballeria-N\u00b0-1-en-el-evento-Fogon-Tradicional-7.jpeg-1024x683.jpg\" srcset=\"https:\/\/www.ejercito.mil.uy\/wp-content\/uploads\/2024\/09\/Banda-de-Musicos-de-la-Brigada-de-Caballeria-N\u00b0-1-en-el-evento-Fogon-Tradicional-7.jpeg-1024x683.jpg 1024w, https:\/\/www.ejercito.mil.uy\/wp-content\/uploads\/2024\/09\/Banda-de-Musicos-de-la-Brigada-de-Caballeria-N\u00b0-1-en-el-evento-Fogon-Tradicional-7.jpeg-300x200.jpg 300w, https:\/\/www.ejercito.mil.uy\/wp-content\/uploads\/2024\/09\/Banda-de-Musicos-de-la-Brigada-de-Caballeria-N\u00b0-1-en-el-evento-Fogon-Tradicional-7.jpeg.jpg 1200w\" sizes=\"(max-width: 1024px) 100vw, 1024px\" \/><\/figure><figcaption class=\"coblocks-gallery--caption coblocks-gallery--primary-caption\"><\/figcaption><\/div><\/div><div class=\"swiper-slide\"><div class=\"coblocks-gallery--item\" role=\"button\" tabindex=\"4\"><figure class=\"coblocks-gallery--figure\"><img loading=\"lazy\" decoding=\"async\" width=\"1024\" height=\"683\" alt=\"\" class=\"wp-image-34368\" data-id=\"34368\" data-link=\"https:\/\/www.ejercito.mil.uy\/?attachment_id=34368\" src=\"https:\/\/www.ejercito.mil.uy\/wp-content\/uploads\/2024\/09\/Banda-de-Musicos-de-la-Brigada-de-Caballeria-N\u00b0-1-en-el-evento-Fogon-Tradicional-3.jpeg-1024x683.jpg\" srcset=\"https:\/\/www.ejercito.mil.uy\/wp-content\/uploads\/2024\/09\/Banda-de-Musicos-de-la-Brigada-de-Caballeria-N\u00b0-1-en-el-evento-Fogon-Tradicional-3.jpeg-1024x683.jpg 1024w, https:\/\/www.ejercito.mil.uy\/wp-content\/uploads\/2024\/09\/Banda-de-Musicos-de-la-Brigada-de-Caballeria-N\u00b0-1-en-el-evento-Fogon-Tradicional-3.jpeg-300x200.jpg 300w, https:\/\/www.ejercito.mil.uy\/wp-content\/uploads\/2024\/09\/Banda-de-Musicos-de-la-Brigada-de-Caballeria-N\u00b0-1-en-el-evento-Fogon-Tradicional-3.jpeg.jpg 1200w\" sizes=\"(max-width: 1024px) 100vw, 1024px\" \/><\/figure><figcaption class=\"coblocks-gallery--caption coblocks-gallery--primary-caption\"><\/figcaption><\/div><\/div><div class=\"swiper-slide\"><div class=\"coblocks-gallery--item\" role=\"button\" tabindex=\"5\"><figure class=\"coblocks-gallery--figure\"><img loading=\"lazy\" decoding=\"async\" width=\"1024\" height=\"683\" alt=\"\" class=\"wp-image-34370\" data-id=\"34370\" data-link=\"https:\/\/www.ejercito.mil.uy\/?attachment_id=34370\" src=\"https:\/\/www.ejercito.mil.uy\/wp-content\/uploads\/2024\/09\/Banda-de-Musicos-de-la-Brigada-de-Caballeria-N\u00b0-1-en-el-evento-Fogon-Tradicional-5.jpeg-1024x683.jpg\" srcset=\"https:\/\/www.ejercito.mil.uy\/wp-content\/uploads\/2024\/09\/Banda-de-Musicos-de-la-Brigada-de-Caballeria-N\u00b0-1-en-el-evento-Fogon-Tradicional-5.jpeg-1024x683.jpg 1024w, https:\/\/www.ejercito.mil.uy\/wp-content\/uploads\/2024\/09\/Banda-de-Musicos-de-la-Brigada-de-Caballeria-N\u00b0-1-en-el-evento-Fogon-Tradicional-5.jpeg-300x200.jpg 300w, https:\/\/www.ejercito.mil.uy\/wp-content\/uploads\/2024\/09\/Banda-de-Musicos-de-la-Brigada-de-Caballeria-N\u00b0-1-en-el-evento-Fogon-Tradicional-5.jpeg.jpg 1200w\" sizes=\"(max-width: 1024px) 100vw, 1024px\" \/><\/figure><figcaption class=\"coblocks-gallery--caption coblocks-gallery--primary-caption\"><\/figcaption><\/div><\/div><\/div><button class=\"nav-button__prev\" id=\"12345-prev\"><svg class=\"icon\" style=\"transform:rotate(180deg)\"><\/svg><\/button><button class=\"nav-button__next\" id=\"12345-next\"><svg class=\"icon\"><\/svg><\/button><\/div><\/div><\/div>\n\n\n\n<div style=\"height:22px\" aria-hidden=\"true\" class=\"wp-block-spacer\"><\/div>\n\n\n\n<p class=\"has-black-color has-text-color has-link-color has-medium-font-size wp-elements-cdfb1c0dc26b09fd3ad75db44292c8bb\">De esta forma, se resalta la uni\u00f3n de las ciudades que conforman la Frontera de la Paz, gracias a la cultura de integraci\u00f3n, resultado de la convivencia internacional y pac\u00edfica.<\/p>\n\n\n\n<div style=\"height:22px\" aria-hidden=\"true\" class=\"wp-block-spacer\"><\/div>\n\n\n\n<p class=\"is-style-default has-black-color has-text-color has-link-color has-medium-font-size wp-elements-0b68667ae2a7c3173117fdbff4a07047\">Una vez m\u00e1s qued\u00f3 demostrado el alto nivel de los efectivos que se dedican a esta loable profesi\u00f3n, que con pasi\u00f3n y orgullo comparten sus acordes para generar un ambiente de alegr\u00eda y festejo.<\/p>\n\n\n\n<div style=\"height:22px\" aria-hidden=\"true\" class=\"wp-block-spacer\"><\/div>\n\n\n\n<figure class=\"wp-block-image size-large\"><img loading=\"lazy\" decoding=\"async\" width=\"1024\" height=\"683\" src=\"https:\/\/www.ejercito.mil.uy\/wp-content\/uploads\/2024\/09\/Banda-de-Musicos-de-la-Brigada-de-Caballeria-N\u00b0-1-en-el-evento-Fogon-Tradicional-1024x683.jpeg\" alt=\"\" class=\"wp-image-34374\" srcset=\"https:\/\/www.ejercito.mil.uy\/wp-content\/uploads\/2024\/09\/Banda-de-Musicos-de-la-Brigada-de-Caballeria-N\u00b0-1-en-el-evento-Fogon-Tradicional-1024x683.jpeg 1024w, https:\/\/www.ejercito.mil.uy\/wp-content\/uploads\/2024\/09\/Banda-de-Musicos-de-la-Brigada-de-Caballeria-N\u00b0-1-en-el-evento-Fogon-Tradicional-300x200.jpeg 300w, https:\/\/www.ejercito.mil.uy\/wp-content\/uploads\/2024\/09\/Banda-de-Musicos-de-la-Brigada-de-Caballeria-N\u00b0-1-en-el-evento-Fogon-Tradicional.jpeg 1200w\" sizes=\"(max-width: 1024px) 100vw, 1024px\" \/><\/figure>\n","protected":false},"excerpt":{"rendered":"<p>09.09.2024 &#8211; La Banda Militar de la Brigada de Caballer\u00eda N\u00b01 particip\u00f3 de un evento, organizado por la Escuela N\u00b09 de Rivera y alumnos del Colegio \u00abJoao Soto\u00bb de Santana do Livramento. <\/p>\n","protected":false},"author":4,"featured_media":34365,"comment_status":"open","ping_status":"open","sticky":false,"template":"","format":"standard","meta":{"_coblocks_attr":"","_coblocks_dimensions":"","_coblocks_responsive_height":"","_coblocks_accordion_ie_support":"","_monsterinsights_skip_tracking":false,"_monsterinsights_sitenote_active":false,"_monsterinsights_sitenote_note":"","_monsterinsights_sitenote_category":0,"_uf_show_specific_survey":0,"_uf_disable_surveys":false,"footnotes":""},"categories":[2,14,1],"tags":[1430,337,1229,1263,194,1232,471,107,796,1669,26,599,158,165],"class_list":["post-34364","post","type-post","status-publish","format-standard","has-post-thumbnail","hentry","category-blog","category-noticias","category-sin-categoria","tag-acordes","tag-alumnos","tag-banda","tag-banda-militar","tag-brasil","tag-canciones","tag-colegio","tag-escuela","tag-evento","tag-fogon","tag-frontera","tag-musica-2","tag-musicos","tag-ninos"],"aioseo_notices":[],"_links":{"self":[{"href":"https:\/\/www.ejercito.mil.uy\/index.php\/wp-json\/wp\/v2\/posts\/34364","targetHints":{"allow":["GET"]}}],"collection":[{"href":"https:\/\/www.ejercito.mil.uy\/index.php\/wp-json\/wp\/v2\/posts"}],"about":[{"href":"https:\/\/www.ejercito.mil.uy\/index.php\/wp-json\/wp\/v2\/types\/post"}],"author":[{"embeddable":true,"href":"https:\/\/www.ejercito.mil.uy\/index.php\/wp-json\/wp\/v2\/users\/4"}],"replies":[{"embeddable":true,"href":"https:\/\/www.ejercito.mil.uy\/index.php\/wp-json\/wp\/v2\/comments?post=34364"}],"version-history":[{"count":7,"href":"https:\/\/www.ejercito.mil.uy\/index.php\/wp-json\/wp\/v2\/posts\/34364\/revisions"}],"predecessor-version":[{"id":34385,"href":"https:\/\/www.ejercito.mil.uy\/index.php\/wp-json\/wp\/v2\/posts\/34364\/revisions\/34385"}],"wp:featuredmedia":[{"embeddable":true,"href":"https:\/\/www.ejercito.mil.uy\/index.php\/wp-json\/wp\/v2\/media\/34365"}],"wp:attachment":[{"href":"https:\/\/www.ejercito.mil.uy\/index.php\/wp-json\/wp\/v2\/media?parent=34364"}],"wp:term":[{"taxonomy":"category","embeddable":true,"href":"https:\/\/www.ejercito.mil.uy\/index.php\/wp-json\/wp\/v2\/categories?post=34364"},{"taxonomy":"post_tag","embeddable":true,"href":"https:\/\/www.ejercito.mil.uy\/index.php\/wp-json\/wp\/v2\/tags?post=34364"}],"curies":[{"name":"wp","href":"https:\/\/api.w.org\/{rel}","templated":true}]}}