{"id":3495,"date":"2021-05-26T09:17:26","date_gmt":"2021-05-26T12:17:26","guid":{"rendered":"https:\/\/www.ejercito.mil.uy\/?p=3495"},"modified":"2021-06-04T09:27:29","modified_gmt":"2021-06-04T12:27:29","slug":"campana-de-vacunacion-en-los-barrios","status":"publish","type":"post","link":"https:\/\/www.ejercito.mil.uy\/index.php\/2021\/05\/26\/campana-de-vacunacion-en-los-barrios\/","title":{"rendered":"Campa\u00f1a de Vacunaci\u00f3n en los barrios"},"content":{"rendered":"\n<p style=\"font-size:14px\">26.05.2021 &#8211; Salto<\/p>\n\n\n\n<div style=\"height:24px\" aria-hidden=\"true\" class=\"wp-block-spacer\"><\/div>\n\n\n\n<p>El <a rel=\"noreferrer noopener\" href=\"https:\/\/www.facebook.com\/batallon7\/?__cft__[0]=AZWmLbS3yxtEi9Qj4IaIZlCZQYjdDVZOSfUZ-TmyIR8Jrgqk04KD349OvrVZiySzceR_25JkdkXSj9Ah7QPHl_dPcjRKbhy543o8mT-eTRQG-DWKN6ec-UkyUFz8t2Gm1cvHXwvHBfzQA7RmLE36YCptVwbxHoz9UMtU8GV30qwW0PofqsHDn4m7FG-o_ZAaS0c&amp;__tn__=kK-R\" target=\"_blank\"><strong>Batall\u00f3n \u00abItuzaing\u00f3\u00bb de Infanter\u00eda N\u00b0 7<\/strong><\/a> apoy\u00f3 la <strong>Campa\u00f1a de Vacunaci\u00f3n en los barrios<\/strong>, la que permite inocular con la primera dosis contra el COVID19 a compatriotas que viven en el dpto. de Salto.<\/p>\n\n\n\n<div style=\"height:33px\" aria-hidden=\"true\" class=\"wp-block-spacer\"><\/div>\n\n\n\n<p>La Unidad colabor\u00f3 con dos vacunadores y un efectivo para organizar la fila y log\u00edstica que requieran los funcionarios del vacunatorio m\u00f3vil (carpa, sillas y mesas).<\/p>\n\n\n\n<div style=\"height:33px\" aria-hidden=\"true\" class=\"wp-block-spacer\"><\/div>\n\n\n\n<p>La actividad se desarroll\u00f3 en cuatro jornadas divididas en dos fases, 18 y 19 de mayo en el extremo Sur de la ciudad y por otra parte, 24 y 25 de mayo en el extremo Este.<\/p>\n\n\n\n<div style=\"height:33px\" aria-hidden=\"true\" class=\"wp-block-spacer\"><\/div>\n\n\n\n<p>Cabe destacar que durante estas jornadas, fueron vacunadas aproximadamente 1.000 personas, gracias a la coordinaci\u00f3n con la Direcci\u00f3n Departamental de Salud, la Comisi\u00f3n Honoraria de Lucha Antituberculosa y Enfermedades Prevalentes, el MIDES Uruguay y la Comisi\u00f3n T\u00e9cnica Mixta de Salto Grande.<\/p>\n\n\n\n<div style=\"height:18px\" aria-hidden=\"true\" class=\"wp-block-spacer\"><\/div>\n\n\n\n<figure class=\"wp-block-gallery columns-2 is-cropped coblocks-animate has-lightbox wp-block-gallery-1 is-layout-flex wp-block-gallery-is-layout-flex\" data-coblocks-animation=\"slideInLeft\"><ul class=\"blocks-gallery-grid\"><li class=\"blocks-gallery-item\"><figure><img fetchpriority=\"high\" decoding=\"async\" width=\"1024\" height=\"683\" src=\"https:\/\/www.ejercito.mil.uy\/wp-content\/uploads\/2021\/06\/Vacunas-2-1024x683.jpg\" alt=\"\" data-id=\"3498\" data-full-url=\"https:\/\/www.ejercito.mil.uy\/wp-content\/uploads\/2021\/06\/Vacunas-2.jpg\" data-link=\"https:\/\/www.ejercito.mil.uy\/?attachment_id=3498\" class=\"wp-image-3498\" srcset=\"https:\/\/www.ejercito.mil.uy\/wp-content\/uploads\/2021\/06\/Vacunas-2-1024x683.jpg 1024w, https:\/\/www.ejercito.mil.uy\/wp-content\/uploads\/2021\/06\/Vacunas-2-300x200.jpg 300w, https:\/\/www.ejercito.mil.uy\/wp-content\/uploads\/2021\/06\/Vacunas-2.jpg 1200w\" sizes=\"(max-width: 1024px) 100vw, 1024px\" \/><\/figure><\/li><li class=\"blocks-gallery-item\"><figure><img decoding=\"async\" width=\"1024\" height=\"683\" src=\"https:\/\/www.ejercito.mil.uy\/wp-content\/uploads\/2021\/06\/Vacunas-1-1024x683.jpg\" alt=\"\" data-id=\"3497\" data-full-url=\"https:\/\/www.ejercito.mil.uy\/wp-content\/uploads\/2021\/06\/Vacunas-1.jpg\" data-link=\"https:\/\/www.ejercito.mil.uy\/?attachment_id=3497\" class=\"wp-image-3497\" srcset=\"https:\/\/www.ejercito.mil.uy\/wp-content\/uploads\/2021\/06\/Vacunas-1-1024x683.jpg 1024w, https:\/\/www.ejercito.mil.uy\/wp-content\/uploads\/2021\/06\/Vacunas-1-300x200.jpg 300w, https:\/\/www.ejercito.mil.uy\/wp-content\/uploads\/2021\/06\/Vacunas-1.jpg 1200w\" sizes=\"(max-width: 1024px) 100vw, 1024px\" \/><\/figure><\/li><\/ul><\/figure>\n\n\n\n<p><\/p>\n","protected":false},"excerpt":{"rendered":"<p>26.05.2021 &#8211; Salto El Batall\u00f3n \u00abItuzaing\u00f3\u00bb de Infanter\u00eda N\u00b0 7 apoy\u00f3 la Campa\u00f1a de Vacunaci\u00f3n en los barrios, la que permite inocular con la primera dosis contra el COVID19 a compatriotas que viven en el dpto. de Salto. La Unidad colabor\u00f3 con dos vacunadores y un efectivo para organizar la fila y log\u00edstica que requieran <a href=\"https:\/\/www.ejercito.mil.uy\/index.php\/2021\/05\/26\/campana-de-vacunacion-en-los-barrios\/\" class=\"more-link\">&#8230;<span class=\"screen-reader-text\">  Campa\u00f1a de Vacunaci\u00f3n en los barrios<\/span><\/a><\/p>\n","protected":false},"author":4,"featured_media":3499,"comment_status":"closed","ping_status":"open","sticky":false,"template":"","format":"standard","meta":{"_coblocks_attr":"","_coblocks_dimensions":"","_coblocks_responsive_height":"","_coblocks_accordion_ie_support":"","_monsterinsights_skip_tracking":false,"_monsterinsights_sitenote_active":false,"_monsterinsights_sitenote_note":"","_monsterinsights_sitenote_category":0,"_uf_show_specific_survey":0,"_uf_disable_surveys":false,"footnotes":""},"categories":[2,14],"tags":[27,32,29,25,37,23],"class_list":["post-3495","post","type-post","status-publish","format-standard","has-post-thumbnail","hentry","category-blog","category-noticias","tag-apoyo","tag-bienestar","tag-comunidad","tag-covid","tag-sociedad","tag-vacunacion"],"aioseo_notices":[],"_links":{"self":[{"href":"https:\/\/www.ejercito.mil.uy\/index.php\/wp-json\/wp\/v2\/posts\/3495","targetHints":{"allow":["GET"]}}],"collection":[{"href":"https:\/\/www.ejercito.mil.uy\/index.php\/wp-json\/wp\/v2\/posts"}],"about":[{"href":"https:\/\/www.ejercito.mil.uy\/index.php\/wp-json\/wp\/v2\/types\/post"}],"author":[{"embeddable":true,"href":"https:\/\/www.ejercito.mil.uy\/index.php\/wp-json\/wp\/v2\/users\/4"}],"replies":[{"embeddable":true,"href":"https:\/\/www.ejercito.mil.uy\/index.php\/wp-json\/wp\/v2\/comments?post=3495"}],"version-history":[{"count":3,"href":"https:\/\/www.ejercito.mil.uy\/index.php\/wp-json\/wp\/v2\/posts\/3495\/revisions"}],"predecessor-version":[{"id":3501,"href":"https:\/\/www.ejercito.mil.uy\/index.php\/wp-json\/wp\/v2\/posts\/3495\/revisions\/3501"}],"wp:featuredmedia":[{"embeddable":true,"href":"https:\/\/www.ejercito.mil.uy\/index.php\/wp-json\/wp\/v2\/media\/3499"}],"wp:attachment":[{"href":"https:\/\/www.ejercito.mil.uy\/index.php\/wp-json\/wp\/v2\/media?parent=3495"}],"wp:term":[{"taxonomy":"category","embeddable":true,"href":"https:\/\/www.ejercito.mil.uy\/index.php\/wp-json\/wp\/v2\/categories?post=3495"},{"taxonomy":"post_tag","embeddable":true,"href":"https:\/\/www.ejercito.mil.uy\/index.php\/wp-json\/wp\/v2\/tags?post=3495"}],"curies":[{"name":"wp","href":"https:\/\/api.w.org\/{rel}","templated":true}]}}