{"id":35773,"date":"2024-10-10T13:27:17","date_gmt":"2024-10-10T16:27:17","guid":{"rendered":"https:\/\/www.ejercito.mil.uy\/?p=35773"},"modified":"2024-10-11T18:40:52","modified_gmt":"2024-10-11T21:40:52","slug":"el-ejercito-nacional-comienza-recambio-de-flota-vehicular","status":"publish","type":"post","link":"https:\/\/www.ejercito.mil.uy\/index.php\/2024\/10\/10\/el-ejercito-nacional-comienza-recambio-de-flota-vehicular\/","title":{"rendered":"El Ej\u00e9rcito Nacional comienza recambio de flota vehicular"},"content":{"rendered":"\n<p class=\"has-black-color has-text-color has-link-color has-small-font-size wp-elements-879c34b2d220d8037d257205a4907721\">10.10.2024 &#8211; Montevideo<\/p>\n\n\n\n<div style=\"height:33px\" aria-hidden=\"true\" class=\"wp-block-spacer\"><\/div>\n\n\n\n<p class=\"has-black-color has-text-color has-background has-link-color wp-elements-f6cbc829f0dbe004f3ade74a4b53d55d\" style=\"background-color:#ffcc00;font-size:22px\">En la ma\u00f1ana del jueves 10 de octubre, con la presencia del Comandante en Jefe del Ej\u00e9rcito, Gral. de Ej\u00e9rcito Mario Stevenazzi, se realiz\u00f3 la entrega de los <strong>Camiones T\u00e1cticos Mercedes Benz \u00abAtego\u00bb<\/strong>, en el Servicio de Material y Armamento (SMA). <\/p>\n\n\n\n<div style=\"height:44px\" aria-hidden=\"true\" class=\"wp-block-spacer\"><\/div>\n\n\n\n<figure class=\"wp-block-image size-large\"><img fetchpriority=\"high\" decoding=\"async\" width=\"1024\" height=\"683\" src=\"https:\/\/www.ejercito.mil.uy\/wp-content\/uploads\/2024\/10\/2024-10-10-Camiones-SMA-3-1024x683.jpg\" alt=\"\" class=\"wp-image-35778\" srcset=\"https:\/\/www.ejercito.mil.uy\/wp-content\/uploads\/2024\/10\/2024-10-10-Camiones-SMA-3-1024x683.jpg 1024w, https:\/\/www.ejercito.mil.uy\/wp-content\/uploads\/2024\/10\/2024-10-10-Camiones-SMA-3-300x200.jpg 300w, https:\/\/www.ejercito.mil.uy\/wp-content\/uploads\/2024\/10\/2024-10-10-Camiones-SMA-3.jpg 1200w\" sizes=\"(max-width: 1024px) 100vw, 1024px\" \/><\/figure>\n\n\n\n<div style=\"height:66px\" aria-hidden=\"true\" class=\"wp-block-spacer\"><\/div>\n\n\n\n<p class=\"has-black-color has-text-color has-link-color wp-elements-41e2e95cc04fe61941a2c6f0381fe2a8\" style=\"font-size:18px\">Los 30 veh\u00edculos fueron distribuidos a distintas Unidades B\u00e1sicas: 6 al Batall\u00f3n \u00abOriental\u00bb de Infanter\u00eda Mecanizado N\u00ba 4, 6 al Batall\u00f3n \u00abItuzaing\u00f3\u00bb de Infanter\u00eda N\u00ba 7, 6 al Batall\u00f3n \u00abRinc\u00f3n\u00bb de Infanter\u00eda Mecanizado N\u00ba 9, 6 al Batall\u00f3n \u00abTreinta y Tres Orientales\u00bb de Infanter\u00eda Mecanizado N\u00ba 10 y 6 al Grupo \u00abCruzada Libertadora de 1825\u00bb de Artiller\u00eda 105 mm N\u00ba 4.<\/p>\n\n\n\n<div style=\"height:44px\" aria-hidden=\"true\" class=\"wp-block-spacer\"><\/div>\n\n\n\n<div aria-label=\"Carousel Gallery\" class=\"wp-block-coblocks-gallery-carousel alignfull\"><div class=\"coblocks-gallery-carousel-swiper-container is-cropped coblocks-gallery has-caption-style-dark has-horizontal-gutter has-no-thumbnails\"><div class=\"has-carousel has-carousel-xlrg swiper-container\" data-swiper=\"{&quot;alignCells&quot;:false,&quot;autoPlay&quot;:false,&quot;autoPlaySpeed&quot;:3000,&quot;draggable&quot;:false,&quot;freeMode&quot;:false,&quot;loop&quot;:false,&quot;navigation&quot;:true,&quot;pageDots&quot;:false,&quot;pauseHover&quot;:false,&quot;responsiveHeight&quot;:false,&quot;slidesPerView&quot;:1,&quot;thumbnails&quot;:false,&quot;uuid&quot;:&quot;12345&quot;}\" style=\"height:555px\"><div class=\"swiper-wrapper\"><div class=\"swiper-slide\"><div class=\"coblocks-gallery--item\" role=\"button\" tabindex=\"0\"><figure class=\"coblocks-gallery--figure has-margin-left-5 has-margin-left-mobile-5 has-margin-right-5 has-margin-right-mobile-5\"><img decoding=\"async\" width=\"1024\" height=\"683\" alt=\"\" class=\"wp-image-35779\" data-id=\"35779\" data-link=\"https:\/\/www.ejercito.mil.uy\/?attachment_id=35779\" src=\"https:\/\/www.ejercito.mil.uy\/wp-content\/uploads\/2024\/10\/2024-10-10-Camiones-SMA-46-1024x683.jpg\" srcset=\"https:\/\/www.ejercito.mil.uy\/wp-content\/uploads\/2024\/10\/2024-10-10-Camiones-SMA-46-1024x683.jpg 1024w, https:\/\/www.ejercito.mil.uy\/wp-content\/uploads\/2024\/10\/2024-10-10-Camiones-SMA-46-300x200.jpg 300w, https:\/\/www.ejercito.mil.uy\/wp-content\/uploads\/2024\/10\/2024-10-10-Camiones-SMA-46.jpg 1200w\" sizes=\"(max-width: 1024px) 100vw, 1024px\" \/><\/figure><figcaption class=\"coblocks-gallery--caption coblocks-gallery--primary-caption\"><\/figcaption><\/div><\/div><div class=\"swiper-slide\"><div class=\"coblocks-gallery--item\" role=\"button\" tabindex=\"1\"><figure class=\"coblocks-gallery--figure has-margin-left-5 has-margin-left-mobile-5 has-margin-right-5 has-margin-right-mobile-5\"><img decoding=\"async\" width=\"1024\" height=\"683\" alt=\"\" class=\"wp-image-35780\" data-id=\"35780\" data-link=\"https:\/\/www.ejercito.mil.uy\/?attachment_id=35780\" src=\"https:\/\/www.ejercito.mil.uy\/wp-content\/uploads\/2024\/10\/2024-10-10-Camiones-SMA-1-1024x683.jpg\" srcset=\"https:\/\/www.ejercito.mil.uy\/wp-content\/uploads\/2024\/10\/2024-10-10-Camiones-SMA-1-1024x683.jpg 1024w, https:\/\/www.ejercito.mil.uy\/wp-content\/uploads\/2024\/10\/2024-10-10-Camiones-SMA-1-300x200.jpg 300w, https:\/\/www.ejercito.mil.uy\/wp-content\/uploads\/2024\/10\/2024-10-10-Camiones-SMA-1.jpg 1200w\" sizes=\"(max-width: 1024px) 100vw, 1024px\" \/><\/figure><figcaption class=\"coblocks-gallery--caption coblocks-gallery--primary-caption\"><\/figcaption><\/div><\/div><div class=\"swiper-slide\"><div class=\"coblocks-gallery--item\" role=\"button\" tabindex=\"2\"><figure class=\"coblocks-gallery--figure has-margin-left-5 has-margin-left-mobile-5 has-margin-right-5 has-margin-right-mobile-5\"><img loading=\"lazy\" decoding=\"async\" width=\"1024\" height=\"683\" alt=\"\" class=\"wp-image-35781\" data-id=\"35781\" data-link=\"https:\/\/www.ejercito.mil.uy\/?attachment_id=35781\" src=\"https:\/\/www.ejercito.mil.uy\/wp-content\/uploads\/2024\/10\/2024-10-10-Camiones-SMA-11-1024x683.jpg\" srcset=\"https:\/\/www.ejercito.mil.uy\/wp-content\/uploads\/2024\/10\/2024-10-10-Camiones-SMA-11-1024x683.jpg 1024w, https:\/\/www.ejercito.mil.uy\/wp-content\/uploads\/2024\/10\/2024-10-10-Camiones-SMA-11-300x200.jpg 300w, https:\/\/www.ejercito.mil.uy\/wp-content\/uploads\/2024\/10\/2024-10-10-Camiones-SMA-11.jpg 1200w\" sizes=\"(max-width: 1024px) 100vw, 1024px\" \/><\/figure><figcaption class=\"coblocks-gallery--caption coblocks-gallery--primary-caption\"><\/figcaption><\/div><\/div><div class=\"swiper-slide\"><div class=\"coblocks-gallery--item\" role=\"button\" tabindex=\"3\"><figure class=\"coblocks-gallery--figure has-margin-left-5 has-margin-left-mobile-5 has-margin-right-5 has-margin-right-mobile-5\"><img loading=\"lazy\" decoding=\"async\" width=\"1024\" height=\"683\" alt=\"\" class=\"wp-image-35782\" data-id=\"35782\" data-link=\"https:\/\/www.ejercito.mil.uy\/?attachment_id=35782\" src=\"https:\/\/www.ejercito.mil.uy\/wp-content\/uploads\/2024\/10\/2024-10-10-Camiones-SMA-12-1024x683.jpg\" srcset=\"https:\/\/www.ejercito.mil.uy\/wp-content\/uploads\/2024\/10\/2024-10-10-Camiones-SMA-12-1024x683.jpg 1024w, https:\/\/www.ejercito.mil.uy\/wp-content\/uploads\/2024\/10\/2024-10-10-Camiones-SMA-12-300x200.jpg 300w, https:\/\/www.ejercito.mil.uy\/wp-content\/uploads\/2024\/10\/2024-10-10-Camiones-SMA-12.jpg 1200w\" sizes=\"(max-width: 1024px) 100vw, 1024px\" \/><\/figure><figcaption class=\"coblocks-gallery--caption coblocks-gallery--primary-caption\"><\/figcaption><\/div><\/div><div class=\"swiper-slide\"><div class=\"coblocks-gallery--item\" role=\"button\" tabindex=\"4\"><figure class=\"coblocks-gallery--figure has-margin-left-5 has-margin-left-mobile-5 has-margin-right-5 has-margin-right-mobile-5\"><img loading=\"lazy\" decoding=\"async\" width=\"1024\" height=\"683\" alt=\"\" class=\"wp-image-35783\" data-id=\"35783\" data-link=\"https:\/\/www.ejercito.mil.uy\/?attachment_id=35783\" src=\"https:\/\/www.ejercito.mil.uy\/wp-content\/uploads\/2024\/10\/2024-10-10-Camiones-SMA-17-1024x683.jpg\" srcset=\"https:\/\/www.ejercito.mil.uy\/wp-content\/uploads\/2024\/10\/2024-10-10-Camiones-SMA-17-1024x683.jpg 1024w, https:\/\/www.ejercito.mil.uy\/wp-content\/uploads\/2024\/10\/2024-10-10-Camiones-SMA-17-300x200.jpg 300w, https:\/\/www.ejercito.mil.uy\/wp-content\/uploads\/2024\/10\/2024-10-10-Camiones-SMA-17.jpg 1200w\" sizes=\"(max-width: 1024px) 100vw, 1024px\" \/><\/figure><figcaption class=\"coblocks-gallery--caption coblocks-gallery--primary-caption\"><\/figcaption><\/div><\/div><div class=\"swiper-slide\"><div class=\"coblocks-gallery--item\" role=\"button\" tabindex=\"5\"><figure class=\"coblocks-gallery--figure has-margin-left-5 has-margin-left-mobile-5 has-margin-right-5 has-margin-right-mobile-5\"><img loading=\"lazy\" decoding=\"async\" width=\"1024\" height=\"683\" alt=\"\" class=\"wp-image-35784\" data-id=\"35784\" data-link=\"https:\/\/www.ejercito.mil.uy\/?attachment_id=35784\" src=\"https:\/\/www.ejercito.mil.uy\/wp-content\/uploads\/2024\/10\/2024-10-10-Camiones-SMA-18-1024x683.jpg\" srcset=\"https:\/\/www.ejercito.mil.uy\/wp-content\/uploads\/2024\/10\/2024-10-10-Camiones-SMA-18-1024x683.jpg 1024w, https:\/\/www.ejercito.mil.uy\/wp-content\/uploads\/2024\/10\/2024-10-10-Camiones-SMA-18-300x200.jpg 300w, https:\/\/www.ejercito.mil.uy\/wp-content\/uploads\/2024\/10\/2024-10-10-Camiones-SMA-18.jpg 1200w\" sizes=\"(max-width: 1024px) 100vw, 1024px\" \/><\/figure><figcaption class=\"coblocks-gallery--caption coblocks-gallery--primary-caption\"><\/figcaption><\/div><\/div><div class=\"swiper-slide\"><div class=\"coblocks-gallery--item\" role=\"button\" tabindex=\"6\"><figure class=\"coblocks-gallery--figure has-margin-left-5 has-margin-left-mobile-5 has-margin-right-5 has-margin-right-mobile-5\"><img loading=\"lazy\" decoding=\"async\" width=\"1024\" height=\"683\" alt=\"\" class=\"wp-image-35785\" data-id=\"35785\" data-link=\"https:\/\/www.ejercito.mil.uy\/?attachment_id=35785\" src=\"https:\/\/www.ejercito.mil.uy\/wp-content\/uploads\/2024\/10\/2024-10-10-Camiones-SMA-19-1024x683.jpg\" srcset=\"https:\/\/www.ejercito.mil.uy\/wp-content\/uploads\/2024\/10\/2024-10-10-Camiones-SMA-19-1024x683.jpg 1024w, https:\/\/www.ejercito.mil.uy\/wp-content\/uploads\/2024\/10\/2024-10-10-Camiones-SMA-19-300x200.jpg 300w, https:\/\/www.ejercito.mil.uy\/wp-content\/uploads\/2024\/10\/2024-10-10-Camiones-SMA-19.jpg 1200w\" sizes=\"(max-width: 1024px) 100vw, 1024px\" \/><\/figure><figcaption class=\"coblocks-gallery--caption coblocks-gallery--primary-caption\"><\/figcaption><\/div><\/div><div class=\"swiper-slide\"><div class=\"coblocks-gallery--item\" role=\"button\" tabindex=\"7\"><figure class=\"coblocks-gallery--figure has-margin-left-5 has-margin-left-mobile-5 has-margin-right-5 has-margin-right-mobile-5\"><img loading=\"lazy\" decoding=\"async\" width=\"1024\" height=\"683\" alt=\"\" class=\"wp-image-35794\" data-id=\"35794\" data-link=\"https:\/\/www.ejercito.mil.uy\/?attachment_id=35794\" src=\"https:\/\/www.ejercito.mil.uy\/wp-content\/uploads\/2024\/10\/2024-10-10-Camiones-SMA-66-1024x683.jpg\" srcset=\"https:\/\/www.ejercito.mil.uy\/wp-content\/uploads\/2024\/10\/2024-10-10-Camiones-SMA-66-1024x683.jpg 1024w, https:\/\/www.ejercito.mil.uy\/wp-content\/uploads\/2024\/10\/2024-10-10-Camiones-SMA-66-300x200.jpg 300w, https:\/\/www.ejercito.mil.uy\/wp-content\/uploads\/2024\/10\/2024-10-10-Camiones-SMA-66.jpg 1200w\" sizes=\"(max-width: 1024px) 100vw, 1024px\" \/><\/figure><figcaption class=\"coblocks-gallery--caption coblocks-gallery--primary-caption\"><\/figcaption><\/div><\/div><\/div><button class=\"nav-button__prev\" id=\"12345-prev\"><svg class=\"icon\" style=\"transform:rotate(180deg)\"><\/svg><\/button><button class=\"nav-button__next\" id=\"12345-next\"><svg class=\"icon\"><\/svg><\/button><\/div><\/div><\/div>\n\n\n\n<div style=\"height:66px\" aria-hidden=\"true\" class=\"wp-block-spacer\"><\/div>\n\n\n\n<p class=\"has-black-color has-text-color has-link-color wp-elements-11dc6f802ae247558e6a460ba53559b5\" style=\"font-size:18px\">El Cte. en Jefe del Ej\u00e9rcito explic\u00f3 que esta entrega es resultado de un estudio que permite a las Unidades de la Fuerza, contar con medios para entrenar de forma adecuada en pos del cumplimiento de la misi\u00f3n principal.<\/p>\n\n\n\n<div style=\"height:44px\" aria-hidden=\"true\" class=\"wp-block-spacer\"><\/div>\n\n\n\n<figure class=\"wp-block-image size-large\"><img loading=\"lazy\" decoding=\"async\" width=\"1024\" height=\"683\" src=\"https:\/\/www.ejercito.mil.uy\/wp-content\/uploads\/2024\/10\/Camiones-SMA-57-1024x683.jpg\" alt=\"\" class=\"wp-image-35786\" srcset=\"https:\/\/www.ejercito.mil.uy\/wp-content\/uploads\/2024\/10\/Camiones-SMA-57-1024x683.jpg 1024w, https:\/\/www.ejercito.mil.uy\/wp-content\/uploads\/2024\/10\/Camiones-SMA-57-300x200.jpg 300w, https:\/\/www.ejercito.mil.uy\/wp-content\/uploads\/2024\/10\/Camiones-SMA-57.jpg 1200w\" sizes=\"(max-width: 1024px) 100vw, 1024px\" \/><\/figure>\n\n\n\n<div style=\"height:44px\" aria-hidden=\"true\" class=\"wp-block-spacer\"><\/div>\n\n\n\n<p class=\"has-black-color has-text-color has-background has-link-color wp-elements-c82ec472aa14a9b65a192dae83fe2387\" style=\"background-color:#f2f3f4;font-size:18px\"><strong><em>\u00abEl Ej\u00e9rcito est\u00e1 orgulloso de poder entreg\u00e1rselo\u00bb<\/em><\/strong>, y afirm\u00f3 que se pretende continuar con el <strong><em>\u00abproceso de cambio de modernizaci\u00f3n y adecuaci\u00f3n de nuestros medios\u00bb<\/em><\/strong>.<\/p>\n\n\n\n<div style=\"height:44px\" aria-hidden=\"true\" class=\"wp-block-spacer\"><\/div>\n\n\n\n<div aria-label=\"Carousel Gallery\" class=\"wp-block-coblocks-gallery-carousel alignfull\"><div class=\"coblocks-gallery-carousel-swiper-container is-cropped coblocks-gallery has-caption-style-dark has-horizontal-gutter has-no-thumbnails\"><div class=\"has-carousel has-carousel-xlrg swiper-container\" data-swiper=\"{&quot;alignCells&quot;:false,&quot;autoPlay&quot;:false,&quot;autoPlaySpeed&quot;:3000,&quot;draggable&quot;:false,&quot;freeMode&quot;:false,&quot;loop&quot;:false,&quot;navigation&quot;:true,&quot;pageDots&quot;:false,&quot;pauseHover&quot;:false,&quot;responsiveHeight&quot;:false,&quot;slidesPerView&quot;:1,&quot;thumbnails&quot;:false,&quot;uuid&quot;:&quot;12345&quot;}\" style=\"height:555px\"><div class=\"swiper-wrapper\"><div class=\"swiper-slide\"><div class=\"coblocks-gallery--item\" role=\"button\" tabindex=\"0\"><figure class=\"coblocks-gallery--figure has-margin-left-5 has-margin-left-mobile-5 has-margin-right-5 has-margin-right-mobile-5\"><img loading=\"lazy\" decoding=\"async\" width=\"1024\" height=\"683\" alt=\"\" class=\"wp-image-35789\" data-id=\"35789\" data-link=\"https:\/\/www.ejercito.mil.uy\/index.php\/2024\/10\/10\/el-ejercito-nacional-comienza-recambio-de-flota-vehicular\/2024-10-10-camiones-sma-23\/\" src=\"https:\/\/www.ejercito.mil.uy\/wp-content\/uploads\/2024\/10\/2024-10-10-Camiones-SMA-23-1024x683.jpg\" srcset=\"https:\/\/www.ejercito.mil.uy\/wp-content\/uploads\/2024\/10\/2024-10-10-Camiones-SMA-23-1024x683.jpg 1024w, https:\/\/www.ejercito.mil.uy\/wp-content\/uploads\/2024\/10\/2024-10-10-Camiones-SMA-23-300x200.jpg 300w, https:\/\/www.ejercito.mil.uy\/wp-content\/uploads\/2024\/10\/2024-10-10-Camiones-SMA-23.jpg 1200w\" sizes=\"(max-width: 1024px) 100vw, 1024px\" \/><\/figure><figcaption class=\"coblocks-gallery--caption coblocks-gallery--primary-caption\"><\/figcaption><\/div><\/div><div class=\"swiper-slide\"><div class=\"coblocks-gallery--item\" role=\"button\" tabindex=\"1\"><figure class=\"coblocks-gallery--figure has-margin-left-5 has-margin-left-mobile-5 has-margin-right-5 has-margin-right-mobile-5\"><img loading=\"lazy\" decoding=\"async\" width=\"1024\" height=\"683\" alt=\"\" class=\"wp-image-35787\" data-id=\"35787\" data-link=\"https:\/\/www.ejercito.mil.uy\/index.php\/2024\/10\/10\/el-ejercito-nacional-comienza-recambio-de-flota-vehicular\/default-61\/\" src=\"https:\/\/www.ejercito.mil.uy\/wp-content\/uploads\/2024\/10\/2024-10-10-Camiones-SMA-2-1024x683.jpg\" srcset=\"https:\/\/www.ejercito.mil.uy\/wp-content\/uploads\/2024\/10\/2024-10-10-Camiones-SMA-2-1024x683.jpg 1024w, https:\/\/www.ejercito.mil.uy\/wp-content\/uploads\/2024\/10\/2024-10-10-Camiones-SMA-2-300x200.jpg 300w, https:\/\/www.ejercito.mil.uy\/wp-content\/uploads\/2024\/10\/2024-10-10-Camiones-SMA-2.jpg 1200w\" sizes=\"(max-width: 1024px) 100vw, 1024px\" \/><\/figure><figcaption class=\"coblocks-gallery--caption coblocks-gallery--primary-caption\">default<\/figcaption><\/div><\/div><div class=\"swiper-slide\"><div class=\"coblocks-gallery--item\" role=\"button\" tabindex=\"2\"><figure class=\"coblocks-gallery--figure has-margin-left-5 has-margin-left-mobile-5 has-margin-right-5 has-margin-right-mobile-5\"><img loading=\"lazy\" decoding=\"async\" width=\"1024\" height=\"683\" alt=\"\" class=\"wp-image-35793\" data-id=\"35793\" data-link=\"https:\/\/www.ejercito.mil.uy\/index.php\/2024\/10\/10\/el-ejercito-nacional-comienza-recambio-de-flota-vehicular\/camiones-sma-10\/\" src=\"https:\/\/www.ejercito.mil.uy\/wp-content\/uploads\/2024\/10\/Camiones-SMA-10-1024x683.jpg\" srcset=\"https:\/\/www.ejercito.mil.uy\/wp-content\/uploads\/2024\/10\/Camiones-SMA-10-1024x683.jpg 1024w, https:\/\/www.ejercito.mil.uy\/wp-content\/uploads\/2024\/10\/Camiones-SMA-10-300x200.jpg 300w, https:\/\/www.ejercito.mil.uy\/wp-content\/uploads\/2024\/10\/Camiones-SMA-10.jpg 1200w\" sizes=\"(max-width: 1024px) 100vw, 1024px\" \/><\/figure><figcaption class=\"coblocks-gallery--caption coblocks-gallery--primary-caption\"><\/figcaption><\/div><\/div><div class=\"swiper-slide\"><div class=\"coblocks-gallery--item\" role=\"button\" tabindex=\"3\"><figure class=\"coblocks-gallery--figure has-margin-left-5 has-margin-left-mobile-5 has-margin-right-5 has-margin-right-mobile-5\"><img loading=\"lazy\" decoding=\"async\" width=\"1024\" height=\"683\" alt=\"\" class=\"wp-image-35790\" data-id=\"35790\" data-link=\"https:\/\/www.ejercito.mil.uy\/index.php\/2024\/10\/10\/el-ejercito-nacional-comienza-recambio-de-flota-vehicular\/2024-10-10-camiones-sma-63\/\" src=\"https:\/\/www.ejercito.mil.uy\/wp-content\/uploads\/2024\/10\/2024-10-10-Camiones-SMA-63-1024x683.jpg\" srcset=\"https:\/\/www.ejercito.mil.uy\/wp-content\/uploads\/2024\/10\/2024-10-10-Camiones-SMA-63-1024x683.jpg 1024w, https:\/\/www.ejercito.mil.uy\/wp-content\/uploads\/2024\/10\/2024-10-10-Camiones-SMA-63-300x200.jpg 300w, https:\/\/www.ejercito.mil.uy\/wp-content\/uploads\/2024\/10\/2024-10-10-Camiones-SMA-63.jpg 1200w\" sizes=\"(max-width: 1024px) 100vw, 1024px\" \/><\/figure><figcaption class=\"coblocks-gallery--caption coblocks-gallery--primary-caption\"><\/figcaption><\/div><\/div><div class=\"swiper-slide\"><div class=\"coblocks-gallery--item\" role=\"button\" tabindex=\"4\"><figure class=\"coblocks-gallery--figure has-margin-left-5 has-margin-left-mobile-5 has-margin-right-5 has-margin-right-mobile-5\"><img loading=\"lazy\" decoding=\"async\" width=\"1024\" height=\"683\" alt=\"\" class=\"wp-image-35792\" data-id=\"35792\" data-link=\"https:\/\/www.ejercito.mil.uy\/index.php\/2024\/10\/10\/el-ejercito-nacional-comienza-recambio-de-flota-vehicular\/2024-10-10-camiones-sma-65\/\" src=\"https:\/\/www.ejercito.mil.uy\/wp-content\/uploads\/2024\/10\/2024-10-10-Camiones-SMA-65-1024x683.jpg\" srcset=\"https:\/\/www.ejercito.mil.uy\/wp-content\/uploads\/2024\/10\/2024-10-10-Camiones-SMA-65-1024x683.jpg 1024w, https:\/\/www.ejercito.mil.uy\/wp-content\/uploads\/2024\/10\/2024-10-10-Camiones-SMA-65-300x200.jpg 300w, https:\/\/www.ejercito.mil.uy\/wp-content\/uploads\/2024\/10\/2024-10-10-Camiones-SMA-65.jpg 1200w\" sizes=\"(max-width: 1024px) 100vw, 1024px\" \/><\/figure><figcaption class=\"coblocks-gallery--caption coblocks-gallery--primary-caption\"><\/figcaption><\/div><\/div><div class=\"swiper-slide\"><div class=\"coblocks-gallery--item\" role=\"button\" tabindex=\"5\"><figure class=\"coblocks-gallery--figure has-margin-left-5 has-margin-left-mobile-5 has-margin-right-5 has-margin-right-mobile-5\"><img loading=\"lazy\" decoding=\"async\" width=\"1024\" height=\"683\" alt=\"\" class=\"wp-image-35791\" data-id=\"35791\" data-link=\"https:\/\/www.ejercito.mil.uy\/index.php\/2024\/10\/10\/el-ejercito-nacional-comienza-recambio-de-flota-vehicular\/2024-10-10-camiones-sma-64\/\" src=\"https:\/\/www.ejercito.mil.uy\/wp-content\/uploads\/2024\/10\/2024-10-10-Camiones-SMA-64-1024x683.jpg\" srcset=\"https:\/\/www.ejercito.mil.uy\/wp-content\/uploads\/2024\/10\/2024-10-10-Camiones-SMA-64-1024x683.jpg 1024w, https:\/\/www.ejercito.mil.uy\/wp-content\/uploads\/2024\/10\/2024-10-10-Camiones-SMA-64-300x200.jpg 300w, https:\/\/www.ejercito.mil.uy\/wp-content\/uploads\/2024\/10\/2024-10-10-Camiones-SMA-64.jpg 1200w\" sizes=\"(max-width: 1024px) 100vw, 1024px\" \/><\/figure><figcaption class=\"coblocks-gallery--caption coblocks-gallery--primary-caption\"><\/figcaption><\/div><\/div><\/div><button class=\"nav-button__prev\" id=\"12345-prev\"><svg class=\"icon\" style=\"transform:rotate(180deg)\"><\/svg><\/button><button class=\"nav-button__next\" id=\"12345-next\"><svg class=\"icon\"><\/svg><\/button><\/div><\/div><\/div>\n\n\n\n<div style=\"height:66px\" aria-hidden=\"true\" class=\"wp-block-spacer\"><\/div>\n\n\n\n<p class=\"has-black-color has-text-color has-link-color wp-elements-9c346aed8d32f8b4fd2dc38b9d9b65bc\" style=\"font-size:18px\">Asistieron al acto, el Cte. del Comando de Apoyo Log\u00edstico del Ej\u00e9rcito, Gral. Jos\u00e9 M. Mart\u00ednez, el Jefe del Estado Mayor del Ej\u00e9rcito, Gral. Omar Carabajal, el Cte. de la Divisi\u00f3n de Ej\u00e9rcito IV, Gral. Carlos Rombys, el Director General del SMA, Cnel. Germ\u00e1n Ram\u00edrez, Oficiales Superiores, Jefes, entre otras autoridades. <\/p>\n\n\n\n<div style=\"height:66px\" aria-hidden=\"true\" class=\"wp-block-spacer\"><\/div>\n\n\n\n<p class=\"has-black-color has-text-color has-background has-link-color has-medium-font-size wp-elements-ba8875bbb1486d9a1312a4b97fd682f5\" style=\"background-color:#daab2a\"><em>Ver nota a partir del minuto 00:50 en la edici\u00f3n #31 del informativo Ej\u00e9rcito del Uruguay \u2013\u00a0<\/em><a href=\"https:\/\/youtu.be\/4dkwPQTIXUk?t=62&amp;fbclid=IwZXh0bgNhZW0CMTAAAR2ExpYMC_ykPf3GdPHY85qMv7M1vhdKk2Unwp4X0BXnBEeMVYwqUjzqKTo_aem_3RcOwLvAitd3x2WW9x39hg\" target=\"_blank\" rel=\"noreferrer noopener\">El Ej\u00e9rcito Nacional comienza recambio de flota vehicular<\/a><\/p>\n\n\n\n<div style=\"height:100px\" aria-hidden=\"true\" class=\"wp-block-spacer\"><\/div>\n","protected":false},"excerpt":{"rendered":"<p>10.10.2024 &#8211; El jueves 10 de octubre, con la presencia del Comandante en Jefe del Ej\u00e9rcito, se realiz\u00f3 la entrega de los Camiones T\u00e1cticos, en el Servicio de Material y Armamento.<\/p>\n","protected":false},"author":4,"featured_media":35777,"comment_status":"open","ping_status":"open","sticky":false,"template":"","format":"standard","meta":{"_coblocks_attr":"","_coblocks_dimensions":"","_coblocks_responsive_height":"","_coblocks_accordion_ie_support":"","_monsterinsights_skip_tracking":false,"_monsterinsights_sitenote_active":false,"_monsterinsights_sitenote_note":"","_monsterinsights_sitenote_category":0,"_uf_show_specific_survey":0,"_uf_disable_surveys":false,"footnotes":""},"categories":[2,10,14],"tags":[1721,1157,911,1723,142,1722,88],"class_list":["post-35773","post","type-post","status-publish","format-standard","has-post-thumbnail","hentry","category-blog","category-destacados","category-noticias","tag-atego","tag-camiones","tag-entrega","tag-modernizacion","tag-sma","tag-vehicular","tag-vehiculos"],"aioseo_notices":[],"_links":{"self":[{"href":"https:\/\/www.ejercito.mil.uy\/index.php\/wp-json\/wp\/v2\/posts\/35773","targetHints":{"allow":["GET"]}}],"collection":[{"href":"https:\/\/www.ejercito.mil.uy\/index.php\/wp-json\/wp\/v2\/posts"}],"about":[{"href":"https:\/\/www.ejercito.mil.uy\/index.php\/wp-json\/wp\/v2\/types\/post"}],"author":[{"embeddable":true,"href":"https:\/\/www.ejercito.mil.uy\/index.php\/wp-json\/wp\/v2\/users\/4"}],"replies":[{"embeddable":true,"href":"https:\/\/www.ejercito.mil.uy\/index.php\/wp-json\/wp\/v2\/comments?post=35773"}],"version-history":[{"count":9,"href":"https:\/\/www.ejercito.mil.uy\/index.php\/wp-json\/wp\/v2\/posts\/35773\/revisions"}],"predecessor-version":[{"id":35935,"href":"https:\/\/www.ejercito.mil.uy\/index.php\/wp-json\/wp\/v2\/posts\/35773\/revisions\/35935"}],"wp:featuredmedia":[{"embeddable":true,"href":"https:\/\/www.ejercito.mil.uy\/index.php\/wp-json\/wp\/v2\/media\/35777"}],"wp:attachment":[{"href":"https:\/\/www.ejercito.mil.uy\/index.php\/wp-json\/wp\/v2\/media?parent=35773"}],"wp:term":[{"taxonomy":"category","embeddable":true,"href":"https:\/\/www.ejercito.mil.uy\/index.php\/wp-json\/wp\/v2\/categories?post=35773"},{"taxonomy":"post_tag","embeddable":true,"href":"https:\/\/www.ejercito.mil.uy\/index.php\/wp-json\/wp\/v2\/tags?post=35773"}],"curies":[{"name":"wp","href":"https:\/\/api.w.org\/{rel}","templated":true}]}}