{"id":3641,"date":"2021-06-05T21:00:36","date_gmt":"2021-06-06T00:00:36","guid":{"rendered":"https:\/\/www.ejercito.mil.uy\/?p=3641"},"modified":"2021-06-07T11:51:45","modified_gmt":"2021-06-07T14:51:45","slug":"rescate-tras-el-temporal","status":"publish","type":"post","link":"https:\/\/www.ejercito.mil.uy\/index.php\/2021\/06\/05\/rescate-tras-el-temporal\/","title":{"rendered":"Rescate tras el temporal"},"content":{"rendered":"\n<p class=\"wp-block-paragraph\" style=\"font-size:14px\">05.06.2021 &#8211; Lavalleja<\/p>\n\n\n\n<div style=\"height:24px\" aria-hidden=\"true\" class=\"wp-block-spacer\"><\/div>\n\n\n\n<p class=\"has-medium-font-size wp-block-paragraph\"><strong>Efectivos del Ej\u00e9rcito colaboran en el rescate de una pareja, que tras el temporal, quedara aislada en una zona rural cercana a Minas.<\/strong><\/p>\n\n\n\n<div style=\"height:33px\" aria-hidden=\"true\" class=\"wp-block-spacer\"><\/div>\n\n\n\n<p class=\"wp-block-paragraph\">Polic\u00edas de la Brigada Departamental de Seguridad Rural y de la Polic\u00eda Nacional con el apoyo del <strong>Batall\u00f3n \u00abBrig. Gral. Juan Antonio Lavalleja\u00bb de Infanter\u00eda N\u00ba 11<\/strong> del Ej\u00e9rcito Nacional y vecinos de la zona, lograron rescatar a un hombre de 45 a\u00f1os y una mujer de 58 a\u00f1os que se encontraban aislados en el establecimiento rural \u201cDon Alcides\u201d, ubicado en Paraje Santa Luc\u00eda por Camino Al Abra.<\/p>\n\n\n\n<div style=\"height:33px\" aria-hidden=\"true\" class=\"wp-block-spacer\"><\/div>\n\n\n\n<p class=\"wp-block-paragraph\">Esta ma\u00f1ana, pr\u00f3ximo a las 08:30 horas, el Centro Comando Unificado Departamental indic\u00f3 que el hombre se encontraba junto a su pareja, con un fuerte dolor en el pecho y que no pod\u00edan salir del lugar, debido a las inclemencias del tiempo y a la crecida de dos arroyos de la zona.<\/p>\n\n\n\n<div style=\"height:33px\" aria-hidden=\"true\" class=\"wp-block-spacer\"><\/div>\n\n\n\n<p class=\"wp-block-paragraph\">En primera instancia concurrieron al establecimiento efectivos policiales, quienes intentaron realizar el traslado, pero en determinado momento, por el estado del suelo, el m\u00f3vil qued\u00f3 varado, por lo que se recibi\u00f3 el apoyo de vecinos de la zona y del personal de la Brigada Departamental de Seguridad Rural.<\/p>\n\n\n\n<div style=\"height:33px\" aria-hidden=\"true\" class=\"wp-block-spacer\"><\/div>\n\n\n\n<p class=\"wp-block-paragraph\">La situaci\u00f3n motiv\u00f3 que fueran analizados los posibles escenarios de acceso al lugar, coordinando as\u00ed, la Jefe de Polic\u00eda de Lavalleja y CECOED, acciones con el Batall\u00f3n y vecinos de la zona que colaboraron con una canoa apropiada para pasar la corriente, rescatando de esa manera a ambos ciudadanos pr\u00f3ximo a las 15 h, los que fueron trasladados hacia el Hospital \u201cDr. Alfredo Vidal y Fuentes\u201d.<\/p>\n\n\n\n<div style=\"height:33px\" aria-hidden=\"true\" class=\"wp-block-spacer\"><\/div>\n\n\n\n<p class=\"wp-block-paragraph\">Es de destacar que quienes participaron del rescate debieron cruzar a pie dos arroyos hasta llegar al lugar, ayudar a subir a los ciudadanos a la canoa y volver hasta donde se encontraba la ambulancia militar para hacer el traslado.<\/p>\n\n\n\n<div style=\"height:33px\" aria-hidden=\"true\" class=\"wp-block-spacer\"><\/div>\n\n\n\n<p class=\"wp-block-paragraph\">Una vez en el Hospital Local, el hombre fue asistido por el m\u00e9dico de guardia, quedando a la espera de resultados de an\u00e1lisis.<\/p>\n\n\n\n<div style=\"height:33px\" aria-hidden=\"true\" class=\"wp-block-spacer\"><\/div>\n\n\n\n<div class=\"wp-block-coblocks-gallery-carousel coblocks-animate\" data-coblocks-animation=\"clipHorizontal\"><div class=\"is-cropped coblocks-gallery has-no-alignment has-caption-style-dark has-horizontal-gutter has-lightbox\"><div class=\"has-carousel has-carousel-lrg\" style=\"height:400px\" data-flickity=\"{&quot;autoPlay&quot;:4000,&quot;draggable&quot;:true,&quot;pageDots&quot;:false,&quot;prevNextButtons&quot;:true,&quot;wrapAround&quot;:true,&quot;cellAlign&quot;:&quot;center&quot;,&quot;pauseAutoPlayOnHover&quot;:false,&quot;freeScroll&quot;:true,&quot;arrowShape&quot;:{&quot;x0&quot;:10,&quot;x1&quot;:60,&quot;y1&quot;:50,&quot;x2&quot;:65,&quot;y2&quot;:45,&quot;x3&quot;:20},&quot;thumbnails&quot;:false,&quot;responsiveHeight&quot;:false}\"><div class=\"coblocks-gallery--item\"><figure class=\"coblocks-gallery--figure has-margin-left-10 has-margin-left-mobile-5 has-margin-right-10 has-margin-right-mobile-5\"><img loading=\"lazy\" decoding=\"async\" width=\"1024\" height=\"683\" src=\"https:\/\/www.ejercito.mil.uy\/wp-content\/uploads\/2021\/06\/Rescate-1-1024x683.jpg\" alt=\"\" data-id=\"3644\" data-link=\"https:\/\/www.ejercito.mil.uy\/?attachment_id=3644\" class=\"wp-image-3644\" srcset=\"https:\/\/www.ejercito.mil.uy\/wp-content\/uploads\/2021\/06\/Rescate-1-1024x683.jpg 1024w, https:\/\/www.ejercito.mil.uy\/wp-content\/uploads\/2021\/06\/Rescate-1-300x200.jpg 300w, https:\/\/www.ejercito.mil.uy\/wp-content\/uploads\/2021\/06\/Rescate-1.jpg 1200w\" sizes=\"auto, (max-width: 1024px) 100vw, 1024px\" \/><\/figure><\/div><div class=\"coblocks-gallery--item\"><figure class=\"coblocks-gallery--figure has-margin-left-10 has-margin-left-mobile-5 has-margin-right-10 has-margin-right-mobile-5\"><img loading=\"lazy\" decoding=\"async\" width=\"1024\" height=\"683\" src=\"https:\/\/www.ejercito.mil.uy\/wp-content\/uploads\/2021\/06\/Rescate-2-1024x683.jpg\" alt=\"\" data-id=\"3645\" data-link=\"https:\/\/www.ejercito.mil.uy\/?attachment_id=3645\" class=\"wp-image-3645\" srcset=\"https:\/\/www.ejercito.mil.uy\/wp-content\/uploads\/2021\/06\/Rescate-2-1024x683.jpg 1024w, https:\/\/www.ejercito.mil.uy\/wp-content\/uploads\/2021\/06\/Rescate-2-300x200.jpg 300w, https:\/\/www.ejercito.mil.uy\/wp-content\/uploads\/2021\/06\/Rescate-2.jpg 1200w\" sizes=\"auto, (max-width: 1024px) 100vw, 1024px\" \/><\/figure><\/div><div class=\"coblocks-gallery--item\"><figure class=\"coblocks-gallery--figure has-margin-left-10 has-margin-left-mobile-5 has-margin-right-10 has-margin-right-mobile-5\"><img loading=\"lazy\" decoding=\"async\" width=\"1024\" height=\"683\" src=\"https:\/\/www.ejercito.mil.uy\/wp-content\/uploads\/2021\/06\/Rescate-3-1024x683.jpg\" alt=\"\" data-id=\"3646\" data-link=\"https:\/\/www.ejercito.mil.uy\/?attachment_id=3646\" class=\"wp-image-3646\" srcset=\"https:\/\/www.ejercito.mil.uy\/wp-content\/uploads\/2021\/06\/Rescate-3-1024x683.jpg 1024w, https:\/\/www.ejercito.mil.uy\/wp-content\/uploads\/2021\/06\/Rescate-3-300x200.jpg 300w, https:\/\/www.ejercito.mil.uy\/wp-content\/uploads\/2021\/06\/Rescate-3.jpg 1200w\" sizes=\"auto, (max-width: 1024px) 100vw, 1024px\" \/><\/figure><\/div><div class=\"coblocks-gallery--item\"><figure class=\"coblocks-gallery--figure has-margin-left-10 has-margin-left-mobile-5 has-margin-right-10 has-margin-right-mobile-5\"><img loading=\"lazy\" decoding=\"async\" width=\"1024\" height=\"683\" src=\"https:\/\/www.ejercito.mil.uy\/wp-content\/uploads\/2021\/06\/Rescate-4-1024x683.jpg\" alt=\"\" data-id=\"3647\" data-link=\"https:\/\/www.ejercito.mil.uy\/?attachment_id=3647\" class=\"wp-image-3647\" srcset=\"https:\/\/www.ejercito.mil.uy\/wp-content\/uploads\/2021\/06\/Rescate-4-1024x683.jpg 1024w, https:\/\/www.ejercito.mil.uy\/wp-content\/uploads\/2021\/06\/Rescate-4-300x200.jpg 300w, https:\/\/www.ejercito.mil.uy\/wp-content\/uploads\/2021\/06\/Rescate-4.jpg 1200w\" sizes=\"auto, (max-width: 1024px) 100vw, 1024px\" \/><\/figure><\/div><div class=\"coblocks-gallery--item\"><figure class=\"coblocks-gallery--figure has-margin-left-10 has-margin-left-mobile-5 has-margin-right-10 has-margin-right-mobile-5\"><img loading=\"lazy\" decoding=\"async\" width=\"1024\" height=\"683\" src=\"https:\/\/www.ejercito.mil.uy\/wp-content\/uploads\/2021\/06\/Rescate-1024x683.jpg\" alt=\"\" data-id=\"3648\" data-link=\"https:\/\/www.ejercito.mil.uy\/?attachment_id=3648\" class=\"wp-image-3648\" srcset=\"https:\/\/www.ejercito.mil.uy\/wp-content\/uploads\/2021\/06\/Rescate-1024x683.jpg 1024w, https:\/\/www.ejercito.mil.uy\/wp-content\/uploads\/2021\/06\/Rescate-300x200.jpg 300w, https:\/\/www.ejercito.mil.uy\/wp-content\/uploads\/2021\/06\/Rescate.jpg 1200w\" sizes=\"auto, (max-width: 1024px) 100vw, 1024px\" \/><\/figure><\/div><\/div><\/div><\/div>\n\n\n\n<p class=\"wp-block-paragraph\"><\/p>\n","protected":false},"excerpt":{"rendered":"<p>05.06.2021 &#8211; Lavalleja Efectivos del Ej\u00e9rcito colaboran en el rescate de una pareja, que tras el temporal, quedara aislada en una zona rural cercana a Minas. Polic\u00edas de la Brigada Departamental de Seguridad Rural y de la Polic\u00eda Nacional con el apoyo del Batall\u00f3n \u00abBrig. Gral. Juan Antonio Lavalleja\u00bb de Infanter\u00eda N\u00ba 11 del Ej\u00e9rcito <a href=\"https:\/\/www.ejercito.mil.uy\/index.php\/2021\/06\/05\/rescate-tras-el-temporal\/\" class=\"more-link\">&#8230;<span class=\"screen-reader-text\">  Rescate tras el temporal<\/span><\/a><\/p>\n","protected":false},"author":4,"featured_media":3643,"comment_status":"open","ping_status":"open","sticky":false,"template":"","format":"standard","meta":{"_coblocks_attr":"","_coblocks_dimensions":"","_coblocks_responsive_height":"","_coblocks_accordion_ie_support":"","_monsterinsights_skip_tracking":false,"_uf_show_specific_survey":0,"_uf_disable_surveys":false,"footnotes":""},"categories":[2,14],"tags":[27,32,37],"class_list":["post-3641","post","type-post","status-publish","format-standard","has-post-thumbnail","hentry","category-blog","category-noticias","tag-apoyo","tag-bienestar","tag-sociedad"],"aioseo_notices":[],"aioseo_head":"\n\t\t<!-- All in One SEO 5.0.1.1 - aioseo.com -->\n\t<meta name=\"description\" content=\"05.06.2021 - Lavalleja Efectivos del Ej\u00e9rcito colaboran en el rescate de una pareja, que tras el temporal, quedara aislada en una zona rural cercana a Minas. Polic\u00edas de la Brigada Departamental de Seguridad Rural y de la Polic\u00eda Nacional con el apoyo del Batall\u00f3n &quot;Brig. Gral. Juan Antonio Lavalleja&quot; de Infanter\u00eda N\u00ba 11 del Ej\u00e9rcito\" \/>\n\t<meta name=\"robots\" content=\"max-image-preview:large\" \/>\n\t<meta name=\"author\" content=\"Alejandro Castro\"\/>\n\t<link rel=\"canonical\" href=\"https:\/\/www.ejercito.mil.uy\/index.php\/2021\/06\/05\/rescate-tras-el-temporal\/\" \/>\n\t<meta name=\"generator\" content=\"All in One SEO (AIOSEO) 5.0.1.1\" \/>\n\t\t<meta property=\"og:locale\" content=\"es_ES\" \/>\n\t\t<meta property=\"og:site_name\" content=\"Ej\u00e9rcito Nacional - La Fuerza de todos\" \/>\n\t\t<meta property=\"og:type\" content=\"article\" \/>\n\t\t<meta property=\"og:title\" content=\"Rescate tras el temporal - Ej\u00e9rcito Nacional\" \/>\n\t\t<meta property=\"og:description\" content=\"05.06.2021 - Lavalleja Efectivos del Ej\u00e9rcito colaboran en el rescate de una pareja, que tras el temporal, quedara aislada en una zona rural cercana a Minas. Polic\u00edas de la Brigada Departamental de Seguridad Rural y de la Polic\u00eda Nacional con el apoyo del Batall\u00f3n &quot;Brig. Gral. Juan Antonio Lavalleja&quot; de Infanter\u00eda N\u00ba 11 del Ej\u00e9rcito\" \/>\n\t\t<meta property=\"og:url\" content=\"https:\/\/www.ejercito.mil.uy\/index.php\/2021\/06\/05\/rescate-tras-el-temporal\/\" \/>\n\t\t<meta property=\"og:image\" content=\"https:\/\/www.ejercito.mil.uy\/wp-content\/uploads\/2022\/01\/Escudo_EN_URUGUAY.png\" \/>\n\t\t<meta property=\"og:image:secure_url\" content=\"https:\/\/www.ejercito.mil.uy\/wp-content\/uploads\/2022\/01\/Escudo_EN_URUGUAY.png\" \/>\n\t\t<meta property=\"og:image:width\" content=\"134\" \/>\n\t\t<meta property=\"og:image:height\" content=\"119\" \/>\n\t\t<meta property=\"article:published_time\" content=\"2021-06-06T00:00:36+00:00\" \/>\n\t\t<meta property=\"article:modified_time\" content=\"2021-06-07T14:51:45+00:00\" \/>\n\t\t<meta name=\"twitter:card\" content=\"summary_large_image\" \/>\n\t\t<meta name=\"twitter:title\" content=\"Rescate tras el temporal - Ej\u00e9rcito Nacional\" \/>\n\t\t<meta name=\"twitter:description\" content=\"05.06.2021 - Lavalleja Efectivos del Ej\u00e9rcito colaboran en el rescate de una pareja, que tras el temporal, quedara aislada en una zona rural cercana a Minas. Polic\u00edas de la Brigada Departamental de Seguridad Rural y de la Polic\u00eda Nacional con el apoyo del Batall\u00f3n &quot;Brig. Gral. Juan Antonio Lavalleja&quot; de Infanter\u00eda N\u00ba 11 del Ej\u00e9rcito\" \/>\n\t\t<meta name=\"twitter:image\" content=\"https:\/\/www.ejercito.mil.uy\/wp-content\/uploads\/2022\/01\/Escudo_EN_URUGUAY.png\" \/>\n\t\t<script type=\"application\/ld+json\" class=\"aioseo-schema\">\n\t\t\t{\"@context\":\"https:\\\/\\\/schema.org\",\"@graph\":[{\"@type\":\"BlogPosting\",\"@id\":\"https:\\\/\\\/www.ejercito.mil.uy\\\/index.php\\\/2021\\\/06\\\/05\\\/rescate-tras-el-temporal\\\/#blogposting\",\"name\":\"Rescate tras el temporal - Ej\\u00e9rcito Nacional\",\"headline\":\"Rescate tras el temporal\",\"author\":{\"@id\":\"https:\\\/\\\/www.ejercito.mil.uy\\\/index.php\\\/author\\\/acastro\\\/#author\"},\"publisher\":{\"@id\":\"https:\\\/\\\/www.ejercito.mil.uy\\\/#organization\"},\"image\":{\"@type\":\"ImageObject\",\"url\":\"https:\\\/\\\/www.ejercito.mil.uy\\\/wp-content\\\/uploads\\\/2021\\\/06\\\/196322191_4461433337213783_3336952182806095858_n.jpg\",\"width\":1200,\"height\":800,\"caption\":\"Rescate\"},\"datePublished\":\"2021-06-05T21:00:36-03:00\",\"dateModified\":\"2021-06-07T11:51:45-03:00\",\"inLanguage\":\"es-UY\",\"mainEntityOfPage\":{\"@id\":\"https:\\\/\\\/www.ejercito.mil.uy\\\/index.php\\\/2021\\\/06\\\/05\\\/rescate-tras-el-temporal\\\/#webpage\"},\"isPartOf\":{\"@id\":\"https:\\\/\\\/www.ejercito.mil.uy\\\/index.php\\\/2021\\\/06\\\/05\\\/rescate-tras-el-temporal\\\/#webpage\"},\"articleSection\":\"Blog, Noticias, apoyo, bienestar, sociedad\"},{\"@type\":\"BreadcrumbList\",\"@id\":\"https:\\\/\\\/www.ejercito.mil.uy\\\/index.php\\\/2021\\\/06\\\/05\\\/rescate-tras-el-temporal\\\/#breadcrumblist\",\"itemListElement\":[{\"@type\":\"ListItem\",\"@id\":\"https:\\\/\\\/www.ejercito.mil.uy#listItem\",\"position\":1,\"name\":\"Home\",\"item\":\"https:\\\/\\\/www.ejercito.mil.uy\",\"nextItem\":{\"@type\":\"ListItem\",\"@id\":\"https:\\\/\\\/www.ejercito.mil.uy\\\/index.php\\\/category\\\/destacados\\\/#listItem\",\"name\":\"Destacados\"}},{\"@type\":\"ListItem\",\"@id\":\"https:\\\/\\\/www.ejercito.mil.uy\\\/index.php\\\/category\\\/destacados\\\/#listItem\",\"position\":2,\"name\":\"Destacados\",\"item\":\"https:\\\/\\\/www.ejercito.mil.uy\\\/index.php\\\/category\\\/destacados\\\/\",\"nextItem\":{\"@type\":\"ListItem\",\"@id\":\"https:\\\/\\\/www.ejercito.mil.uy\\\/index.php\\\/category\\\/destacados\\\/noticias\\\/#listItem\",\"name\":\"Noticias\"},\"previousItem\":{\"@type\":\"ListItem\",\"@id\":\"https:\\\/\\\/www.ejercito.mil.uy#listItem\",\"name\":\"Home\"}},{\"@type\":\"ListItem\",\"@id\":\"https:\\\/\\\/www.ejercito.mil.uy\\\/index.php\\\/category\\\/destacados\\\/noticias\\\/#listItem\",\"position\":3,\"name\":\"Noticias\",\"item\":\"https:\\\/\\\/www.ejercito.mil.uy\\\/index.php\\\/category\\\/destacados\\\/noticias\\\/\",\"nextItem\":{\"@type\":\"ListItem\",\"@id\":\"https:\\\/\\\/www.ejercito.mil.uy\\\/index.php\\\/2021\\\/06\\\/05\\\/rescate-tras-el-temporal\\\/#listItem\",\"name\":\"Rescate tras el temporal\"},\"previousItem\":{\"@type\":\"ListItem\",\"@id\":\"https:\\\/\\\/www.ejercito.mil.uy\\\/index.php\\\/category\\\/destacados\\\/#listItem\",\"name\":\"Destacados\"}},{\"@type\":\"ListItem\",\"@id\":\"https:\\\/\\\/www.ejercito.mil.uy\\\/index.php\\\/2021\\\/06\\\/05\\\/rescate-tras-el-temporal\\\/#listItem\",\"position\":4,\"name\":\"Rescate tras el temporal\",\"previousItem\":{\"@type\":\"ListItem\",\"@id\":\"https:\\\/\\\/www.ejercito.mil.uy\\\/index.php\\\/category\\\/destacados\\\/noticias\\\/#listItem\",\"name\":\"Noticias\"}}]},{\"@type\":\"Organization\",\"@id\":\"https:\\\/\\\/www.ejercito.mil.uy\\\/#organization\",\"name\":\"Ej\\u00e9rcito Nacional\",\"description\":\"La Fuerza de todos\",\"url\":\"https:\\\/\\\/www.ejercito.mil.uy\\\/\",\"logo\":{\"@type\":\"ImageObject\",\"url\":\"https:\\\/\\\/www.ejercito.mil.uy\\\/wp-content\\\/uploads\\\/2022\\\/01\\\/Escudo_EN_URUGUAY.png\",\"@id\":\"https:\\\/\\\/www.ejercito.mil.uy\\\/index.php\\\/2021\\\/06\\\/05\\\/rescate-tras-el-temporal\\\/#organizationLogo\",\"width\":134,\"height\":119},\"image\":{\"@id\":\"https:\\\/\\\/www.ejercito.mil.uy\\\/index.php\\\/2021\\\/06\\\/05\\\/rescate-tras-el-temporal\\\/#organizationLogo\"}},{\"@type\":\"Person\",\"@id\":\"https:\\\/\\\/www.ejercito.mil.uy\\\/index.php\\\/author\\\/acastro\\\/#author\",\"url\":\"https:\\\/\\\/www.ejercito.mil.uy\\\/index.php\\\/author\\\/acastro\\\/\",\"name\":\"Alejandro Castro\",\"image\":{\"@type\":\"ImageObject\",\"@id\":\"https:\\\/\\\/www.ejercito.mil.uy\\\/index.php\\\/2021\\\/06\\\/05\\\/rescate-tras-el-temporal\\\/#authorImage\",\"url\":\"https:\\\/\\\/secure.gravatar.com\\\/avatar\\\/89bb77d4bf696501dd94ca89e6794e1787eaffba7c7197528d249e15bd099f68?s=96&d=mm&r=g\",\"width\":96,\"height\":96,\"caption\":\"Alejandro Castro\"}},{\"@type\":\"WebPage\",\"@id\":\"https:\\\/\\\/www.ejercito.mil.uy\\\/index.php\\\/2021\\\/06\\\/05\\\/rescate-tras-el-temporal\\\/#webpage\",\"url\":\"https:\\\/\\\/www.ejercito.mil.uy\\\/index.php\\\/2021\\\/06\\\/05\\\/rescate-tras-el-temporal\\\/\",\"name\":\"Rescate tras el temporal - Ej\\u00e9rcito Nacional\",\"description\":\"05.06.2021 - Lavalleja Efectivos del Ej\\u00e9rcito colaboran en el rescate de una pareja, que tras el temporal, quedara aislada en una zona rural cercana a Minas. Polic\\u00edas de la Brigada Departamental de Seguridad Rural y de la Polic\\u00eda Nacional con el apoyo del Batall\\u00f3n \\\"Brig. Gral. Juan Antonio Lavalleja\\\" de Infanter\\u00eda N\\u00ba 11 del Ej\\u00e9rcito\",\"inLanguage\":\"es-UY\",\"isPartOf\":{\"@id\":\"https:\\\/\\\/www.ejercito.mil.uy\\\/#website\"},\"breadcrumb\":{\"@id\":\"https:\\\/\\\/www.ejercito.mil.uy\\\/index.php\\\/2021\\\/06\\\/05\\\/rescate-tras-el-temporal\\\/#breadcrumblist\"},\"author\":{\"@id\":\"https:\\\/\\\/www.ejercito.mil.uy\\\/index.php\\\/author\\\/acastro\\\/#author\"},\"creator\":{\"@id\":\"https:\\\/\\\/www.ejercito.mil.uy\\\/index.php\\\/author\\\/acastro\\\/#author\"},\"image\":{\"@type\":\"ImageObject\",\"url\":\"https:\\\/\\\/www.ejercito.mil.uy\\\/wp-content\\\/uploads\\\/2021\\\/06\\\/196322191_4461433337213783_3336952182806095858_n.jpg\",\"@id\":\"https:\\\/\\\/www.ejercito.mil.uy\\\/index.php\\\/2021\\\/06\\\/05\\\/rescate-tras-el-temporal\\\/#mainImage\",\"width\":1200,\"height\":800,\"caption\":\"Rescate\"},\"primaryImageOfPage\":{\"@id\":\"https:\\\/\\\/www.ejercito.mil.uy\\\/index.php\\\/2021\\\/06\\\/05\\\/rescate-tras-el-temporal\\\/#mainImage\"},\"datePublished\":\"2021-06-05T21:00:36-03:00\",\"dateModified\":\"2021-06-07T11:51:45-03:00\"},{\"@type\":\"WebSite\",\"@id\":\"https:\\\/\\\/www.ejercito.mil.uy\\\/#website\",\"url\":\"https:\\\/\\\/www.ejercito.mil.uy\\\/\",\"name\":\"Ej\\u00e9rcito Nacional\",\"description\":\"La Fuerza de todos\",\"inLanguage\":\"es-UY\",\"publisher\":{\"@id\":\"https:\\\/\\\/www.ejercito.mil.uy\\\/#organization\"}}]}\n\t\t<\/script>\n\t\t<!-- All in One SEO -->\n\n","aioseo_head_json":{"title":"Rescate tras el temporal - Ej\u00e9rcito Nacional","description":"05.06.2021 - Lavalleja Efectivos del Ej\u00e9rcito colaboran en el rescate de una pareja, que tras el temporal, quedara aislada en una zona rural cercana a Minas. Polic\u00edas de la Brigada Departamental de Seguridad Rural y de la Polic\u00eda Nacional con el apoyo del Batall\u00f3n \"Brig. Gral. Juan Antonio Lavalleja\" de Infanter\u00eda N\u00ba 11 del Ej\u00e9rcito","canonical_url":"https:\/\/www.ejercito.mil.uy\/index.php\/2021\/06\/05\/rescate-tras-el-temporal\/","robots":"max-image-preview:large","keywords":"","webmasterTools":{"miscellaneous":""},"schema":{"@context":"https:\/\/schema.org","@graph":[{"@type":"BlogPosting","@id":"https:\/\/www.ejercito.mil.uy\/index.php\/2021\/06\/05\/rescate-tras-el-temporal\/#blogposting","name":"Rescate tras el temporal - Ej\u00e9rcito Nacional","headline":"Rescate tras el temporal","author":{"@id":"https:\/\/www.ejercito.mil.uy\/index.php\/author\/acastro\/#author"},"publisher":{"@id":"https:\/\/www.ejercito.mil.uy\/#organization"},"image":{"@type":"ImageObject","url":"https:\/\/www.ejercito.mil.uy\/wp-content\/uploads\/2021\/06\/196322191_4461433337213783_3336952182806095858_n.jpg","width":1200,"height":800,"caption":"Rescate"},"datePublished":"2021-06-05T21:00:36-03:00","dateModified":"2021-06-07T11:51:45-03:00","inLanguage":"es-UY","mainEntityOfPage":{"@id":"https:\/\/www.ejercito.mil.uy\/index.php\/2021\/06\/05\/rescate-tras-el-temporal\/#webpage"},"isPartOf":{"@id":"https:\/\/www.ejercito.mil.uy\/index.php\/2021\/06\/05\/rescate-tras-el-temporal\/#webpage"},"articleSection":"Blog, Noticias, apoyo, bienestar, sociedad"},{"@type":"BreadcrumbList","@id":"https:\/\/www.ejercito.mil.uy\/index.php\/2021\/06\/05\/rescate-tras-el-temporal\/#breadcrumblist","itemListElement":[{"@type":"ListItem","@id":"https:\/\/www.ejercito.mil.uy#listItem","position":1,"name":"Home","item":"https:\/\/www.ejercito.mil.uy","nextItem":{"@type":"ListItem","@id":"https:\/\/www.ejercito.mil.uy\/index.php\/category\/destacados\/#listItem","name":"Destacados"}},{"@type":"ListItem","@id":"https:\/\/www.ejercito.mil.uy\/index.php\/category\/destacados\/#listItem","position":2,"name":"Destacados","item":"https:\/\/www.ejercito.mil.uy\/index.php\/category\/destacados\/","nextItem":{"@type":"ListItem","@id":"https:\/\/www.ejercito.mil.uy\/index.php\/category\/destacados\/noticias\/#listItem","name":"Noticias"},"previousItem":{"@type":"ListItem","@id":"https:\/\/www.ejercito.mil.uy#listItem","name":"Home"}},{"@type":"ListItem","@id":"https:\/\/www.ejercito.mil.uy\/index.php\/category\/destacados\/noticias\/#listItem","position":3,"name":"Noticias","item":"https:\/\/www.ejercito.mil.uy\/index.php\/category\/destacados\/noticias\/","nextItem":{"@type":"ListItem","@id":"https:\/\/www.ejercito.mil.uy\/index.php\/2021\/06\/05\/rescate-tras-el-temporal\/#listItem","name":"Rescate tras el temporal"},"previousItem":{"@type":"ListItem","@id":"https:\/\/www.ejercito.mil.uy\/index.php\/category\/destacados\/#listItem","name":"Destacados"}},{"@type":"ListItem","@id":"https:\/\/www.ejercito.mil.uy\/index.php\/2021\/06\/05\/rescate-tras-el-temporal\/#listItem","position":4,"name":"Rescate tras el temporal","previousItem":{"@type":"ListItem","@id":"https:\/\/www.ejercito.mil.uy\/index.php\/category\/destacados\/noticias\/#listItem","name":"Noticias"}}]},{"@type":"Organization","@id":"https:\/\/www.ejercito.mil.uy\/#organization","name":"Ej\u00e9rcito Nacional","description":"La Fuerza de todos","url":"https:\/\/www.ejercito.mil.uy\/","logo":{"@type":"ImageObject","url":"https:\/\/www.ejercito.mil.uy\/wp-content\/uploads\/2022\/01\/Escudo_EN_URUGUAY.png","@id":"https:\/\/www.ejercito.mil.uy\/index.php\/2021\/06\/05\/rescate-tras-el-temporal\/#organizationLogo","width":134,"height":119},"image":{"@id":"https:\/\/www.ejercito.mil.uy\/index.php\/2021\/06\/05\/rescate-tras-el-temporal\/#organizationLogo"}},{"@type":"Person","@id":"https:\/\/www.ejercito.mil.uy\/index.php\/author\/acastro\/#author","url":"https:\/\/www.ejercito.mil.uy\/index.php\/author\/acastro\/","name":"Alejandro Castro","image":{"@type":"ImageObject","@id":"https:\/\/www.ejercito.mil.uy\/index.php\/2021\/06\/05\/rescate-tras-el-temporal\/#authorImage","url":"https:\/\/secure.gravatar.com\/avatar\/89bb77d4bf696501dd94ca89e6794e1787eaffba7c7197528d249e15bd099f68?s=96&d=mm&r=g","width":96,"height":96,"caption":"Alejandro Castro"}},{"@type":"WebPage","@id":"https:\/\/www.ejercito.mil.uy\/index.php\/2021\/06\/05\/rescate-tras-el-temporal\/#webpage","url":"https:\/\/www.ejercito.mil.uy\/index.php\/2021\/06\/05\/rescate-tras-el-temporal\/","name":"Rescate tras el temporal - Ej\u00e9rcito Nacional","description":"05.06.2021 - Lavalleja Efectivos del Ej\u00e9rcito colaboran en el rescate de una pareja, que tras el temporal, quedara aislada en una zona rural cercana a Minas. Polic\u00edas de la Brigada Departamental de Seguridad Rural y de la Polic\u00eda Nacional con el apoyo del Batall\u00f3n \"Brig. Gral. Juan Antonio Lavalleja\" de Infanter\u00eda N\u00ba 11 del Ej\u00e9rcito","inLanguage":"es-UY","isPartOf":{"@id":"https:\/\/www.ejercito.mil.uy\/#website"},"breadcrumb":{"@id":"https:\/\/www.ejercito.mil.uy\/index.php\/2021\/06\/05\/rescate-tras-el-temporal\/#breadcrumblist"},"author":{"@id":"https:\/\/www.ejercito.mil.uy\/index.php\/author\/acastro\/#author"},"creator":{"@id":"https:\/\/www.ejercito.mil.uy\/index.php\/author\/acastro\/#author"},"image":{"@type":"ImageObject","url":"https:\/\/www.ejercito.mil.uy\/wp-content\/uploads\/2021\/06\/196322191_4461433337213783_3336952182806095858_n.jpg","@id":"https:\/\/www.ejercito.mil.uy\/index.php\/2021\/06\/05\/rescate-tras-el-temporal\/#mainImage","width":1200,"height":800,"caption":"Rescate"},"primaryImageOfPage":{"@id":"https:\/\/www.ejercito.mil.uy\/index.php\/2021\/06\/05\/rescate-tras-el-temporal\/#mainImage"},"datePublished":"2021-06-05T21:00:36-03:00","dateModified":"2021-06-07T11:51:45-03:00"},{"@type":"WebSite","@id":"https:\/\/www.ejercito.mil.uy\/#website","url":"https:\/\/www.ejercito.mil.uy\/","name":"Ej\u00e9rcito Nacional","description":"La Fuerza de todos","inLanguage":"es-UY","publisher":{"@id":"https:\/\/www.ejercito.mil.uy\/#organization"}}]},"og:locale":"es_ES","og:site_name":"Ej\u00e9rcito Nacional - La Fuerza de todos","og:type":"article","og:title":"Rescate tras el temporal - Ej\u00e9rcito Nacional","og:description":"05.06.2021 - Lavalleja Efectivos del Ej\u00e9rcito colaboran en el rescate de una pareja, que tras el temporal, quedara aislada en una zona rural cercana a Minas. Polic\u00edas de la Brigada Departamental de Seguridad Rural y de la Polic\u00eda Nacional con el apoyo del Batall\u00f3n &quot;Brig. Gral. Juan Antonio Lavalleja&quot; de Infanter\u00eda N\u00ba 11 del Ej\u00e9rcito","og:url":"https:\/\/www.ejercito.mil.uy\/index.php\/2021\/06\/05\/rescate-tras-el-temporal\/","og:image":"https:\/\/www.ejercito.mil.uy\/wp-content\/uploads\/2022\/01\/Escudo_EN_URUGUAY.png","og:image:secure_url":"https:\/\/www.ejercito.mil.uy\/wp-content\/uploads\/2022\/01\/Escudo_EN_URUGUAY.png","og:image:width":134,"og:image:height":119,"article:published_time":"2021-06-06T00:00:36+00:00","article:modified_time":"2021-06-07T14:51:45+00:00","twitter:card":"summary_large_image","twitter:title":"Rescate tras el temporal - Ej\u00e9rcito Nacional","twitter:description":"05.06.2021 - Lavalleja Efectivos del Ej\u00e9rcito colaboran en el rescate de una pareja, que tras el temporal, quedara aislada en una zona rural cercana a Minas. Polic\u00edas de la Brigada Departamental de Seguridad Rural y de la Polic\u00eda Nacional con el apoyo del Batall\u00f3n &quot;Brig. Gral. Juan Antonio Lavalleja&quot; de Infanter\u00eda N\u00ba 11 del Ej\u00e9rcito","twitter:image":"https:\/\/www.ejercito.mil.uy\/wp-content\/uploads\/2022\/01\/Escudo_EN_URUGUAY.png"},"aioseo_meta_data":{"post_id":"3641","title":null,"description":null,"keywords":null,"keyphrases":null,"primary_term":null,"canonical_url":null,"og_title":null,"og_description":null,"og_object_type":"default","og_image_type":"default","og_image_url":null,"og_image_width":null,"og_image_height":null,"og_image_custom_url":null,"og_image_custom_fields":null,"og_video":null,"og_custom_url":null,"og_article_section":null,"og_article_tags":null,"twitter_use_og":false,"twitter_card":"default","twitter_image_type":"default","twitter_image_url":null,"twitter_image_custom_url":null,"twitter_image_custom_fields":null,"twitter_title":null,"twitter_description":null,"schema":{"blockGraphs":[],"customGraphs":[],"default":{"data":{"Article":[],"Course":[],"Dataset":[],"FAQPage":[],"Movie":[],"Person":[],"Product":[],"ProductReview":[],"Car":[],"Recipe":[],"Service":[],"SoftwareApplication":[],"WebPage":[]},"graphName":"","isEnabled":true},"graphs":[]},"schema_type":"default","schema_type_options":null,"pillar_content":false,"robots_default":true,"robots_noindex":false,"robots_noarchive":false,"robots_nosnippet":false,"robots_nofollow":false,"robots_noimageindex":false,"robots_noodp":false,"robots_notranslate":false,"robots_max_snippet":null,"robots_max_videopreview":null,"robots_max_imagepreview":"large","priority":null,"frequency":null,"local_seo":null,"breadcrumb_settings":null,"limit_modified_date":false,"ai":null,"created":"2025-08-30 01:56:40","updated":"2025-08-30 01:56:40","seo_analyzer_scan_date":null,"focus_keyword":null,"additional_keywords":null,"truseo_locale":null},"aioseo_breadcrumb":"<div class=\"aioseo-breadcrumbs\"><span class=\"aioseo-breadcrumb\">\n\t\t\t<a href=\"https:\/\/www.ejercito.mil.uy\" title=\"Home\">Home<\/a>\n\t\t<\/span><span class=\"aioseo-breadcrumb-separator\">&raquo;<\/span><span class=\"aioseo-breadcrumb\">\n\t\t\t<a href=\"https:\/\/www.ejercito.mil.uy\/index.php\/category\/destacados\/\" title=\"Destacados\">Destacados<\/a>\n\t\t<\/span><span class=\"aioseo-breadcrumb-separator\">&raquo;<\/span><span class=\"aioseo-breadcrumb\">\n\t\t\t<a href=\"https:\/\/www.ejercito.mil.uy\/index.php\/category\/destacados\/noticias\/\" title=\"Noticias\">Noticias<\/a>\n\t\t<\/span><span class=\"aioseo-breadcrumb-separator\">&raquo;<\/span><span class=\"aioseo-breadcrumb\">\n\t\t\tRescate tras el temporal\n\t\t<\/span><\/div>","aioseo_breadcrumb_json":[{"label":"Home","link":"https:\/\/www.ejercito.mil.uy"},{"label":"Destacados","link":"https:\/\/www.ejercito.mil.uy\/index.php\/category\/destacados\/"},{"label":"Noticias","link":"https:\/\/www.ejercito.mil.uy\/index.php\/category\/destacados\/noticias\/"},{"label":"Rescate tras el temporal","link":"https:\/\/www.ejercito.mil.uy\/index.php\/2021\/06\/05\/rescate-tras-el-temporal\/"}],"_links":{"self":[{"href":"https:\/\/www.ejercito.mil.uy\/index.php\/wp-json\/wp\/v2\/posts\/3641","targetHints":{"allow":["GET"]}}],"collection":[{"href":"https:\/\/www.ejercito.mil.uy\/index.php\/wp-json\/wp\/v2\/posts"}],"about":[{"href":"https:\/\/www.ejercito.mil.uy\/index.php\/wp-json\/wp\/v2\/types\/post"}],"author":[{"embeddable":true,"href":"https:\/\/www.ejercito.mil.uy\/index.php\/wp-json\/wp\/v2\/users\/4"}],"replies":[{"embeddable":true,"href":"https:\/\/www.ejercito.mil.uy\/index.php\/wp-json\/wp\/v2\/comments?post=3641"}],"version-history":[{"count":3,"href":"https:\/\/www.ejercito.mil.uy\/index.php\/wp-json\/wp\/v2\/posts\/3641\/revisions"}],"predecessor-version":[{"id":3650,"href":"https:\/\/www.ejercito.mil.uy\/index.php\/wp-json\/wp\/v2\/posts\/3641\/revisions\/3650"}],"wp:featuredmedia":[{"embeddable":true,"href":"https:\/\/www.ejercito.mil.uy\/index.php\/wp-json\/wp\/v2\/media\/3643"}],"wp:attachment":[{"href":"https:\/\/www.ejercito.mil.uy\/index.php\/wp-json\/wp\/v2\/media?parent=3641"}],"wp:term":[{"taxonomy":"category","embeddable":true,"href":"https:\/\/www.ejercito.mil.uy\/index.php\/wp-json\/wp\/v2\/categories?post=3641"},{"taxonomy":"post_tag","embeddable":true,"href":"https:\/\/www.ejercito.mil.uy\/index.php\/wp-json\/wp\/v2\/tags?post=3641"}],"curies":[{"name":"wp","href":"https:\/\/api.w.org\/{rel}","templated":true}]}}