{"id":3671,"date":"2021-06-05T14:14:56","date_gmt":"2021-06-05T17:14:56","guid":{"rendered":"https:\/\/www.ejercito.mil.uy\/?p=3671"},"modified":"2021-08-03T10:02:19","modified_gmt":"2021-08-03T13:02:19","slug":"apoyo-a-la-campana-de-vacunacion-departamental","status":"publish","type":"post","link":"https:\/\/www.ejercito.mil.uy\/index.php\/2021\/06\/05\/apoyo-a-la-campana-de-vacunacion-departamental\/","title":{"rendered":"Plan Nacional de Vacunaci\u00f3n"},"content":{"rendered":"\n<p class=\"wp-block-paragraph\" style=\"font-size:14px\">31.07.2021<\/p>\n\n\n\n<div style=\"height:33px\" aria-hidden=\"true\" class=\"wp-block-spacer\"><\/div>\n\n\n\n<p class=\"wp-block-paragraph\"><strong>Distintas Unidades del Ej\u00e9rcito Nacional, contribuyen con el Plan Nacional de Vacunaci\u00f3n COVID19, para inocular a compatriotas que viven en barrios perif\u00e9ricos o en zonas alejadas de las capitales departamentales, mediante la acci\u00f3n \u00abBarrio a Barrio\u00bb o \u201cPueblo a Pueblo\u00bb, respectivamente.<\/strong><\/p>\n\n\n\n<div style=\"height:33px\" aria-hidden=\"true\" class=\"wp-block-spacer\"><\/div>\n\n\n\n<p class=\"wp-block-paragraph\">El <a rel=\"noreferrer noopener\" href=\"https:\/\/www.facebook.com\/Batall%C3%B3n-Gral-Leandro-G%C3%B3mez-de-Infanter%C3%ADa-Mec-N8-356122647931114\/?__cft__[0]=AZU8_qIhF9naeL6Z-O77XQZeh3alIksixOK6ov4I6D7jZTce1TubbPwwtrVI1-dMa5AYvoHNipcXfe1K4Gltck7YwmJ_Fr_Npexy9O4unbsPeC_JZOLZ6RdzAWUjKPlwmKf3gg7vYUPLzpbwFMVE7qT6u9Zs7ZADd8Dx3v86P8aCrHGGXFoTkjXSw9kl8pUWKto&amp;__tn__=kK-R\" target=\"_blank\"><strong>Batall\u00f3n \u00abGral. Leandro G\u00f3mez\u00bb de Infanter\u00eda Mec. N<\/strong><\/a><a rel=\"noreferrer noopener\" href=\"https:\/\/www.facebook.com\/Batall%C3%B3n-Gral-Leandro-G%C3%B3mez-de-Infanter%C3%ADa-Mec-N8-356122647931114\/?__cft__[0]=AZU8_qIhF9naeL6Z-O77XQZeh3alIksixOK6ov4I6D7jZTce1TubbPwwtrVI1-dMa5AYvoHNipcXfe1K4Gltck7YwmJ_Fr_Npexy9O4unbsPeC_JZOLZ6RdzAWUjKPlwmKf3gg7vYUPLzpbwFMVE7qT6u9Zs7ZADd8Dx3v86P8aCrHGGXFoTkjXSw9kl8pUWKto&amp;__tn__=kK-R\" target=\"_blank\"><strong>\u00b0<\/strong><\/a><a href=\"https:\/\/www.facebook.com\/Batall%C3%B3n-Gral-Leandro-G%C3%B3mez-de-Infanter%C3%ADa-Mec-N8-356122647931114\/?__cft__[0]=AZU8_qIhF9naeL6Z-O77XQZeh3alIksixOK6ov4I6D7jZTce1TubbPwwtrVI1-dMa5AYvoHNipcXfe1K4Gltck7YwmJ_Fr_Npexy9O4unbsPeC_JZOLZ6RdzAWUjKPlwmKf3gg7vYUPLzpbwFMVE7qT6u9Zs7ZADd8Dx3v86P8aCrHGGXFoTkjXSw9kl8pUWKto&amp;__tn__=kK-R\" target=\"_blank\" rel=\"noreferrer noopener\"><strong> <\/strong><\/a><a rel=\"noreferrer noopener\" href=\"https:\/\/www.facebook.com\/Batall%C3%B3n-Gral-Leandro-G%C3%B3mez-de-Infanter%C3%ADa-Mec-N8-356122647931114\/?__cft__[0]=AZU8_qIhF9naeL6Z-O77XQZeh3alIksixOK6ov4I6D7jZTce1TubbPwwtrVI1-dMa5AYvoHNipcXfe1K4Gltck7YwmJ_Fr_Npexy9O4unbsPeC_JZOLZ6RdzAWUjKPlwmKf3gg7vYUPLzpbwFMVE7qT6u9Zs7ZADd8Dx3v86P8aCrHGGXFoTkjXSw9kl8pUWKto&amp;__tn__=kK-R\" target=\"_blank\"><strong>8<\/strong><\/a> en apoyo a la Direcci\u00f3n Departamental de Salud de Paysand\u00fa, instal\u00f3 carpas en la Policl\u00ednica del Barrio \u201cINVE\u201d, en la que se desarroll\u00f3 una jornada de vacunaci\u00f3n. De igual forma, lo hizo con el Banco de Sangre del \u201cHospital Escuela del Litoral\u201d de la ciudad, donde los sanduceros donaron sangre de forma voluntaria, en el Hemobus que pertenece al Hemocentro Regional de Maldonado.<\/p>\n\n\n\n<div style=\"height:33px\" aria-hidden=\"true\" class=\"wp-block-spacer\"><\/div>\n\n\n\n<figure class=\"wp-block-image size-large\"><img loading=\"lazy\" decoding=\"async\" width=\"1024\" height=\"683\" src=\"https:\/\/www.ejercito.mil.uy\/wp-content\/uploads\/2021\/08\/217963440_4623690017654780_8344450219004060877_n-1024x683.jpg\" alt=\"\" class=\"wp-image-5117\" srcset=\"https:\/\/www.ejercito.mil.uy\/wp-content\/uploads\/2021\/08\/217963440_4623690017654780_8344450219004060877_n-1024x683.jpg 1024w, https:\/\/www.ejercito.mil.uy\/wp-content\/uploads\/2021\/08\/217963440_4623690017654780_8344450219004060877_n-300x200.jpg 300w, https:\/\/www.ejercito.mil.uy\/wp-content\/uploads\/2021\/08\/217963440_4623690017654780_8344450219004060877_n.jpg 1200w\" sizes=\"auto, (max-width: 1024px) 100vw, 1024px\" \/><\/figure>\n\n\n\n<div style=\"height:66px\" aria-hidden=\"true\" class=\"wp-block-spacer\"><\/div>\n\n\n\n<p class=\"wp-block-paragraph\">Asimismo, enfermeras del <strong><a href=\"https:\/\/www.facebook.com\/Regimiento-Dragones-Libertadores-de-Caballer%C3%ADa-Mecanizado-N%C2%BA-9-297948753976687\/?__cft__[0]=AZU8_qIhF9naeL6Z-O77XQZeh3alIksixOK6ov4I6D7jZTce1TubbPwwtrVI1-dMa5AYvoHNipcXfe1K4Gltck7YwmJ_Fr_Npexy9O4unbsPeC_JZOLZ6RdzAWUjKPlwmKf3gg7vYUPLzpbwFMVE7qT6u9Zs7ZADd8Dx3v86P8aCrHGGXFoTkjXSw9kl8pUWKto&amp;__tn__=kK-R\">Regimiento \u00abDragones Libertadores\u00bb de Caballer\u00eda Mecanizado N\u00ba 9<\/a> <\/strong>colaboran con la inmunizaci\u00f3n en el Centro Auxiliar de ASSE de Santa Clara de Olimar.<\/p>\n\n\n\n<div style=\"height:33px\" aria-hidden=\"true\" class=\"wp-block-spacer\"><\/div>\n\n\n\n<figure class=\"wp-block-gallery columns-2 is-cropped wp-block-gallery-1 is-layout-flex wp-block-gallery-is-layout-flex\"><ul class=\"blocks-gallery-grid\"><li class=\"blocks-gallery-item\"><figure><img loading=\"lazy\" decoding=\"async\" width=\"1024\" height=\"683\" src=\"https:\/\/www.ejercito.mil.uy\/wp-content\/uploads\/2021\/08\/Vacunas-1024x683.jpg\" alt=\"\" data-id=\"5113\" class=\"wp-image-5113\" srcset=\"https:\/\/www.ejercito.mil.uy\/wp-content\/uploads\/2021\/08\/Vacunas-1024x683.jpg 1024w, https:\/\/www.ejercito.mil.uy\/wp-content\/uploads\/2021\/08\/Vacunas-300x200.jpg 300w, https:\/\/www.ejercito.mil.uy\/wp-content\/uploads\/2021\/08\/Vacunas.jpg 1200w\" sizes=\"auto, (max-width: 1024px) 100vw, 1024px\" \/><\/figure><\/li><li class=\"blocks-gallery-item\"><figure><img loading=\"lazy\" decoding=\"async\" width=\"1024\" height=\"683\" src=\"https:\/\/www.ejercito.mil.uy\/wp-content\/uploads\/2021\/08\/Vacunas9-1024x683.jpg\" alt=\"\" data-id=\"5116\" data-full-url=\"https:\/\/www.ejercito.mil.uy\/wp-content\/uploads\/2021\/08\/Vacunas9.jpg\" data-link=\"https:\/\/www.ejercito.mil.uy\/index.php\/2021\/06\/05\/apoyo-a-la-campana-de-vacunacion-departamental\/vacunas9\/\" class=\"wp-image-5116\" srcset=\"https:\/\/www.ejercito.mil.uy\/wp-content\/uploads\/2021\/08\/Vacunas9-1024x683.jpg 1024w, https:\/\/www.ejercito.mil.uy\/wp-content\/uploads\/2021\/08\/Vacunas9-300x200.jpg 300w, https:\/\/www.ejercito.mil.uy\/wp-content\/uploads\/2021\/08\/Vacunas9.jpg 1200w\" sizes=\"auto, (max-width: 1024px) 100vw, 1024px\" \/><\/figure><\/li><\/ul><\/figure>\n\n\n\n<div style=\"height:66px\" aria-hidden=\"true\" class=\"wp-block-spacer\"><\/div>\n\n\n\n<p class=\"wp-block-paragraph\">Por otra parte, efectivos del <strong><a rel=\"noreferrer noopener\" href=\"https:\/\/www.facebook.com\/bning4\/?__cft__[0]=AZU8_qIhF9naeL6Z-O77XQZeh3alIksixOK6ov4I6D7jZTce1TubbPwwtrVI1-dMa5AYvoHNipcXfe1K4Gltck7YwmJ_Fr_Npexy9O4unbsPeC_JZOLZ6RdzAWUjKPlwmKf3gg7vYUPLzpbwFMVE7qT6u9Zs7ZADd8Dx3v86P8aCrHGGXFoTkjXSw9kl8pUWKto&amp;__tn__=kK-R\" data-type=\"URL\" data-id=\"https:\/\/www.facebook.com\/bning4\/?__cft__[0]=AZU8_qIhF9naeL6Z-O77XQZeh3alIksixOK6ov4I6D7jZTce1TubbPwwtrVI1-dMa5AYvoHNipcXfe1K4Gltck7YwmJ_Fr_Npexy9O4unbsPeC_JZOLZ6RdzAWUjKPlwmKf3gg7vYUPLzpbwFMVE7qT6u9Zs7ZADd8Dx3v86P8aCrHGGXFoTkjXSw9kl8pUWKto&amp;__tn__=kK-R\" target=\"_blank\">Batall\u00f3n \u00abCnel. Ventura Alegre\u00bb de Ingenieros de Combate N\u00ba 4<\/a><\/strong> instalaron carpas en los barrios Eucaliptus y Benedetti de la ciudad de Maldonado, que fueron utilizadas como centros vacunatorios m\u00f3viles.<\/p>\n\n\n\n<div style=\"height:33px\" aria-hidden=\"true\" class=\"wp-block-spacer\"><\/div>\n\n\n\n<figure class=\"wp-block-image size-large\"><img loading=\"lazy\" decoding=\"async\" width=\"1024\" height=\"683\" src=\"https:\/\/www.ejercito.mil.uy\/wp-content\/uploads\/2021\/08\/Carpa-1024x683.jpg\" alt=\"\" class=\"wp-image-5114\" srcset=\"https:\/\/www.ejercito.mil.uy\/wp-content\/uploads\/2021\/08\/Carpa-1024x683.jpg 1024w, https:\/\/www.ejercito.mil.uy\/wp-content\/uploads\/2021\/08\/Carpa-300x200.jpg 300w, https:\/\/www.ejercito.mil.uy\/wp-content\/uploads\/2021\/08\/Carpa.jpg 1200w\" sizes=\"auto, (max-width: 1024px) 100vw, 1024px\" \/><\/figure>\n\n\n\n<div style=\"height:66px\" aria-hidden=\"true\" class=\"wp-block-spacer\"><\/div>\n\n\n\n<p class=\"wp-block-paragraph\"><\/p>\n","protected":false},"excerpt":{"rendered":"<p>31.07.2021 Distintas Unidades del Ej\u00e9rcito Nacional, contribuyen con el Plan Nacional de Vacunaci\u00f3n COVID19, para inocular a compatriotas que viven en barrios perif\u00e9ricos o en zonas alejadas de las capitales departamentales, mediante la acci\u00f3n \u00abBarrio a Barrio\u00bb o \u201cPueblo a Pueblo\u00bb, respectivamente. El Batall\u00f3n \u00abGral. Leandro G\u00f3mez\u00bb de Infanter\u00eda Mec. N\u00b0 8 en apoyo a <a href=\"https:\/\/www.ejercito.mil.uy\/index.php\/2021\/06\/05\/apoyo-a-la-campana-de-vacunacion-departamental\/\" class=\"more-link\">&#8230;<span class=\"screen-reader-text\">  Plan Nacional de Vacunaci\u00f3n<\/span><\/a><\/p>\n","protected":false},"author":4,"featured_media":5115,"comment_status":"closed","ping_status":"open","sticky":false,"template":"","format":"standard","meta":{"_coblocks_attr":"","_coblocks_dimensions":"","_coblocks_responsive_height":"","_coblocks_accordion_ie_support":"","_monsterinsights_skip_tracking":false,"_uf_show_specific_survey":0,"_uf_disable_surveys":false,"footnotes":""},"categories":[2,14],"tags":[27,32,29,25,37,23],"class_list":["post-3671","post","type-post","status-publish","format-standard","has-post-thumbnail","hentry","category-blog","category-noticias","tag-apoyo","tag-bienestar","tag-comunidad","tag-covid","tag-sociedad","tag-vacunacion"],"aioseo_notices":[],"aioseo_head":"\n\t\t<!-- All in One SEO 5.0.1.1 - aioseo.com -->\n\t<meta name=\"description\" content=\"31.07.2021 Distintas Unidades del Ej\u00e9rcito Nacional, contribuyen con el Plan Nacional de Vacunaci\u00f3n COVID19, para inocular a compatriotas que viven en barrios perif\u00e9ricos o en zonas alejadas de las capitales departamentales, mediante la acci\u00f3n &quot;Barrio a Barrio&quot; o \u201cPueblo a Pueblo&quot;, respectivamente. El Batall\u00f3n &quot;Gral. Leandro G\u00f3mez&quot; de Infanter\u00eda Mec. N\u00b0 8 en apoyo a\" \/>\n\t<meta name=\"robots\" content=\"max-image-preview:large\" \/>\n\t<meta name=\"author\" content=\"Alejandro Castro\"\/>\n\t<link rel=\"canonical\" href=\"https:\/\/www.ejercito.mil.uy\/index.php\/2021\/06\/05\/apoyo-a-la-campana-de-vacunacion-departamental\/\" \/>\n\t<meta name=\"generator\" content=\"All in One SEO (AIOSEO) 5.0.1.1\" \/>\n\t\t<meta property=\"og:locale\" content=\"es_ES\" \/>\n\t\t<meta property=\"og:site_name\" content=\"Ej\u00e9rcito Nacional - La Fuerza de todos\" \/>\n\t\t<meta property=\"og:type\" content=\"article\" \/>\n\t\t<meta property=\"og:title\" content=\"Plan Nacional de Vacunaci\u00f3n - Ej\u00e9rcito Nacional\" \/>\n\t\t<meta property=\"og:description\" content=\"31.07.2021 Distintas Unidades del Ej\u00e9rcito Nacional, contribuyen con el Plan Nacional de Vacunaci\u00f3n COVID19, para inocular a compatriotas que viven en barrios perif\u00e9ricos o en zonas alejadas de las capitales departamentales, mediante la acci\u00f3n &quot;Barrio a Barrio&quot; o \u201cPueblo a Pueblo&quot;, respectivamente. El Batall\u00f3n &quot;Gral. Leandro G\u00f3mez&quot; de Infanter\u00eda Mec. N\u00b0 8 en apoyo a\" \/>\n\t\t<meta property=\"og:url\" content=\"https:\/\/www.ejercito.mil.uy\/index.php\/2021\/06\/05\/apoyo-a-la-campana-de-vacunacion-departamental\/\" \/>\n\t\t<meta property=\"og:image\" content=\"https:\/\/www.ejercito.mil.uy\/wp-content\/uploads\/2022\/01\/Escudo_EN_URUGUAY.png\" \/>\n\t\t<meta property=\"og:image:secure_url\" content=\"https:\/\/www.ejercito.mil.uy\/wp-content\/uploads\/2022\/01\/Escudo_EN_URUGUAY.png\" \/>\n\t\t<meta property=\"og:image:width\" content=\"134\" \/>\n\t\t<meta property=\"og:image:height\" content=\"119\" \/>\n\t\t<meta property=\"article:published_time\" content=\"2021-06-05T17:14:56+00:00\" \/>\n\t\t<meta property=\"article:modified_time\" content=\"2021-08-03T13:02:19+00:00\" \/>\n\t\t<meta name=\"twitter:card\" content=\"summary_large_image\" \/>\n\t\t<meta name=\"twitter:title\" content=\"Plan Nacional de Vacunaci\u00f3n - Ej\u00e9rcito Nacional\" \/>\n\t\t<meta name=\"twitter:description\" content=\"31.07.2021 Distintas Unidades del Ej\u00e9rcito Nacional, contribuyen con el Plan Nacional de Vacunaci\u00f3n COVID19, para inocular a compatriotas que viven en barrios perif\u00e9ricos o en zonas alejadas de las capitales departamentales, mediante la acci\u00f3n &quot;Barrio a Barrio&quot; o \u201cPueblo a Pueblo&quot;, respectivamente. El Batall\u00f3n &quot;Gral. Leandro G\u00f3mez&quot; de Infanter\u00eda Mec. N\u00b0 8 en apoyo a\" \/>\n\t\t<meta name=\"twitter:image\" content=\"https:\/\/www.ejercito.mil.uy\/wp-content\/uploads\/2022\/01\/Escudo_EN_URUGUAY.png\" \/>\n\t\t<script type=\"application\/ld+json\" class=\"aioseo-schema\">\n\t\t\t{\"@context\":\"https:\\\/\\\/schema.org\",\"@graph\":[{\"@type\":\"BlogPosting\",\"@id\":\"https:\\\/\\\/www.ejercito.mil.uy\\\/index.php\\\/2021\\\/06\\\/05\\\/apoyo-a-la-campana-de-vacunacion-departamental\\\/#blogposting\",\"name\":\"Plan Nacional de Vacunaci\\u00f3n - Ej\\u00e9rcito Nacional\",\"headline\":\"Plan Nacional de Vacunaci\\u00f3n\",\"author\":{\"@id\":\"https:\\\/\\\/www.ejercito.mil.uy\\\/index.php\\\/author\\\/acastro\\\/#author\"},\"publisher\":{\"@id\":\"https:\\\/\\\/www.ejercito.mil.uy\\\/#organization\"},\"image\":{\"@type\":\"ImageObject\",\"url\":\"https:\\\/\\\/www.ejercito.mil.uy\\\/wp-content\\\/uploads\\\/2021\\\/06\\\/Vacunacion.jpg\",\"width\":1200,\"height\":800,\"caption\":\"Vacunaci\\u00f3n\"},\"datePublished\":\"2021-06-05T14:14:56-03:00\",\"dateModified\":\"2021-08-03T10:02:19-03:00\",\"inLanguage\":\"es-UY\",\"mainEntityOfPage\":{\"@id\":\"https:\\\/\\\/www.ejercito.mil.uy\\\/index.php\\\/2021\\\/06\\\/05\\\/apoyo-a-la-campana-de-vacunacion-departamental\\\/#webpage\"},\"isPartOf\":{\"@id\":\"https:\\\/\\\/www.ejercito.mil.uy\\\/index.php\\\/2021\\\/06\\\/05\\\/apoyo-a-la-campana-de-vacunacion-departamental\\\/#webpage\"},\"articleSection\":\"Blog, Noticias, apoyo, bienestar, comunidad, covid, sociedad, vacunacion\"},{\"@type\":\"BreadcrumbList\",\"@id\":\"https:\\\/\\\/www.ejercito.mil.uy\\\/index.php\\\/2021\\\/06\\\/05\\\/apoyo-a-la-campana-de-vacunacion-departamental\\\/#breadcrumblist\",\"itemListElement\":[{\"@type\":\"ListItem\",\"@id\":\"https:\\\/\\\/www.ejercito.mil.uy#listItem\",\"position\":1,\"name\":\"Home\",\"item\":\"https:\\\/\\\/www.ejercito.mil.uy\",\"nextItem\":{\"@type\":\"ListItem\",\"@id\":\"https:\\\/\\\/www.ejercito.mil.uy\\\/index.php\\\/category\\\/destacados\\\/#listItem\",\"name\":\"Destacados\"}},{\"@type\":\"ListItem\",\"@id\":\"https:\\\/\\\/www.ejercito.mil.uy\\\/index.php\\\/category\\\/destacados\\\/#listItem\",\"position\":2,\"name\":\"Destacados\",\"item\":\"https:\\\/\\\/www.ejercito.mil.uy\\\/index.php\\\/category\\\/destacados\\\/\",\"nextItem\":{\"@type\":\"ListItem\",\"@id\":\"https:\\\/\\\/www.ejercito.mil.uy\\\/index.php\\\/category\\\/destacados\\\/noticias\\\/#listItem\",\"name\":\"Noticias\"},\"previousItem\":{\"@type\":\"ListItem\",\"@id\":\"https:\\\/\\\/www.ejercito.mil.uy#listItem\",\"name\":\"Home\"}},{\"@type\":\"ListItem\",\"@id\":\"https:\\\/\\\/www.ejercito.mil.uy\\\/index.php\\\/category\\\/destacados\\\/noticias\\\/#listItem\",\"position\":3,\"name\":\"Noticias\",\"item\":\"https:\\\/\\\/www.ejercito.mil.uy\\\/index.php\\\/category\\\/destacados\\\/noticias\\\/\",\"nextItem\":{\"@type\":\"ListItem\",\"@id\":\"https:\\\/\\\/www.ejercito.mil.uy\\\/index.php\\\/2021\\\/06\\\/05\\\/apoyo-a-la-campana-de-vacunacion-departamental\\\/#listItem\",\"name\":\"Plan Nacional de Vacunaci\\u00f3n\"},\"previousItem\":{\"@type\":\"ListItem\",\"@id\":\"https:\\\/\\\/www.ejercito.mil.uy\\\/index.php\\\/category\\\/destacados\\\/#listItem\",\"name\":\"Destacados\"}},{\"@type\":\"ListItem\",\"@id\":\"https:\\\/\\\/www.ejercito.mil.uy\\\/index.php\\\/2021\\\/06\\\/05\\\/apoyo-a-la-campana-de-vacunacion-departamental\\\/#listItem\",\"position\":4,\"name\":\"Plan Nacional de Vacunaci\\u00f3n\",\"previousItem\":{\"@type\":\"ListItem\",\"@id\":\"https:\\\/\\\/www.ejercito.mil.uy\\\/index.php\\\/category\\\/destacados\\\/noticias\\\/#listItem\",\"name\":\"Noticias\"}}]},{\"@type\":\"Organization\",\"@id\":\"https:\\\/\\\/www.ejercito.mil.uy\\\/#organization\",\"name\":\"Ej\\u00e9rcito Nacional\",\"description\":\"La Fuerza de todos\",\"url\":\"https:\\\/\\\/www.ejercito.mil.uy\\\/\",\"logo\":{\"@type\":\"ImageObject\",\"url\":\"https:\\\/\\\/www.ejercito.mil.uy\\\/wp-content\\\/uploads\\\/2022\\\/01\\\/Escudo_EN_URUGUAY.png\",\"@id\":\"https:\\\/\\\/www.ejercito.mil.uy\\\/index.php\\\/2021\\\/06\\\/05\\\/apoyo-a-la-campana-de-vacunacion-departamental\\\/#organizationLogo\",\"width\":134,\"height\":119},\"image\":{\"@id\":\"https:\\\/\\\/www.ejercito.mil.uy\\\/index.php\\\/2021\\\/06\\\/05\\\/apoyo-a-la-campana-de-vacunacion-departamental\\\/#organizationLogo\"}},{\"@type\":\"Person\",\"@id\":\"https:\\\/\\\/www.ejercito.mil.uy\\\/index.php\\\/author\\\/acastro\\\/#author\",\"url\":\"https:\\\/\\\/www.ejercito.mil.uy\\\/index.php\\\/author\\\/acastro\\\/\",\"name\":\"Alejandro Castro\",\"image\":{\"@type\":\"ImageObject\",\"@id\":\"https:\\\/\\\/www.ejercito.mil.uy\\\/index.php\\\/2021\\\/06\\\/05\\\/apoyo-a-la-campana-de-vacunacion-departamental\\\/#authorImage\",\"url\":\"https:\\\/\\\/secure.gravatar.com\\\/avatar\\\/89bb77d4bf696501dd94ca89e6794e1787eaffba7c7197528d249e15bd099f68?s=96&d=mm&r=g\",\"width\":96,\"height\":96,\"caption\":\"Alejandro Castro\"}},{\"@type\":\"WebPage\",\"@id\":\"https:\\\/\\\/www.ejercito.mil.uy\\\/index.php\\\/2021\\\/06\\\/05\\\/apoyo-a-la-campana-de-vacunacion-departamental\\\/#webpage\",\"url\":\"https:\\\/\\\/www.ejercito.mil.uy\\\/index.php\\\/2021\\\/06\\\/05\\\/apoyo-a-la-campana-de-vacunacion-departamental\\\/\",\"name\":\"Plan Nacional de Vacunaci\\u00f3n - Ej\\u00e9rcito Nacional\",\"description\":\"31.07.2021 Distintas Unidades del Ej\\u00e9rcito Nacional, contribuyen con el Plan Nacional de Vacunaci\\u00f3n COVID19, para inocular a compatriotas que viven en barrios perif\\u00e9ricos o en zonas alejadas de las capitales departamentales, mediante la acci\\u00f3n \\\"Barrio a Barrio\\\" o \\u201cPueblo a Pueblo\\\", respectivamente. El Batall\\u00f3n \\\"Gral. Leandro G\\u00f3mez\\\" de Infanter\\u00eda Mec. N\\u00b0 8 en apoyo a\",\"inLanguage\":\"es-UY\",\"isPartOf\":{\"@id\":\"https:\\\/\\\/www.ejercito.mil.uy\\\/#website\"},\"breadcrumb\":{\"@id\":\"https:\\\/\\\/www.ejercito.mil.uy\\\/index.php\\\/2021\\\/06\\\/05\\\/apoyo-a-la-campana-de-vacunacion-departamental\\\/#breadcrumblist\"},\"author\":{\"@id\":\"https:\\\/\\\/www.ejercito.mil.uy\\\/index.php\\\/author\\\/acastro\\\/#author\"},\"creator\":{\"@id\":\"https:\\\/\\\/www.ejercito.mil.uy\\\/index.php\\\/author\\\/acastro\\\/#author\"},\"image\":{\"@type\":\"ImageObject\",\"url\":\"https:\\\/\\\/www.ejercito.mil.uy\\\/wp-content\\\/uploads\\\/2021\\\/06\\\/Vacunacion.jpg\",\"@id\":\"https:\\\/\\\/www.ejercito.mil.uy\\\/index.php\\\/2021\\\/06\\\/05\\\/apoyo-a-la-campana-de-vacunacion-departamental\\\/#mainImage\",\"width\":1200,\"height\":800,\"caption\":\"Vacunaci\\u00f3n\"},\"primaryImageOfPage\":{\"@id\":\"https:\\\/\\\/www.ejercito.mil.uy\\\/index.php\\\/2021\\\/06\\\/05\\\/apoyo-a-la-campana-de-vacunacion-departamental\\\/#mainImage\"},\"datePublished\":\"2021-06-05T14:14:56-03:00\",\"dateModified\":\"2021-08-03T10:02:19-03:00\"},{\"@type\":\"WebSite\",\"@id\":\"https:\\\/\\\/www.ejercito.mil.uy\\\/#website\",\"url\":\"https:\\\/\\\/www.ejercito.mil.uy\\\/\",\"name\":\"Ej\\u00e9rcito Nacional\",\"description\":\"La Fuerza de todos\",\"inLanguage\":\"es-UY\",\"publisher\":{\"@id\":\"https:\\\/\\\/www.ejercito.mil.uy\\\/#organization\"}}]}\n\t\t<\/script>\n\t\t<!-- All in One SEO -->\n\n","aioseo_head_json":{"title":"Plan Nacional de Vacunaci\u00f3n - Ej\u00e9rcito Nacional","description":"31.07.2021 Distintas Unidades del Ej\u00e9rcito Nacional, contribuyen con el Plan Nacional de Vacunaci\u00f3n COVID19, para inocular a compatriotas que viven en barrios perif\u00e9ricos o en zonas alejadas de las capitales departamentales, mediante la acci\u00f3n \"Barrio a Barrio\" o \u201cPueblo a Pueblo\", respectivamente. El Batall\u00f3n \"Gral. Leandro G\u00f3mez\" de Infanter\u00eda Mec. N\u00b0 8 en apoyo a","canonical_url":"https:\/\/www.ejercito.mil.uy\/index.php\/2021\/06\/05\/apoyo-a-la-campana-de-vacunacion-departamental\/","robots":"max-image-preview:large","keywords":"","webmasterTools":{"miscellaneous":""},"schema":{"@context":"https:\/\/schema.org","@graph":[{"@type":"BlogPosting","@id":"https:\/\/www.ejercito.mil.uy\/index.php\/2021\/06\/05\/apoyo-a-la-campana-de-vacunacion-departamental\/#blogposting","name":"Plan Nacional de Vacunaci\u00f3n - Ej\u00e9rcito Nacional","headline":"Plan Nacional de Vacunaci\u00f3n","author":{"@id":"https:\/\/www.ejercito.mil.uy\/index.php\/author\/acastro\/#author"},"publisher":{"@id":"https:\/\/www.ejercito.mil.uy\/#organization"},"image":{"@type":"ImageObject","url":"https:\/\/www.ejercito.mil.uy\/wp-content\/uploads\/2021\/06\/Vacunacion.jpg","width":1200,"height":800,"caption":"Vacunaci\u00f3n"},"datePublished":"2021-06-05T14:14:56-03:00","dateModified":"2021-08-03T10:02:19-03:00","inLanguage":"es-UY","mainEntityOfPage":{"@id":"https:\/\/www.ejercito.mil.uy\/index.php\/2021\/06\/05\/apoyo-a-la-campana-de-vacunacion-departamental\/#webpage"},"isPartOf":{"@id":"https:\/\/www.ejercito.mil.uy\/index.php\/2021\/06\/05\/apoyo-a-la-campana-de-vacunacion-departamental\/#webpage"},"articleSection":"Blog, Noticias, apoyo, bienestar, comunidad, covid, sociedad, vacunacion"},{"@type":"BreadcrumbList","@id":"https:\/\/www.ejercito.mil.uy\/index.php\/2021\/06\/05\/apoyo-a-la-campana-de-vacunacion-departamental\/#breadcrumblist","itemListElement":[{"@type":"ListItem","@id":"https:\/\/www.ejercito.mil.uy#listItem","position":1,"name":"Home","item":"https:\/\/www.ejercito.mil.uy","nextItem":{"@type":"ListItem","@id":"https:\/\/www.ejercito.mil.uy\/index.php\/category\/destacados\/#listItem","name":"Destacados"}},{"@type":"ListItem","@id":"https:\/\/www.ejercito.mil.uy\/index.php\/category\/destacados\/#listItem","position":2,"name":"Destacados","item":"https:\/\/www.ejercito.mil.uy\/index.php\/category\/destacados\/","nextItem":{"@type":"ListItem","@id":"https:\/\/www.ejercito.mil.uy\/index.php\/category\/destacados\/noticias\/#listItem","name":"Noticias"},"previousItem":{"@type":"ListItem","@id":"https:\/\/www.ejercito.mil.uy#listItem","name":"Home"}},{"@type":"ListItem","@id":"https:\/\/www.ejercito.mil.uy\/index.php\/category\/destacados\/noticias\/#listItem","position":3,"name":"Noticias","item":"https:\/\/www.ejercito.mil.uy\/index.php\/category\/destacados\/noticias\/","nextItem":{"@type":"ListItem","@id":"https:\/\/www.ejercito.mil.uy\/index.php\/2021\/06\/05\/apoyo-a-la-campana-de-vacunacion-departamental\/#listItem","name":"Plan Nacional de Vacunaci\u00f3n"},"previousItem":{"@type":"ListItem","@id":"https:\/\/www.ejercito.mil.uy\/index.php\/category\/destacados\/#listItem","name":"Destacados"}},{"@type":"ListItem","@id":"https:\/\/www.ejercito.mil.uy\/index.php\/2021\/06\/05\/apoyo-a-la-campana-de-vacunacion-departamental\/#listItem","position":4,"name":"Plan Nacional de Vacunaci\u00f3n","previousItem":{"@type":"ListItem","@id":"https:\/\/www.ejercito.mil.uy\/index.php\/category\/destacados\/noticias\/#listItem","name":"Noticias"}}]},{"@type":"Organization","@id":"https:\/\/www.ejercito.mil.uy\/#organization","name":"Ej\u00e9rcito Nacional","description":"La Fuerza de todos","url":"https:\/\/www.ejercito.mil.uy\/","logo":{"@type":"ImageObject","url":"https:\/\/www.ejercito.mil.uy\/wp-content\/uploads\/2022\/01\/Escudo_EN_URUGUAY.png","@id":"https:\/\/www.ejercito.mil.uy\/index.php\/2021\/06\/05\/apoyo-a-la-campana-de-vacunacion-departamental\/#organizationLogo","width":134,"height":119},"image":{"@id":"https:\/\/www.ejercito.mil.uy\/index.php\/2021\/06\/05\/apoyo-a-la-campana-de-vacunacion-departamental\/#organizationLogo"}},{"@type":"Person","@id":"https:\/\/www.ejercito.mil.uy\/index.php\/author\/acastro\/#author","url":"https:\/\/www.ejercito.mil.uy\/index.php\/author\/acastro\/","name":"Alejandro Castro","image":{"@type":"ImageObject","@id":"https:\/\/www.ejercito.mil.uy\/index.php\/2021\/06\/05\/apoyo-a-la-campana-de-vacunacion-departamental\/#authorImage","url":"https:\/\/secure.gravatar.com\/avatar\/89bb77d4bf696501dd94ca89e6794e1787eaffba7c7197528d249e15bd099f68?s=96&d=mm&r=g","width":96,"height":96,"caption":"Alejandro Castro"}},{"@type":"WebPage","@id":"https:\/\/www.ejercito.mil.uy\/index.php\/2021\/06\/05\/apoyo-a-la-campana-de-vacunacion-departamental\/#webpage","url":"https:\/\/www.ejercito.mil.uy\/index.php\/2021\/06\/05\/apoyo-a-la-campana-de-vacunacion-departamental\/","name":"Plan Nacional de Vacunaci\u00f3n - Ej\u00e9rcito Nacional","description":"31.07.2021 Distintas Unidades del Ej\u00e9rcito Nacional, contribuyen con el Plan Nacional de Vacunaci\u00f3n COVID19, para inocular a compatriotas que viven en barrios perif\u00e9ricos o en zonas alejadas de las capitales departamentales, mediante la acci\u00f3n \"Barrio a Barrio\" o \u201cPueblo a Pueblo\", respectivamente. El Batall\u00f3n \"Gral. Leandro G\u00f3mez\" de Infanter\u00eda Mec. N\u00b0 8 en apoyo a","inLanguage":"es-UY","isPartOf":{"@id":"https:\/\/www.ejercito.mil.uy\/#website"},"breadcrumb":{"@id":"https:\/\/www.ejercito.mil.uy\/index.php\/2021\/06\/05\/apoyo-a-la-campana-de-vacunacion-departamental\/#breadcrumblist"},"author":{"@id":"https:\/\/www.ejercito.mil.uy\/index.php\/author\/acastro\/#author"},"creator":{"@id":"https:\/\/www.ejercito.mil.uy\/index.php\/author\/acastro\/#author"},"image":{"@type":"ImageObject","url":"https:\/\/www.ejercito.mil.uy\/wp-content\/uploads\/2021\/06\/Vacunacion.jpg","@id":"https:\/\/www.ejercito.mil.uy\/index.php\/2021\/06\/05\/apoyo-a-la-campana-de-vacunacion-departamental\/#mainImage","width":1200,"height":800,"caption":"Vacunaci\u00f3n"},"primaryImageOfPage":{"@id":"https:\/\/www.ejercito.mil.uy\/index.php\/2021\/06\/05\/apoyo-a-la-campana-de-vacunacion-departamental\/#mainImage"},"datePublished":"2021-06-05T14:14:56-03:00","dateModified":"2021-08-03T10:02:19-03:00"},{"@type":"WebSite","@id":"https:\/\/www.ejercito.mil.uy\/#website","url":"https:\/\/www.ejercito.mil.uy\/","name":"Ej\u00e9rcito Nacional","description":"La Fuerza de todos","inLanguage":"es-UY","publisher":{"@id":"https:\/\/www.ejercito.mil.uy\/#organization"}}]},"og:locale":"es_ES","og:site_name":"Ej\u00e9rcito Nacional - La Fuerza de todos","og:type":"article","og:title":"Plan Nacional de Vacunaci\u00f3n - Ej\u00e9rcito Nacional","og:description":"31.07.2021 Distintas Unidades del Ej\u00e9rcito Nacional, contribuyen con el Plan Nacional de Vacunaci\u00f3n COVID19, para inocular a compatriotas que viven en barrios perif\u00e9ricos o en zonas alejadas de las capitales departamentales, mediante la acci\u00f3n &quot;Barrio a Barrio&quot; o \u201cPueblo a Pueblo&quot;, respectivamente. El Batall\u00f3n &quot;Gral. Leandro G\u00f3mez&quot; de Infanter\u00eda Mec. N\u00b0 8 en apoyo a","og:url":"https:\/\/www.ejercito.mil.uy\/index.php\/2021\/06\/05\/apoyo-a-la-campana-de-vacunacion-departamental\/","og:image":"https:\/\/www.ejercito.mil.uy\/wp-content\/uploads\/2022\/01\/Escudo_EN_URUGUAY.png","og:image:secure_url":"https:\/\/www.ejercito.mil.uy\/wp-content\/uploads\/2022\/01\/Escudo_EN_URUGUAY.png","og:image:width":134,"og:image:height":119,"article:published_time":"2021-06-05T17:14:56+00:00","article:modified_time":"2021-08-03T13:02:19+00:00","twitter:card":"summary_large_image","twitter:title":"Plan Nacional de Vacunaci\u00f3n - Ej\u00e9rcito Nacional","twitter:description":"31.07.2021 Distintas Unidades del Ej\u00e9rcito Nacional, contribuyen con el Plan Nacional de Vacunaci\u00f3n COVID19, para inocular a compatriotas que viven en barrios perif\u00e9ricos o en zonas alejadas de las capitales departamentales, mediante la acci\u00f3n &quot;Barrio a Barrio&quot; o \u201cPueblo a Pueblo&quot;, respectivamente. El Batall\u00f3n &quot;Gral. Leandro G\u00f3mez&quot; de Infanter\u00eda Mec. N\u00b0 8 en apoyo a","twitter:image":"https:\/\/www.ejercito.mil.uy\/wp-content\/uploads\/2022\/01\/Escudo_EN_URUGUAY.png"},"aioseo_meta_data":{"post_id":"3671","title":null,"description":null,"keywords":null,"keyphrases":null,"primary_term":null,"canonical_url":null,"og_title":null,"og_description":null,"og_object_type":"default","og_image_type":"default","og_image_url":null,"og_image_width":null,"og_image_height":null,"og_image_custom_url":null,"og_image_custom_fields":null,"og_video":null,"og_custom_url":null,"og_article_section":null,"og_article_tags":null,"twitter_use_og":false,"twitter_card":"default","twitter_image_type":"default","twitter_image_url":null,"twitter_image_custom_url":null,"twitter_image_custom_fields":null,"twitter_title":null,"twitter_description":null,"schema":{"blockGraphs":[],"customGraphs":[],"default":{"data":{"Article":[],"Course":[],"Dataset":[],"FAQPage":[],"Movie":[],"Person":[],"Product":[],"ProductReview":[],"Car":[],"Recipe":[],"Service":[],"SoftwareApplication":[],"WebPage":[]},"graphName":"","isEnabled":true},"graphs":[]},"schema_type":"default","schema_type_options":null,"pillar_content":false,"robots_default":true,"robots_noindex":false,"robots_noarchive":false,"robots_nosnippet":false,"robots_nofollow":false,"robots_noimageindex":false,"robots_noodp":false,"robots_notranslate":false,"robots_max_snippet":null,"robots_max_videopreview":null,"robots_max_imagepreview":"large","priority":null,"frequency":null,"local_seo":null,"breadcrumb_settings":null,"limit_modified_date":false,"ai":null,"created":"2025-08-30 01:56:40","updated":"2025-08-30 01:56:40","seo_analyzer_scan_date":null,"focus_keyword":null,"additional_keywords":null,"truseo_locale":null},"aioseo_breadcrumb":"<div class=\"aioseo-breadcrumbs\"><span class=\"aioseo-breadcrumb\">\n\t\t\t<a href=\"https:\/\/www.ejercito.mil.uy\" title=\"Home\">Home<\/a>\n\t\t<\/span><span class=\"aioseo-breadcrumb-separator\">&raquo;<\/span><span class=\"aioseo-breadcrumb\">\n\t\t\t<a href=\"https:\/\/www.ejercito.mil.uy\/index.php\/category\/destacados\/\" title=\"Destacados\">Destacados<\/a>\n\t\t<\/span><span class=\"aioseo-breadcrumb-separator\">&raquo;<\/span><span class=\"aioseo-breadcrumb\">\n\t\t\t<a href=\"https:\/\/www.ejercito.mil.uy\/index.php\/category\/destacados\/noticias\/\" title=\"Noticias\">Noticias<\/a>\n\t\t<\/span><span class=\"aioseo-breadcrumb-separator\">&raquo;<\/span><span class=\"aioseo-breadcrumb\">\n\t\t\tPlan Nacional de Vacunaci\u00f3n\n\t\t<\/span><\/div>","aioseo_breadcrumb_json":[{"label":"Home","link":"https:\/\/www.ejercito.mil.uy"},{"label":"Destacados","link":"https:\/\/www.ejercito.mil.uy\/index.php\/category\/destacados\/"},{"label":"Noticias","link":"https:\/\/www.ejercito.mil.uy\/index.php\/category\/destacados\/noticias\/"},{"label":"Plan Nacional de Vacunaci\u00f3n","link":"https:\/\/www.ejercito.mil.uy\/index.php\/2021\/06\/05\/apoyo-a-la-campana-de-vacunacion-departamental\/"}],"_links":{"self":[{"href":"https:\/\/www.ejercito.mil.uy\/index.php\/wp-json\/wp\/v2\/posts\/3671","targetHints":{"allow":["GET"]}}],"collection":[{"href":"https:\/\/www.ejercito.mil.uy\/index.php\/wp-json\/wp\/v2\/posts"}],"about":[{"href":"https:\/\/www.ejercito.mil.uy\/index.php\/wp-json\/wp\/v2\/types\/post"}],"author":[{"embeddable":true,"href":"https:\/\/www.ejercito.mil.uy\/index.php\/wp-json\/wp\/v2\/users\/4"}],"replies":[{"embeddable":true,"href":"https:\/\/www.ejercito.mil.uy\/index.php\/wp-json\/wp\/v2\/comments?post=3671"}],"version-history":[{"count":5,"href":"https:\/\/www.ejercito.mil.uy\/index.php\/wp-json\/wp\/v2\/posts\/3671\/revisions"}],"predecessor-version":[{"id":5119,"href":"https:\/\/www.ejercito.mil.uy\/index.php\/wp-json\/wp\/v2\/posts\/3671\/revisions\/5119"}],"wp:featuredmedia":[{"embeddable":true,"href":"https:\/\/www.ejercito.mil.uy\/index.php\/wp-json\/wp\/v2\/media\/5115"}],"wp:attachment":[{"href":"https:\/\/www.ejercito.mil.uy\/index.php\/wp-json\/wp\/v2\/media?parent=3671"}],"wp:term":[{"taxonomy":"category","embeddable":true,"href":"https:\/\/www.ejercito.mil.uy\/index.php\/wp-json\/wp\/v2\/categories?post=3671"},{"taxonomy":"post_tag","embeddable":true,"href":"https:\/\/www.ejercito.mil.uy\/index.php\/wp-json\/wp\/v2\/tags?post=3671"}],"curies":[{"name":"wp","href":"https:\/\/api.w.org\/{rel}","templated":true}]}}