{"id":3746,"date":"2021-06-10T09:30:05","date_gmt":"2021-06-10T12:30:05","guid":{"rendered":"https:\/\/www.ejercito.mil.uy\/?p=3746"},"modified":"2026-02-25T10:31:53","modified_gmt":"2026-02-25T13:31:53","slug":"100-dias-de-apoyo-al-ministerio-de-salud-publica","status":"publish","type":"post","link":"https:\/\/www.ejercito.mil.uy\/index.php\/2021\/06\/10\/100-dias-de-apoyo-al-ministerio-de-salud-publica\/","title":{"rendered":"Instalaci\u00f3n de juegos para ni\u00f1os"},"content":{"rendered":"\n<p class=\"wp-block-paragraph\" style=\"font-size:14px\">10.06.2021<\/p>\n\n\n\n<div style=\"height:24px\" aria-hidden=\"true\" class=\"wp-block-spacer\"><\/div>\n\n\n\n<p class=\"wp-block-paragraph\">Hoy, se realiz\u00f3 la inauguraci\u00f3n representativa de todos los complejos, en Azotea de Lima, con la presencia del <strong>Director General de los Servicios de las FF.AA.<\/strong>, el <strong>Director de Tutela Social de las FF.AA.<\/strong> y el <strong>Jefe del Departamento V del Estado Mayor del Ej\u00e9rcito<\/strong>.<\/p>\n\n\n\n<div style=\"height:33px\" aria-hidden=\"true\" class=\"wp-block-spacer\"><\/div>\n\n\n\n<figure class=\"wp-block-image size-large\"><img loading=\"lazy\" decoding=\"async\" width=\"1024\" height=\"683\" src=\"https:\/\/www.ejercito.mil.uy\/wp-content\/uploads\/2021\/06\/Juegos-2-1024x683.jpg\" alt=\"Juegos\" class=\"wp-image-3787\" srcset=\"https:\/\/www.ejercito.mil.uy\/wp-content\/uploads\/2021\/06\/Juegos-2-1024x683.jpg 1024w, https:\/\/www.ejercito.mil.uy\/wp-content\/uploads\/2021\/06\/Juegos-2-300x200.jpg 300w, https:\/\/www.ejercito.mil.uy\/wp-content\/uploads\/2021\/06\/Juegos-2.jpg 1200w\" sizes=\"auto, (max-width: 1024px) 100vw, 1024px\" \/><\/figure>\n\n\n\n<div style=\"height:33px\" aria-hidden=\"true\" class=\"wp-block-spacer\"><\/div>\n\n\n\n<p class=\"wp-block-paragraph\">Con el objetivo de favorecer el bienestar biopsicosocial del personal militar y su familia, el Ej\u00e9rcito Nacional a trav\u00e9s de la planificaci\u00f3n de la <strong>Divisi\u00f3n Bienestar Social<\/strong> del <strong>Dpto. V del Estado Mayor del Ej\u00e9rcito<\/strong> y con la valiosa colaboraci\u00f3n del <strong><strong><a rel=\"noreferrer noopener\" href=\"https:\/\/www.gub.uy\/ministerio-defensa-nacional\/politicas-y-gestion\/servicio-tutela-social-fuerzas-armadas-stsffaa\" target=\"_blank\">Servicio de Tutela Social de las FF.AA.<\/a><\/strong><\/strong>, ha logrado brindar espacios de recreaci\u00f3n para los hijos del personal militar que ocupa Viviendas del Servicio.<\/p>\n\n\n\n<div style=\"height:33px\" aria-hidden=\"true\" class=\"wp-block-spacer\"><\/div>\n\n\n\n<p class=\"wp-block-paragraph\">Dichos espacios proporcionan la inmediatez para el usufructo de zonas de esparcimiento infantil y familiar. Los Complejos de viviendas donde se ha logrado brindar este apoyo son: Quijote II, Bulevar, Colorado, Blandengues, Azotea de Lima, Francisco Pl\u00e1 y Solymar.<\/p>\n\n\n\n<div style=\"height:100px\" aria-hidden=\"true\" class=\"wp-block-spacer\"><\/div>\n","protected":false},"excerpt":{"rendered":"<p>10.06.2021 Hoy, se realiz\u00f3 la inauguraci\u00f3n representativa de todos los complejos, en Azotea de Lima, con la presencia del Director General de los Servicios de las FF.AA., el Director de Tutela Social de las FF.AA. y el Jefe del Departamento V del Estado Mayor del Ej\u00e9rcito. Con el objetivo de favorecer el bienestar biopsicosocial del <a href=\"https:\/\/www.ejercito.mil.uy\/index.php\/2021\/06\/10\/100-dias-de-apoyo-al-ministerio-de-salud-publica\/\" class=\"more-link\">&#8230;<span class=\"screen-reader-text\">  Instalaci\u00f3n de juegos para ni\u00f1os<\/span><\/a><\/p>\n","protected":false},"author":4,"featured_media":3784,"comment_status":"closed","ping_status":"open","sticky":false,"template":"","format":"standard","meta":{"_coblocks_attr":"","_coblocks_dimensions":"","_coblocks_responsive_height":"","_coblocks_accordion_ie_support":"","_monsterinsights_skip_tracking":false,"_uf_show_specific_survey":0,"_uf_disable_surveys":false,"footnotes":""},"categories":[2,14],"tags":[27,32,29,28,37],"class_list":["post-3746","post","type-post","status-publish","format-standard","has-post-thumbnail","hentry","category-blog","category-noticias","tag-apoyo","tag-bienestar","tag-comunidad","tag-social","tag-sociedad"],"aioseo_notices":[],"aioseo_head":"\n\t\t<!-- All in One SEO 5.0.1.1 - aioseo.com -->\n\t<meta name=\"description\" content=\"10.06.2021 Hoy, se realiz\u00f3 la inauguraci\u00f3n representativa de todos los complejos, en Azotea de Lima, con la presencia del Director General de los Servicios de las FF.AA., el Director de Tutela Social de las FF.AA. y el Jefe del Departamento V del Estado Mayor del Ej\u00e9rcito. Con el objetivo de favorecer el bienestar biopsicosocial del\" \/>\n\t<meta name=\"robots\" content=\"max-image-preview:large\" \/>\n\t<meta name=\"author\" content=\"Alejandro Castro\"\/>\n\t<link rel=\"canonical\" href=\"https:\/\/www.ejercito.mil.uy\/index.php\/2021\/06\/10\/100-dias-de-apoyo-al-ministerio-de-salud-publica\/\" \/>\n\t<meta name=\"generator\" content=\"All in One SEO (AIOSEO) 5.0.1.1\" \/>\n\t\t<meta property=\"og:locale\" content=\"es_ES\" \/>\n\t\t<meta property=\"og:site_name\" content=\"Ej\u00e9rcito Nacional - La Fuerza de todos\" \/>\n\t\t<meta property=\"og:type\" content=\"article\" \/>\n\t\t<meta property=\"og:title\" content=\"Instalaci\u00f3n de juegos para ni\u00f1os - Ej\u00e9rcito Nacional\" \/>\n\t\t<meta property=\"og:description\" content=\"10.06.2021 Hoy, se realiz\u00f3 la inauguraci\u00f3n representativa de todos los complejos, en Azotea de Lima, con la presencia del Director General de los Servicios de las FF.AA., el Director de Tutela Social de las FF.AA. y el Jefe del Departamento V del Estado Mayor del Ej\u00e9rcito. Con el objetivo de favorecer el bienestar biopsicosocial del\" \/>\n\t\t<meta property=\"og:url\" content=\"https:\/\/www.ejercito.mil.uy\/index.php\/2021\/06\/10\/100-dias-de-apoyo-al-ministerio-de-salud-publica\/\" \/>\n\t\t<meta property=\"og:image\" content=\"https:\/\/www.ejercito.mil.uy\/wp-content\/uploads\/2022\/01\/Escudo_EN_URUGUAY.png\" \/>\n\t\t<meta property=\"og:image:secure_url\" content=\"https:\/\/www.ejercito.mil.uy\/wp-content\/uploads\/2022\/01\/Escudo_EN_URUGUAY.png\" \/>\n\t\t<meta property=\"og:image:width\" content=\"134\" \/>\n\t\t<meta property=\"og:image:height\" content=\"119\" \/>\n\t\t<meta property=\"article:published_time\" content=\"2021-06-10T12:30:05+00:00\" \/>\n\t\t<meta property=\"article:modified_time\" content=\"2026-02-25T13:31:53+00:00\" \/>\n\t\t<meta name=\"twitter:card\" content=\"summary_large_image\" \/>\n\t\t<meta name=\"twitter:title\" content=\"Instalaci\u00f3n de juegos para ni\u00f1os - Ej\u00e9rcito Nacional\" \/>\n\t\t<meta name=\"twitter:description\" content=\"10.06.2021 Hoy, se realiz\u00f3 la inauguraci\u00f3n representativa de todos los complejos, en Azotea de Lima, con la presencia del Director General de los Servicios de las FF.AA., el Director de Tutela Social de las FF.AA. y el Jefe del Departamento V del Estado Mayor del Ej\u00e9rcito. Con el objetivo de favorecer el bienestar biopsicosocial del\" \/>\n\t\t<meta name=\"twitter:image\" content=\"https:\/\/www.ejercito.mil.uy\/wp-content\/uploads\/2022\/01\/Escudo_EN_URUGUAY.png\" \/>\n\t\t<script type=\"application\/ld+json\" class=\"aioseo-schema\">\n\t\t\t{\"@context\":\"https:\\\/\\\/schema.org\",\"@graph\":[{\"@type\":\"BlogPosting\",\"@id\":\"https:\\\/\\\/www.ejercito.mil.uy\\\/index.php\\\/2021\\\/06\\\/10\\\/100-dias-de-apoyo-al-ministerio-de-salud-publica\\\/#blogposting\",\"name\":\"Instalaci\\u00f3n de juegos para ni\\u00f1os - Ej\\u00e9rcito Nacional\",\"headline\":\"Instalaci\\u00f3n de juegos para ni\\u00f1os\",\"author\":{\"@id\":\"https:\\\/\\\/www.ejercito.mil.uy\\\/index.php\\\/author\\\/acastro\\\/#author\"},\"publisher\":{\"@id\":\"https:\\\/\\\/www.ejercito.mil.uy\\\/#organization\"},\"image\":{\"@type\":\"ImageObject\",\"url\":\"https:\\\/\\\/www.ejercito.mil.uy\\\/wp-content\\\/uploads\\\/2021\\\/06\\\/Juegos-7.jpg\",\"width\":1200,\"height\":800,\"caption\":\"Juegos\"},\"datePublished\":\"2021-06-10T09:30:05-03:00\",\"dateModified\":\"2026-02-25T10:31:53-03:00\",\"inLanguage\":\"es-UY\",\"mainEntityOfPage\":{\"@id\":\"https:\\\/\\\/www.ejercito.mil.uy\\\/index.php\\\/2021\\\/06\\\/10\\\/100-dias-de-apoyo-al-ministerio-de-salud-publica\\\/#webpage\"},\"isPartOf\":{\"@id\":\"https:\\\/\\\/www.ejercito.mil.uy\\\/index.php\\\/2021\\\/06\\\/10\\\/100-dias-de-apoyo-al-ministerio-de-salud-publica\\\/#webpage\"},\"articleSection\":\"Blog, Noticias, apoyo, bienestar, comunidad, social, sociedad\"},{\"@type\":\"BreadcrumbList\",\"@id\":\"https:\\\/\\\/www.ejercito.mil.uy\\\/index.php\\\/2021\\\/06\\\/10\\\/100-dias-de-apoyo-al-ministerio-de-salud-publica\\\/#breadcrumblist\",\"itemListElement\":[{\"@type\":\"ListItem\",\"@id\":\"https:\\\/\\\/www.ejercito.mil.uy#listItem\",\"position\":1,\"name\":\"Home\",\"item\":\"https:\\\/\\\/www.ejercito.mil.uy\",\"nextItem\":{\"@type\":\"ListItem\",\"@id\":\"https:\\\/\\\/www.ejercito.mil.uy\\\/index.php\\\/category\\\/destacados\\\/#listItem\",\"name\":\"Destacados\"}},{\"@type\":\"ListItem\",\"@id\":\"https:\\\/\\\/www.ejercito.mil.uy\\\/index.php\\\/category\\\/destacados\\\/#listItem\",\"position\":2,\"name\":\"Destacados\",\"item\":\"https:\\\/\\\/www.ejercito.mil.uy\\\/index.php\\\/category\\\/destacados\\\/\",\"nextItem\":{\"@type\":\"ListItem\",\"@id\":\"https:\\\/\\\/www.ejercito.mil.uy\\\/index.php\\\/category\\\/destacados\\\/noticias\\\/#listItem\",\"name\":\"Noticias\"},\"previousItem\":{\"@type\":\"ListItem\",\"@id\":\"https:\\\/\\\/www.ejercito.mil.uy#listItem\",\"name\":\"Home\"}},{\"@type\":\"ListItem\",\"@id\":\"https:\\\/\\\/www.ejercito.mil.uy\\\/index.php\\\/category\\\/destacados\\\/noticias\\\/#listItem\",\"position\":3,\"name\":\"Noticias\",\"item\":\"https:\\\/\\\/www.ejercito.mil.uy\\\/index.php\\\/category\\\/destacados\\\/noticias\\\/\",\"nextItem\":{\"@type\":\"ListItem\",\"@id\":\"https:\\\/\\\/www.ejercito.mil.uy\\\/index.php\\\/2021\\\/06\\\/10\\\/100-dias-de-apoyo-al-ministerio-de-salud-publica\\\/#listItem\",\"name\":\"Instalaci\\u00f3n de juegos para ni\\u00f1os\"},\"previousItem\":{\"@type\":\"ListItem\",\"@id\":\"https:\\\/\\\/www.ejercito.mil.uy\\\/index.php\\\/category\\\/destacados\\\/#listItem\",\"name\":\"Destacados\"}},{\"@type\":\"ListItem\",\"@id\":\"https:\\\/\\\/www.ejercito.mil.uy\\\/index.php\\\/2021\\\/06\\\/10\\\/100-dias-de-apoyo-al-ministerio-de-salud-publica\\\/#listItem\",\"position\":4,\"name\":\"Instalaci\\u00f3n de juegos para ni\\u00f1os\",\"previousItem\":{\"@type\":\"ListItem\",\"@id\":\"https:\\\/\\\/www.ejercito.mil.uy\\\/index.php\\\/category\\\/destacados\\\/noticias\\\/#listItem\",\"name\":\"Noticias\"}}]},{\"@type\":\"Organization\",\"@id\":\"https:\\\/\\\/www.ejercito.mil.uy\\\/#organization\",\"name\":\"Ej\\u00e9rcito Nacional\",\"description\":\"La Fuerza de todos\",\"url\":\"https:\\\/\\\/www.ejercito.mil.uy\\\/\",\"logo\":{\"@type\":\"ImageObject\",\"url\":\"https:\\\/\\\/www.ejercito.mil.uy\\\/wp-content\\\/uploads\\\/2022\\\/01\\\/Escudo_EN_URUGUAY.png\",\"@id\":\"https:\\\/\\\/www.ejercito.mil.uy\\\/index.php\\\/2021\\\/06\\\/10\\\/100-dias-de-apoyo-al-ministerio-de-salud-publica\\\/#organizationLogo\",\"width\":134,\"height\":119},\"image\":{\"@id\":\"https:\\\/\\\/www.ejercito.mil.uy\\\/index.php\\\/2021\\\/06\\\/10\\\/100-dias-de-apoyo-al-ministerio-de-salud-publica\\\/#organizationLogo\"}},{\"@type\":\"Person\",\"@id\":\"https:\\\/\\\/www.ejercito.mil.uy\\\/index.php\\\/author\\\/acastro\\\/#author\",\"url\":\"https:\\\/\\\/www.ejercito.mil.uy\\\/index.php\\\/author\\\/acastro\\\/\",\"name\":\"Alejandro Castro\",\"image\":{\"@type\":\"ImageObject\",\"@id\":\"https:\\\/\\\/www.ejercito.mil.uy\\\/index.php\\\/2021\\\/06\\\/10\\\/100-dias-de-apoyo-al-ministerio-de-salud-publica\\\/#authorImage\",\"url\":\"https:\\\/\\\/secure.gravatar.com\\\/avatar\\\/89bb77d4bf696501dd94ca89e6794e1787eaffba7c7197528d249e15bd099f68?s=96&d=mm&r=g\",\"width\":96,\"height\":96,\"caption\":\"Alejandro Castro\"}},{\"@type\":\"WebPage\",\"@id\":\"https:\\\/\\\/www.ejercito.mil.uy\\\/index.php\\\/2021\\\/06\\\/10\\\/100-dias-de-apoyo-al-ministerio-de-salud-publica\\\/#webpage\",\"url\":\"https:\\\/\\\/www.ejercito.mil.uy\\\/index.php\\\/2021\\\/06\\\/10\\\/100-dias-de-apoyo-al-ministerio-de-salud-publica\\\/\",\"name\":\"Instalaci\\u00f3n de juegos para ni\\u00f1os - Ej\\u00e9rcito Nacional\",\"description\":\"10.06.2021 Hoy, se realiz\\u00f3 la inauguraci\\u00f3n representativa de todos los complejos, en Azotea de Lima, con la presencia del Director General de los Servicios de las FF.AA., el Director de Tutela Social de las FF.AA. y el Jefe del Departamento V del Estado Mayor del Ej\\u00e9rcito. Con el objetivo de favorecer el bienestar biopsicosocial del\",\"inLanguage\":\"es-UY\",\"isPartOf\":{\"@id\":\"https:\\\/\\\/www.ejercito.mil.uy\\\/#website\"},\"breadcrumb\":{\"@id\":\"https:\\\/\\\/www.ejercito.mil.uy\\\/index.php\\\/2021\\\/06\\\/10\\\/100-dias-de-apoyo-al-ministerio-de-salud-publica\\\/#breadcrumblist\"},\"author\":{\"@id\":\"https:\\\/\\\/www.ejercito.mil.uy\\\/index.php\\\/author\\\/acastro\\\/#author\"},\"creator\":{\"@id\":\"https:\\\/\\\/www.ejercito.mil.uy\\\/index.php\\\/author\\\/acastro\\\/#author\"},\"image\":{\"@type\":\"ImageObject\",\"url\":\"https:\\\/\\\/www.ejercito.mil.uy\\\/wp-content\\\/uploads\\\/2021\\\/06\\\/Juegos-7.jpg\",\"@id\":\"https:\\\/\\\/www.ejercito.mil.uy\\\/index.php\\\/2021\\\/06\\\/10\\\/100-dias-de-apoyo-al-ministerio-de-salud-publica\\\/#mainImage\",\"width\":1200,\"height\":800,\"caption\":\"Juegos\"},\"primaryImageOfPage\":{\"@id\":\"https:\\\/\\\/www.ejercito.mil.uy\\\/index.php\\\/2021\\\/06\\\/10\\\/100-dias-de-apoyo-al-ministerio-de-salud-publica\\\/#mainImage\"},\"datePublished\":\"2021-06-10T09:30:05-03:00\",\"dateModified\":\"2026-02-25T10:31:53-03:00\"},{\"@type\":\"WebSite\",\"@id\":\"https:\\\/\\\/www.ejercito.mil.uy\\\/#website\",\"url\":\"https:\\\/\\\/www.ejercito.mil.uy\\\/\",\"name\":\"Ej\\u00e9rcito Nacional\",\"description\":\"La Fuerza de todos\",\"inLanguage\":\"es-UY\",\"publisher\":{\"@id\":\"https:\\\/\\\/www.ejercito.mil.uy\\\/#organization\"}}]}\n\t\t<\/script>\n\t\t<!-- All in One SEO -->\n\n","aioseo_head_json":{"title":"Instalaci\u00f3n de juegos para ni\u00f1os - Ej\u00e9rcito Nacional","description":"10.06.2021 Hoy, se realiz\u00f3 la inauguraci\u00f3n representativa de todos los complejos, en Azotea de Lima, con la presencia del Director General de los Servicios de las FF.AA., el Director de Tutela Social de las FF.AA. y el Jefe del Departamento V del Estado Mayor del Ej\u00e9rcito. Con el objetivo de favorecer el bienestar biopsicosocial del","canonical_url":"https:\/\/www.ejercito.mil.uy\/index.php\/2021\/06\/10\/100-dias-de-apoyo-al-ministerio-de-salud-publica\/","robots":"max-image-preview:large","keywords":"","webmasterTools":{"miscellaneous":""},"schema":{"@context":"https:\/\/schema.org","@graph":[{"@type":"BlogPosting","@id":"https:\/\/www.ejercito.mil.uy\/index.php\/2021\/06\/10\/100-dias-de-apoyo-al-ministerio-de-salud-publica\/#blogposting","name":"Instalaci\u00f3n de juegos para ni\u00f1os - Ej\u00e9rcito Nacional","headline":"Instalaci\u00f3n de juegos para ni\u00f1os","author":{"@id":"https:\/\/www.ejercito.mil.uy\/index.php\/author\/acastro\/#author"},"publisher":{"@id":"https:\/\/www.ejercito.mil.uy\/#organization"},"image":{"@type":"ImageObject","url":"https:\/\/www.ejercito.mil.uy\/wp-content\/uploads\/2021\/06\/Juegos-7.jpg","width":1200,"height":800,"caption":"Juegos"},"datePublished":"2021-06-10T09:30:05-03:00","dateModified":"2026-02-25T10:31:53-03:00","inLanguage":"es-UY","mainEntityOfPage":{"@id":"https:\/\/www.ejercito.mil.uy\/index.php\/2021\/06\/10\/100-dias-de-apoyo-al-ministerio-de-salud-publica\/#webpage"},"isPartOf":{"@id":"https:\/\/www.ejercito.mil.uy\/index.php\/2021\/06\/10\/100-dias-de-apoyo-al-ministerio-de-salud-publica\/#webpage"},"articleSection":"Blog, Noticias, apoyo, bienestar, comunidad, social, sociedad"},{"@type":"BreadcrumbList","@id":"https:\/\/www.ejercito.mil.uy\/index.php\/2021\/06\/10\/100-dias-de-apoyo-al-ministerio-de-salud-publica\/#breadcrumblist","itemListElement":[{"@type":"ListItem","@id":"https:\/\/www.ejercito.mil.uy#listItem","position":1,"name":"Home","item":"https:\/\/www.ejercito.mil.uy","nextItem":{"@type":"ListItem","@id":"https:\/\/www.ejercito.mil.uy\/index.php\/category\/destacados\/#listItem","name":"Destacados"}},{"@type":"ListItem","@id":"https:\/\/www.ejercito.mil.uy\/index.php\/category\/destacados\/#listItem","position":2,"name":"Destacados","item":"https:\/\/www.ejercito.mil.uy\/index.php\/category\/destacados\/","nextItem":{"@type":"ListItem","@id":"https:\/\/www.ejercito.mil.uy\/index.php\/category\/destacados\/noticias\/#listItem","name":"Noticias"},"previousItem":{"@type":"ListItem","@id":"https:\/\/www.ejercito.mil.uy#listItem","name":"Home"}},{"@type":"ListItem","@id":"https:\/\/www.ejercito.mil.uy\/index.php\/category\/destacados\/noticias\/#listItem","position":3,"name":"Noticias","item":"https:\/\/www.ejercito.mil.uy\/index.php\/category\/destacados\/noticias\/","nextItem":{"@type":"ListItem","@id":"https:\/\/www.ejercito.mil.uy\/index.php\/2021\/06\/10\/100-dias-de-apoyo-al-ministerio-de-salud-publica\/#listItem","name":"Instalaci\u00f3n de juegos para ni\u00f1os"},"previousItem":{"@type":"ListItem","@id":"https:\/\/www.ejercito.mil.uy\/index.php\/category\/destacados\/#listItem","name":"Destacados"}},{"@type":"ListItem","@id":"https:\/\/www.ejercito.mil.uy\/index.php\/2021\/06\/10\/100-dias-de-apoyo-al-ministerio-de-salud-publica\/#listItem","position":4,"name":"Instalaci\u00f3n de juegos para ni\u00f1os","previousItem":{"@type":"ListItem","@id":"https:\/\/www.ejercito.mil.uy\/index.php\/category\/destacados\/noticias\/#listItem","name":"Noticias"}}]},{"@type":"Organization","@id":"https:\/\/www.ejercito.mil.uy\/#organization","name":"Ej\u00e9rcito Nacional","description":"La Fuerza de todos","url":"https:\/\/www.ejercito.mil.uy\/","logo":{"@type":"ImageObject","url":"https:\/\/www.ejercito.mil.uy\/wp-content\/uploads\/2022\/01\/Escudo_EN_URUGUAY.png","@id":"https:\/\/www.ejercito.mil.uy\/index.php\/2021\/06\/10\/100-dias-de-apoyo-al-ministerio-de-salud-publica\/#organizationLogo","width":134,"height":119},"image":{"@id":"https:\/\/www.ejercito.mil.uy\/index.php\/2021\/06\/10\/100-dias-de-apoyo-al-ministerio-de-salud-publica\/#organizationLogo"}},{"@type":"Person","@id":"https:\/\/www.ejercito.mil.uy\/index.php\/author\/acastro\/#author","url":"https:\/\/www.ejercito.mil.uy\/index.php\/author\/acastro\/","name":"Alejandro Castro","image":{"@type":"ImageObject","@id":"https:\/\/www.ejercito.mil.uy\/index.php\/2021\/06\/10\/100-dias-de-apoyo-al-ministerio-de-salud-publica\/#authorImage","url":"https:\/\/secure.gravatar.com\/avatar\/89bb77d4bf696501dd94ca89e6794e1787eaffba7c7197528d249e15bd099f68?s=96&d=mm&r=g","width":96,"height":96,"caption":"Alejandro Castro"}},{"@type":"WebPage","@id":"https:\/\/www.ejercito.mil.uy\/index.php\/2021\/06\/10\/100-dias-de-apoyo-al-ministerio-de-salud-publica\/#webpage","url":"https:\/\/www.ejercito.mil.uy\/index.php\/2021\/06\/10\/100-dias-de-apoyo-al-ministerio-de-salud-publica\/","name":"Instalaci\u00f3n de juegos para ni\u00f1os - Ej\u00e9rcito Nacional","description":"10.06.2021 Hoy, se realiz\u00f3 la inauguraci\u00f3n representativa de todos los complejos, en Azotea de Lima, con la presencia del Director General de los Servicios de las FF.AA., el Director de Tutela Social de las FF.AA. y el Jefe del Departamento V del Estado Mayor del Ej\u00e9rcito. Con el objetivo de favorecer el bienestar biopsicosocial del","inLanguage":"es-UY","isPartOf":{"@id":"https:\/\/www.ejercito.mil.uy\/#website"},"breadcrumb":{"@id":"https:\/\/www.ejercito.mil.uy\/index.php\/2021\/06\/10\/100-dias-de-apoyo-al-ministerio-de-salud-publica\/#breadcrumblist"},"author":{"@id":"https:\/\/www.ejercito.mil.uy\/index.php\/author\/acastro\/#author"},"creator":{"@id":"https:\/\/www.ejercito.mil.uy\/index.php\/author\/acastro\/#author"},"image":{"@type":"ImageObject","url":"https:\/\/www.ejercito.mil.uy\/wp-content\/uploads\/2021\/06\/Juegos-7.jpg","@id":"https:\/\/www.ejercito.mil.uy\/index.php\/2021\/06\/10\/100-dias-de-apoyo-al-ministerio-de-salud-publica\/#mainImage","width":1200,"height":800,"caption":"Juegos"},"primaryImageOfPage":{"@id":"https:\/\/www.ejercito.mil.uy\/index.php\/2021\/06\/10\/100-dias-de-apoyo-al-ministerio-de-salud-publica\/#mainImage"},"datePublished":"2021-06-10T09:30:05-03:00","dateModified":"2026-02-25T10:31:53-03:00"},{"@type":"WebSite","@id":"https:\/\/www.ejercito.mil.uy\/#website","url":"https:\/\/www.ejercito.mil.uy\/","name":"Ej\u00e9rcito Nacional","description":"La Fuerza de todos","inLanguage":"es-UY","publisher":{"@id":"https:\/\/www.ejercito.mil.uy\/#organization"}}]},"og:locale":"es_ES","og:site_name":"Ej\u00e9rcito Nacional - La Fuerza de todos","og:type":"article","og:title":"Instalaci\u00f3n de juegos para ni\u00f1os - Ej\u00e9rcito Nacional","og:description":"10.06.2021 Hoy, se realiz\u00f3 la inauguraci\u00f3n representativa de todos los complejos, en Azotea de Lima, con la presencia del Director General de los Servicios de las FF.AA., el Director de Tutela Social de las FF.AA. y el Jefe del Departamento V del Estado Mayor del Ej\u00e9rcito. Con el objetivo de favorecer el bienestar biopsicosocial del","og:url":"https:\/\/www.ejercito.mil.uy\/index.php\/2021\/06\/10\/100-dias-de-apoyo-al-ministerio-de-salud-publica\/","og:image":"https:\/\/www.ejercito.mil.uy\/wp-content\/uploads\/2022\/01\/Escudo_EN_URUGUAY.png","og:image:secure_url":"https:\/\/www.ejercito.mil.uy\/wp-content\/uploads\/2022\/01\/Escudo_EN_URUGUAY.png","og:image:width":134,"og:image:height":119,"article:published_time":"2021-06-10T12:30:05+00:00","article:modified_time":"2026-02-25T13:31:53+00:00","twitter:card":"summary_large_image","twitter:title":"Instalaci\u00f3n de juegos para ni\u00f1os - Ej\u00e9rcito Nacional","twitter:description":"10.06.2021 Hoy, se realiz\u00f3 la inauguraci\u00f3n representativa de todos los complejos, en Azotea de Lima, con la presencia del Director General de los Servicios de las FF.AA., el Director de Tutela Social de las FF.AA. y el Jefe del Departamento V del Estado Mayor del Ej\u00e9rcito. Con el objetivo de favorecer el bienestar biopsicosocial del","twitter:image":"https:\/\/www.ejercito.mil.uy\/wp-content\/uploads\/2022\/01\/Escudo_EN_URUGUAY.png"},"aioseo_meta_data":{"post_id":"3746","title":null,"description":null,"keywords":null,"keyphrases":{"focus":{"keyphrase":"","score":0,"analysis":{"keyphraseInTitle":{"score":0,"maxScore":9,"error":1}}},"additional":[]},"primary_term":null,"canonical_url":null,"og_title":null,"og_description":null,"og_object_type":"default","og_image_type":"default","og_image_url":null,"og_image_width":null,"og_image_height":null,"og_image_custom_url":null,"og_image_custom_fields":null,"og_video":"","og_custom_url":null,"og_article_section":null,"og_article_tags":null,"twitter_use_og":false,"twitter_card":"default","twitter_image_type":"default","twitter_image_url":null,"twitter_image_custom_url":null,"twitter_image_custom_fields":null,"twitter_title":null,"twitter_description":null,"schema":{"blockGraphs":[],"customGraphs":[],"default":{"data":{"Article":[],"Course":[],"Dataset":[],"FAQPage":[],"Movie":[],"Person":[],"Product":[],"ProductReview":[],"Car":[],"Recipe":[],"Service":[],"SoftwareApplication":[],"WebPage":[]},"graphName":"BlogPosting","isEnabled":true},"graphs":[]},"schema_type":"default","schema_type_options":null,"pillar_content":false,"robots_default":true,"robots_noindex":false,"robots_noarchive":false,"robots_nosnippet":false,"robots_nofollow":false,"robots_noimageindex":false,"robots_noodp":false,"robots_notranslate":false,"robots_max_snippet":"-1","robots_max_videopreview":"-1","robots_max_imagepreview":"large","priority":null,"frequency":"default","local_seo":null,"breadcrumb_settings":null,"limit_modified_date":false,"ai":{"faqs":[],"keyPoints":[],"titles":[],"descriptions":[],"socialPosts":{"email":[],"linkedin":[],"twitter":[],"facebook":[],"instagram":[]}},"created":"2025-08-30 01:57:38","updated":"2026-02-25 13:45:42","seo_analyzer_scan_date":null,"focus_keyword":null,"additional_keywords":null,"truseo_locale":null},"aioseo_breadcrumb":"<div class=\"aioseo-breadcrumbs\"><span class=\"aioseo-breadcrumb\">\n\t\t\t<a href=\"https:\/\/www.ejercito.mil.uy\" title=\"Home\">Home<\/a>\n\t\t<\/span><span class=\"aioseo-breadcrumb-separator\">&raquo;<\/span><span class=\"aioseo-breadcrumb\">\n\t\t\t<a href=\"https:\/\/www.ejercito.mil.uy\/index.php\/category\/destacados\/\" title=\"Destacados\">Destacados<\/a>\n\t\t<\/span><span class=\"aioseo-breadcrumb-separator\">&raquo;<\/span><span class=\"aioseo-breadcrumb\">\n\t\t\t<a href=\"https:\/\/www.ejercito.mil.uy\/index.php\/category\/destacados\/noticias\/\" title=\"Noticias\">Noticias<\/a>\n\t\t<\/span><span class=\"aioseo-breadcrumb-separator\">&raquo;<\/span><span class=\"aioseo-breadcrumb\">\n\t\t\tInstalaci\u00f3n de juegos para ni\u00f1os\n\t\t<\/span><\/div>","aioseo_breadcrumb_json":[{"label":"Home","link":"https:\/\/www.ejercito.mil.uy"},{"label":"Destacados","link":"https:\/\/www.ejercito.mil.uy\/index.php\/category\/destacados\/"},{"label":"Noticias","link":"https:\/\/www.ejercito.mil.uy\/index.php\/category\/destacados\/noticias\/"},{"label":"Instalaci\u00f3n de juegos para ni\u00f1os","link":"https:\/\/www.ejercito.mil.uy\/index.php\/2021\/06\/10\/100-dias-de-apoyo-al-ministerio-de-salud-publica\/"}],"_links":{"self":[{"href":"https:\/\/www.ejercito.mil.uy\/index.php\/wp-json\/wp\/v2\/posts\/3746","targetHints":{"allow":["GET"]}}],"collection":[{"href":"https:\/\/www.ejercito.mil.uy\/index.php\/wp-json\/wp\/v2\/posts"}],"about":[{"href":"https:\/\/www.ejercito.mil.uy\/index.php\/wp-json\/wp\/v2\/types\/post"}],"author":[{"embeddable":true,"href":"https:\/\/www.ejercito.mil.uy\/index.php\/wp-json\/wp\/v2\/users\/4"}],"replies":[{"embeddable":true,"href":"https:\/\/www.ejercito.mil.uy\/index.php\/wp-json\/wp\/v2\/comments?post=3746"}],"version-history":[{"count":7,"href":"https:\/\/www.ejercito.mil.uy\/index.php\/wp-json\/wp\/v2\/posts\/3746\/revisions"}],"predecessor-version":[{"id":55177,"href":"https:\/\/www.ejercito.mil.uy\/index.php\/wp-json\/wp\/v2\/posts\/3746\/revisions\/55177"}],"wp:featuredmedia":[{"embeddable":true,"href":"https:\/\/www.ejercito.mil.uy\/index.php\/wp-json\/wp\/v2\/media\/3784"}],"wp:attachment":[{"href":"https:\/\/www.ejercito.mil.uy\/index.php\/wp-json\/wp\/v2\/media?parent=3746"}],"wp:term":[{"taxonomy":"category","embeddable":true,"href":"https:\/\/www.ejercito.mil.uy\/index.php\/wp-json\/wp\/v2\/categories?post=3746"},{"taxonomy":"post_tag","embeddable":true,"href":"https:\/\/www.ejercito.mil.uy\/index.php\/wp-json\/wp\/v2\/tags?post=3746"}],"curies":[{"name":"wp","href":"https:\/\/api.w.org\/{rel}","templated":true}]}}