{"id":3770,"date":"2021-06-10T09:03:36","date_gmt":"2021-06-10T12:03:36","guid":{"rendered":"https:\/\/www.ejercito.mil.uy\/?p=3770"},"modified":"2021-06-11T08:22:36","modified_gmt":"2021-06-11T11:22:36","slug":"remodelacion-y-mantenimiento","status":"publish","type":"post","link":"https:\/\/www.ejercito.mil.uy\/index.php\/2021\/06\/10\/remodelacion-y-mantenimiento\/","title":{"rendered":"Remodelaci\u00f3n y mantenimiento"},"content":{"rendered":"\n<p class=\"wp-block-paragraph\" style=\"font-size:14px\">10.06.2021 &#8211; Flores y Maldonado<\/p>\n\n\n\n<div style=\"height:24px\" aria-hidden=\"true\" class=\"wp-block-spacer\"><\/div>\n\n\n\n<p class=\"wp-block-paragraph\">Efectivos del <a rel=\"noreferrer noopener\" href=\"https:\/\/www.facebook.com\/GrupoArtilleria2\/?__cft__[0]=AZV4B5QKJ5tUXA5b-a5AHG12Lj_AK3lZSRWx_Q6WplYVlhFtyMAtoxwQY8m-YsUfPsj36LqPmkaEtAbmfVGD6zWaRs4qCGSRaam3aQnAH1krtJAfYW9FCR_l0tENC5PhM-eEFn67HaLRIOH5zHgaI3HaKamHcJ_KPghUPtbY6cDvouN8BdlbL3H_xd85Y5E36yA&amp;__tn__=kK-R\" target=\"_blank\"><strong>Grupo \u00ab\u00c9xodo del Pueblo Oriental\u00bb de Artiller\u00eda AP 122mm N\u00ba 2<\/strong><\/a> ubicado en la ciudad de Trinidad, apoyaron a la <strong>Asociaci\u00f3n Down de Flores<\/strong> (A.DO.FLO.), con trabajos de acondicionamiento y pintura de las instalaciones del centro.<\/p>\n\n\n\n<div style=\"height:33px\" aria-hidden=\"true\" class=\"wp-block-spacer\"><\/div>\n\n\n\n<p class=\"wp-block-paragraph\">Esta asociaci\u00f3n atiende a ni\u00f1os, ni\u00f1as y adolescentes con s\u00edndrome de Down desde 2015 y cuenta con un equipo multidisciplinario que lleva adelante la atenci\u00f3n de los j\u00f3venes.<\/p>\n\n\n\n<div style=\"height:24px\" aria-hidden=\"true\" class=\"wp-block-spacer\"><\/div>\n\n\n\n<div class=\"wp-block-coblocks-gallery-carousel\"><div class=\"is-cropped coblocks-gallery has-no-alignment has-caption-style-dark has-horizontal-gutter has-lightbox\"><div class=\"has-carousel has-carousel-lrg\" style=\"height:400px\" data-flickity=\"{&quot;autoPlay&quot;:5000,&quot;draggable&quot;:true,&quot;pageDots&quot;:false,&quot;prevNextButtons&quot;:true,&quot;wrapAround&quot;:true,&quot;cellAlign&quot;:&quot;center&quot;,&quot;pauseAutoPlayOnHover&quot;:false,&quot;freeScroll&quot;:true,&quot;arrowShape&quot;:{&quot;x0&quot;:10,&quot;x1&quot;:60,&quot;y1&quot;:50,&quot;x2&quot;:65,&quot;y2&quot;:45,&quot;x3&quot;:20},&quot;thumbnails&quot;:false,&quot;responsiveHeight&quot;:false}\"><div class=\"coblocks-gallery--item\"><figure class=\"coblocks-gallery--figure has-margin-left-10 has-margin-right-10\"><img loading=\"lazy\" decoding=\"async\" width=\"1024\" height=\"683\" src=\"https:\/\/www.ejercito.mil.uy\/wp-content\/uploads\/2021\/06\/Mantenimiento-3-1-1024x683.jpg\" alt=\"\" data-id=\"3780\" data-link=\"https:\/\/www.ejercito.mil.uy\/?attachment_id=3780\" class=\"wp-image-3780\" srcset=\"https:\/\/www.ejercito.mil.uy\/wp-content\/uploads\/2021\/06\/Mantenimiento-3-1-1024x683.jpg 1024w, https:\/\/www.ejercito.mil.uy\/wp-content\/uploads\/2021\/06\/Mantenimiento-3-1-300x200.jpg 300w, https:\/\/www.ejercito.mil.uy\/wp-content\/uploads\/2021\/06\/Mantenimiento-3-1.jpg 1200w\" sizes=\"auto, (max-width: 1024px) 100vw, 1024px\" \/><\/figure><\/div><div class=\"coblocks-gallery--item\"><figure class=\"coblocks-gallery--figure has-margin-left-10 has-margin-right-10\"><img loading=\"lazy\" decoding=\"async\" width=\"1024\" height=\"683\" src=\"https:\/\/www.ejercito.mil.uy\/wp-content\/uploads\/2021\/06\/Mantenimiento-4-2-1024x683.jpg\" alt=\"\" data-id=\"3781\" data-link=\"https:\/\/www.ejercito.mil.uy\/?attachment_id=3781\" class=\"wp-image-3781\" srcset=\"https:\/\/www.ejercito.mil.uy\/wp-content\/uploads\/2021\/06\/Mantenimiento-4-2-1024x683.jpg 1024w, https:\/\/www.ejercito.mil.uy\/wp-content\/uploads\/2021\/06\/Mantenimiento-4-2-300x200.jpg 300w, https:\/\/www.ejercito.mil.uy\/wp-content\/uploads\/2021\/06\/Mantenimiento-4-2.jpg 1200w\" sizes=\"auto, (max-width: 1024px) 100vw, 1024px\" \/><\/figure><\/div><div class=\"coblocks-gallery--item\"><figure class=\"coblocks-gallery--figure has-margin-left-10 has-margin-right-10\"><img loading=\"lazy\" decoding=\"async\" width=\"1024\" height=\"683\" src=\"https:\/\/www.ejercito.mil.uy\/wp-content\/uploads\/2021\/06\/Mantenimiento-5-2-1024x683.jpg\" alt=\"\" data-id=\"3782\" data-link=\"https:\/\/www.ejercito.mil.uy\/?attachment_id=3782\" class=\"wp-image-3782\" srcset=\"https:\/\/www.ejercito.mil.uy\/wp-content\/uploads\/2021\/06\/Mantenimiento-5-2-1024x683.jpg 1024w, https:\/\/www.ejercito.mil.uy\/wp-content\/uploads\/2021\/06\/Mantenimiento-5-2-300x200.jpg 300w, https:\/\/www.ejercito.mil.uy\/wp-content\/uploads\/2021\/06\/Mantenimiento-5-2.jpg 1200w\" sizes=\"auto, (max-width: 1024px) 100vw, 1024px\" \/><\/figure><\/div><\/div><\/div><\/div>\n\n\n\n<div style=\"height:55px\" aria-hidden=\"true\" class=\"wp-block-spacer\"><\/div>\n\n\n\n<p class=\"wp-block-paragraph\">Por su parte, t\u00e9cnicos electricistas del <strong><a rel=\"noreferrer noopener\" href=\"https:\/\/www.facebook.com\/bning4\/\" data-type=\"URL\" data-id=\"https:\/\/www.facebook.com\/bning4\/\" target=\"_blank\">Batall\u00f3n \u201cCnel. Ventura Alegre\u201d de Ingenieros de Combate N\u00b0 4<\/a><\/strong>, apoyaron al Consejo de Educaci\u00f3n Primaria &#8211; Administraci\u00f3n Nacional de Educaci\u00f3n P\u00fablica, con trabajos el\u00e9ctricos en los salones de la <strong>Escuela Rural \u00abBrigadier General Fructuoso Rivera\u00bb N\u00ba 64<\/strong>, del dpto. de Maldonado.<\/p>\n\n\n\n<div style=\"height:24px\" aria-hidden=\"true\" class=\"wp-block-spacer\"><\/div>\n\n\n\n<figure class=\"wp-block-gallery columns-2 is-cropped wp-block-gallery-1 is-layout-flex wp-block-gallery-is-layout-flex\"><ul class=\"blocks-gallery-grid\"><li class=\"blocks-gallery-item\"><figure><img loading=\"lazy\" decoding=\"async\" width=\"1024\" height=\"683\" src=\"https:\/\/www.ejercito.mil.uy\/wp-content\/uploads\/2021\/06\/Mantenimiento-1-1024x683.jpg\" alt=\"\" data-id=\"3772\" data-full-url=\"https:\/\/www.ejercito.mil.uy\/wp-content\/uploads\/2021\/06\/Mantenimiento-1.jpg\" data-link=\"https:\/\/www.ejercito.mil.uy\/?attachment_id=3772\" class=\"wp-image-3772\" srcset=\"https:\/\/www.ejercito.mil.uy\/wp-content\/uploads\/2021\/06\/Mantenimiento-1-1024x683.jpg 1024w, https:\/\/www.ejercito.mil.uy\/wp-content\/uploads\/2021\/06\/Mantenimiento-1-300x200.jpg 300w, https:\/\/www.ejercito.mil.uy\/wp-content\/uploads\/2021\/06\/Mantenimiento-1.jpg 1200w\" sizes=\"auto, (max-width: 1024px) 100vw, 1024px\" \/><\/figure><\/li><li class=\"blocks-gallery-item\"><figure><img loading=\"lazy\" decoding=\"async\" width=\"1024\" height=\"683\" src=\"https:\/\/www.ejercito.mil.uy\/wp-content\/uploads\/2021\/06\/Mantenimiento-2-1024x683.jpg\" alt=\"\" data-id=\"3773\" data-full-url=\"https:\/\/www.ejercito.mil.uy\/wp-content\/uploads\/2021\/06\/Mantenimiento-2.jpg\" data-link=\"https:\/\/www.ejercito.mil.uy\/?attachment_id=3773\" class=\"wp-image-3773\" srcset=\"https:\/\/www.ejercito.mil.uy\/wp-content\/uploads\/2021\/06\/Mantenimiento-2-1024x683.jpg 1024w, https:\/\/www.ejercito.mil.uy\/wp-content\/uploads\/2021\/06\/Mantenimiento-2-300x200.jpg 300w, https:\/\/www.ejercito.mil.uy\/wp-content\/uploads\/2021\/06\/Mantenimiento-2.jpg 1200w\" sizes=\"auto, (max-width: 1024px) 100vw, 1024px\" \/><\/figure><\/li><\/ul><figcaption class=\"blocks-gallery-caption\">Batall\u00f3n \u00abCnel. Ventura Alegre\u00bb de Ingenieros de Combate N\u00ba 4 &#8211; Maldonado<\/figcaption><\/figure>\n","protected":false},"excerpt":{"rendered":"<p>10.06.2021 &#8211; Flores y Maldonado Efectivos del Grupo \u00ab\u00c9xodo del Pueblo Oriental\u00bb de Artiller\u00eda AP 122mm N\u00ba 2 ubicado en la ciudad de Trinidad, apoyaron a la Asociaci\u00f3n Down de Flores (A.DO.FLO.), con trabajos de acondicionamiento y pintura de las instalaciones del centro. Esta asociaci\u00f3n atiende a ni\u00f1os, ni\u00f1as y adolescentes con s\u00edndrome de Down <a href=\"https:\/\/www.ejercito.mil.uy\/index.php\/2021\/06\/10\/remodelacion-y-mantenimiento\/\" class=\"more-link\">&#8230;<span class=\"screen-reader-text\">  Remodelaci\u00f3n y mantenimiento<\/span><\/a><\/p>\n","protected":false},"author":4,"featured_media":3774,"comment_status":"open","ping_status":"open","sticky":false,"template":"","format":"standard","meta":{"_coblocks_attr":"","_coblocks_dimensions":"","_coblocks_responsive_height":"","_coblocks_accordion_ie_support":"","_monsterinsights_skip_tracking":false,"_uf_show_specific_survey":0,"_uf_disable_surveys":false,"footnotes":""},"categories":[2,14],"tags":[27,32,29,25,107,37],"class_list":["post-3770","post","type-post","status-publish","format-standard","has-post-thumbnail","hentry","category-blog","category-noticias","tag-apoyo","tag-bienestar","tag-comunidad","tag-covid","tag-escuela","tag-sociedad"],"aioseo_notices":[],"aioseo_head":"\n\t\t<!-- All in One SEO 5.0.1.1 - aioseo.com -->\n\t<meta name=\"description\" content=\"10.06.2021 - Flores y Maldonado Efectivos del Grupo &quot;\u00c9xodo del Pueblo Oriental&quot; de Artiller\u00eda AP 122mm N\u00ba 2 ubicado en la ciudad de Trinidad, apoyaron a la Asociaci\u00f3n Down de Flores (A.DO.FLO.), con trabajos de acondicionamiento y pintura de las instalaciones del centro. Esta asociaci\u00f3n atiende a ni\u00f1os, ni\u00f1as y adolescentes con s\u00edndrome de Down\" \/>\n\t<meta name=\"robots\" content=\"max-image-preview:large\" \/>\n\t<meta name=\"author\" content=\"Alejandro Castro\"\/>\n\t<link rel=\"canonical\" href=\"https:\/\/www.ejercito.mil.uy\/index.php\/2021\/06\/10\/remodelacion-y-mantenimiento\/\" \/>\n\t<meta name=\"generator\" content=\"All in One SEO (AIOSEO) 5.0.1.1\" \/>\n\t\t<meta property=\"og:locale\" content=\"es_ES\" \/>\n\t\t<meta property=\"og:site_name\" content=\"Ej\u00e9rcito Nacional - La Fuerza de todos\" \/>\n\t\t<meta property=\"og:type\" content=\"article\" \/>\n\t\t<meta property=\"og:title\" content=\"Remodelaci\u00f3n y mantenimiento - Ej\u00e9rcito Nacional\" \/>\n\t\t<meta property=\"og:description\" content=\"10.06.2021 - Flores y Maldonado Efectivos del Grupo &quot;\u00c9xodo del Pueblo Oriental&quot; de Artiller\u00eda AP 122mm N\u00ba 2 ubicado en la ciudad de Trinidad, apoyaron a la Asociaci\u00f3n Down de Flores (A.DO.FLO.), con trabajos de acondicionamiento y pintura de las instalaciones del centro. Esta asociaci\u00f3n atiende a ni\u00f1os, ni\u00f1as y adolescentes con s\u00edndrome de Down\" \/>\n\t\t<meta property=\"og:url\" content=\"https:\/\/www.ejercito.mil.uy\/index.php\/2021\/06\/10\/remodelacion-y-mantenimiento\/\" \/>\n\t\t<meta property=\"og:image\" content=\"https:\/\/www.ejercito.mil.uy\/wp-content\/uploads\/2022\/01\/Escudo_EN_URUGUAY.png\" \/>\n\t\t<meta property=\"og:image:secure_url\" content=\"https:\/\/www.ejercito.mil.uy\/wp-content\/uploads\/2022\/01\/Escudo_EN_URUGUAY.png\" \/>\n\t\t<meta property=\"og:image:width\" content=\"134\" \/>\n\t\t<meta property=\"og:image:height\" content=\"119\" \/>\n\t\t<meta property=\"article:published_time\" content=\"2021-06-10T12:03:36+00:00\" \/>\n\t\t<meta property=\"article:modified_time\" content=\"2021-06-11T11:22:36+00:00\" \/>\n\t\t<meta name=\"twitter:card\" content=\"summary_large_image\" \/>\n\t\t<meta name=\"twitter:title\" content=\"Remodelaci\u00f3n y mantenimiento - Ej\u00e9rcito Nacional\" \/>\n\t\t<meta name=\"twitter:description\" content=\"10.06.2021 - Flores y Maldonado Efectivos del Grupo &quot;\u00c9xodo del Pueblo Oriental&quot; de Artiller\u00eda AP 122mm N\u00ba 2 ubicado en la ciudad de Trinidad, apoyaron a la Asociaci\u00f3n Down de Flores (A.DO.FLO.), con trabajos de acondicionamiento y pintura de las instalaciones del centro. Esta asociaci\u00f3n atiende a ni\u00f1os, ni\u00f1as y adolescentes con s\u00edndrome de Down\" \/>\n\t\t<meta name=\"twitter:image\" content=\"https:\/\/www.ejercito.mil.uy\/wp-content\/uploads\/2022\/01\/Escudo_EN_URUGUAY.png\" \/>\n\t\t<script type=\"application\/ld+json\" class=\"aioseo-schema\">\n\t\t\t{\"@context\":\"https:\\\/\\\/schema.org\",\"@graph\":[{\"@type\":\"BlogPosting\",\"@id\":\"https:\\\/\\\/www.ejercito.mil.uy\\\/index.php\\\/2021\\\/06\\\/10\\\/remodelacion-y-mantenimiento\\\/#blogposting\",\"name\":\"Remodelaci\\u00f3n y mantenimiento - Ej\\u00e9rcito Nacional\",\"headline\":\"Remodelaci\\u00f3n y mantenimiento\",\"author\":{\"@id\":\"https:\\\/\\\/www.ejercito.mil.uy\\\/index.php\\\/author\\\/acastro\\\/#author\"},\"publisher\":{\"@id\":\"https:\\\/\\\/www.ejercito.mil.uy\\\/#organization\"},\"image\":{\"@type\":\"ImageObject\",\"url\":\"https:\\\/\\\/www.ejercito.mil.uy\\\/wp-content\\\/uploads\\\/2021\\\/06\\\/Mantenimiento.jpg\",\"width\":1200,\"height\":800,\"caption\":\"Mantenimiento\"},\"datePublished\":\"2021-06-10T09:03:36-03:00\",\"dateModified\":\"2021-06-11T08:22:36-03:00\",\"inLanguage\":\"es-UY\",\"mainEntityOfPage\":{\"@id\":\"https:\\\/\\\/www.ejercito.mil.uy\\\/index.php\\\/2021\\\/06\\\/10\\\/remodelacion-y-mantenimiento\\\/#webpage\"},\"isPartOf\":{\"@id\":\"https:\\\/\\\/www.ejercito.mil.uy\\\/index.php\\\/2021\\\/06\\\/10\\\/remodelacion-y-mantenimiento\\\/#webpage\"},\"articleSection\":\"Blog, Noticias, apoyo, bienestar, comunidad, covid, escuela, sociedad\"},{\"@type\":\"BreadcrumbList\",\"@id\":\"https:\\\/\\\/www.ejercito.mil.uy\\\/index.php\\\/2021\\\/06\\\/10\\\/remodelacion-y-mantenimiento\\\/#breadcrumblist\",\"itemListElement\":[{\"@type\":\"ListItem\",\"@id\":\"https:\\\/\\\/www.ejercito.mil.uy#listItem\",\"position\":1,\"name\":\"Home\",\"item\":\"https:\\\/\\\/www.ejercito.mil.uy\",\"nextItem\":{\"@type\":\"ListItem\",\"@id\":\"https:\\\/\\\/www.ejercito.mil.uy\\\/index.php\\\/category\\\/destacados\\\/#listItem\",\"name\":\"Destacados\"}},{\"@type\":\"ListItem\",\"@id\":\"https:\\\/\\\/www.ejercito.mil.uy\\\/index.php\\\/category\\\/destacados\\\/#listItem\",\"position\":2,\"name\":\"Destacados\",\"item\":\"https:\\\/\\\/www.ejercito.mil.uy\\\/index.php\\\/category\\\/destacados\\\/\",\"nextItem\":{\"@type\":\"ListItem\",\"@id\":\"https:\\\/\\\/www.ejercito.mil.uy\\\/index.php\\\/category\\\/destacados\\\/noticias\\\/#listItem\",\"name\":\"Noticias\"},\"previousItem\":{\"@type\":\"ListItem\",\"@id\":\"https:\\\/\\\/www.ejercito.mil.uy#listItem\",\"name\":\"Home\"}},{\"@type\":\"ListItem\",\"@id\":\"https:\\\/\\\/www.ejercito.mil.uy\\\/index.php\\\/category\\\/destacados\\\/noticias\\\/#listItem\",\"position\":3,\"name\":\"Noticias\",\"item\":\"https:\\\/\\\/www.ejercito.mil.uy\\\/index.php\\\/category\\\/destacados\\\/noticias\\\/\",\"nextItem\":{\"@type\":\"ListItem\",\"@id\":\"https:\\\/\\\/www.ejercito.mil.uy\\\/index.php\\\/2021\\\/06\\\/10\\\/remodelacion-y-mantenimiento\\\/#listItem\",\"name\":\"Remodelaci\\u00f3n y mantenimiento\"},\"previousItem\":{\"@type\":\"ListItem\",\"@id\":\"https:\\\/\\\/www.ejercito.mil.uy\\\/index.php\\\/category\\\/destacados\\\/#listItem\",\"name\":\"Destacados\"}},{\"@type\":\"ListItem\",\"@id\":\"https:\\\/\\\/www.ejercito.mil.uy\\\/index.php\\\/2021\\\/06\\\/10\\\/remodelacion-y-mantenimiento\\\/#listItem\",\"position\":4,\"name\":\"Remodelaci\\u00f3n y mantenimiento\",\"previousItem\":{\"@type\":\"ListItem\",\"@id\":\"https:\\\/\\\/www.ejercito.mil.uy\\\/index.php\\\/category\\\/destacados\\\/noticias\\\/#listItem\",\"name\":\"Noticias\"}}]},{\"@type\":\"Organization\",\"@id\":\"https:\\\/\\\/www.ejercito.mil.uy\\\/#organization\",\"name\":\"Ej\\u00e9rcito Nacional\",\"description\":\"La Fuerza de todos\",\"url\":\"https:\\\/\\\/www.ejercito.mil.uy\\\/\",\"logo\":{\"@type\":\"ImageObject\",\"url\":\"https:\\\/\\\/www.ejercito.mil.uy\\\/wp-content\\\/uploads\\\/2022\\\/01\\\/Escudo_EN_URUGUAY.png\",\"@id\":\"https:\\\/\\\/www.ejercito.mil.uy\\\/index.php\\\/2021\\\/06\\\/10\\\/remodelacion-y-mantenimiento\\\/#organizationLogo\",\"width\":134,\"height\":119},\"image\":{\"@id\":\"https:\\\/\\\/www.ejercito.mil.uy\\\/index.php\\\/2021\\\/06\\\/10\\\/remodelacion-y-mantenimiento\\\/#organizationLogo\"}},{\"@type\":\"Person\",\"@id\":\"https:\\\/\\\/www.ejercito.mil.uy\\\/index.php\\\/author\\\/acastro\\\/#author\",\"url\":\"https:\\\/\\\/www.ejercito.mil.uy\\\/index.php\\\/author\\\/acastro\\\/\",\"name\":\"Alejandro Castro\",\"image\":{\"@type\":\"ImageObject\",\"@id\":\"https:\\\/\\\/www.ejercito.mil.uy\\\/index.php\\\/2021\\\/06\\\/10\\\/remodelacion-y-mantenimiento\\\/#authorImage\",\"url\":\"https:\\\/\\\/secure.gravatar.com\\\/avatar\\\/89bb77d4bf696501dd94ca89e6794e1787eaffba7c7197528d249e15bd099f68?s=96&d=mm&r=g\",\"width\":96,\"height\":96,\"caption\":\"Alejandro Castro\"}},{\"@type\":\"WebPage\",\"@id\":\"https:\\\/\\\/www.ejercito.mil.uy\\\/index.php\\\/2021\\\/06\\\/10\\\/remodelacion-y-mantenimiento\\\/#webpage\",\"url\":\"https:\\\/\\\/www.ejercito.mil.uy\\\/index.php\\\/2021\\\/06\\\/10\\\/remodelacion-y-mantenimiento\\\/\",\"name\":\"Remodelaci\\u00f3n y mantenimiento - Ej\\u00e9rcito Nacional\",\"description\":\"10.06.2021 - Flores y Maldonado Efectivos del Grupo \\\"\\u00c9xodo del Pueblo Oriental\\\" de Artiller\\u00eda AP 122mm N\\u00ba 2 ubicado en la ciudad de Trinidad, apoyaron a la Asociaci\\u00f3n Down de Flores (A.DO.FLO.), con trabajos de acondicionamiento y pintura de las instalaciones del centro. Esta asociaci\\u00f3n atiende a ni\\u00f1os, ni\\u00f1as y adolescentes con s\\u00edndrome de Down\",\"inLanguage\":\"es-UY\",\"isPartOf\":{\"@id\":\"https:\\\/\\\/www.ejercito.mil.uy\\\/#website\"},\"breadcrumb\":{\"@id\":\"https:\\\/\\\/www.ejercito.mil.uy\\\/index.php\\\/2021\\\/06\\\/10\\\/remodelacion-y-mantenimiento\\\/#breadcrumblist\"},\"author\":{\"@id\":\"https:\\\/\\\/www.ejercito.mil.uy\\\/index.php\\\/author\\\/acastro\\\/#author\"},\"creator\":{\"@id\":\"https:\\\/\\\/www.ejercito.mil.uy\\\/index.php\\\/author\\\/acastro\\\/#author\"},\"image\":{\"@type\":\"ImageObject\",\"url\":\"https:\\\/\\\/www.ejercito.mil.uy\\\/wp-content\\\/uploads\\\/2021\\\/06\\\/Mantenimiento.jpg\",\"@id\":\"https:\\\/\\\/www.ejercito.mil.uy\\\/index.php\\\/2021\\\/06\\\/10\\\/remodelacion-y-mantenimiento\\\/#mainImage\",\"width\":1200,\"height\":800,\"caption\":\"Mantenimiento\"},\"primaryImageOfPage\":{\"@id\":\"https:\\\/\\\/www.ejercito.mil.uy\\\/index.php\\\/2021\\\/06\\\/10\\\/remodelacion-y-mantenimiento\\\/#mainImage\"},\"datePublished\":\"2021-06-10T09:03:36-03:00\",\"dateModified\":\"2021-06-11T08:22:36-03:00\"},{\"@type\":\"WebSite\",\"@id\":\"https:\\\/\\\/www.ejercito.mil.uy\\\/#website\",\"url\":\"https:\\\/\\\/www.ejercito.mil.uy\\\/\",\"name\":\"Ej\\u00e9rcito Nacional\",\"description\":\"La Fuerza de todos\",\"inLanguage\":\"es-UY\",\"publisher\":{\"@id\":\"https:\\\/\\\/www.ejercito.mil.uy\\\/#organization\"}}]}\n\t\t<\/script>\n\t\t<!-- All in One SEO -->\n\n","aioseo_head_json":{"title":"Remodelaci\u00f3n y mantenimiento - Ej\u00e9rcito Nacional","description":"10.06.2021 - Flores y Maldonado Efectivos del Grupo \"\u00c9xodo del Pueblo Oriental\" de Artiller\u00eda AP 122mm N\u00ba 2 ubicado en la ciudad de Trinidad, apoyaron a la Asociaci\u00f3n Down de Flores (A.DO.FLO.), con trabajos de acondicionamiento y pintura de las instalaciones del centro. Esta asociaci\u00f3n atiende a ni\u00f1os, ni\u00f1as y adolescentes con s\u00edndrome de Down","canonical_url":"https:\/\/www.ejercito.mil.uy\/index.php\/2021\/06\/10\/remodelacion-y-mantenimiento\/","robots":"max-image-preview:large","keywords":"","webmasterTools":{"miscellaneous":""},"schema":{"@context":"https:\/\/schema.org","@graph":[{"@type":"BlogPosting","@id":"https:\/\/www.ejercito.mil.uy\/index.php\/2021\/06\/10\/remodelacion-y-mantenimiento\/#blogposting","name":"Remodelaci\u00f3n y mantenimiento - Ej\u00e9rcito Nacional","headline":"Remodelaci\u00f3n y mantenimiento","author":{"@id":"https:\/\/www.ejercito.mil.uy\/index.php\/author\/acastro\/#author"},"publisher":{"@id":"https:\/\/www.ejercito.mil.uy\/#organization"},"image":{"@type":"ImageObject","url":"https:\/\/www.ejercito.mil.uy\/wp-content\/uploads\/2021\/06\/Mantenimiento.jpg","width":1200,"height":800,"caption":"Mantenimiento"},"datePublished":"2021-06-10T09:03:36-03:00","dateModified":"2021-06-11T08:22:36-03:00","inLanguage":"es-UY","mainEntityOfPage":{"@id":"https:\/\/www.ejercito.mil.uy\/index.php\/2021\/06\/10\/remodelacion-y-mantenimiento\/#webpage"},"isPartOf":{"@id":"https:\/\/www.ejercito.mil.uy\/index.php\/2021\/06\/10\/remodelacion-y-mantenimiento\/#webpage"},"articleSection":"Blog, Noticias, apoyo, bienestar, comunidad, covid, escuela, sociedad"},{"@type":"BreadcrumbList","@id":"https:\/\/www.ejercito.mil.uy\/index.php\/2021\/06\/10\/remodelacion-y-mantenimiento\/#breadcrumblist","itemListElement":[{"@type":"ListItem","@id":"https:\/\/www.ejercito.mil.uy#listItem","position":1,"name":"Home","item":"https:\/\/www.ejercito.mil.uy","nextItem":{"@type":"ListItem","@id":"https:\/\/www.ejercito.mil.uy\/index.php\/category\/destacados\/#listItem","name":"Destacados"}},{"@type":"ListItem","@id":"https:\/\/www.ejercito.mil.uy\/index.php\/category\/destacados\/#listItem","position":2,"name":"Destacados","item":"https:\/\/www.ejercito.mil.uy\/index.php\/category\/destacados\/","nextItem":{"@type":"ListItem","@id":"https:\/\/www.ejercito.mil.uy\/index.php\/category\/destacados\/noticias\/#listItem","name":"Noticias"},"previousItem":{"@type":"ListItem","@id":"https:\/\/www.ejercito.mil.uy#listItem","name":"Home"}},{"@type":"ListItem","@id":"https:\/\/www.ejercito.mil.uy\/index.php\/category\/destacados\/noticias\/#listItem","position":3,"name":"Noticias","item":"https:\/\/www.ejercito.mil.uy\/index.php\/category\/destacados\/noticias\/","nextItem":{"@type":"ListItem","@id":"https:\/\/www.ejercito.mil.uy\/index.php\/2021\/06\/10\/remodelacion-y-mantenimiento\/#listItem","name":"Remodelaci\u00f3n y mantenimiento"},"previousItem":{"@type":"ListItem","@id":"https:\/\/www.ejercito.mil.uy\/index.php\/category\/destacados\/#listItem","name":"Destacados"}},{"@type":"ListItem","@id":"https:\/\/www.ejercito.mil.uy\/index.php\/2021\/06\/10\/remodelacion-y-mantenimiento\/#listItem","position":4,"name":"Remodelaci\u00f3n y mantenimiento","previousItem":{"@type":"ListItem","@id":"https:\/\/www.ejercito.mil.uy\/index.php\/category\/destacados\/noticias\/#listItem","name":"Noticias"}}]},{"@type":"Organization","@id":"https:\/\/www.ejercito.mil.uy\/#organization","name":"Ej\u00e9rcito Nacional","description":"La Fuerza de todos","url":"https:\/\/www.ejercito.mil.uy\/","logo":{"@type":"ImageObject","url":"https:\/\/www.ejercito.mil.uy\/wp-content\/uploads\/2022\/01\/Escudo_EN_URUGUAY.png","@id":"https:\/\/www.ejercito.mil.uy\/index.php\/2021\/06\/10\/remodelacion-y-mantenimiento\/#organizationLogo","width":134,"height":119},"image":{"@id":"https:\/\/www.ejercito.mil.uy\/index.php\/2021\/06\/10\/remodelacion-y-mantenimiento\/#organizationLogo"}},{"@type":"Person","@id":"https:\/\/www.ejercito.mil.uy\/index.php\/author\/acastro\/#author","url":"https:\/\/www.ejercito.mil.uy\/index.php\/author\/acastro\/","name":"Alejandro Castro","image":{"@type":"ImageObject","@id":"https:\/\/www.ejercito.mil.uy\/index.php\/2021\/06\/10\/remodelacion-y-mantenimiento\/#authorImage","url":"https:\/\/secure.gravatar.com\/avatar\/89bb77d4bf696501dd94ca89e6794e1787eaffba7c7197528d249e15bd099f68?s=96&d=mm&r=g","width":96,"height":96,"caption":"Alejandro Castro"}},{"@type":"WebPage","@id":"https:\/\/www.ejercito.mil.uy\/index.php\/2021\/06\/10\/remodelacion-y-mantenimiento\/#webpage","url":"https:\/\/www.ejercito.mil.uy\/index.php\/2021\/06\/10\/remodelacion-y-mantenimiento\/","name":"Remodelaci\u00f3n y mantenimiento - Ej\u00e9rcito Nacional","description":"10.06.2021 - Flores y Maldonado Efectivos del Grupo \"\u00c9xodo del Pueblo Oriental\" de Artiller\u00eda AP 122mm N\u00ba 2 ubicado en la ciudad de Trinidad, apoyaron a la Asociaci\u00f3n Down de Flores (A.DO.FLO.), con trabajos de acondicionamiento y pintura de las instalaciones del centro. Esta asociaci\u00f3n atiende a ni\u00f1os, ni\u00f1as y adolescentes con s\u00edndrome de Down","inLanguage":"es-UY","isPartOf":{"@id":"https:\/\/www.ejercito.mil.uy\/#website"},"breadcrumb":{"@id":"https:\/\/www.ejercito.mil.uy\/index.php\/2021\/06\/10\/remodelacion-y-mantenimiento\/#breadcrumblist"},"author":{"@id":"https:\/\/www.ejercito.mil.uy\/index.php\/author\/acastro\/#author"},"creator":{"@id":"https:\/\/www.ejercito.mil.uy\/index.php\/author\/acastro\/#author"},"image":{"@type":"ImageObject","url":"https:\/\/www.ejercito.mil.uy\/wp-content\/uploads\/2021\/06\/Mantenimiento.jpg","@id":"https:\/\/www.ejercito.mil.uy\/index.php\/2021\/06\/10\/remodelacion-y-mantenimiento\/#mainImage","width":1200,"height":800,"caption":"Mantenimiento"},"primaryImageOfPage":{"@id":"https:\/\/www.ejercito.mil.uy\/index.php\/2021\/06\/10\/remodelacion-y-mantenimiento\/#mainImage"},"datePublished":"2021-06-10T09:03:36-03:00","dateModified":"2021-06-11T08:22:36-03:00"},{"@type":"WebSite","@id":"https:\/\/www.ejercito.mil.uy\/#website","url":"https:\/\/www.ejercito.mil.uy\/","name":"Ej\u00e9rcito Nacional","description":"La Fuerza de todos","inLanguage":"es-UY","publisher":{"@id":"https:\/\/www.ejercito.mil.uy\/#organization"}}]},"og:locale":"es_ES","og:site_name":"Ej\u00e9rcito Nacional - La Fuerza de todos","og:type":"article","og:title":"Remodelaci\u00f3n y mantenimiento - Ej\u00e9rcito Nacional","og:description":"10.06.2021 - Flores y Maldonado Efectivos del Grupo &quot;\u00c9xodo del Pueblo Oriental&quot; de Artiller\u00eda AP 122mm N\u00ba 2 ubicado en la ciudad de Trinidad, apoyaron a la Asociaci\u00f3n Down de Flores (A.DO.FLO.), con trabajos de acondicionamiento y pintura de las instalaciones del centro. Esta asociaci\u00f3n atiende a ni\u00f1os, ni\u00f1as y adolescentes con s\u00edndrome de Down","og:url":"https:\/\/www.ejercito.mil.uy\/index.php\/2021\/06\/10\/remodelacion-y-mantenimiento\/","og:image":"https:\/\/www.ejercito.mil.uy\/wp-content\/uploads\/2022\/01\/Escudo_EN_URUGUAY.png","og:image:secure_url":"https:\/\/www.ejercito.mil.uy\/wp-content\/uploads\/2022\/01\/Escudo_EN_URUGUAY.png","og:image:width":134,"og:image:height":119,"article:published_time":"2021-06-10T12:03:36+00:00","article:modified_time":"2021-06-11T11:22:36+00:00","twitter:card":"summary_large_image","twitter:title":"Remodelaci\u00f3n y mantenimiento - Ej\u00e9rcito Nacional","twitter:description":"10.06.2021 - Flores y Maldonado Efectivos del Grupo &quot;\u00c9xodo del Pueblo Oriental&quot; de Artiller\u00eda AP 122mm N\u00ba 2 ubicado en la ciudad de Trinidad, apoyaron a la Asociaci\u00f3n Down de Flores (A.DO.FLO.), con trabajos de acondicionamiento y pintura de las instalaciones del centro. Esta asociaci\u00f3n atiende a ni\u00f1os, ni\u00f1as y adolescentes con s\u00edndrome de Down","twitter:image":"https:\/\/www.ejercito.mil.uy\/wp-content\/uploads\/2022\/01\/Escudo_EN_URUGUAY.png"},"aioseo_meta_data":{"post_id":"3770","title":null,"description":null,"keywords":null,"keyphrases":null,"primary_term":null,"canonical_url":null,"og_title":null,"og_description":null,"og_object_type":"default","og_image_type":"default","og_image_url":null,"og_image_width":null,"og_image_height":null,"og_image_custom_url":null,"og_image_custom_fields":null,"og_video":null,"og_custom_url":null,"og_article_section":null,"og_article_tags":null,"twitter_use_og":false,"twitter_card":"default","twitter_image_type":"default","twitter_image_url":null,"twitter_image_custom_url":null,"twitter_image_custom_fields":null,"twitter_title":null,"twitter_description":null,"schema":{"blockGraphs":[],"customGraphs":[],"default":{"data":{"Article":[],"Course":[],"Dataset":[],"FAQPage":[],"Movie":[],"Person":[],"Product":[],"ProductReview":[],"Car":[],"Recipe":[],"Service":[],"SoftwareApplication":[],"WebPage":[]},"graphName":"","isEnabled":true},"graphs":[]},"schema_type":"default","schema_type_options":null,"pillar_content":false,"robots_default":true,"robots_noindex":false,"robots_noarchive":false,"robots_nosnippet":false,"robots_nofollow":false,"robots_noimageindex":false,"robots_noodp":false,"robots_notranslate":false,"robots_max_snippet":null,"robots_max_videopreview":null,"robots_max_imagepreview":"large","priority":null,"frequency":null,"local_seo":null,"breadcrumb_settings":null,"limit_modified_date":false,"ai":null,"created":"2025-08-30 01:57:38","updated":"2025-08-30 01:57:38","seo_analyzer_scan_date":null,"focus_keyword":null,"additional_keywords":null,"truseo_locale":null},"aioseo_breadcrumb":"<div class=\"aioseo-breadcrumbs\"><span class=\"aioseo-breadcrumb\">\n\t\t\t<a href=\"https:\/\/www.ejercito.mil.uy\" title=\"Home\">Home<\/a>\n\t\t<\/span><span class=\"aioseo-breadcrumb-separator\">&raquo;<\/span><span class=\"aioseo-breadcrumb\">\n\t\t\t<a href=\"https:\/\/www.ejercito.mil.uy\/index.php\/category\/destacados\/\" title=\"Destacados\">Destacados<\/a>\n\t\t<\/span><span class=\"aioseo-breadcrumb-separator\">&raquo;<\/span><span class=\"aioseo-breadcrumb\">\n\t\t\t<a href=\"https:\/\/www.ejercito.mil.uy\/index.php\/category\/destacados\/noticias\/\" title=\"Noticias\">Noticias<\/a>\n\t\t<\/span><span class=\"aioseo-breadcrumb-separator\">&raquo;<\/span><span class=\"aioseo-breadcrumb\">\n\t\t\tRemodelaci\u00f3n y mantenimiento\n\t\t<\/span><\/div>","aioseo_breadcrumb_json":[{"label":"Home","link":"https:\/\/www.ejercito.mil.uy"},{"label":"Destacados","link":"https:\/\/www.ejercito.mil.uy\/index.php\/category\/destacados\/"},{"label":"Noticias","link":"https:\/\/www.ejercito.mil.uy\/index.php\/category\/destacados\/noticias\/"},{"label":"Remodelaci\u00f3n y mantenimiento","link":"https:\/\/www.ejercito.mil.uy\/index.php\/2021\/06\/10\/remodelacion-y-mantenimiento\/"}],"_links":{"self":[{"href":"https:\/\/www.ejercito.mil.uy\/index.php\/wp-json\/wp\/v2\/posts\/3770","targetHints":{"allow":["GET"]}}],"collection":[{"href":"https:\/\/www.ejercito.mil.uy\/index.php\/wp-json\/wp\/v2\/posts"}],"about":[{"href":"https:\/\/www.ejercito.mil.uy\/index.php\/wp-json\/wp\/v2\/types\/post"}],"author":[{"embeddable":true,"href":"https:\/\/www.ejercito.mil.uy\/index.php\/wp-json\/wp\/v2\/users\/4"}],"replies":[{"embeddable":true,"href":"https:\/\/www.ejercito.mil.uy\/index.php\/wp-json\/wp\/v2\/comments?post=3770"}],"version-history":[{"count":2,"href":"https:\/\/www.ejercito.mil.uy\/index.php\/wp-json\/wp\/v2\/posts\/3770\/revisions"}],"predecessor-version":[{"id":3783,"href":"https:\/\/www.ejercito.mil.uy\/index.php\/wp-json\/wp\/v2\/posts\/3770\/revisions\/3783"}],"wp:featuredmedia":[{"embeddable":true,"href":"https:\/\/www.ejercito.mil.uy\/index.php\/wp-json\/wp\/v2\/media\/3774"}],"wp:attachment":[{"href":"https:\/\/www.ejercito.mil.uy\/index.php\/wp-json\/wp\/v2\/media?parent=3770"}],"wp:term":[{"taxonomy":"category","embeddable":true,"href":"https:\/\/www.ejercito.mil.uy\/index.php\/wp-json\/wp\/v2\/categories?post=3770"},{"taxonomy":"post_tag","embeddable":true,"href":"https:\/\/www.ejercito.mil.uy\/index.php\/wp-json\/wp\/v2\/tags?post=3770"}],"curies":[{"name":"wp","href":"https:\/\/api.w.org\/{rel}","templated":true}]}}