{"id":3829,"date":"2021-06-11T15:18:25","date_gmt":"2021-06-11T18:18:25","guid":{"rendered":"https:\/\/www.ejercito.mil.uy\/?p=3829"},"modified":"2021-06-11T15:18:25","modified_gmt":"2021-06-11T18:18:25","slug":"plan-de-vacunacion-pueblo-a-pueblo","status":"publish","type":"post","link":"https:\/\/www.ejercito.mil.uy\/index.php\/2021\/06\/11\/plan-de-vacunacion-pueblo-a-pueblo\/","title":{"rendered":"Plan de Vacunaci\u00f3n \u201cPueblo a Pueblo\u201d"},"content":{"rendered":"\n<p style=\"font-size:14px\">11.06.2021<\/p>\n\n\n\n<div style=\"height:24px\" aria-hidden=\"true\" class=\"wp-block-spacer\"><\/div>\n\n\n\n<p>Distintas Unidades del Ej\u00e9rcito Nacional, contribuyen con el <strong>Plan de Vacunaci\u00f3n COVID19<\/strong>, para inocular a compatriotas que viven en zonas alejadas de las capitales departamentales, mediante la acci\u00f3n <strong>\u201cPueblo a Pueblo\u201d<\/strong>.<\/p>\n\n\n\n<div style=\"height:33px\" aria-hidden=\"true\" class=\"wp-block-spacer\"><\/div>\n\n\n\n<p>El <strong><a href=\"https:\/\/www.facebook.com\/BatallondeInfateriaN10Uy\/\" data-type=\"URL\" data-id=\"https:\/\/www.facebook.com\/BatallondeInfateriaN10Uy\/\" target=\"_blank\" rel=\"noreferrer noopener\">Batall\u00f3n \u201cTreinta y Tres Orientales\u201d de Infanter\u00eda Mecanizado N\u00b0 10<\/a><\/strong>, en coordinaci\u00f3n con la <strong>Direcci\u00f3n Departamental de Salud de Treinta y Tres<\/strong>, inici\u00f3 el apoyo con personal y medios.<\/p>\n\n\n\n<div style=\"height:33px\" aria-hidden=\"true\" class=\"wp-block-spacer\"><\/div>\n\n\n\n<div class=\"wp-block-coblocks-gallery-carousel\"><div class=\"is-cropped coblocks-gallery has-no-alignment has-caption-style-dark has-horizontal-gutter\"><div class=\"has-carousel has-carousel-lrg\" style=\"height:400px\" data-flickity=\"{&quot;autoPlay&quot;:5000,&quot;draggable&quot;:true,&quot;pageDots&quot;:false,&quot;prevNextButtons&quot;:true,&quot;wrapAround&quot;:true,&quot;cellAlign&quot;:&quot;center&quot;,&quot;pauseAutoPlayOnHover&quot;:false,&quot;freeScroll&quot;:false,&quot;arrowShape&quot;:{&quot;x0&quot;:10,&quot;x1&quot;:60,&quot;y1&quot;:50,&quot;x2&quot;:65,&quot;y2&quot;:45,&quot;x3&quot;:20},&quot;thumbnails&quot;:false,&quot;responsiveHeight&quot;:false}\"><div class=\"coblocks-gallery--item\"><figure class=\"coblocks-gallery--figure has-margin-left-10 has-margin-right-10\"><img fetchpriority=\"high\" decoding=\"async\" width=\"1024\" height=\"683\" src=\"https:\/\/www.ejercito.mil.uy\/wp-content\/uploads\/2021\/06\/Vacunas-2-2-1024x683.jpg\" alt=\"\" data-id=\"3831\" data-link=\"https:\/\/www.ejercito.mil.uy\/?attachment_id=3831\" class=\"wp-image-3831\" srcset=\"https:\/\/www.ejercito.mil.uy\/wp-content\/uploads\/2021\/06\/Vacunas-2-2-1024x683.jpg 1024w, https:\/\/www.ejercito.mil.uy\/wp-content\/uploads\/2021\/06\/Vacunas-2-2-300x200.jpg 300w, https:\/\/www.ejercito.mil.uy\/wp-content\/uploads\/2021\/06\/Vacunas-2-2.jpg 1200w\" sizes=\"(max-width: 1024px) 100vw, 1024px\" \/><\/figure><\/div><div class=\"coblocks-gallery--item\"><figure class=\"coblocks-gallery--figure has-margin-left-10 has-margin-right-10\"><img decoding=\"async\" width=\"1024\" height=\"683\" src=\"https:\/\/www.ejercito.mil.uy\/wp-content\/uploads\/2021\/06\/Vacunas-3-1-1024x683.jpg\" alt=\"\" data-id=\"3832\" data-link=\"https:\/\/www.ejercito.mil.uy\/?attachment_id=3832\" class=\"wp-image-3832\" srcset=\"https:\/\/www.ejercito.mil.uy\/wp-content\/uploads\/2021\/06\/Vacunas-3-1-1024x683.jpg 1024w, https:\/\/www.ejercito.mil.uy\/wp-content\/uploads\/2021\/06\/Vacunas-3-1-300x200.jpg 300w, https:\/\/www.ejercito.mil.uy\/wp-content\/uploads\/2021\/06\/Vacunas-3-1.jpg 1200w\" sizes=\"(max-width: 1024px) 100vw, 1024px\" \/><\/figure><\/div><div class=\"coblocks-gallery--item\"><figure class=\"coblocks-gallery--figure has-margin-left-10 has-margin-right-10\"><img decoding=\"async\" width=\"1024\" height=\"683\" src=\"https:\/\/www.ejercito.mil.uy\/wp-content\/uploads\/2021\/06\/Vacunas-4-1-1024x683.jpg\" alt=\"\" data-id=\"3833\" data-link=\"https:\/\/www.ejercito.mil.uy\/?attachment_id=3833\" class=\"wp-image-3833\" srcset=\"https:\/\/www.ejercito.mil.uy\/wp-content\/uploads\/2021\/06\/Vacunas-4-1-1024x683.jpg 1024w, https:\/\/www.ejercito.mil.uy\/wp-content\/uploads\/2021\/06\/Vacunas-4-1-300x200.jpg 300w, https:\/\/www.ejercito.mil.uy\/wp-content\/uploads\/2021\/06\/Vacunas-4-1.jpg 1200w\" sizes=\"(max-width: 1024px) 100vw, 1024px\" \/><\/figure><\/div><div class=\"coblocks-gallery--item\"><figure class=\"coblocks-gallery--figure has-margin-left-10 has-margin-right-10\"><img loading=\"lazy\" decoding=\"async\" width=\"1024\" height=\"683\" src=\"https:\/\/www.ejercito.mil.uy\/wp-content\/uploads\/2021\/06\/Vacunas-8-1-1024x683.jpg\" alt=\"\" data-id=\"3834\" data-link=\"https:\/\/www.ejercito.mil.uy\/?attachment_id=3834\" class=\"wp-image-3834\" srcset=\"https:\/\/www.ejercito.mil.uy\/wp-content\/uploads\/2021\/06\/Vacunas-8-1-1024x683.jpg 1024w, https:\/\/www.ejercito.mil.uy\/wp-content\/uploads\/2021\/06\/Vacunas-8-1-300x200.jpg 300w, https:\/\/www.ejercito.mil.uy\/wp-content\/uploads\/2021\/06\/Vacunas-8-1.jpg 1200w\" sizes=\"(max-width: 1024px) 100vw, 1024px\" \/><\/figure><\/div><\/div><\/div><\/div>\n\n\n\n<div style=\"height:66px\" aria-hidden=\"true\" class=\"wp-block-spacer\"><\/div>\n\n\n\n<p>En el departamento de Flores, un conductor del <strong><a href=\"https:\/\/www.facebook.com\/GrupoArtilleria2\/\" data-type=\"URL\" data-id=\"https:\/\/www.facebook.com\/GrupoArtilleria2\/\" target=\"_blank\" rel=\"noreferrer noopener\">Grupo \u00ab\u00c9xodo del Pueblo Oriental\u00bb de Artiller\u00eda AP 122mm N\u00ba 2<\/a><\/strong>, realiza el traslado de las dosis y vacunadores. Ha recorrido diferentes poblados del interior profundo: <strong>Andresito<\/strong>, <strong>Juan Jos\u00e9 Castro<\/strong>, <strong>La Casilla<\/strong>, <strong>Cerro Colorado<\/strong> y <strong>Villa Ismael Cortinas<\/strong>.<\/p>\n\n\n\n<div style=\"height:33px\" aria-hidden=\"true\" class=\"wp-block-spacer\"><\/div>\n\n\n\n<div class=\"wp-block-coblocks-gallery-carousel coblocks-animate\" data-coblocks-animation=\"slideInLeft\"><div class=\"is-cropped coblocks-gallery has-no-alignment has-caption-style-dark has-horizontal-gutter has-lightbox\"><div class=\"has-carousel has-carousel-lrg\" style=\"height:400px\" data-flickity=\"{&quot;autoPlay&quot;:5000,&quot;draggable&quot;:true,&quot;pageDots&quot;:false,&quot;prevNextButtons&quot;:true,&quot;wrapAround&quot;:true,&quot;cellAlign&quot;:&quot;center&quot;,&quot;pauseAutoPlayOnHover&quot;:false,&quot;freeScroll&quot;:true,&quot;arrowShape&quot;:{&quot;x0&quot;:10,&quot;x1&quot;:60,&quot;y1&quot;:50,&quot;x2&quot;:65,&quot;y2&quot;:45,&quot;x3&quot;:20},&quot;thumbnails&quot;:false,&quot;responsiveHeight&quot;:false}\"><div class=\"coblocks-gallery--item\"><figure class=\"coblocks-gallery--figure has-margin-left-10 has-margin-right-10\"><img loading=\"lazy\" decoding=\"async\" width=\"1024\" height=\"683\" src=\"https:\/\/www.ejercito.mil.uy\/wp-content\/uploads\/2021\/06\/Vacunas-3-2-1024x683.jpg\" alt=\"\" data-id=\"3835\" data-link=\"https:\/\/www.ejercito.mil.uy\/?attachment_id=3835\" class=\"wp-image-3835\" srcset=\"https:\/\/www.ejercito.mil.uy\/wp-content\/uploads\/2021\/06\/Vacunas-3-2-1024x683.jpg 1024w, https:\/\/www.ejercito.mil.uy\/wp-content\/uploads\/2021\/06\/Vacunas-3-2-300x200.jpg 300w, https:\/\/www.ejercito.mil.uy\/wp-content\/uploads\/2021\/06\/Vacunas-3-2.jpg 1200w\" sizes=\"(max-width: 1024px) 100vw, 1024px\" \/><\/figure><\/div><div class=\"coblocks-gallery--item\"><figure class=\"coblocks-gallery--figure has-margin-left-10 has-margin-right-10\"><img loading=\"lazy\" decoding=\"async\" width=\"1024\" height=\"683\" src=\"https:\/\/www.ejercito.mil.uy\/wp-content\/uploads\/2021\/06\/Vacunas-5-1-1024x683.jpg\" alt=\"\" data-id=\"3836\" data-link=\"https:\/\/www.ejercito.mil.uy\/?attachment_id=3836\" class=\"wp-image-3836\" srcset=\"https:\/\/www.ejercito.mil.uy\/wp-content\/uploads\/2021\/06\/Vacunas-5-1-1024x683.jpg 1024w, https:\/\/www.ejercito.mil.uy\/wp-content\/uploads\/2021\/06\/Vacunas-5-1-300x200.jpg 300w, https:\/\/www.ejercito.mil.uy\/wp-content\/uploads\/2021\/06\/Vacunas-5-1.jpg 1200w\" sizes=\"(max-width: 1024px) 100vw, 1024px\" \/><\/figure><\/div><div class=\"coblocks-gallery--item\"><figure class=\"coblocks-gallery--figure has-margin-left-10 has-margin-right-10\"><img loading=\"lazy\" decoding=\"async\" width=\"1024\" height=\"683\" src=\"https:\/\/www.ejercito.mil.uy\/wp-content\/uploads\/2021\/06\/Vacunas-7-1-1024x683.jpg\" alt=\"\" data-id=\"3837\" data-link=\"https:\/\/www.ejercito.mil.uy\/?attachment_id=3837\" class=\"wp-image-3837\" srcset=\"https:\/\/www.ejercito.mil.uy\/wp-content\/uploads\/2021\/06\/Vacunas-7-1-1024x683.jpg 1024w, https:\/\/www.ejercito.mil.uy\/wp-content\/uploads\/2021\/06\/Vacunas-7-1-300x200.jpg 300w, https:\/\/www.ejercito.mil.uy\/wp-content\/uploads\/2021\/06\/Vacunas-7-1.jpg 1200w\" sizes=\"(max-width: 1024px) 100vw, 1024px\" \/><\/figure><\/div><\/div><\/div><\/div>\n\n\n\n<div style=\"height:66px\" aria-hidden=\"true\" class=\"wp-block-spacer\"><\/div>\n\n\n\n<p>Por su parte, el <strong><a rel=\"noreferrer noopener\" href=\"https:\/\/www.facebook.com\/bning4\/\" data-type=\"URL\" data-id=\"https:\/\/www.facebook.com\/bning4\/\" target=\"_blank\">Batall\u00f3n \u00abCnel. Ventura Alegre\u00bb de Ingenieros de Combate N\u00b0 4<\/a><\/strong>, colabor\u00f3 con la comunidad fernandina, instalando dos carpas en el Barrio Eucaliptus, que fueron utilizadas como centros vacunatorios m\u00f3viles.<\/p>\n\n\n\n<div style=\"height:33px\" aria-hidden=\"true\" class=\"wp-block-spacer\"><\/div>\n\n\n\n<figure class=\"wp-block-image size-large\"><img loading=\"lazy\" decoding=\"async\" width=\"1024\" height=\"683\" src=\"https:\/\/www.ejercito.mil.uy\/wp-content\/uploads\/2021\/06\/Vacunas-6-1-1024x683.jpg\" alt=\"\" class=\"wp-image-3838\" srcset=\"https:\/\/www.ejercito.mil.uy\/wp-content\/uploads\/2021\/06\/Vacunas-6-1-1024x683.jpg 1024w, https:\/\/www.ejercito.mil.uy\/wp-content\/uploads\/2021\/06\/Vacunas-6-1-300x200.jpg 300w, https:\/\/www.ejercito.mil.uy\/wp-content\/uploads\/2021\/06\/Vacunas-6-1.jpg 1200w\" sizes=\"(max-width: 1024px) 100vw, 1024px\" \/><\/figure>\n\n\n\n<p><\/p>\n","protected":false},"excerpt":{"rendered":"<p>11.06.2021 Distintas Unidades del Ej\u00e9rcito Nacional, contribuyen con el Plan de Vacunaci\u00f3n COVID19, para inocular a compatriotas que viven en zonas alejadas de las capitales departamentales, mediante la acci\u00f3n \u201cPueblo a Pueblo\u201d. El Batall\u00f3n \u201cTreinta y Tres Orientales\u201d de Infanter\u00eda Mecanizado N\u00b0 10, en coordinaci\u00f3n con la Direcci\u00f3n Departamental de Salud de Treinta y Tres, <a href=\"https:\/\/www.ejercito.mil.uy\/index.php\/2021\/06\/11\/plan-de-vacunacion-pueblo-a-pueblo\/\" class=\"more-link\">&#8230;<span class=\"screen-reader-text\">  Plan de Vacunaci\u00f3n \u201cPueblo a Pueblo\u201d<\/span><\/a><\/p>\n","protected":false},"author":4,"featured_media":3830,"comment_status":"closed","ping_status":"open","sticky":false,"template":"","format":"standard","meta":{"_coblocks_attr":"","_coblocks_dimensions":"","_coblocks_responsive_height":"","_coblocks_accordion_ie_support":"","_monsterinsights_skip_tracking":false,"_monsterinsights_sitenote_active":false,"_monsterinsights_sitenote_note":"","_monsterinsights_sitenote_category":0,"_uf_show_specific_survey":0,"_uf_disable_surveys":false,"footnotes":""},"categories":[2,14],"tags":[27,32,29,25,37,23],"class_list":["post-3829","post","type-post","status-publish","format-standard","has-post-thumbnail","hentry","category-blog","category-noticias","tag-apoyo","tag-bienestar","tag-comunidad","tag-covid","tag-sociedad","tag-vacunacion"],"aioseo_notices":[],"_links":{"self":[{"href":"https:\/\/www.ejercito.mil.uy\/index.php\/wp-json\/wp\/v2\/posts\/3829","targetHints":{"allow":["GET"]}}],"collection":[{"href":"https:\/\/www.ejercito.mil.uy\/index.php\/wp-json\/wp\/v2\/posts"}],"about":[{"href":"https:\/\/www.ejercito.mil.uy\/index.php\/wp-json\/wp\/v2\/types\/post"}],"author":[{"embeddable":true,"href":"https:\/\/www.ejercito.mil.uy\/index.php\/wp-json\/wp\/v2\/users\/4"}],"replies":[{"embeddable":true,"href":"https:\/\/www.ejercito.mil.uy\/index.php\/wp-json\/wp\/v2\/comments?post=3829"}],"version-history":[{"count":1,"href":"https:\/\/www.ejercito.mil.uy\/index.php\/wp-json\/wp\/v2\/posts\/3829\/revisions"}],"predecessor-version":[{"id":3839,"href":"https:\/\/www.ejercito.mil.uy\/index.php\/wp-json\/wp\/v2\/posts\/3829\/revisions\/3839"}],"wp:featuredmedia":[{"embeddable":true,"href":"https:\/\/www.ejercito.mil.uy\/index.php\/wp-json\/wp\/v2\/media\/3830"}],"wp:attachment":[{"href":"https:\/\/www.ejercito.mil.uy\/index.php\/wp-json\/wp\/v2\/media?parent=3829"}],"wp:term":[{"taxonomy":"category","embeddable":true,"href":"https:\/\/www.ejercito.mil.uy\/index.php\/wp-json\/wp\/v2\/categories?post=3829"},{"taxonomy":"post_tag","embeddable":true,"href":"https:\/\/www.ejercito.mil.uy\/index.php\/wp-json\/wp\/v2\/tags?post=3829"}],"curies":[{"name":"wp","href":"https:\/\/api.w.org\/{rel}","templated":true}]}}