{"id":3858,"date":"2020-03-14T12:00:45","date_gmt":"2020-03-14T15:00:45","guid":{"rendered":"https:\/\/www.ejercito.mil.uy\/?p=3858"},"modified":"2021-06-14T15:02:28","modified_gmt":"2021-06-14T18:02:28","slug":"discurso-del-sr-cje-general-de-ejercito-gerardo-d-fregossi","status":"publish","type":"post","link":"https:\/\/www.ejercito.mil.uy\/index.php\/2020\/03\/14\/discurso-del-sr-cje-general-de-ejercito-gerardo-d-fregossi\/","title":{"rendered":"Discurso del Sr. CJE, General de Ej\u00e9rcito Gerardo D. Fregossi"},"content":{"rendered":"\n<p style=\"font-size:14px\">04.03.2020 &#8211; Comando General del Ej\u00e9rcito<\/p>\n\n\n\n<div style=\"height:24px\" aria-hidden=\"true\" class=\"wp-block-spacer\"><\/div>\n\n\n\n<p class=\"has-medium-font-size\"><strong>Con la presencia del Sr. Presidente de la Rep\u00fablica, Dr. Luis Lacalle Pou, Sra. Vicepresidente de la Rep\u00fablica, autoridades nacionales e invitados especiales, se realiz\u00f3 en la ma\u00f1ana de hoy, la ceremonia de puesta en posesi\u00f3n del cargo del Comandante en Jefe del Ej\u00e9rcito, General de Ej\u00e9rcito don Gerardo D. Fregossi.<\/strong><\/p>\n\n\n\n<div style=\"height:33px\" aria-hidden=\"true\" class=\"wp-block-spacer\"><\/div>\n\n\n\n<p class=\"has-normal-font-size\">El Sr. Ministro de Defensa Nacional, Dr. Javier Garc\u00eda hizo entrega del despacho y del distintivo correspondiente.<\/p>\n\n\n\n<div style=\"height:33px\" aria-hidden=\"true\" class=\"wp-block-spacer\"><\/div>\n\n\n\n<p>Durante su discurso, el Sr. CJE expres\u00f3 que el trabajo, el esfuerzo propio, la rectitud de procedimientos y el don de gente, son los valores que continuar\u00e1n siendo una norma b\u00e1sica de la Instituci\u00f3n; premisa que comprendi\u00f3 desde ni\u00f1o. A su vez, subray\u00f3 que los Soldados de la Fuerza, siempre extienden su mano para ayudar cada vez que son requeridos, \u201cdejando muy en claro que el Ej\u00e9rcito es y seguir\u00e1 siendo &#8216;La Fuerza de todos&#8217;\u201d.<\/p>\n\n\n\n<div style=\"height:33px\" aria-hidden=\"true\" class=\"wp-block-spacer\"><\/div>\n\n\n\n<p>La ceremonia finaliz\u00f3 con el desfile de m\u00e1s de 160 efectivos, que rindieron honores a las autoridades presentes.<\/p>\n\n\n\n<div style=\"height:33px\" aria-hidden=\"true\" class=\"wp-block-spacer\"><\/div>\n\n\n\n<p class=\"has-black-color has-text-color has-background has-medium-font-size\" style=\"background-color:#fff9e5\"><strong>Discurso del Sr. Comandante en Jefe del Ej\u00e9rcito, General de Ej\u00e9rcito don Gerardo D. Fregossi<\/strong><\/p>\n\n\n\n<div style=\"height:33px\" aria-hidden=\"true\" class=\"wp-block-spacer\"><\/div>\n\n\n\n<div class=\"wp-block-file aligncenter\"><a href=\"https:\/\/www.ejercito.mil.uy\/wp-content\/uploads\/2021\/06\/Palabras-del-Sr.-CJE-Puesta-en-Posesion-del-cargo-04MAR20.pdf\" target=\"_blank\" rel=\"noreferrer noopener\">Palabras-del-Sr.-CJE-Puesta-en-Posesion-del-cargo-04MAR20<\/a><a href=\"https:\/\/www.ejercito.mil.uy\/wp-content\/uploads\/2021\/06\/Palabras-del-Sr.-CJE-Puesta-en-Posesion-del-cargo-04MAR20.pdf\" class=\"wp-block-file__button\" download>Descarga<\/a><\/div>\n\n\n\n<div style=\"height:55px\" aria-hidden=\"true\" class=\"wp-block-spacer\"><\/div>\n\n\n\n<figure class=\"wp-block-embed aligncenter is-type-video is-provider-youtube wp-block-embed-youtube wp-embed-aspect-16-9 wp-has-aspect-ratio\"><div class=\"wp-block-embed__wrapper\">\n<iframe title=\"Resumen del discurso del Sr. CJE, General de Ej\u00e9rcito Gerardo D. Fregossi\" width=\"1778\" height=\"1000\" src=\"https:\/\/www.youtube.com\/embed\/fmF9_JLHs4s?feature=oembed\" frameborder=\"0\" allow=\"accelerometer; autoplay; clipboard-write; encrypted-media; gyroscope; picture-in-picture\" allowfullscreen><\/iframe>\n<\/div><\/figure>\n","protected":false},"excerpt":{"rendered":"<p>04.03.2020 &#8211; Comando General del Ej\u00e9rcito Con la presencia del Sr. Presidente de la Rep\u00fablica, Dr. Luis Lacalle Pou, Sra. Vicepresidente de la Rep\u00fablica, autoridades nacionales e invitados especiales, se realiz\u00f3 en la ma\u00f1ana de hoy, la ceremonia de puesta en posesi\u00f3n del cargo del Comandante en Jefe del Ej\u00e9rcito, General de Ej\u00e9rcito don Gerardo <a href=\"https:\/\/www.ejercito.mil.uy\/index.php\/2020\/03\/14\/discurso-del-sr-cje-general-de-ejercito-gerardo-d-fregossi\/\" class=\"more-link\">&#8230;<span class=\"screen-reader-text\">  Discurso del Sr. CJE, General de Ej\u00e9rcito Gerardo D. Fregossi<\/span><\/a><\/p>\n","protected":false},"author":4,"featured_media":3860,"comment_status":"closed","ping_status":"open","sticky":false,"template":"","format":"standard","meta":{"_coblocks_attr":"","_coblocks_dimensions":"","_coblocks_responsive_height":"","_coblocks_accordion_ie_support":"","_monsterinsights_skip_tracking":false,"_monsterinsights_sitenote_active":false,"_monsterinsights_sitenote_note":"","_monsterinsights_sitenote_category":0,"_uf_show_specific_survey":0,"_uf_disable_surveys":false,"footnotes":""},"categories":[2,14],"tags":[44,59],"class_list":["post-3858","post","type-post","status-publish","format-standard","has-post-thumbnail","hentry","category-blog","category-noticias","tag-ceremonia","tag-video"],"aioseo_notices":[],"_links":{"self":[{"href":"https:\/\/www.ejercito.mil.uy\/index.php\/wp-json\/wp\/v2\/posts\/3858","targetHints":{"allow":["GET"]}}],"collection":[{"href":"https:\/\/www.ejercito.mil.uy\/index.php\/wp-json\/wp\/v2\/posts"}],"about":[{"href":"https:\/\/www.ejercito.mil.uy\/index.php\/wp-json\/wp\/v2\/types\/post"}],"author":[{"embeddable":true,"href":"https:\/\/www.ejercito.mil.uy\/index.php\/wp-json\/wp\/v2\/users\/4"}],"replies":[{"embeddable":true,"href":"https:\/\/www.ejercito.mil.uy\/index.php\/wp-json\/wp\/v2\/comments?post=3858"}],"version-history":[{"count":5,"href":"https:\/\/www.ejercito.mil.uy\/index.php\/wp-json\/wp\/v2\/posts\/3858\/revisions"}],"predecessor-version":[{"id":3865,"href":"https:\/\/www.ejercito.mil.uy\/index.php\/wp-json\/wp\/v2\/posts\/3858\/revisions\/3865"}],"wp:featuredmedia":[{"embeddable":true,"href":"https:\/\/www.ejercito.mil.uy\/index.php\/wp-json\/wp\/v2\/media\/3860"}],"wp:attachment":[{"href":"https:\/\/www.ejercito.mil.uy\/index.php\/wp-json\/wp\/v2\/media?parent=3858"}],"wp:term":[{"taxonomy":"category","embeddable":true,"href":"https:\/\/www.ejercito.mil.uy\/index.php\/wp-json\/wp\/v2\/categories?post=3858"},{"taxonomy":"post_tag","embeddable":true,"href":"https:\/\/www.ejercito.mil.uy\/index.php\/wp-json\/wp\/v2\/tags?post=3858"}],"curies":[{"name":"wp","href":"https:\/\/api.w.org\/{rel}","templated":true}]}}