{"id":3897,"date":"2021-01-16T14:58:00","date_gmt":"2021-01-16T17:58:00","guid":{"rendered":"https:\/\/www.ejercito.mil.uy\/?p=3897"},"modified":"2021-06-16T18:41:41","modified_gmt":"2021-06-16T21:41:41","slug":"resena-historica-del-regimiento-blandengues-de-artigas","status":"publish","type":"post","link":"https:\/\/www.ejercito.mil.uy\/index.php\/2021\/01\/16\/resena-historica-del-regimiento-blandengues-de-artigas\/","title":{"rendered":"Rese\u00f1a hist\u00f3rica del Regimiento \u00abBlandengues de Artigas\u00bb"},"content":{"rendered":"\n<p style=\"font-size:14px\">Regimiento \u00abBlandengues de Artigas\u00bb de Caballer\u00eda N\u00b0 1 &#8211; \u00abEscolta del Se\u00f1or Presidente de la Rep\u00fablica\u00bb<\/p>\n\n\n\n<div style=\"height:24px\" aria-hidden=\"true\" class=\"wp-block-spacer\"><\/div>\n\n\n\n<p class=\"has-normal-font-size\">El Cuerpo de Veteranos de Blandengues de la Frontera de Montevideo fue creado el 7 de diciembre de 1796, por Decreto del Virrey del Rio de la Plata, don Pedro Mello de Portugal y Villena, siendo su primer sede el cuartel Dragones de Maldonado.<\/p>\n\n\n\n<div style=\"height:33px\" aria-hidden=\"true\" class=\"wp-block-spacer\"><\/div>\n\n\n\n<p class=\"has-normal-font-size\">Existen varias interpretaciones con respecto al origen de su nombre, siendo las m\u00e1s aceptadas las que provienen del blandir de las lanzas al ser revistadas, o del blandear por su caracter\u00edstica de n\u00f3mades, ya que su misi\u00f3n les impon\u00eda trasladarse de un lugar a otro.<\/p>\n\n\n\n<div style=\"height:33px\" aria-hidden=\"true\" class=\"wp-block-spacer\"><\/div>\n\n\n\n<p>Uno de sus primeros integrantes, fue quien se convertir\u00eda en su Jefe inmortal, el Gral. Jos\u00e9 Gervasio Artigas, quien ingres\u00f3 como Soldado el 10 de marzo de 1797.<\/p>\n\n\n\n<div style=\"height:33px\" aria-hidden=\"true\" class=\"wp-block-spacer\"><\/div>\n\n\n\n<p>En 1811 los blandengues cabalgaron con el ya Capit\u00e1n Jos\u00e9 Artigas hacia la conquista de la independencia, pasando por la gran victoria de la Batalla de las Piedras, los dos Sitios de Montevideo, y por el \u00c9xodo del Pueblo Oriental, dejando atr\u00e1s sus bienes y riquezas en defensa de sus ideales.<\/p>\n\n\n\n<div style=\"height:33px\" aria-hidden=\"true\" class=\"wp-block-spacer\"><\/div>\n\n\n\n<p>Casi disueltos sus remanentes se reorganizaron en la Gesta Emancipadora, participando en la Batalla de Sarand\u00ed, Ituzaing\u00f3 y Camacu\u00e1, entre otras.<\/p>\n\n\n\n<div style=\"height:33px\" aria-hidden=\"true\" class=\"wp-block-spacer\"><\/div>\n\n\n\n<p>Con diversas denominaciones hasta 1829, donde recibe el nombre de \u201cRegimiento 1\u00ba de Caballer\u00eda\u201d.<\/p>\n\n\n\n<div style=\"height:33px\" aria-hidden=\"true\" class=\"wp-block-spacer\"><\/div>\n\n\n\n<p>En el a\u00f1o 1858 recibe su misi\u00f3n de escolta Presidencial.<\/p>\n\n\n\n<div style=\"height:33px\" aria-hidden=\"true\" class=\"wp-block-spacer\"><\/div>\n\n\n\n<p>El 25 de Agosto de 1910 recibe su actual denominaci\u00f3n, de Reg. \u201cBlandengues de Artigas\u201d de C. N\u00ba 1, en honor a quienes con sus lanzas forjaron las paginas mas doradas de nuestra historia. Ese mismo d\u00eda se inaugura la actual sede, la cual es obra del Gral. Arquitecto Alfredo R. Campos.<\/p>\n\n\n\n<div style=\"height:33px\" aria-hidden=\"true\" class=\"wp-block-spacer\"><\/div>\n\n\n\n<p>Parte de esta rica historia el Regimiento la lleva en cada una de las actividades en la cual concurre, un Blandengue moreno, representando a Ansina, el m\u00e1s fiel de los soldados de Mi General, trae de tiro un caballo moro, ultima cabalgadura que reclam\u00f3 el pr\u00f3cer desde su ultimo lecho, tiene puesto su apero y su sable, siempre pronto, esperando que nuestro Jefe monte para mostrarle el filo de su sable al invasor. Trae un perro cimarr\u00f3n, \u00fanica raza canina originaria de nuestro pa\u00eds, ellos representan nuestra libertad e independencia, y es nuestro compromiso mantenerlas por las palabras o por las armas. Como dijo el pr\u00f3cer a Lecor ante su propuesta de rendici\u00f3n: \u201cD\u00edgale a su Jefe, que el d\u00eda que no tenga mas soldados, lo pelear\u00e9 con perros cimarrones\u201d.<\/p>\n\n\n\n<div style=\"height:33px\" aria-hidden=\"true\" class=\"wp-block-spacer\"><\/div>\n\n\n\n<p>Orgullosos de nuestra historia, somos los custodias de sus valores, vestimos solemnes su uniforme, y recibimos la herencia de ser montados.<\/p>\n\n\n\n<div style=\"height:33px\" aria-hidden=\"true\" class=\"wp-block-spacer\"><\/div>\n\n\n\n<p><br>Descanse Mi General, Sabremos Cumplir, aunque en el intento, tengamos la gloria de chocar estribos con estribos donde se encuentre, galopando por los Escuadrones de todos los Orientales que han dado su vida en el intento.<br>Descanse Mi General, Sabremos Cumplir, la Patria continuar\u00e1 libre y soberana mientras haya un Blandengue.<\/p>\n\n\n\n<div style=\"height:33px\" aria-hidden=\"true\" class=\"wp-block-spacer\"><\/div>\n\n\n\n<div style=\"height:35px\" aria-hidden=\"true\" class=\"wp-block-spacer\"><\/div>\n\n\n\n<p><\/p>\n","protected":false},"excerpt":{"rendered":"<p>Regimiento \u00abBlandengues de Artigas\u00bb de Caballer\u00eda N\u00b0 1 &#8211; \u00abEscolta del Se\u00f1or Presidente de la Rep\u00fablica\u00bb El Cuerpo de Veteranos de Blandengues de la Frontera de Montevideo fue creado el 7 de diciembre de 1796, por Decreto del Virrey del Rio de la Plata, don Pedro Mello de Portugal y Villena, siendo su primer sede <a href=\"https:\/\/www.ejercito.mil.uy\/index.php\/2021\/01\/16\/resena-historica-del-regimiento-blandengues-de-artigas\/\" class=\"more-link\">&#8230;<span class=\"screen-reader-text\">  Rese\u00f1a hist\u00f3rica del Regimiento \u00abBlandengues de Artigas\u00bb<\/span><\/a><\/p>\n","protected":false},"author":4,"featured_media":3898,"comment_status":"open","ping_status":"open","sticky":false,"template":"","format":"standard","meta":{"_coblocks_attr":"","_coblocks_dimensions":"","_coblocks_responsive_height":"","_coblocks_accordion_ie_support":"","_monsterinsights_skip_tracking":false,"_monsterinsights_sitenote_active":false,"_monsterinsights_sitenote_note":"","_monsterinsights_sitenote_category":0,"_uf_show_specific_survey":0,"_uf_disable_surveys":false,"footnotes":""},"categories":[2,14],"tags":[],"class_list":["post-3897","post","type-post","status-publish","format-standard","has-post-thumbnail","hentry","category-blog","category-noticias"],"aioseo_notices":[],"_links":{"self":[{"href":"https:\/\/www.ejercito.mil.uy\/index.php\/wp-json\/wp\/v2\/posts\/3897","targetHints":{"allow":["GET"]}}],"collection":[{"href":"https:\/\/www.ejercito.mil.uy\/index.php\/wp-json\/wp\/v2\/posts"}],"about":[{"href":"https:\/\/www.ejercito.mil.uy\/index.php\/wp-json\/wp\/v2\/types\/post"}],"author":[{"embeddable":true,"href":"https:\/\/www.ejercito.mil.uy\/index.php\/wp-json\/wp\/v2\/users\/4"}],"replies":[{"embeddable":true,"href":"https:\/\/www.ejercito.mil.uy\/index.php\/wp-json\/wp\/v2\/comments?post=3897"}],"version-history":[{"count":2,"href":"https:\/\/www.ejercito.mil.uy\/index.php\/wp-json\/wp\/v2\/posts\/3897\/revisions"}],"predecessor-version":[{"id":3900,"href":"https:\/\/www.ejercito.mil.uy\/index.php\/wp-json\/wp\/v2\/posts\/3897\/revisions\/3900"}],"wp:featuredmedia":[{"embeddable":true,"href":"https:\/\/www.ejercito.mil.uy\/index.php\/wp-json\/wp\/v2\/media\/3898"}],"wp:attachment":[{"href":"https:\/\/www.ejercito.mil.uy\/index.php\/wp-json\/wp\/v2\/media?parent=3897"}],"wp:term":[{"taxonomy":"category","embeddable":true,"href":"https:\/\/www.ejercito.mil.uy\/index.php\/wp-json\/wp\/v2\/categories?post=3897"},{"taxonomy":"post_tag","embeddable":true,"href":"https:\/\/www.ejercito.mil.uy\/index.php\/wp-json\/wp\/v2\/tags?post=3897"}],"curies":[{"name":"wp","href":"https:\/\/api.w.org\/{rel}","templated":true}]}}