{"id":3987,"date":"2021-06-15T19:00:00","date_gmt":"2021-06-15T22:00:00","guid":{"rendered":"https:\/\/www.ejercito.mil.uy\/?p=3987"},"modified":"2021-06-17T19:32:25","modified_gmt":"2021-06-17T22:32:25","slug":"actividades-de-instruccion-de-la-brigada-de-infanteria-n-4","status":"publish","type":"post","link":"https:\/\/www.ejercito.mil.uy\/index.php\/2021\/06\/15\/actividades-de-instruccion-de-la-brigada-de-infanteria-n-4\/","title":{"rendered":"Actividades de instrucci\u00f3n de la Brigada de Infanter\u00eda N\u00b0 4"},"content":{"rendered":"\n<p class=\"wp-block-paragraph\" style=\"font-size:14px\">15.06.2021 &#8211; Minas, Lavalleja<\/p>\n\n\n\n<div style=\"height:24px\" aria-hidden=\"true\" class=\"wp-block-spacer\"><\/div>\n\n\n\n<p class=\"wp-block-paragraph\">Efectivos pertenecientes al \u00e1mbito de la <strong>Brigada de Infanter\u00eda N\u00ba 4<\/strong> (ubicada en la ciudad de Minas), realizaron actividades de instrucci\u00f3n, que estuvieron dirigidas a los especialistas que integran las Secciones de Estado Mayor y de apoyo administrativo de la Compa\u00f1\u00eda de Comando y Servicios.<\/p>\n\n\n\n<div style=\"height:33px\" aria-hidden=\"true\" class=\"wp-block-spacer\"><\/div>\n\n\n\n<p class=\"wp-block-paragraph\">La instrucci\u00f3n se orient\u00f3 de forma te\u00f3rica y pr\u00e1ctica, a la organizaci\u00f3n y al despliegue de instalaciones y su capacidad para operar en campa\u00f1a.<\/p>\n\n\n\n<div style=\"height:33px\" aria-hidden=\"true\" class=\"wp-block-spacer\"><\/div>\n\n\n\n<figure class=\"wp-block-video\"><video controls src=\"https:\/\/www.ejercito.mil.uy\/wp-content\/uploads\/2021\/06\/Actividades-de-instruccion-Batallon-General-Leonardo-Olivera-de-Infanteria-Mecanizado-Nr-12-.mp4\"><\/video><figcaption>Video realizado por integrantes del Batall\u00f3n \u00abGeneral Leonardo Olivera\u00bb de Infanter\u00eda Mecanizado N\u00b0 12<\/figcaption><\/figure>\n","protected":false},"excerpt":{"rendered":"<p>15.06.2021 -Efectivos pertenecientes al \u00e1mbito de la Brigada de Infanter\u00eda N\u00ba 4 (ubicada en la ciudad de Minas), realizaron actividades de instrucci\u00f3n, que estuvieron dirigidas a los especialistas que integran las Secciones de Estado Mayor y de apoyo administrativo de la Compa\u00f1\u00eda de Comando y Servicios.La instrucci\u00f3n se orient\u00f3 de forma te\u00f3rica y pr\u00e1ctica, a la organizaci\u00f3n y al despliegue de instalaciones y su capacidad para operar en campa\u00f1a.<\/p>\n","protected":false},"author":4,"featured_media":3992,"comment_status":"open","ping_status":"open","sticky":false,"template":"","format":"standard","meta":{"_coblocks_attr":"","_coblocks_dimensions":"","_coblocks_responsive_height":"","_coblocks_accordion_ie_support":"","_monsterinsights_skip_tracking":false,"_uf_show_specific_survey":0,"_uf_disable_surveys":false,"footnotes":""},"categories":[2,14],"tags":[],"class_list":["post-3987","post","type-post","status-publish","format-standard","has-post-thumbnail","hentry","category-blog","category-noticias"],"aioseo_notices":[],"aioseo_head":"\n\t\t<!-- All in One SEO 5.0.1.1 - aioseo.com -->\n\t<meta name=\"description\" content=\"15.06.2021 -Efectivos pertenecientes al \u00e1mbito de la Brigada de Infanter\u00eda N\u00ba 4 (ubicada en la ciudad de Minas), realizaron actividades de instrucci\u00f3n, que estuvieron dirigidas a los especialistas que integran las Secciones de Estado Mayor y de apoyo administrativo de la Compa\u00f1\u00eda de Comando y Servicios.La instrucci\u00f3n se orient\u00f3 de forma te\u00f3rica y pr\u00e1ctica, a la organizaci\u00f3n y al despliegue de instalaciones y su capacidad para operar en campa\u00f1a.\" \/>\n\t<meta name=\"robots\" content=\"max-image-preview:large\" \/>\n\t<meta name=\"author\" content=\"Alejandro Castro\"\/>\n\t<link rel=\"canonical\" href=\"https:\/\/www.ejercito.mil.uy\/index.php\/2021\/06\/15\/actividades-de-instruccion-de-la-brigada-de-infanteria-n-4\/\" \/>\n\t<meta name=\"generator\" content=\"All in One SEO (AIOSEO) 5.0.1.1\" \/>\n\t\t<meta property=\"og:locale\" content=\"es_ES\" \/>\n\t\t<meta property=\"og:site_name\" content=\"Ej\u00e9rcito Nacional - La Fuerza de todos\" \/>\n\t\t<meta property=\"og:type\" content=\"article\" \/>\n\t\t<meta property=\"og:title\" content=\"Actividades de instrucci\u00f3n de la Brigada de Infanter\u00eda N\u00b0 4 - Ej\u00e9rcito Nacional\" \/>\n\t\t<meta property=\"og:description\" content=\"15.06.2021 -Efectivos pertenecientes al \u00e1mbito de la Brigada de Infanter\u00eda N\u00ba 4 (ubicada en la ciudad de Minas), realizaron actividades de instrucci\u00f3n, que estuvieron dirigidas a los especialistas que integran las Secciones de Estado Mayor y de apoyo administrativo de la Compa\u00f1\u00eda de Comando y Servicios.La instrucci\u00f3n se orient\u00f3 de forma te\u00f3rica y pr\u00e1ctica, a la organizaci\u00f3n y al despliegue de instalaciones y su capacidad para operar en campa\u00f1a.\" \/>\n\t\t<meta property=\"og:url\" content=\"https:\/\/www.ejercito.mil.uy\/index.php\/2021\/06\/15\/actividades-de-instruccion-de-la-brigada-de-infanteria-n-4\/\" \/>\n\t\t<meta property=\"og:image\" content=\"https:\/\/www.ejercito.mil.uy\/wp-content\/uploads\/2022\/01\/Escudo_EN_URUGUAY.png\" \/>\n\t\t<meta property=\"og:image:secure_url\" content=\"https:\/\/www.ejercito.mil.uy\/wp-content\/uploads\/2022\/01\/Escudo_EN_URUGUAY.png\" \/>\n\t\t<meta property=\"og:image:width\" content=\"134\" \/>\n\t\t<meta property=\"og:image:height\" content=\"119\" \/>\n\t\t<meta property=\"article:published_time\" content=\"2021-06-15T22:00:00+00:00\" \/>\n\t\t<meta property=\"article:modified_time\" content=\"2021-06-17T22:32:25+00:00\" \/>\n\t\t<meta name=\"twitter:card\" content=\"summary_large_image\" \/>\n\t\t<meta name=\"twitter:title\" content=\"Actividades de instrucci\u00f3n de la Brigada de Infanter\u00eda N\u00b0 4 - Ej\u00e9rcito Nacional\" \/>\n\t\t<meta name=\"twitter:description\" content=\"15.06.2021 -Efectivos pertenecientes al \u00e1mbito de la Brigada de Infanter\u00eda N\u00ba 4 (ubicada en la ciudad de Minas), realizaron actividades de instrucci\u00f3n, que estuvieron dirigidas a los especialistas que integran las Secciones de Estado Mayor y de apoyo administrativo de la Compa\u00f1\u00eda de Comando y Servicios.La instrucci\u00f3n se orient\u00f3 de forma te\u00f3rica y pr\u00e1ctica, a la organizaci\u00f3n y al despliegue de instalaciones y su capacidad para operar en campa\u00f1a.\" \/>\n\t\t<meta name=\"twitter:image\" content=\"https:\/\/www.ejercito.mil.uy\/wp-content\/uploads\/2022\/01\/Escudo_EN_URUGUAY.png\" \/>\n\t\t<script type=\"application\/ld+json\" class=\"aioseo-schema\">\n\t\t\t{\"@context\":\"https:\\\/\\\/schema.org\",\"@graph\":[{\"@type\":\"BlogPosting\",\"@id\":\"https:\\\/\\\/www.ejercito.mil.uy\\\/index.php\\\/2021\\\/06\\\/15\\\/actividades-de-instruccion-de-la-brigada-de-infanteria-n-4\\\/#blogposting\",\"name\":\"Actividades de instrucci\\u00f3n de la Brigada de Infanter\\u00eda N\\u00b0 4 - Ej\\u00e9rcito Nacional\",\"headline\":\"Actividades de instrucci\\u00f3n de la Brigada de Infanter\\u00eda N\\u00b0 4\",\"author\":{\"@id\":\"https:\\\/\\\/www.ejercito.mil.uy\\\/index.php\\\/author\\\/acastro\\\/#author\"},\"publisher\":{\"@id\":\"https:\\\/\\\/www.ejercito.mil.uy\\\/#organization\"},\"image\":{\"@type\":\"ImageObject\",\"url\":\"https:\\\/\\\/www.ejercito.mil.uy\\\/wp-content\\\/uploads\\\/2021\\\/06\\\/Actividades-de-instruccion-de-la-Brigada-de-Infanteria-N\\u00b0-4.jpg\",\"width\":1200,\"height\":800},\"datePublished\":\"2021-06-15T19:00:00-03:00\",\"dateModified\":\"2021-06-17T19:32:25-03:00\",\"inLanguage\":\"es-UY\",\"mainEntityOfPage\":{\"@id\":\"https:\\\/\\\/www.ejercito.mil.uy\\\/index.php\\\/2021\\\/06\\\/15\\\/actividades-de-instruccion-de-la-brigada-de-infanteria-n-4\\\/#webpage\"},\"isPartOf\":{\"@id\":\"https:\\\/\\\/www.ejercito.mil.uy\\\/index.php\\\/2021\\\/06\\\/15\\\/actividades-de-instruccion-de-la-brigada-de-infanteria-n-4\\\/#webpage\"},\"articleSection\":\"Blog, Noticias\"},{\"@type\":\"BreadcrumbList\",\"@id\":\"https:\\\/\\\/www.ejercito.mil.uy\\\/index.php\\\/2021\\\/06\\\/15\\\/actividades-de-instruccion-de-la-brigada-de-infanteria-n-4\\\/#breadcrumblist\",\"itemListElement\":[{\"@type\":\"ListItem\",\"@id\":\"https:\\\/\\\/www.ejercito.mil.uy#listItem\",\"position\":1,\"name\":\"Home\",\"item\":\"https:\\\/\\\/www.ejercito.mil.uy\",\"nextItem\":{\"@type\":\"ListItem\",\"@id\":\"https:\\\/\\\/www.ejercito.mil.uy\\\/index.php\\\/category\\\/destacados\\\/#listItem\",\"name\":\"Destacados\"}},{\"@type\":\"ListItem\",\"@id\":\"https:\\\/\\\/www.ejercito.mil.uy\\\/index.php\\\/category\\\/destacados\\\/#listItem\",\"position\":2,\"name\":\"Destacados\",\"item\":\"https:\\\/\\\/www.ejercito.mil.uy\\\/index.php\\\/category\\\/destacados\\\/\",\"nextItem\":{\"@type\":\"ListItem\",\"@id\":\"https:\\\/\\\/www.ejercito.mil.uy\\\/index.php\\\/category\\\/destacados\\\/noticias\\\/#listItem\",\"name\":\"Noticias\"},\"previousItem\":{\"@type\":\"ListItem\",\"@id\":\"https:\\\/\\\/www.ejercito.mil.uy#listItem\",\"name\":\"Home\"}},{\"@type\":\"ListItem\",\"@id\":\"https:\\\/\\\/www.ejercito.mil.uy\\\/index.php\\\/category\\\/destacados\\\/noticias\\\/#listItem\",\"position\":3,\"name\":\"Noticias\",\"item\":\"https:\\\/\\\/www.ejercito.mil.uy\\\/index.php\\\/category\\\/destacados\\\/noticias\\\/\",\"nextItem\":{\"@type\":\"ListItem\",\"@id\":\"https:\\\/\\\/www.ejercito.mil.uy\\\/index.php\\\/2021\\\/06\\\/15\\\/actividades-de-instruccion-de-la-brigada-de-infanteria-n-4\\\/#listItem\",\"name\":\"Actividades de instrucci\\u00f3n de la Brigada de Infanter\\u00eda N\\u00b0 4\"},\"previousItem\":{\"@type\":\"ListItem\",\"@id\":\"https:\\\/\\\/www.ejercito.mil.uy\\\/index.php\\\/category\\\/destacados\\\/#listItem\",\"name\":\"Destacados\"}},{\"@type\":\"ListItem\",\"@id\":\"https:\\\/\\\/www.ejercito.mil.uy\\\/index.php\\\/2021\\\/06\\\/15\\\/actividades-de-instruccion-de-la-brigada-de-infanteria-n-4\\\/#listItem\",\"position\":4,\"name\":\"Actividades de instrucci\\u00f3n de la Brigada de Infanter\\u00eda N\\u00b0 4\",\"previousItem\":{\"@type\":\"ListItem\",\"@id\":\"https:\\\/\\\/www.ejercito.mil.uy\\\/index.php\\\/category\\\/destacados\\\/noticias\\\/#listItem\",\"name\":\"Noticias\"}}]},{\"@type\":\"Organization\",\"@id\":\"https:\\\/\\\/www.ejercito.mil.uy\\\/#organization\",\"name\":\"Ej\\u00e9rcito Nacional\",\"description\":\"La Fuerza de todos\",\"url\":\"https:\\\/\\\/www.ejercito.mil.uy\\\/\",\"logo\":{\"@type\":\"ImageObject\",\"url\":\"https:\\\/\\\/www.ejercito.mil.uy\\\/wp-content\\\/uploads\\\/2022\\\/01\\\/Escudo_EN_URUGUAY.png\",\"@id\":\"https:\\\/\\\/www.ejercito.mil.uy\\\/index.php\\\/2021\\\/06\\\/15\\\/actividades-de-instruccion-de-la-brigada-de-infanteria-n-4\\\/#organizationLogo\",\"width\":134,\"height\":119},\"image\":{\"@id\":\"https:\\\/\\\/www.ejercito.mil.uy\\\/index.php\\\/2021\\\/06\\\/15\\\/actividades-de-instruccion-de-la-brigada-de-infanteria-n-4\\\/#organizationLogo\"}},{\"@type\":\"Person\",\"@id\":\"https:\\\/\\\/www.ejercito.mil.uy\\\/index.php\\\/author\\\/acastro\\\/#author\",\"url\":\"https:\\\/\\\/www.ejercito.mil.uy\\\/index.php\\\/author\\\/acastro\\\/\",\"name\":\"Alejandro Castro\",\"image\":{\"@type\":\"ImageObject\",\"@id\":\"https:\\\/\\\/www.ejercito.mil.uy\\\/index.php\\\/2021\\\/06\\\/15\\\/actividades-de-instruccion-de-la-brigada-de-infanteria-n-4\\\/#authorImage\",\"url\":\"https:\\\/\\\/secure.gravatar.com\\\/avatar\\\/89bb77d4bf696501dd94ca89e6794e1787eaffba7c7197528d249e15bd099f68?s=96&d=mm&r=g\",\"width\":96,\"height\":96,\"caption\":\"Alejandro Castro\"}},{\"@type\":\"WebPage\",\"@id\":\"https:\\\/\\\/www.ejercito.mil.uy\\\/index.php\\\/2021\\\/06\\\/15\\\/actividades-de-instruccion-de-la-brigada-de-infanteria-n-4\\\/#webpage\",\"url\":\"https:\\\/\\\/www.ejercito.mil.uy\\\/index.php\\\/2021\\\/06\\\/15\\\/actividades-de-instruccion-de-la-brigada-de-infanteria-n-4\\\/\",\"name\":\"Actividades de instrucci\\u00f3n de la Brigada de Infanter\\u00eda N\\u00b0 4 - Ej\\u00e9rcito Nacional\",\"description\":\"15.06.2021 -Efectivos pertenecientes al \\u00e1mbito de la Brigada de Infanter\\u00eda N\\u00ba 4 (ubicada en la ciudad de Minas), realizaron actividades de instrucci\\u00f3n, que estuvieron dirigidas a los especialistas que integran las Secciones de Estado Mayor y de apoyo administrativo de la Compa\\u00f1\\u00eda de Comando y Servicios.La instrucci\\u00f3n se orient\\u00f3 de forma te\\u00f3rica y pr\\u00e1ctica, a la organizaci\\u00f3n y al despliegue de instalaciones y su capacidad para operar en campa\\u00f1a.\",\"inLanguage\":\"es-UY\",\"isPartOf\":{\"@id\":\"https:\\\/\\\/www.ejercito.mil.uy\\\/#website\"},\"breadcrumb\":{\"@id\":\"https:\\\/\\\/www.ejercito.mil.uy\\\/index.php\\\/2021\\\/06\\\/15\\\/actividades-de-instruccion-de-la-brigada-de-infanteria-n-4\\\/#breadcrumblist\"},\"author\":{\"@id\":\"https:\\\/\\\/www.ejercito.mil.uy\\\/index.php\\\/author\\\/acastro\\\/#author\"},\"creator\":{\"@id\":\"https:\\\/\\\/www.ejercito.mil.uy\\\/index.php\\\/author\\\/acastro\\\/#author\"},\"image\":{\"@type\":\"ImageObject\",\"url\":\"https:\\\/\\\/www.ejercito.mil.uy\\\/wp-content\\\/uploads\\\/2021\\\/06\\\/Actividades-de-instruccion-de-la-Brigada-de-Infanteria-N\\u00b0-4.jpg\",\"@id\":\"https:\\\/\\\/www.ejercito.mil.uy\\\/index.php\\\/2021\\\/06\\\/15\\\/actividades-de-instruccion-de-la-brigada-de-infanteria-n-4\\\/#mainImage\",\"width\":1200,\"height\":800},\"primaryImageOfPage\":{\"@id\":\"https:\\\/\\\/www.ejercito.mil.uy\\\/index.php\\\/2021\\\/06\\\/15\\\/actividades-de-instruccion-de-la-brigada-de-infanteria-n-4\\\/#mainImage\"},\"datePublished\":\"2021-06-15T19:00:00-03:00\",\"dateModified\":\"2021-06-17T19:32:25-03:00\"},{\"@type\":\"WebSite\",\"@id\":\"https:\\\/\\\/www.ejercito.mil.uy\\\/#website\",\"url\":\"https:\\\/\\\/www.ejercito.mil.uy\\\/\",\"name\":\"Ej\\u00e9rcito Nacional\",\"description\":\"La Fuerza de todos\",\"inLanguage\":\"es-UY\",\"publisher\":{\"@id\":\"https:\\\/\\\/www.ejercito.mil.uy\\\/#organization\"}}]}\n\t\t<\/script>\n\t\t<!-- All in One SEO -->\n\n","aioseo_head_json":{"title":"Actividades de instrucci\u00f3n de la Brigada de Infanter\u00eda N\u00b0 4 - Ej\u00e9rcito Nacional","description":"15.06.2021 -Efectivos pertenecientes al \u00e1mbito de la Brigada de Infanter\u00eda N\u00ba 4 (ubicada en la ciudad de Minas), realizaron actividades de instrucci\u00f3n, que estuvieron dirigidas a los especialistas que integran las Secciones de Estado Mayor y de apoyo administrativo de la Compa\u00f1\u00eda de Comando y Servicios.La instrucci\u00f3n se orient\u00f3 de forma te\u00f3rica y pr\u00e1ctica, a la organizaci\u00f3n y al despliegue de instalaciones y su capacidad para operar en campa\u00f1a.","canonical_url":"https:\/\/www.ejercito.mil.uy\/index.php\/2021\/06\/15\/actividades-de-instruccion-de-la-brigada-de-infanteria-n-4\/","robots":"max-image-preview:large","keywords":"","webmasterTools":{"miscellaneous":""},"schema":{"@context":"https:\/\/schema.org","@graph":[{"@type":"BlogPosting","@id":"https:\/\/www.ejercito.mil.uy\/index.php\/2021\/06\/15\/actividades-de-instruccion-de-la-brigada-de-infanteria-n-4\/#blogposting","name":"Actividades de instrucci\u00f3n de la Brigada de Infanter\u00eda N\u00b0 4 - Ej\u00e9rcito Nacional","headline":"Actividades de instrucci\u00f3n de la Brigada de Infanter\u00eda N\u00b0 4","author":{"@id":"https:\/\/www.ejercito.mil.uy\/index.php\/author\/acastro\/#author"},"publisher":{"@id":"https:\/\/www.ejercito.mil.uy\/#organization"},"image":{"@type":"ImageObject","url":"https:\/\/www.ejercito.mil.uy\/wp-content\/uploads\/2021\/06\/Actividades-de-instruccion-de-la-Brigada-de-Infanteria-N\u00b0-4.jpg","width":1200,"height":800},"datePublished":"2021-06-15T19:00:00-03:00","dateModified":"2021-06-17T19:32:25-03:00","inLanguage":"es-UY","mainEntityOfPage":{"@id":"https:\/\/www.ejercito.mil.uy\/index.php\/2021\/06\/15\/actividades-de-instruccion-de-la-brigada-de-infanteria-n-4\/#webpage"},"isPartOf":{"@id":"https:\/\/www.ejercito.mil.uy\/index.php\/2021\/06\/15\/actividades-de-instruccion-de-la-brigada-de-infanteria-n-4\/#webpage"},"articleSection":"Blog, Noticias"},{"@type":"BreadcrumbList","@id":"https:\/\/www.ejercito.mil.uy\/index.php\/2021\/06\/15\/actividades-de-instruccion-de-la-brigada-de-infanteria-n-4\/#breadcrumblist","itemListElement":[{"@type":"ListItem","@id":"https:\/\/www.ejercito.mil.uy#listItem","position":1,"name":"Home","item":"https:\/\/www.ejercito.mil.uy","nextItem":{"@type":"ListItem","@id":"https:\/\/www.ejercito.mil.uy\/index.php\/category\/destacados\/#listItem","name":"Destacados"}},{"@type":"ListItem","@id":"https:\/\/www.ejercito.mil.uy\/index.php\/category\/destacados\/#listItem","position":2,"name":"Destacados","item":"https:\/\/www.ejercito.mil.uy\/index.php\/category\/destacados\/","nextItem":{"@type":"ListItem","@id":"https:\/\/www.ejercito.mil.uy\/index.php\/category\/destacados\/noticias\/#listItem","name":"Noticias"},"previousItem":{"@type":"ListItem","@id":"https:\/\/www.ejercito.mil.uy#listItem","name":"Home"}},{"@type":"ListItem","@id":"https:\/\/www.ejercito.mil.uy\/index.php\/category\/destacados\/noticias\/#listItem","position":3,"name":"Noticias","item":"https:\/\/www.ejercito.mil.uy\/index.php\/category\/destacados\/noticias\/","nextItem":{"@type":"ListItem","@id":"https:\/\/www.ejercito.mil.uy\/index.php\/2021\/06\/15\/actividades-de-instruccion-de-la-brigada-de-infanteria-n-4\/#listItem","name":"Actividades de instrucci\u00f3n de la Brigada de Infanter\u00eda N\u00b0 4"},"previousItem":{"@type":"ListItem","@id":"https:\/\/www.ejercito.mil.uy\/index.php\/category\/destacados\/#listItem","name":"Destacados"}},{"@type":"ListItem","@id":"https:\/\/www.ejercito.mil.uy\/index.php\/2021\/06\/15\/actividades-de-instruccion-de-la-brigada-de-infanteria-n-4\/#listItem","position":4,"name":"Actividades de instrucci\u00f3n de la Brigada de Infanter\u00eda N\u00b0 4","previousItem":{"@type":"ListItem","@id":"https:\/\/www.ejercito.mil.uy\/index.php\/category\/destacados\/noticias\/#listItem","name":"Noticias"}}]},{"@type":"Organization","@id":"https:\/\/www.ejercito.mil.uy\/#organization","name":"Ej\u00e9rcito Nacional","description":"La Fuerza de todos","url":"https:\/\/www.ejercito.mil.uy\/","logo":{"@type":"ImageObject","url":"https:\/\/www.ejercito.mil.uy\/wp-content\/uploads\/2022\/01\/Escudo_EN_URUGUAY.png","@id":"https:\/\/www.ejercito.mil.uy\/index.php\/2021\/06\/15\/actividades-de-instruccion-de-la-brigada-de-infanteria-n-4\/#organizationLogo","width":134,"height":119},"image":{"@id":"https:\/\/www.ejercito.mil.uy\/index.php\/2021\/06\/15\/actividades-de-instruccion-de-la-brigada-de-infanteria-n-4\/#organizationLogo"}},{"@type":"Person","@id":"https:\/\/www.ejercito.mil.uy\/index.php\/author\/acastro\/#author","url":"https:\/\/www.ejercito.mil.uy\/index.php\/author\/acastro\/","name":"Alejandro Castro","image":{"@type":"ImageObject","@id":"https:\/\/www.ejercito.mil.uy\/index.php\/2021\/06\/15\/actividades-de-instruccion-de-la-brigada-de-infanteria-n-4\/#authorImage","url":"https:\/\/secure.gravatar.com\/avatar\/89bb77d4bf696501dd94ca89e6794e1787eaffba7c7197528d249e15bd099f68?s=96&d=mm&r=g","width":96,"height":96,"caption":"Alejandro Castro"}},{"@type":"WebPage","@id":"https:\/\/www.ejercito.mil.uy\/index.php\/2021\/06\/15\/actividades-de-instruccion-de-la-brigada-de-infanteria-n-4\/#webpage","url":"https:\/\/www.ejercito.mil.uy\/index.php\/2021\/06\/15\/actividades-de-instruccion-de-la-brigada-de-infanteria-n-4\/","name":"Actividades de instrucci\u00f3n de la Brigada de Infanter\u00eda N\u00b0 4 - Ej\u00e9rcito Nacional","description":"15.06.2021 -Efectivos pertenecientes al \u00e1mbito de la Brigada de Infanter\u00eda N\u00ba 4 (ubicada en la ciudad de Minas), realizaron actividades de instrucci\u00f3n, que estuvieron dirigidas a los especialistas que integran las Secciones de Estado Mayor y de apoyo administrativo de la Compa\u00f1\u00eda de Comando y Servicios.La instrucci\u00f3n se orient\u00f3 de forma te\u00f3rica y pr\u00e1ctica, a la organizaci\u00f3n y al despliegue de instalaciones y su capacidad para operar en campa\u00f1a.","inLanguage":"es-UY","isPartOf":{"@id":"https:\/\/www.ejercito.mil.uy\/#website"},"breadcrumb":{"@id":"https:\/\/www.ejercito.mil.uy\/index.php\/2021\/06\/15\/actividades-de-instruccion-de-la-brigada-de-infanteria-n-4\/#breadcrumblist"},"author":{"@id":"https:\/\/www.ejercito.mil.uy\/index.php\/author\/acastro\/#author"},"creator":{"@id":"https:\/\/www.ejercito.mil.uy\/index.php\/author\/acastro\/#author"},"image":{"@type":"ImageObject","url":"https:\/\/www.ejercito.mil.uy\/wp-content\/uploads\/2021\/06\/Actividades-de-instruccion-de-la-Brigada-de-Infanteria-N\u00b0-4.jpg","@id":"https:\/\/www.ejercito.mil.uy\/index.php\/2021\/06\/15\/actividades-de-instruccion-de-la-brigada-de-infanteria-n-4\/#mainImage","width":1200,"height":800},"primaryImageOfPage":{"@id":"https:\/\/www.ejercito.mil.uy\/index.php\/2021\/06\/15\/actividades-de-instruccion-de-la-brigada-de-infanteria-n-4\/#mainImage"},"datePublished":"2021-06-15T19:00:00-03:00","dateModified":"2021-06-17T19:32:25-03:00"},{"@type":"WebSite","@id":"https:\/\/www.ejercito.mil.uy\/#website","url":"https:\/\/www.ejercito.mil.uy\/","name":"Ej\u00e9rcito Nacional","description":"La Fuerza de todos","inLanguage":"es-UY","publisher":{"@id":"https:\/\/www.ejercito.mil.uy\/#organization"}}]},"og:locale":"es_ES","og:site_name":"Ej\u00e9rcito Nacional - La Fuerza de todos","og:type":"article","og:title":"Actividades de instrucci\u00f3n de la Brigada de Infanter\u00eda N\u00b0 4 - Ej\u00e9rcito Nacional","og:description":"15.06.2021 -Efectivos pertenecientes al \u00e1mbito de la Brigada de Infanter\u00eda N\u00ba 4 (ubicada en la ciudad de Minas), realizaron actividades de instrucci\u00f3n, que estuvieron dirigidas a los especialistas que integran las Secciones de Estado Mayor y de apoyo administrativo de la Compa\u00f1\u00eda de Comando y Servicios.La instrucci\u00f3n se orient\u00f3 de forma te\u00f3rica y pr\u00e1ctica, a la organizaci\u00f3n y al despliegue de instalaciones y su capacidad para operar en campa\u00f1a.","og:url":"https:\/\/www.ejercito.mil.uy\/index.php\/2021\/06\/15\/actividades-de-instruccion-de-la-brigada-de-infanteria-n-4\/","og:image":"https:\/\/www.ejercito.mil.uy\/wp-content\/uploads\/2022\/01\/Escudo_EN_URUGUAY.png","og:image:secure_url":"https:\/\/www.ejercito.mil.uy\/wp-content\/uploads\/2022\/01\/Escudo_EN_URUGUAY.png","og:image:width":134,"og:image:height":119,"article:published_time":"2021-06-15T22:00:00+00:00","article:modified_time":"2021-06-17T22:32:25+00:00","twitter:card":"summary_large_image","twitter:title":"Actividades de instrucci\u00f3n de la Brigada de Infanter\u00eda N\u00b0 4 - Ej\u00e9rcito Nacional","twitter:description":"15.06.2021 -Efectivos pertenecientes al \u00e1mbito de la Brigada de Infanter\u00eda N\u00ba 4 (ubicada en la ciudad de Minas), realizaron actividades de instrucci\u00f3n, que estuvieron dirigidas a los especialistas que integran las Secciones de Estado Mayor y de apoyo administrativo de la Compa\u00f1\u00eda de Comando y Servicios.La instrucci\u00f3n se orient\u00f3 de forma te\u00f3rica y pr\u00e1ctica, a la organizaci\u00f3n y al despliegue de instalaciones y su capacidad para operar en campa\u00f1a.","twitter:image":"https:\/\/www.ejercito.mil.uy\/wp-content\/uploads\/2022\/01\/Escudo_EN_URUGUAY.png"},"aioseo_meta_data":{"post_id":"3987","title":null,"description":null,"keywords":null,"keyphrases":null,"primary_term":null,"canonical_url":null,"og_title":null,"og_description":null,"og_object_type":"default","og_image_type":"default","og_image_url":null,"og_image_width":null,"og_image_height":null,"og_image_custom_url":null,"og_image_custom_fields":null,"og_video":null,"og_custom_url":null,"og_article_section":null,"og_article_tags":null,"twitter_use_og":false,"twitter_card":"default","twitter_image_type":"default","twitter_image_url":null,"twitter_image_custom_url":null,"twitter_image_custom_fields":null,"twitter_title":null,"twitter_description":null,"schema":{"blockGraphs":[],"customGraphs":[],"default":{"data":{"Article":[],"Course":[],"Dataset":[],"FAQPage":[],"Movie":[],"Person":[],"Product":[],"ProductReview":[],"Car":[],"Recipe":[],"Service":[],"SoftwareApplication":[],"WebPage":[]},"graphName":"","isEnabled":true},"graphs":[]},"schema_type":"default","schema_type_options":null,"pillar_content":false,"robots_default":true,"robots_noindex":false,"robots_noarchive":false,"robots_nosnippet":false,"robots_nofollow":false,"robots_noimageindex":false,"robots_noodp":false,"robots_notranslate":false,"robots_max_snippet":null,"robots_max_videopreview":null,"robots_max_imagepreview":"large","priority":null,"frequency":null,"local_seo":null,"breadcrumb_settings":null,"limit_modified_date":false,"ai":null,"created":"2025-08-30 01:58:35","updated":"2025-08-30 01:58:35","seo_analyzer_scan_date":null,"focus_keyword":null,"additional_keywords":null,"truseo_locale":null},"aioseo_breadcrumb":"<div class=\"aioseo-breadcrumbs\"><span class=\"aioseo-breadcrumb\">\n\t\t\t<a href=\"https:\/\/www.ejercito.mil.uy\" title=\"Home\">Home<\/a>\n\t\t<\/span><span class=\"aioseo-breadcrumb-separator\">&raquo;<\/span><span class=\"aioseo-breadcrumb\">\n\t\t\t<a href=\"https:\/\/www.ejercito.mil.uy\/index.php\/category\/destacados\/\" title=\"Destacados\">Destacados<\/a>\n\t\t<\/span><span class=\"aioseo-breadcrumb-separator\">&raquo;<\/span><span class=\"aioseo-breadcrumb\">\n\t\t\t<a href=\"https:\/\/www.ejercito.mil.uy\/index.php\/category\/destacados\/noticias\/\" title=\"Noticias\">Noticias<\/a>\n\t\t<\/span><span class=\"aioseo-breadcrumb-separator\">&raquo;<\/span><span class=\"aioseo-breadcrumb\">\n\t\t\tActividades de instrucci\u00f3n de la Brigada de Infanter\u00eda N\u00b0 4\n\t\t<\/span><\/div>","aioseo_breadcrumb_json":[{"label":"Home","link":"https:\/\/www.ejercito.mil.uy"},{"label":"Destacados","link":"https:\/\/www.ejercito.mil.uy\/index.php\/category\/destacados\/"},{"label":"Noticias","link":"https:\/\/www.ejercito.mil.uy\/index.php\/category\/destacados\/noticias\/"},{"label":"Actividades de instrucci\u00f3n de la Brigada de Infanter\u00eda N\u00b0 4","link":"https:\/\/www.ejercito.mil.uy\/index.php\/2021\/06\/15\/actividades-de-instruccion-de-la-brigada-de-infanteria-n-4\/"}],"_links":{"self":[{"href":"https:\/\/www.ejercito.mil.uy\/index.php\/wp-json\/wp\/v2\/posts\/3987","targetHints":{"allow":["GET"]}}],"collection":[{"href":"https:\/\/www.ejercito.mil.uy\/index.php\/wp-json\/wp\/v2\/posts"}],"about":[{"href":"https:\/\/www.ejercito.mil.uy\/index.php\/wp-json\/wp\/v2\/types\/post"}],"author":[{"embeddable":true,"href":"https:\/\/www.ejercito.mil.uy\/index.php\/wp-json\/wp\/v2\/users\/4"}],"replies":[{"embeddable":true,"href":"https:\/\/www.ejercito.mil.uy\/index.php\/wp-json\/wp\/v2\/comments?post=3987"}],"version-history":[{"count":2,"href":"https:\/\/www.ejercito.mil.uy\/index.php\/wp-json\/wp\/v2\/posts\/3987\/revisions"}],"predecessor-version":[{"id":3996,"href":"https:\/\/www.ejercito.mil.uy\/index.php\/wp-json\/wp\/v2\/posts\/3987\/revisions\/3996"}],"wp:featuredmedia":[{"embeddable":true,"href":"https:\/\/www.ejercito.mil.uy\/index.php\/wp-json\/wp\/v2\/media\/3992"}],"wp:attachment":[{"href":"https:\/\/www.ejercito.mil.uy\/index.php\/wp-json\/wp\/v2\/media?parent=3987"}],"wp:term":[{"taxonomy":"category","embeddable":true,"href":"https:\/\/www.ejercito.mil.uy\/index.php\/wp-json\/wp\/v2\/categories?post=3987"},{"taxonomy":"post_tag","embeddable":true,"href":"https:\/\/www.ejercito.mil.uy\/index.php\/wp-json\/wp\/v2\/tags?post=3987"}],"curies":[{"name":"wp","href":"https:\/\/api.w.org\/{rel}","templated":true}]}}