{"id":3997,"date":"2021-06-14T19:33:33","date_gmt":"2021-06-14T22:33:33","guid":{"rendered":"https:\/\/www.ejercito.mil.uy\/?p=3997"},"modified":"2021-06-17T19:34:26","modified_gmt":"2021-06-17T22:34:26","slug":"jornada-de-donacion-de-sangre-2","status":"publish","type":"post","link":"https:\/\/www.ejercito.mil.uy\/index.php\/2021\/06\/14\/jornada-de-donacion-de-sangre-2\/","title":{"rendered":"Jornada de donaci\u00f3n de sangre"},"content":{"rendered":"\n<div style=\"height:33px\" aria-hidden=\"true\" class=\"wp-block-spacer\"><\/div>\n\n\n\n<figure class=\"wp-block-embed is-type-video is-provider-youtube wp-block-embed-youtube wp-embed-aspect-16-9 wp-has-aspect-ratio\"><div class=\"wp-block-embed__wrapper\">\n<iframe loading=\"lazy\" title=\"14 de junio: D\u00eda Internacional del Donante de Sangre\" width=\"1778\" height=\"1000\" src=\"https:\/\/www.youtube.com\/embed\/8-oOmg3uGxM?feature=oembed\" frameborder=\"0\" allow=\"accelerometer; autoplay; clipboard-write; encrypted-media; gyroscope; picture-in-picture\" allowfullscreen><\/iframe>\n<\/div><figcaption>Canal 4 de Paysand\u00fa &#8211; Uruguay<\/figcaption><\/figure>\n\n\n\n<div style=\"height:33px\" aria-hidden=\"true\" class=\"wp-block-spacer mt-0\"><\/div>\n\n\n\n<p class=\"wp-block-paragraph\" style=\"font-size:14px\">14.06.2021 &#8211; Paysand\u00fa<\/p>\n\n\n\n<div style=\"height:24px\" aria-hidden=\"true\" class=\"wp-block-spacer\"><\/div>\n\n\n\n<p class=\"wp-block-paragraph\">En el marco del <strong>D\u00eda Mundial del Donante de Sangre<\/strong>, la sede del <a rel=\"noreferrer noopener\" href=\"https:\/\/www.facebook.com\/Batall%C3%B3n-Gral-Leandro-G%C3%B3mez-de-Infanter%C3%ADa-Mec-N8-356122647931114\/?__cft__[0]=AZWplj1fvssbXzu8qbA8KCIrxnOxP-noDImN5JP56NKl4W_2HbIwr3EVhl-n-P0Khpmf_7387TKnDKvwl5jZCva03eJDaJR7HDJTJyUn8zWevBEGXqwj36gsMRKOPfLlPe-wLSSCyB2CLlbfFUzqBf5s2Thx3Y5EwxtPp8QsCexLCBAvpGhXAT8-1Rctsfhi_OA&amp;__tn__=kK-R\" target=\"_blank\"><strong>Batall\u00f3n \u00abGral. Leandro G\u00f3mez\u00bb de Infanter\u00eda Mec. N\u00b0 8<\/strong><\/a> (ubicado en la ciudad de Paysand\u00fa), fue nuevamente protagonista de una jornada de donaci\u00f3n, en la cual, 20 efectivos fueron voluntarios.<\/p>\n\n\n\n<div style=\"height:33px\" aria-hidden=\"true\" class=\"wp-block-spacer\"><\/div>\n\n\n\n<p class=\"wp-block-paragraph\">Se cont\u00f3 con la participaci\u00f3n del personal del Banco de Sangre del \u201cHospital Escuela del Litoral\u201d.<\/p>\n\n\n\n<div style=\"height:33px\" aria-hidden=\"true\" class=\"wp-block-spacer\"><\/div>\n\n\n\n<p class=\"wp-block-paragraph\">Cabe destacar que la Unidad desde el 2020, cuenta con su propio club de donantes, integrado por 100 militares, que colaboran durante todo el a\u00f1o.<\/p>\n\n\n\n<div style=\"height:33px\" aria-hidden=\"true\" class=\"wp-block-spacer\"><\/div>\n\n\n\n<p class=\"wp-block-paragraph\">Compartimos una entrevista realizada al <strong>Jefe del Batall\u00f3n, Tte. Cnel. Gustavo Negr\u00edn<\/strong>.<\/p>\n","protected":false},"excerpt":{"rendered":"<p>14.06.2021 &#8211; Paysand\u00fa En el marco del D\u00eda Mundial del Donante de Sangre, la sede del Batall\u00f3n \u00abGral. Leandro G\u00f3mez\u00bb de Infanter\u00eda Mec. N\u00b0 8 (ubicado en la ciudad de Paysand\u00fa), fue nuevamente protagonista de una jornada de donaci\u00f3n, en la cual, 20 efectivos fueron voluntarios. Se cont\u00f3 con la participaci\u00f3n del personal del Banco <a href=\"https:\/\/www.ejercito.mil.uy\/index.php\/2021\/06\/14\/jornada-de-donacion-de-sangre-2\/\" class=\"more-link\">&#8230;<span class=\"screen-reader-text\">  Jornada de donaci\u00f3n de sangre<\/span><\/a><\/p>\n","protected":false},"author":4,"featured_media":3884,"comment_status":"closed","ping_status":"open","sticky":false,"template":"","format":"standard","meta":{"_coblocks_attr":"","_coblocks_dimensions":"","_coblocks_responsive_height":"","_coblocks_accordion_ie_support":"","_monsterinsights_skip_tracking":false,"_uf_show_specific_survey":0,"_uf_disable_surveys":false,"footnotes":""},"categories":[2,14],"tags":[27,32,95,37,59],"class_list":["post-3997","post","type-post","status-publish","format-standard","has-post-thumbnail","hentry","category-blog","category-noticias","tag-apoyo","tag-bienestar","tag-donacion","tag-sociedad","tag-video"],"aioseo_notices":[],"aioseo_head":"\n\t\t<!-- All in One SEO 5.0.1.1 - aioseo.com -->\n\t<meta name=\"description\" content=\"Canal 4 de Paysand\u00fa - Uruguay 14.06.2021 - Paysand\u00fa En el marco del D\u00eda Mundial del Donante de Sangre, la sede del Batall\u00f3n &quot;Gral. Leandro G\u00f3mez&quot; de Infanter\u00eda Mec. N\u00b0 8 (ubicado en la ciudad de Paysand\u00fa), fue nuevamente protagonista de una jornada de donaci\u00f3n, en la cual, 20 efectivos fueron voluntarios. Se cont\u00f3 con\" \/>\n\t<meta name=\"robots\" content=\"max-image-preview:large\" \/>\n\t<meta name=\"author\" content=\"Alejandro Castro\"\/>\n\t<link rel=\"canonical\" href=\"https:\/\/www.ejercito.mil.uy\/index.php\/2021\/06\/14\/jornada-de-donacion-de-sangre-2\/\" \/>\n\t<meta name=\"generator\" content=\"All in One SEO (AIOSEO) 5.0.1.1\" \/>\n\t\t<meta property=\"og:locale\" content=\"es_ES\" \/>\n\t\t<meta property=\"og:site_name\" content=\"Ej\u00e9rcito Nacional - La Fuerza de todos\" \/>\n\t\t<meta property=\"og:type\" content=\"article\" \/>\n\t\t<meta property=\"og:title\" content=\"Jornada de donaci\u00f3n de sangre - Ej\u00e9rcito Nacional\" \/>\n\t\t<meta property=\"og:description\" content=\"Canal 4 de Paysand\u00fa - Uruguay 14.06.2021 - Paysand\u00fa En el marco del D\u00eda Mundial del Donante de Sangre, la sede del Batall\u00f3n &quot;Gral. Leandro G\u00f3mez&quot; de Infanter\u00eda Mec. N\u00b0 8 (ubicado en la ciudad de Paysand\u00fa), fue nuevamente protagonista de una jornada de donaci\u00f3n, en la cual, 20 efectivos fueron voluntarios. Se cont\u00f3 con\" \/>\n\t\t<meta property=\"og:url\" content=\"https:\/\/www.ejercito.mil.uy\/index.php\/2021\/06\/14\/jornada-de-donacion-de-sangre-2\/\" \/>\n\t\t<meta property=\"og:image\" content=\"https:\/\/www.ejercito.mil.uy\/wp-content\/uploads\/2022\/01\/Escudo_EN_URUGUAY.png\" \/>\n\t\t<meta property=\"og:image:secure_url\" content=\"https:\/\/www.ejercito.mil.uy\/wp-content\/uploads\/2022\/01\/Escudo_EN_URUGUAY.png\" \/>\n\t\t<meta property=\"og:image:width\" content=\"134\" \/>\n\t\t<meta property=\"og:image:height\" content=\"119\" \/>\n\t\t<meta property=\"article:published_time\" content=\"2021-06-14T22:33:33+00:00\" \/>\n\t\t<meta property=\"article:modified_time\" content=\"2021-06-17T22:34:26+00:00\" \/>\n\t\t<meta name=\"twitter:card\" content=\"summary_large_image\" \/>\n\t\t<meta name=\"twitter:title\" content=\"Jornada de donaci\u00f3n de sangre - Ej\u00e9rcito Nacional\" \/>\n\t\t<meta name=\"twitter:description\" content=\"Canal 4 de Paysand\u00fa - Uruguay 14.06.2021 - Paysand\u00fa En el marco del D\u00eda Mundial del Donante de Sangre, la sede del Batall\u00f3n &quot;Gral. Leandro G\u00f3mez&quot; de Infanter\u00eda Mec. N\u00b0 8 (ubicado en la ciudad de Paysand\u00fa), fue nuevamente protagonista de una jornada de donaci\u00f3n, en la cual, 20 efectivos fueron voluntarios. Se cont\u00f3 con\" \/>\n\t\t<meta name=\"twitter:image\" content=\"https:\/\/www.ejercito.mil.uy\/wp-content\/uploads\/2022\/01\/Escudo_EN_URUGUAY.png\" \/>\n\t\t<script type=\"application\/ld+json\" class=\"aioseo-schema\">\n\t\t\t{\"@context\":\"https:\\\/\\\/schema.org\",\"@graph\":[{\"@type\":\"BlogPosting\",\"@id\":\"https:\\\/\\\/www.ejercito.mil.uy\\\/index.php\\\/2021\\\/06\\\/14\\\/jornada-de-donacion-de-sangre-2\\\/#blogposting\",\"name\":\"Jornada de donaci\\u00f3n de sangre - Ej\\u00e9rcito Nacional\",\"headline\":\"Jornada de donaci\\u00f3n de sangre\",\"author\":{\"@id\":\"https:\\\/\\\/www.ejercito.mil.uy\\\/index.php\\\/author\\\/acastro\\\/#author\"},\"publisher\":{\"@id\":\"https:\\\/\\\/www.ejercito.mil.uy\\\/#organization\"},\"image\":{\"@type\":\"ImageObject\",\"url\":\"https:\\\/\\\/www.ejercito.mil.uy\\\/wp-content\\\/uploads\\\/2021\\\/06\\\/44.jpg\",\"width\":1200,\"height\":800,\"caption\":\"Donaci\\u00f3n\"},\"datePublished\":\"2021-06-14T19:33:33-03:00\",\"dateModified\":\"2021-06-17T19:34:26-03:00\",\"inLanguage\":\"es-UY\",\"mainEntityOfPage\":{\"@id\":\"https:\\\/\\\/www.ejercito.mil.uy\\\/index.php\\\/2021\\\/06\\\/14\\\/jornada-de-donacion-de-sangre-2\\\/#webpage\"},\"isPartOf\":{\"@id\":\"https:\\\/\\\/www.ejercito.mil.uy\\\/index.php\\\/2021\\\/06\\\/14\\\/jornada-de-donacion-de-sangre-2\\\/#webpage\"},\"articleSection\":\"Blog, Noticias, apoyo, bienestar, donaci\\u00f3n, sociedad, video\"},{\"@type\":\"BreadcrumbList\",\"@id\":\"https:\\\/\\\/www.ejercito.mil.uy\\\/index.php\\\/2021\\\/06\\\/14\\\/jornada-de-donacion-de-sangre-2\\\/#breadcrumblist\",\"itemListElement\":[{\"@type\":\"ListItem\",\"@id\":\"https:\\\/\\\/www.ejercito.mil.uy#listItem\",\"position\":1,\"name\":\"Home\",\"item\":\"https:\\\/\\\/www.ejercito.mil.uy\",\"nextItem\":{\"@type\":\"ListItem\",\"@id\":\"https:\\\/\\\/www.ejercito.mil.uy\\\/index.php\\\/category\\\/destacados\\\/#listItem\",\"name\":\"Destacados\"}},{\"@type\":\"ListItem\",\"@id\":\"https:\\\/\\\/www.ejercito.mil.uy\\\/index.php\\\/category\\\/destacados\\\/#listItem\",\"position\":2,\"name\":\"Destacados\",\"item\":\"https:\\\/\\\/www.ejercito.mil.uy\\\/index.php\\\/category\\\/destacados\\\/\",\"nextItem\":{\"@type\":\"ListItem\",\"@id\":\"https:\\\/\\\/www.ejercito.mil.uy\\\/index.php\\\/category\\\/destacados\\\/noticias\\\/#listItem\",\"name\":\"Noticias\"},\"previousItem\":{\"@type\":\"ListItem\",\"@id\":\"https:\\\/\\\/www.ejercito.mil.uy#listItem\",\"name\":\"Home\"}},{\"@type\":\"ListItem\",\"@id\":\"https:\\\/\\\/www.ejercito.mil.uy\\\/index.php\\\/category\\\/destacados\\\/noticias\\\/#listItem\",\"position\":3,\"name\":\"Noticias\",\"item\":\"https:\\\/\\\/www.ejercito.mil.uy\\\/index.php\\\/category\\\/destacados\\\/noticias\\\/\",\"nextItem\":{\"@type\":\"ListItem\",\"@id\":\"https:\\\/\\\/www.ejercito.mil.uy\\\/index.php\\\/2021\\\/06\\\/14\\\/jornada-de-donacion-de-sangre-2\\\/#listItem\",\"name\":\"Jornada de donaci\\u00f3n de sangre\"},\"previousItem\":{\"@type\":\"ListItem\",\"@id\":\"https:\\\/\\\/www.ejercito.mil.uy\\\/index.php\\\/category\\\/destacados\\\/#listItem\",\"name\":\"Destacados\"}},{\"@type\":\"ListItem\",\"@id\":\"https:\\\/\\\/www.ejercito.mil.uy\\\/index.php\\\/2021\\\/06\\\/14\\\/jornada-de-donacion-de-sangre-2\\\/#listItem\",\"position\":4,\"name\":\"Jornada de donaci\\u00f3n de sangre\",\"previousItem\":{\"@type\":\"ListItem\",\"@id\":\"https:\\\/\\\/www.ejercito.mil.uy\\\/index.php\\\/category\\\/destacados\\\/noticias\\\/#listItem\",\"name\":\"Noticias\"}}]},{\"@type\":\"Organization\",\"@id\":\"https:\\\/\\\/www.ejercito.mil.uy\\\/#organization\",\"name\":\"Ej\\u00e9rcito Nacional\",\"description\":\"La Fuerza de todos\",\"url\":\"https:\\\/\\\/www.ejercito.mil.uy\\\/\",\"logo\":{\"@type\":\"ImageObject\",\"url\":\"https:\\\/\\\/www.ejercito.mil.uy\\\/wp-content\\\/uploads\\\/2022\\\/01\\\/Escudo_EN_URUGUAY.png\",\"@id\":\"https:\\\/\\\/www.ejercito.mil.uy\\\/index.php\\\/2021\\\/06\\\/14\\\/jornada-de-donacion-de-sangre-2\\\/#organizationLogo\",\"width\":134,\"height\":119},\"image\":{\"@id\":\"https:\\\/\\\/www.ejercito.mil.uy\\\/index.php\\\/2021\\\/06\\\/14\\\/jornada-de-donacion-de-sangre-2\\\/#organizationLogo\"}},{\"@type\":\"Person\",\"@id\":\"https:\\\/\\\/www.ejercito.mil.uy\\\/index.php\\\/author\\\/acastro\\\/#author\",\"url\":\"https:\\\/\\\/www.ejercito.mil.uy\\\/index.php\\\/author\\\/acastro\\\/\",\"name\":\"Alejandro Castro\",\"image\":{\"@type\":\"ImageObject\",\"@id\":\"https:\\\/\\\/www.ejercito.mil.uy\\\/index.php\\\/2021\\\/06\\\/14\\\/jornada-de-donacion-de-sangre-2\\\/#authorImage\",\"url\":\"https:\\\/\\\/secure.gravatar.com\\\/avatar\\\/89bb77d4bf696501dd94ca89e6794e1787eaffba7c7197528d249e15bd099f68?s=96&d=mm&r=g\",\"width\":96,\"height\":96,\"caption\":\"Alejandro Castro\"}},{\"@type\":\"WebPage\",\"@id\":\"https:\\\/\\\/www.ejercito.mil.uy\\\/index.php\\\/2021\\\/06\\\/14\\\/jornada-de-donacion-de-sangre-2\\\/#webpage\",\"url\":\"https:\\\/\\\/www.ejercito.mil.uy\\\/index.php\\\/2021\\\/06\\\/14\\\/jornada-de-donacion-de-sangre-2\\\/\",\"name\":\"Jornada de donaci\\u00f3n de sangre - Ej\\u00e9rcito Nacional\",\"description\":\"Canal 4 de Paysand\\u00fa - Uruguay 14.06.2021 - Paysand\\u00fa En el marco del D\\u00eda Mundial del Donante de Sangre, la sede del Batall\\u00f3n \\\"Gral. Leandro G\\u00f3mez\\\" de Infanter\\u00eda Mec. N\\u00b0 8 (ubicado en la ciudad de Paysand\\u00fa), fue nuevamente protagonista de una jornada de donaci\\u00f3n, en la cual, 20 efectivos fueron voluntarios. Se cont\\u00f3 con\",\"inLanguage\":\"es-UY\",\"isPartOf\":{\"@id\":\"https:\\\/\\\/www.ejercito.mil.uy\\\/#website\"},\"breadcrumb\":{\"@id\":\"https:\\\/\\\/www.ejercito.mil.uy\\\/index.php\\\/2021\\\/06\\\/14\\\/jornada-de-donacion-de-sangre-2\\\/#breadcrumblist\"},\"author\":{\"@id\":\"https:\\\/\\\/www.ejercito.mil.uy\\\/index.php\\\/author\\\/acastro\\\/#author\"},\"creator\":{\"@id\":\"https:\\\/\\\/www.ejercito.mil.uy\\\/index.php\\\/author\\\/acastro\\\/#author\"},\"image\":{\"@type\":\"ImageObject\",\"url\":\"https:\\\/\\\/www.ejercito.mil.uy\\\/wp-content\\\/uploads\\\/2021\\\/06\\\/44.jpg\",\"@id\":\"https:\\\/\\\/www.ejercito.mil.uy\\\/index.php\\\/2021\\\/06\\\/14\\\/jornada-de-donacion-de-sangre-2\\\/#mainImage\",\"width\":1200,\"height\":800,\"caption\":\"Donaci\\u00f3n\"},\"primaryImageOfPage\":{\"@id\":\"https:\\\/\\\/www.ejercito.mil.uy\\\/index.php\\\/2021\\\/06\\\/14\\\/jornada-de-donacion-de-sangre-2\\\/#mainImage\"},\"datePublished\":\"2021-06-14T19:33:33-03:00\",\"dateModified\":\"2021-06-17T19:34:26-03:00\"},{\"@type\":\"WebSite\",\"@id\":\"https:\\\/\\\/www.ejercito.mil.uy\\\/#website\",\"url\":\"https:\\\/\\\/www.ejercito.mil.uy\\\/\",\"name\":\"Ej\\u00e9rcito Nacional\",\"description\":\"La Fuerza de todos\",\"inLanguage\":\"es-UY\",\"publisher\":{\"@id\":\"https:\\\/\\\/www.ejercito.mil.uy\\\/#organization\"}}]}\n\t\t<\/script>\n\t\t<!-- All in One SEO -->\n\n","aioseo_head_json":{"title":"Jornada de donaci\u00f3n de sangre - Ej\u00e9rcito Nacional","description":"Canal 4 de Paysand\u00fa - Uruguay 14.06.2021 - Paysand\u00fa En el marco del D\u00eda Mundial del Donante de Sangre, la sede del Batall\u00f3n \"Gral. Leandro G\u00f3mez\" de Infanter\u00eda Mec. N\u00b0 8 (ubicado en la ciudad de Paysand\u00fa), fue nuevamente protagonista de una jornada de donaci\u00f3n, en la cual, 20 efectivos fueron voluntarios. Se cont\u00f3 con","canonical_url":"https:\/\/www.ejercito.mil.uy\/index.php\/2021\/06\/14\/jornada-de-donacion-de-sangre-2\/","robots":"max-image-preview:large","keywords":"","webmasterTools":{"miscellaneous":""},"schema":{"@context":"https:\/\/schema.org","@graph":[{"@type":"BlogPosting","@id":"https:\/\/www.ejercito.mil.uy\/index.php\/2021\/06\/14\/jornada-de-donacion-de-sangre-2\/#blogposting","name":"Jornada de donaci\u00f3n de sangre - Ej\u00e9rcito Nacional","headline":"Jornada de donaci\u00f3n de sangre","author":{"@id":"https:\/\/www.ejercito.mil.uy\/index.php\/author\/acastro\/#author"},"publisher":{"@id":"https:\/\/www.ejercito.mil.uy\/#organization"},"image":{"@type":"ImageObject","url":"https:\/\/www.ejercito.mil.uy\/wp-content\/uploads\/2021\/06\/44.jpg","width":1200,"height":800,"caption":"Donaci\u00f3n"},"datePublished":"2021-06-14T19:33:33-03:00","dateModified":"2021-06-17T19:34:26-03:00","inLanguage":"es-UY","mainEntityOfPage":{"@id":"https:\/\/www.ejercito.mil.uy\/index.php\/2021\/06\/14\/jornada-de-donacion-de-sangre-2\/#webpage"},"isPartOf":{"@id":"https:\/\/www.ejercito.mil.uy\/index.php\/2021\/06\/14\/jornada-de-donacion-de-sangre-2\/#webpage"},"articleSection":"Blog, Noticias, apoyo, bienestar, donaci\u00f3n, sociedad, video"},{"@type":"BreadcrumbList","@id":"https:\/\/www.ejercito.mil.uy\/index.php\/2021\/06\/14\/jornada-de-donacion-de-sangre-2\/#breadcrumblist","itemListElement":[{"@type":"ListItem","@id":"https:\/\/www.ejercito.mil.uy#listItem","position":1,"name":"Home","item":"https:\/\/www.ejercito.mil.uy","nextItem":{"@type":"ListItem","@id":"https:\/\/www.ejercito.mil.uy\/index.php\/category\/destacados\/#listItem","name":"Destacados"}},{"@type":"ListItem","@id":"https:\/\/www.ejercito.mil.uy\/index.php\/category\/destacados\/#listItem","position":2,"name":"Destacados","item":"https:\/\/www.ejercito.mil.uy\/index.php\/category\/destacados\/","nextItem":{"@type":"ListItem","@id":"https:\/\/www.ejercito.mil.uy\/index.php\/category\/destacados\/noticias\/#listItem","name":"Noticias"},"previousItem":{"@type":"ListItem","@id":"https:\/\/www.ejercito.mil.uy#listItem","name":"Home"}},{"@type":"ListItem","@id":"https:\/\/www.ejercito.mil.uy\/index.php\/category\/destacados\/noticias\/#listItem","position":3,"name":"Noticias","item":"https:\/\/www.ejercito.mil.uy\/index.php\/category\/destacados\/noticias\/","nextItem":{"@type":"ListItem","@id":"https:\/\/www.ejercito.mil.uy\/index.php\/2021\/06\/14\/jornada-de-donacion-de-sangre-2\/#listItem","name":"Jornada de donaci\u00f3n de sangre"},"previousItem":{"@type":"ListItem","@id":"https:\/\/www.ejercito.mil.uy\/index.php\/category\/destacados\/#listItem","name":"Destacados"}},{"@type":"ListItem","@id":"https:\/\/www.ejercito.mil.uy\/index.php\/2021\/06\/14\/jornada-de-donacion-de-sangre-2\/#listItem","position":4,"name":"Jornada de donaci\u00f3n de sangre","previousItem":{"@type":"ListItem","@id":"https:\/\/www.ejercito.mil.uy\/index.php\/category\/destacados\/noticias\/#listItem","name":"Noticias"}}]},{"@type":"Organization","@id":"https:\/\/www.ejercito.mil.uy\/#organization","name":"Ej\u00e9rcito Nacional","description":"La Fuerza de todos","url":"https:\/\/www.ejercito.mil.uy\/","logo":{"@type":"ImageObject","url":"https:\/\/www.ejercito.mil.uy\/wp-content\/uploads\/2022\/01\/Escudo_EN_URUGUAY.png","@id":"https:\/\/www.ejercito.mil.uy\/index.php\/2021\/06\/14\/jornada-de-donacion-de-sangre-2\/#organizationLogo","width":134,"height":119},"image":{"@id":"https:\/\/www.ejercito.mil.uy\/index.php\/2021\/06\/14\/jornada-de-donacion-de-sangre-2\/#organizationLogo"}},{"@type":"Person","@id":"https:\/\/www.ejercito.mil.uy\/index.php\/author\/acastro\/#author","url":"https:\/\/www.ejercito.mil.uy\/index.php\/author\/acastro\/","name":"Alejandro Castro","image":{"@type":"ImageObject","@id":"https:\/\/www.ejercito.mil.uy\/index.php\/2021\/06\/14\/jornada-de-donacion-de-sangre-2\/#authorImage","url":"https:\/\/secure.gravatar.com\/avatar\/89bb77d4bf696501dd94ca89e6794e1787eaffba7c7197528d249e15bd099f68?s=96&d=mm&r=g","width":96,"height":96,"caption":"Alejandro Castro"}},{"@type":"WebPage","@id":"https:\/\/www.ejercito.mil.uy\/index.php\/2021\/06\/14\/jornada-de-donacion-de-sangre-2\/#webpage","url":"https:\/\/www.ejercito.mil.uy\/index.php\/2021\/06\/14\/jornada-de-donacion-de-sangre-2\/","name":"Jornada de donaci\u00f3n de sangre - Ej\u00e9rcito Nacional","description":"Canal 4 de Paysand\u00fa - Uruguay 14.06.2021 - Paysand\u00fa En el marco del D\u00eda Mundial del Donante de Sangre, la sede del Batall\u00f3n \"Gral. Leandro G\u00f3mez\" de Infanter\u00eda Mec. N\u00b0 8 (ubicado en la ciudad de Paysand\u00fa), fue nuevamente protagonista de una jornada de donaci\u00f3n, en la cual, 20 efectivos fueron voluntarios. Se cont\u00f3 con","inLanguage":"es-UY","isPartOf":{"@id":"https:\/\/www.ejercito.mil.uy\/#website"},"breadcrumb":{"@id":"https:\/\/www.ejercito.mil.uy\/index.php\/2021\/06\/14\/jornada-de-donacion-de-sangre-2\/#breadcrumblist"},"author":{"@id":"https:\/\/www.ejercito.mil.uy\/index.php\/author\/acastro\/#author"},"creator":{"@id":"https:\/\/www.ejercito.mil.uy\/index.php\/author\/acastro\/#author"},"image":{"@type":"ImageObject","url":"https:\/\/www.ejercito.mil.uy\/wp-content\/uploads\/2021\/06\/44.jpg","@id":"https:\/\/www.ejercito.mil.uy\/index.php\/2021\/06\/14\/jornada-de-donacion-de-sangre-2\/#mainImage","width":1200,"height":800,"caption":"Donaci\u00f3n"},"primaryImageOfPage":{"@id":"https:\/\/www.ejercito.mil.uy\/index.php\/2021\/06\/14\/jornada-de-donacion-de-sangre-2\/#mainImage"},"datePublished":"2021-06-14T19:33:33-03:00","dateModified":"2021-06-17T19:34:26-03:00"},{"@type":"WebSite","@id":"https:\/\/www.ejercito.mil.uy\/#website","url":"https:\/\/www.ejercito.mil.uy\/","name":"Ej\u00e9rcito Nacional","description":"La Fuerza de todos","inLanguage":"es-UY","publisher":{"@id":"https:\/\/www.ejercito.mil.uy\/#organization"}}]},"og:locale":"es_ES","og:site_name":"Ej\u00e9rcito Nacional - La Fuerza de todos","og:type":"article","og:title":"Jornada de donaci\u00f3n de sangre - Ej\u00e9rcito Nacional","og:description":"Canal 4 de Paysand\u00fa - Uruguay 14.06.2021 - Paysand\u00fa En el marco del D\u00eda Mundial del Donante de Sangre, la sede del Batall\u00f3n &quot;Gral. Leandro G\u00f3mez&quot; de Infanter\u00eda Mec. N\u00b0 8 (ubicado en la ciudad de Paysand\u00fa), fue nuevamente protagonista de una jornada de donaci\u00f3n, en la cual, 20 efectivos fueron voluntarios. Se cont\u00f3 con","og:url":"https:\/\/www.ejercito.mil.uy\/index.php\/2021\/06\/14\/jornada-de-donacion-de-sangre-2\/","og:image":"https:\/\/www.ejercito.mil.uy\/wp-content\/uploads\/2022\/01\/Escudo_EN_URUGUAY.png","og:image:secure_url":"https:\/\/www.ejercito.mil.uy\/wp-content\/uploads\/2022\/01\/Escudo_EN_URUGUAY.png","og:image:width":134,"og:image:height":119,"article:published_time":"2021-06-14T22:33:33+00:00","article:modified_time":"2021-06-17T22:34:26+00:00","twitter:card":"summary_large_image","twitter:title":"Jornada de donaci\u00f3n de sangre - Ej\u00e9rcito Nacional","twitter:description":"Canal 4 de Paysand\u00fa - Uruguay 14.06.2021 - Paysand\u00fa En el marco del D\u00eda Mundial del Donante de Sangre, la sede del Batall\u00f3n &quot;Gral. Leandro G\u00f3mez&quot; de Infanter\u00eda Mec. N\u00b0 8 (ubicado en la ciudad de Paysand\u00fa), fue nuevamente protagonista de una jornada de donaci\u00f3n, en la cual, 20 efectivos fueron voluntarios. Se cont\u00f3 con","twitter:image":"https:\/\/www.ejercito.mil.uy\/wp-content\/uploads\/2022\/01\/Escudo_EN_URUGUAY.png"},"aioseo_meta_data":{"post_id":"3997","title":null,"description":null,"keywords":null,"keyphrases":null,"primary_term":null,"canonical_url":null,"og_title":null,"og_description":null,"og_object_type":"default","og_image_type":"default","og_image_url":null,"og_image_width":null,"og_image_height":null,"og_image_custom_url":null,"og_image_custom_fields":null,"og_video":null,"og_custom_url":null,"og_article_section":null,"og_article_tags":null,"twitter_use_og":false,"twitter_card":"default","twitter_image_type":"default","twitter_image_url":null,"twitter_image_custom_url":null,"twitter_image_custom_fields":null,"twitter_title":null,"twitter_description":null,"schema":{"blockGraphs":[],"customGraphs":[],"default":{"data":{"Article":[],"Course":[],"Dataset":[],"FAQPage":[],"Movie":[],"Person":[],"Product":[],"ProductReview":[],"Car":[],"Recipe":[],"Service":[],"SoftwareApplication":[],"WebPage":[]},"graphName":"","isEnabled":true},"graphs":[]},"schema_type":"default","schema_type_options":null,"pillar_content":false,"robots_default":true,"robots_noindex":false,"robots_noarchive":false,"robots_nosnippet":false,"robots_nofollow":false,"robots_noimageindex":false,"robots_noodp":false,"robots_notranslate":false,"robots_max_snippet":null,"robots_max_videopreview":null,"robots_max_imagepreview":"large","priority":null,"frequency":null,"local_seo":null,"breadcrumb_settings":null,"limit_modified_date":false,"ai":null,"created":"2025-08-30 01:58:35","updated":"2025-08-30 01:58:35","seo_analyzer_scan_date":null,"focus_keyword":null,"additional_keywords":null,"truseo_locale":null},"aioseo_breadcrumb":"<div class=\"aioseo-breadcrumbs\"><span class=\"aioseo-breadcrumb\">\n\t\t\t<a href=\"https:\/\/www.ejercito.mil.uy\" title=\"Home\">Home<\/a>\n\t\t<\/span><span class=\"aioseo-breadcrumb-separator\">&raquo;<\/span><span class=\"aioseo-breadcrumb\">\n\t\t\t<a href=\"https:\/\/www.ejercito.mil.uy\/index.php\/category\/destacados\/\" title=\"Destacados\">Destacados<\/a>\n\t\t<\/span><span class=\"aioseo-breadcrumb-separator\">&raquo;<\/span><span class=\"aioseo-breadcrumb\">\n\t\t\t<a href=\"https:\/\/www.ejercito.mil.uy\/index.php\/category\/destacados\/noticias\/\" title=\"Noticias\">Noticias<\/a>\n\t\t<\/span><span class=\"aioseo-breadcrumb-separator\">&raquo;<\/span><span class=\"aioseo-breadcrumb\">\n\t\t\tJornada de donaci\u00f3n de sangre\n\t\t<\/span><\/div>","aioseo_breadcrumb_json":[{"label":"Home","link":"https:\/\/www.ejercito.mil.uy"},{"label":"Destacados","link":"https:\/\/www.ejercito.mil.uy\/index.php\/category\/destacados\/"},{"label":"Noticias","link":"https:\/\/www.ejercito.mil.uy\/index.php\/category\/destacados\/noticias\/"},{"label":"Jornada de donaci\u00f3n de sangre","link":"https:\/\/www.ejercito.mil.uy\/index.php\/2021\/06\/14\/jornada-de-donacion-de-sangre-2\/"}],"_links":{"self":[{"href":"https:\/\/www.ejercito.mil.uy\/index.php\/wp-json\/wp\/v2\/posts\/3997","targetHints":{"allow":["GET"]}}],"collection":[{"href":"https:\/\/www.ejercito.mil.uy\/index.php\/wp-json\/wp\/v2\/posts"}],"about":[{"href":"https:\/\/www.ejercito.mil.uy\/index.php\/wp-json\/wp\/v2\/types\/post"}],"author":[{"embeddable":true,"href":"https:\/\/www.ejercito.mil.uy\/index.php\/wp-json\/wp\/v2\/users\/4"}],"replies":[{"embeddable":true,"href":"https:\/\/www.ejercito.mil.uy\/index.php\/wp-json\/wp\/v2\/comments?post=3997"}],"version-history":[{"count":1,"href":"https:\/\/www.ejercito.mil.uy\/index.php\/wp-json\/wp\/v2\/posts\/3997\/revisions"}],"predecessor-version":[{"id":3998,"href":"https:\/\/www.ejercito.mil.uy\/index.php\/wp-json\/wp\/v2\/posts\/3997\/revisions\/3998"}],"wp:featuredmedia":[{"embeddable":true,"href":"https:\/\/www.ejercito.mil.uy\/index.php\/wp-json\/wp\/v2\/media\/3884"}],"wp:attachment":[{"href":"https:\/\/www.ejercito.mil.uy\/index.php\/wp-json\/wp\/v2\/media?parent=3997"}],"wp:term":[{"taxonomy":"category","embeddable":true,"href":"https:\/\/www.ejercito.mil.uy\/index.php\/wp-json\/wp\/v2\/categories?post=3997"},{"taxonomy":"post_tag","embeddable":true,"href":"https:\/\/www.ejercito.mil.uy\/index.php\/wp-json\/wp\/v2\/tags?post=3997"}],"curies":[{"name":"wp","href":"https:\/\/api.w.org\/{rel}","templated":true}]}}