{"id":4094,"date":"2021-06-20T19:00:13","date_gmt":"2021-06-20T22:00:13","guid":{"rendered":"https:\/\/www.ejercito.mil.uy\/?p=4094"},"modified":"2021-06-21T09:02:25","modified_gmt":"2021-06-21T12:02:25","slug":"clases-presenciales-de-equinoterapia-2","status":"publish","type":"post","link":"https:\/\/www.ejercito.mil.uy\/index.php\/2021\/06\/20\/clases-presenciales-de-equinoterapia-2\/","title":{"rendered":"Clases presenciales de equinoterapia"},"content":{"rendered":"\n<p style=\"font-size:14px\">20.06.2021 &#8211; R\u00edo Branco, Cerro Largo<\/p>\n\n\n\n<div style=\"height:33px\" aria-hidden=\"true\" class=\"wp-block-spacer\"><\/div>\n\n\n\n<p>La pasada semana, con la presencia de personal id\u00f3neo, 18 ni\u00f1os retornaron a sus clases presenciales de equinoterapia en el <strong>Centro de Equitaci\u00f3n y Rehabilitaci\u00f3n Ecuestre N\u00ba 7<\/strong>, ubicado en la sede del <strong><a rel=\"noreferrer noopener\" href=\"https:\/\/www.facebook.com\/Reg.c.mec7\/\" target=\"_blank\">Regimiento \u201cGral. Aparicio Saravia\u201d de Caballer\u00eda Mecanizado N\u00ba 7<\/a><\/strong>, bajo el protocolo sanitario dispuesto por el <strong><a rel=\"noreferrer noopener\" href=\"https:\/\/cenafre.com.uy\/\" target=\"_blank\">CeNaFRE<\/a><\/strong>.<\/p>\n\n\n\n<div style=\"height:33px\" aria-hidden=\"true\" class=\"wp-block-spacer\"><\/div>\n\n\n\n<p>El Centro promueve la rehabilitaci\u00f3n de los alumnos, a nivel neuromuscular, psicol\u00f3gico, cognitivo y social, por medio del caballo como herramienta terap\u00e9utica.<\/p>\n\n\n\n<div style=\"height:33px\" aria-hidden=\"true\" class=\"wp-block-spacer\"><\/div>\n\n\n\n<div class=\"wp-block-coblocks-gallery-carousel coblocks-animate\" data-coblocks-animation=\"clipHorizontal\"><div class=\"is-cropped coblocks-gallery has-no-alignment has-caption-style-dark has-horizontal-gutter has-lightbox\"><div class=\"has-carousel has-carousel-lrg\" style=\"height:400px\" data-flickity=\"{&quot;autoPlay&quot;:4000,&quot;draggable&quot;:true,&quot;pageDots&quot;:false,&quot;prevNextButtons&quot;:true,&quot;wrapAround&quot;:true,&quot;cellAlign&quot;:&quot;center&quot;,&quot;pauseAutoPlayOnHover&quot;:false,&quot;freeScroll&quot;:true,&quot;arrowShape&quot;:{&quot;x0&quot;:10,&quot;x1&quot;:60,&quot;y1&quot;:50,&quot;x2&quot;:65,&quot;y2&quot;:45,&quot;x3&quot;:20},&quot;thumbnails&quot;:false,&quot;responsiveHeight&quot;:false}\"><div class=\"coblocks-gallery--item\"><figure class=\"coblocks-gallery--figure has-margin-left-10 has-margin-left-mobile-5 has-margin-right-10 has-margin-right-mobile-5\"><img fetchpriority=\"high\" decoding=\"async\" width=\"1024\" height=\"683\" src=\"https:\/\/www.ejercito.mil.uy\/wp-content\/uploads\/2021\/06\/CENAFRE-2-1024x683.jpg\" alt=\"\" data-id=\"4097\" data-link=\"https:\/\/www.ejercito.mil.uy\/?attachment_id=4097\" class=\"wp-image-4097\" srcset=\"https:\/\/www.ejercito.mil.uy\/wp-content\/uploads\/2021\/06\/CENAFRE-2-1024x683.jpg 1024w, https:\/\/www.ejercito.mil.uy\/wp-content\/uploads\/2021\/06\/CENAFRE-2-300x200.jpg 300w, https:\/\/www.ejercito.mil.uy\/wp-content\/uploads\/2021\/06\/CENAFRE-2.jpg 1200w\" sizes=\"(max-width: 1024px) 100vw, 1024px\" \/><\/figure><\/div><div class=\"coblocks-gallery--item\"><figure class=\"coblocks-gallery--figure has-margin-left-10 has-margin-left-mobile-5 has-margin-right-10 has-margin-right-mobile-5\"><img decoding=\"async\" width=\"1024\" height=\"683\" src=\"https:\/\/www.ejercito.mil.uy\/wp-content\/uploads\/2021\/06\/CENAFRE-4-1024x683.jpg\" alt=\"\" data-id=\"4098\" data-link=\"https:\/\/www.ejercito.mil.uy\/?attachment_id=4098\" class=\"wp-image-4098\" srcset=\"https:\/\/www.ejercito.mil.uy\/wp-content\/uploads\/2021\/06\/CENAFRE-4-1024x683.jpg 1024w, https:\/\/www.ejercito.mil.uy\/wp-content\/uploads\/2021\/06\/CENAFRE-4-300x200.jpg 300w, https:\/\/www.ejercito.mil.uy\/wp-content\/uploads\/2021\/06\/CENAFRE-4.jpg 1200w\" sizes=\"(max-width: 1024px) 100vw, 1024px\" \/><\/figure><\/div><div class=\"coblocks-gallery--item\"><figure class=\"coblocks-gallery--figure has-margin-left-10 has-margin-left-mobile-5 has-margin-right-10 has-margin-right-mobile-5\"><img decoding=\"async\" width=\"1024\" height=\"683\" src=\"https:\/\/www.ejercito.mil.uy\/wp-content\/uploads\/2021\/06\/CENAFRE-1-1024x683.jpg\" alt=\"\" data-id=\"4096\" data-link=\"https:\/\/www.ejercito.mil.uy\/?attachment_id=4096\" class=\"wp-image-4096\" srcset=\"https:\/\/www.ejercito.mil.uy\/wp-content\/uploads\/2021\/06\/CENAFRE-1-1024x683.jpg 1024w, https:\/\/www.ejercito.mil.uy\/wp-content\/uploads\/2021\/06\/CENAFRE-1-300x200.jpg 300w, https:\/\/www.ejercito.mil.uy\/wp-content\/uploads\/2021\/06\/CENAFRE-1.jpg 1200w\" sizes=\"(max-width: 1024px) 100vw, 1024px\" \/><\/figure><\/div><\/div><\/div><\/div>\n\n\n\n<p><\/p>\n","protected":false},"excerpt":{"rendered":"<p>20.06.2021 &#8211; R\u00edo Branco, Cerro Largo La pasada semana, con la presencia de personal id\u00f3neo, 18 ni\u00f1os retornaron a sus clases presenciales de equinoterapia en el Centro de Equitaci\u00f3n y Rehabilitaci\u00f3n Ecuestre N\u00ba 7, ubicado en la sede del Regimiento \u201cGral. Aparicio Saravia\u201d de Caballer\u00eda Mecanizado N\u00ba 7, bajo el protocolo sanitario dispuesto por el <a href=\"https:\/\/www.ejercito.mil.uy\/index.php\/2021\/06\/20\/clases-presenciales-de-equinoterapia-2\/\" class=\"more-link\">&#8230;<span class=\"screen-reader-text\">  Clases presenciales de equinoterapia<\/span><\/a><\/p>\n","protected":false},"author":4,"featured_media":4099,"comment_status":"open","ping_status":"open","sticky":false,"template":"","format":"standard","meta":{"_coblocks_attr":"","_coblocks_dimensions":"","_coblocks_responsive_height":"","_coblocks_accordion_ie_support":"","_monsterinsights_skip_tracking":false,"_monsterinsights_sitenote_active":false,"_monsterinsights_sitenote_note":"","_monsterinsights_sitenote_category":0,"_uf_show_specific_survey":0,"_uf_disable_surveys":false,"footnotes":""},"categories":[2,14],"tags":[27,32,150,74,37],"class_list":["post-4094","post","type-post","status-publish","format-standard","has-post-thumbnail","hentry","category-blog","category-noticias","tag-apoyo","tag-bienestar","tag-cenafre","tag-equinoterapia","tag-sociedad"],"aioseo_notices":[],"_links":{"self":[{"href":"https:\/\/www.ejercito.mil.uy\/index.php\/wp-json\/wp\/v2\/posts\/4094","targetHints":{"allow":["GET"]}}],"collection":[{"href":"https:\/\/www.ejercito.mil.uy\/index.php\/wp-json\/wp\/v2\/posts"}],"about":[{"href":"https:\/\/www.ejercito.mil.uy\/index.php\/wp-json\/wp\/v2\/types\/post"}],"author":[{"embeddable":true,"href":"https:\/\/www.ejercito.mil.uy\/index.php\/wp-json\/wp\/v2\/users\/4"}],"replies":[{"embeddable":true,"href":"https:\/\/www.ejercito.mil.uy\/index.php\/wp-json\/wp\/v2\/comments?post=4094"}],"version-history":[{"count":2,"href":"https:\/\/www.ejercito.mil.uy\/index.php\/wp-json\/wp\/v2\/posts\/4094\/revisions"}],"predecessor-version":[{"id":4100,"href":"https:\/\/www.ejercito.mil.uy\/index.php\/wp-json\/wp\/v2\/posts\/4094\/revisions\/4100"}],"wp:featuredmedia":[{"embeddable":true,"href":"https:\/\/www.ejercito.mil.uy\/index.php\/wp-json\/wp\/v2\/media\/4099"}],"wp:attachment":[{"href":"https:\/\/www.ejercito.mil.uy\/index.php\/wp-json\/wp\/v2\/media?parent=4094"}],"wp:term":[{"taxonomy":"category","embeddable":true,"href":"https:\/\/www.ejercito.mil.uy\/index.php\/wp-json\/wp\/v2\/categories?post=4094"},{"taxonomy":"post_tag","embeddable":true,"href":"https:\/\/www.ejercito.mil.uy\/index.php\/wp-json\/wp\/v2\/tags?post=4094"}],"curies":[{"name":"wp","href":"https:\/\/api.w.org\/{rel}","templated":true}]}}