{"id":4320,"date":"2021-06-26T10:32:16","date_gmt":"2021-06-26T13:32:16","guid":{"rendered":"https:\/\/www.ejercito.mil.uy\/?p=4320"},"modified":"2021-06-28T10:57:50","modified_gmt":"2021-06-28T13:57:50","slug":"jornadas-de-instruccion-para-la-seccion-de-abastecimiento-y-transporte","status":"publish","type":"post","link":"https:\/\/www.ejercito.mil.uy\/index.php\/2021\/06\/26\/jornadas-de-instruccion-para-la-seccion-de-abastecimiento-y-transporte\/","title":{"rendered":"Jornadas de instrucci\u00f3n para la Secci\u00f3n de Abastecimiento y Transporte"},"content":{"rendered":"\n<p class=\"wp-block-paragraph\" style=\"font-size:14px\">26.06.2021 &#8211; Treinta y Tres<\/p>\n\n\n\n<div style=\"height:24px\" aria-hidden=\"true\" class=\"wp-block-spacer\"><\/div>\n\n\n\n<p class=\"wp-block-paragraph\">El <a rel=\"noreferrer noopener\" href=\"https:\/\/www.facebook.com\/BatallondeInfateriaN10Uy\/?__cft__[0]=AZUkc53T54AZvhkQwHulg9ec8dMNiEUZCj5EToQD8oGYkuWWoYi1HE1MeDPKOUzxyNUG3pOxNG7IFWsuD95vCUIClP__OXXbY2wEZMJMVL3W-j8fk8uIGYkWA2-RgnkceDnCaI7_M0KTwWQRXf7R3Isf7H5divtOqQAEZQwF0h3AafpBo29oOKdIjoi1f_kGHyk&amp;__tn__=kK-R\" data-type=\"URL\" data-id=\"https:\/\/www.facebook.com\/BatallondeInfateriaN10Uy\/?__cft__[0]=AZUkc53T54AZvhkQwHulg9ec8dMNiEUZCj5EToQD8oGYkuWWoYi1HE1MeDPKOUzxyNUG3pOxNG7IFWsuD95vCUIClP__OXXbY2wEZMJMVL3W-j8fk8uIGYkWA2-RgnkceDnCaI7_M0KTwWQRXf7R3Isf7H5divtOqQAEZQwF0h3AafpBo29oOKdIjoi1f_kGHyk&amp;__tn__=kK-R\" target=\"_blank\"><strong>Batall\u00f3n \u00abTreinta y Tres Orientales\u00bb de Infanter\u00eda Mecanizado N\u00ba 10<\/strong><\/a> realiz\u00f3 un ejercicio de instrucci\u00f3n dirigido al personal que integra la Secci\u00f3n de Abastecimiento y Transporte, de las Unidades dependientes de la Brigada de Infanter\u00eda N\u00ba 4.<\/p>\n\n\n\n<div style=\"height:33px\" aria-hidden=\"true\" class=\"wp-block-spacer\"><\/div>\n\n\n\n<p class=\"wp-block-paragraph\">La instrucci\u00f3n se orient\u00f3 a la organizaci\u00f3n y operaci\u00f3n durante un despliegue de las instalaciones en campa\u00f1a.<\/p>\n\n\n\n<div style=\"height:33px\" aria-hidden=\"true\" class=\"wp-block-spacer\"><\/div>\n\n\n\n<figure class=\"wp-block-video\"><video autoplay controls src=\"https:\/\/www.ejercito.mil.uy\/wp-content\/uploads\/2021\/06\/Logistica.mp4\"><\/video><figcaption>Video realizado por integrantes del <strong>Batall\u00f3n \u00abTreinta y Tres Orientales\u00bb de Infanter\u00eda Mecanizado N\u00ba 10<\/strong><\/figcaption><\/figure>\n\n\n\n<p class=\"wp-block-paragraph\"><\/p>\n","protected":false},"excerpt":{"rendered":"<p>26.06.2021 &#8211; Treinta y Tres El Batall\u00f3n \u00abTreinta y Tres Orientales\u00bb de Infanter\u00eda Mecanizado N\u00ba 10 realiz\u00f3 un ejercicio de instrucci\u00f3n dirigido al personal que integra la Secci\u00f3n de Abastecimiento y Transporte, de las Unidades dependientes de la Brigada de Infanter\u00eda N\u00ba 4. La instrucci\u00f3n se orient\u00f3 a la organizaci\u00f3n y operaci\u00f3n durante un despliegue <a href=\"https:\/\/www.ejercito.mil.uy\/index.php\/2021\/06\/26\/jornadas-de-instruccion-para-la-seccion-de-abastecimiento-y-transporte\/\" class=\"more-link\">&#8230;<span class=\"screen-reader-text\">  Jornadas de instrucci\u00f3n para la Secci\u00f3n de Abastecimiento y Transporte<\/span><\/a><\/p>\n","protected":false},"author":4,"featured_media":4323,"comment_status":"open","ping_status":"open","sticky":false,"template":"","format":"standard","meta":{"_coblocks_attr":"","_coblocks_dimensions":"","_coblocks_responsive_height":"","_coblocks_accordion_ie_support":"","_monsterinsights_skip_tracking":false,"_uf_show_specific_survey":0,"_uf_disable_surveys":false,"footnotes":""},"categories":[2,14],"tags":[35,13,59],"class_list":["post-4320","post","type-post","status-publish","format-standard","has-post-thumbnail","hentry","category-blog","category-noticias","tag-entrenamiento","tag-instruccion","tag-video"],"aioseo_notices":[],"aioseo_head":"\n\t\t<!-- All in One SEO 5.0.1.1 - aioseo.com -->\n\t<meta name=\"description\" content=\"26.06.2021 - Treinta y Tres El Batall\u00f3n &quot;Treinta y Tres Orientales&quot; de Infanter\u00eda Mecanizado N\u00ba 10 realiz\u00f3 un ejercicio de instrucci\u00f3n dirigido al personal que integra la Secci\u00f3n de Abastecimiento y Transporte, de las Unidades dependientes de la Brigada de Infanter\u00eda N\u00ba 4. La instrucci\u00f3n se orient\u00f3 a la organizaci\u00f3n y operaci\u00f3n durante un despliegue\" \/>\n\t<meta name=\"robots\" content=\"max-image-preview:large\" \/>\n\t<meta name=\"author\" content=\"Alejandro Castro\"\/>\n\t<link rel=\"canonical\" href=\"https:\/\/www.ejercito.mil.uy\/index.php\/2021\/06\/26\/jornadas-de-instruccion-para-la-seccion-de-abastecimiento-y-transporte\/\" \/>\n\t<meta name=\"generator\" content=\"All in One SEO (AIOSEO) 5.0.1.1\" \/>\n\t\t<meta property=\"og:locale\" content=\"es_ES\" \/>\n\t\t<meta property=\"og:site_name\" content=\"Ej\u00e9rcito Nacional - La Fuerza de todos\" \/>\n\t\t<meta property=\"og:type\" content=\"article\" \/>\n\t\t<meta property=\"og:title\" content=\"Jornadas de instrucci\u00f3n para la Secci\u00f3n de Abastecimiento y Transporte - Ej\u00e9rcito Nacional\" \/>\n\t\t<meta property=\"og:description\" content=\"26.06.2021 - Treinta y Tres El Batall\u00f3n &quot;Treinta y Tres Orientales&quot; de Infanter\u00eda Mecanizado N\u00ba 10 realiz\u00f3 un ejercicio de instrucci\u00f3n dirigido al personal que integra la Secci\u00f3n de Abastecimiento y Transporte, de las Unidades dependientes de la Brigada de Infanter\u00eda N\u00ba 4. La instrucci\u00f3n se orient\u00f3 a la organizaci\u00f3n y operaci\u00f3n durante un despliegue\" \/>\n\t\t<meta property=\"og:url\" content=\"https:\/\/www.ejercito.mil.uy\/index.php\/2021\/06\/26\/jornadas-de-instruccion-para-la-seccion-de-abastecimiento-y-transporte\/\" \/>\n\t\t<meta property=\"og:image\" content=\"https:\/\/www.ejercito.mil.uy\/wp-content\/uploads\/2022\/01\/Escudo_EN_URUGUAY.png\" \/>\n\t\t<meta property=\"og:image:secure_url\" content=\"https:\/\/www.ejercito.mil.uy\/wp-content\/uploads\/2022\/01\/Escudo_EN_URUGUAY.png\" \/>\n\t\t<meta property=\"og:image:width\" content=\"134\" \/>\n\t\t<meta property=\"og:image:height\" content=\"119\" \/>\n\t\t<meta property=\"article:published_time\" content=\"2021-06-26T13:32:16+00:00\" \/>\n\t\t<meta property=\"article:modified_time\" content=\"2021-06-28T13:57:50+00:00\" \/>\n\t\t<meta name=\"twitter:card\" content=\"summary_large_image\" \/>\n\t\t<meta name=\"twitter:title\" content=\"Jornadas de instrucci\u00f3n para la Secci\u00f3n de Abastecimiento y Transporte - Ej\u00e9rcito Nacional\" \/>\n\t\t<meta name=\"twitter:description\" content=\"26.06.2021 - Treinta y Tres El Batall\u00f3n &quot;Treinta y Tres Orientales&quot; de Infanter\u00eda Mecanizado N\u00ba 10 realiz\u00f3 un ejercicio de instrucci\u00f3n dirigido al personal que integra la Secci\u00f3n de Abastecimiento y Transporte, de las Unidades dependientes de la Brigada de Infanter\u00eda N\u00ba 4. La instrucci\u00f3n se orient\u00f3 a la organizaci\u00f3n y operaci\u00f3n durante un despliegue\" \/>\n\t\t<meta name=\"twitter:image\" content=\"https:\/\/www.ejercito.mil.uy\/wp-content\/uploads\/2022\/01\/Escudo_EN_URUGUAY.png\" \/>\n\t\t<script type=\"application\/ld+json\" class=\"aioseo-schema\">\n\t\t\t{\"@context\":\"https:\\\/\\\/schema.org\",\"@graph\":[{\"@type\":\"BlogPosting\",\"@id\":\"https:\\\/\\\/www.ejercito.mil.uy\\\/index.php\\\/2021\\\/06\\\/26\\\/jornadas-de-instruccion-para-la-seccion-de-abastecimiento-y-transporte\\\/#blogposting\",\"name\":\"Jornadas de instrucci\\u00f3n para la Secci\\u00f3n de Abastecimiento y Transporte - Ej\\u00e9rcito Nacional\",\"headline\":\"Jornadas de instrucci\\u00f3n para la Secci\\u00f3n de Abastecimiento y Transporte\",\"author\":{\"@id\":\"https:\\\/\\\/www.ejercito.mil.uy\\\/index.php\\\/author\\\/acastro\\\/#author\"},\"publisher\":{\"@id\":\"https:\\\/\\\/www.ejercito.mil.uy\\\/#organization\"},\"image\":{\"@type\":\"ImageObject\",\"url\":\"https:\\\/\\\/www.ejercito.mil.uy\\\/wp-content\\\/uploads\\\/2021\\\/06\\\/Logistica.jpg\",\"width\":1200,\"height\":800,\"caption\":\"Logistica\"},\"datePublished\":\"2021-06-26T10:32:16-03:00\",\"dateModified\":\"2021-06-28T10:57:50-03:00\",\"inLanguage\":\"es-UY\",\"mainEntityOfPage\":{\"@id\":\"https:\\\/\\\/www.ejercito.mil.uy\\\/index.php\\\/2021\\\/06\\\/26\\\/jornadas-de-instruccion-para-la-seccion-de-abastecimiento-y-transporte\\\/#webpage\"},\"isPartOf\":{\"@id\":\"https:\\\/\\\/www.ejercito.mil.uy\\\/index.php\\\/2021\\\/06\\\/26\\\/jornadas-de-instruccion-para-la-seccion-de-abastecimiento-y-transporte\\\/#webpage\"},\"articleSection\":\"Blog, Noticias, entrenamiento, instrucci\\u00f3n, video\"},{\"@type\":\"BreadcrumbList\",\"@id\":\"https:\\\/\\\/www.ejercito.mil.uy\\\/index.php\\\/2021\\\/06\\\/26\\\/jornadas-de-instruccion-para-la-seccion-de-abastecimiento-y-transporte\\\/#breadcrumblist\",\"itemListElement\":[{\"@type\":\"ListItem\",\"@id\":\"https:\\\/\\\/www.ejercito.mil.uy#listItem\",\"position\":1,\"name\":\"Home\",\"item\":\"https:\\\/\\\/www.ejercito.mil.uy\",\"nextItem\":{\"@type\":\"ListItem\",\"@id\":\"https:\\\/\\\/www.ejercito.mil.uy\\\/index.php\\\/category\\\/destacados\\\/#listItem\",\"name\":\"Destacados\"}},{\"@type\":\"ListItem\",\"@id\":\"https:\\\/\\\/www.ejercito.mil.uy\\\/index.php\\\/category\\\/destacados\\\/#listItem\",\"position\":2,\"name\":\"Destacados\",\"item\":\"https:\\\/\\\/www.ejercito.mil.uy\\\/index.php\\\/category\\\/destacados\\\/\",\"nextItem\":{\"@type\":\"ListItem\",\"@id\":\"https:\\\/\\\/www.ejercito.mil.uy\\\/index.php\\\/category\\\/destacados\\\/noticias\\\/#listItem\",\"name\":\"Noticias\"},\"previousItem\":{\"@type\":\"ListItem\",\"@id\":\"https:\\\/\\\/www.ejercito.mil.uy#listItem\",\"name\":\"Home\"}},{\"@type\":\"ListItem\",\"@id\":\"https:\\\/\\\/www.ejercito.mil.uy\\\/index.php\\\/category\\\/destacados\\\/noticias\\\/#listItem\",\"position\":3,\"name\":\"Noticias\",\"item\":\"https:\\\/\\\/www.ejercito.mil.uy\\\/index.php\\\/category\\\/destacados\\\/noticias\\\/\",\"nextItem\":{\"@type\":\"ListItem\",\"@id\":\"https:\\\/\\\/www.ejercito.mil.uy\\\/index.php\\\/2021\\\/06\\\/26\\\/jornadas-de-instruccion-para-la-seccion-de-abastecimiento-y-transporte\\\/#listItem\",\"name\":\"Jornadas de instrucci\\u00f3n para la Secci\\u00f3n de Abastecimiento y Transporte\"},\"previousItem\":{\"@type\":\"ListItem\",\"@id\":\"https:\\\/\\\/www.ejercito.mil.uy\\\/index.php\\\/category\\\/destacados\\\/#listItem\",\"name\":\"Destacados\"}},{\"@type\":\"ListItem\",\"@id\":\"https:\\\/\\\/www.ejercito.mil.uy\\\/index.php\\\/2021\\\/06\\\/26\\\/jornadas-de-instruccion-para-la-seccion-de-abastecimiento-y-transporte\\\/#listItem\",\"position\":4,\"name\":\"Jornadas de instrucci\\u00f3n para la Secci\\u00f3n de Abastecimiento y Transporte\",\"previousItem\":{\"@type\":\"ListItem\",\"@id\":\"https:\\\/\\\/www.ejercito.mil.uy\\\/index.php\\\/category\\\/destacados\\\/noticias\\\/#listItem\",\"name\":\"Noticias\"}}]},{\"@type\":\"Organization\",\"@id\":\"https:\\\/\\\/www.ejercito.mil.uy\\\/#organization\",\"name\":\"Ej\\u00e9rcito Nacional\",\"description\":\"La Fuerza de todos\",\"url\":\"https:\\\/\\\/www.ejercito.mil.uy\\\/\",\"logo\":{\"@type\":\"ImageObject\",\"url\":\"https:\\\/\\\/www.ejercito.mil.uy\\\/wp-content\\\/uploads\\\/2022\\\/01\\\/Escudo_EN_URUGUAY.png\",\"@id\":\"https:\\\/\\\/www.ejercito.mil.uy\\\/index.php\\\/2021\\\/06\\\/26\\\/jornadas-de-instruccion-para-la-seccion-de-abastecimiento-y-transporte\\\/#organizationLogo\",\"width\":134,\"height\":119},\"image\":{\"@id\":\"https:\\\/\\\/www.ejercito.mil.uy\\\/index.php\\\/2021\\\/06\\\/26\\\/jornadas-de-instruccion-para-la-seccion-de-abastecimiento-y-transporte\\\/#organizationLogo\"}},{\"@type\":\"Person\",\"@id\":\"https:\\\/\\\/www.ejercito.mil.uy\\\/index.php\\\/author\\\/acastro\\\/#author\",\"url\":\"https:\\\/\\\/www.ejercito.mil.uy\\\/index.php\\\/author\\\/acastro\\\/\",\"name\":\"Alejandro Castro\",\"image\":{\"@type\":\"ImageObject\",\"@id\":\"https:\\\/\\\/www.ejercito.mil.uy\\\/index.php\\\/2021\\\/06\\\/26\\\/jornadas-de-instruccion-para-la-seccion-de-abastecimiento-y-transporte\\\/#authorImage\",\"url\":\"https:\\\/\\\/secure.gravatar.com\\\/avatar\\\/89bb77d4bf696501dd94ca89e6794e1787eaffba7c7197528d249e15bd099f68?s=96&d=mm&r=g\",\"width\":96,\"height\":96,\"caption\":\"Alejandro Castro\"}},{\"@type\":\"WebPage\",\"@id\":\"https:\\\/\\\/www.ejercito.mil.uy\\\/index.php\\\/2021\\\/06\\\/26\\\/jornadas-de-instruccion-para-la-seccion-de-abastecimiento-y-transporte\\\/#webpage\",\"url\":\"https:\\\/\\\/www.ejercito.mil.uy\\\/index.php\\\/2021\\\/06\\\/26\\\/jornadas-de-instruccion-para-la-seccion-de-abastecimiento-y-transporte\\\/\",\"name\":\"Jornadas de instrucci\\u00f3n para la Secci\\u00f3n de Abastecimiento y Transporte - Ej\\u00e9rcito Nacional\",\"description\":\"26.06.2021 - Treinta y Tres El Batall\\u00f3n \\\"Treinta y Tres Orientales\\\" de Infanter\\u00eda Mecanizado N\\u00ba 10 realiz\\u00f3 un ejercicio de instrucci\\u00f3n dirigido al personal que integra la Secci\\u00f3n de Abastecimiento y Transporte, de las Unidades dependientes de la Brigada de Infanter\\u00eda N\\u00ba 4. La instrucci\\u00f3n se orient\\u00f3 a la organizaci\\u00f3n y operaci\\u00f3n durante un despliegue\",\"inLanguage\":\"es-UY\",\"isPartOf\":{\"@id\":\"https:\\\/\\\/www.ejercito.mil.uy\\\/#website\"},\"breadcrumb\":{\"@id\":\"https:\\\/\\\/www.ejercito.mil.uy\\\/index.php\\\/2021\\\/06\\\/26\\\/jornadas-de-instruccion-para-la-seccion-de-abastecimiento-y-transporte\\\/#breadcrumblist\"},\"author\":{\"@id\":\"https:\\\/\\\/www.ejercito.mil.uy\\\/index.php\\\/author\\\/acastro\\\/#author\"},\"creator\":{\"@id\":\"https:\\\/\\\/www.ejercito.mil.uy\\\/index.php\\\/author\\\/acastro\\\/#author\"},\"image\":{\"@type\":\"ImageObject\",\"url\":\"https:\\\/\\\/www.ejercito.mil.uy\\\/wp-content\\\/uploads\\\/2021\\\/06\\\/Logistica.jpg\",\"@id\":\"https:\\\/\\\/www.ejercito.mil.uy\\\/index.php\\\/2021\\\/06\\\/26\\\/jornadas-de-instruccion-para-la-seccion-de-abastecimiento-y-transporte\\\/#mainImage\",\"width\":1200,\"height\":800,\"caption\":\"Logistica\"},\"primaryImageOfPage\":{\"@id\":\"https:\\\/\\\/www.ejercito.mil.uy\\\/index.php\\\/2021\\\/06\\\/26\\\/jornadas-de-instruccion-para-la-seccion-de-abastecimiento-y-transporte\\\/#mainImage\"},\"datePublished\":\"2021-06-26T10:32:16-03:00\",\"dateModified\":\"2021-06-28T10:57:50-03:00\"},{\"@type\":\"WebSite\",\"@id\":\"https:\\\/\\\/www.ejercito.mil.uy\\\/#website\",\"url\":\"https:\\\/\\\/www.ejercito.mil.uy\\\/\",\"name\":\"Ej\\u00e9rcito Nacional\",\"description\":\"La Fuerza de todos\",\"inLanguage\":\"es-UY\",\"publisher\":{\"@id\":\"https:\\\/\\\/www.ejercito.mil.uy\\\/#organization\"}}]}\n\t\t<\/script>\n\t\t<!-- All in One SEO -->\n\n","aioseo_head_json":{"title":"Jornadas de instrucci\u00f3n para la Secci\u00f3n de Abastecimiento y Transporte - Ej\u00e9rcito Nacional","description":"26.06.2021 - Treinta y Tres El Batall\u00f3n \"Treinta y Tres Orientales\" de Infanter\u00eda Mecanizado N\u00ba 10 realiz\u00f3 un ejercicio de instrucci\u00f3n dirigido al personal que integra la Secci\u00f3n de Abastecimiento y Transporte, de las Unidades dependientes de la Brigada de Infanter\u00eda N\u00ba 4. La instrucci\u00f3n se orient\u00f3 a la organizaci\u00f3n y operaci\u00f3n durante un despliegue","canonical_url":"https:\/\/www.ejercito.mil.uy\/index.php\/2021\/06\/26\/jornadas-de-instruccion-para-la-seccion-de-abastecimiento-y-transporte\/","robots":"max-image-preview:large","keywords":"","webmasterTools":{"miscellaneous":""},"schema":{"@context":"https:\/\/schema.org","@graph":[{"@type":"BlogPosting","@id":"https:\/\/www.ejercito.mil.uy\/index.php\/2021\/06\/26\/jornadas-de-instruccion-para-la-seccion-de-abastecimiento-y-transporte\/#blogposting","name":"Jornadas de instrucci\u00f3n para la Secci\u00f3n de Abastecimiento y Transporte - Ej\u00e9rcito Nacional","headline":"Jornadas de instrucci\u00f3n para la Secci\u00f3n de Abastecimiento y Transporte","author":{"@id":"https:\/\/www.ejercito.mil.uy\/index.php\/author\/acastro\/#author"},"publisher":{"@id":"https:\/\/www.ejercito.mil.uy\/#organization"},"image":{"@type":"ImageObject","url":"https:\/\/www.ejercito.mil.uy\/wp-content\/uploads\/2021\/06\/Logistica.jpg","width":1200,"height":800,"caption":"Logistica"},"datePublished":"2021-06-26T10:32:16-03:00","dateModified":"2021-06-28T10:57:50-03:00","inLanguage":"es-UY","mainEntityOfPage":{"@id":"https:\/\/www.ejercito.mil.uy\/index.php\/2021\/06\/26\/jornadas-de-instruccion-para-la-seccion-de-abastecimiento-y-transporte\/#webpage"},"isPartOf":{"@id":"https:\/\/www.ejercito.mil.uy\/index.php\/2021\/06\/26\/jornadas-de-instruccion-para-la-seccion-de-abastecimiento-y-transporte\/#webpage"},"articleSection":"Blog, Noticias, entrenamiento, instrucci\u00f3n, video"},{"@type":"BreadcrumbList","@id":"https:\/\/www.ejercito.mil.uy\/index.php\/2021\/06\/26\/jornadas-de-instruccion-para-la-seccion-de-abastecimiento-y-transporte\/#breadcrumblist","itemListElement":[{"@type":"ListItem","@id":"https:\/\/www.ejercito.mil.uy#listItem","position":1,"name":"Home","item":"https:\/\/www.ejercito.mil.uy","nextItem":{"@type":"ListItem","@id":"https:\/\/www.ejercito.mil.uy\/index.php\/category\/destacados\/#listItem","name":"Destacados"}},{"@type":"ListItem","@id":"https:\/\/www.ejercito.mil.uy\/index.php\/category\/destacados\/#listItem","position":2,"name":"Destacados","item":"https:\/\/www.ejercito.mil.uy\/index.php\/category\/destacados\/","nextItem":{"@type":"ListItem","@id":"https:\/\/www.ejercito.mil.uy\/index.php\/category\/destacados\/noticias\/#listItem","name":"Noticias"},"previousItem":{"@type":"ListItem","@id":"https:\/\/www.ejercito.mil.uy#listItem","name":"Home"}},{"@type":"ListItem","@id":"https:\/\/www.ejercito.mil.uy\/index.php\/category\/destacados\/noticias\/#listItem","position":3,"name":"Noticias","item":"https:\/\/www.ejercito.mil.uy\/index.php\/category\/destacados\/noticias\/","nextItem":{"@type":"ListItem","@id":"https:\/\/www.ejercito.mil.uy\/index.php\/2021\/06\/26\/jornadas-de-instruccion-para-la-seccion-de-abastecimiento-y-transporte\/#listItem","name":"Jornadas de instrucci\u00f3n para la Secci\u00f3n de Abastecimiento y Transporte"},"previousItem":{"@type":"ListItem","@id":"https:\/\/www.ejercito.mil.uy\/index.php\/category\/destacados\/#listItem","name":"Destacados"}},{"@type":"ListItem","@id":"https:\/\/www.ejercito.mil.uy\/index.php\/2021\/06\/26\/jornadas-de-instruccion-para-la-seccion-de-abastecimiento-y-transporte\/#listItem","position":4,"name":"Jornadas de instrucci\u00f3n para la Secci\u00f3n de Abastecimiento y Transporte","previousItem":{"@type":"ListItem","@id":"https:\/\/www.ejercito.mil.uy\/index.php\/category\/destacados\/noticias\/#listItem","name":"Noticias"}}]},{"@type":"Organization","@id":"https:\/\/www.ejercito.mil.uy\/#organization","name":"Ej\u00e9rcito Nacional","description":"La Fuerza de todos","url":"https:\/\/www.ejercito.mil.uy\/","logo":{"@type":"ImageObject","url":"https:\/\/www.ejercito.mil.uy\/wp-content\/uploads\/2022\/01\/Escudo_EN_URUGUAY.png","@id":"https:\/\/www.ejercito.mil.uy\/index.php\/2021\/06\/26\/jornadas-de-instruccion-para-la-seccion-de-abastecimiento-y-transporte\/#organizationLogo","width":134,"height":119},"image":{"@id":"https:\/\/www.ejercito.mil.uy\/index.php\/2021\/06\/26\/jornadas-de-instruccion-para-la-seccion-de-abastecimiento-y-transporte\/#organizationLogo"}},{"@type":"Person","@id":"https:\/\/www.ejercito.mil.uy\/index.php\/author\/acastro\/#author","url":"https:\/\/www.ejercito.mil.uy\/index.php\/author\/acastro\/","name":"Alejandro Castro","image":{"@type":"ImageObject","@id":"https:\/\/www.ejercito.mil.uy\/index.php\/2021\/06\/26\/jornadas-de-instruccion-para-la-seccion-de-abastecimiento-y-transporte\/#authorImage","url":"https:\/\/secure.gravatar.com\/avatar\/89bb77d4bf696501dd94ca89e6794e1787eaffba7c7197528d249e15bd099f68?s=96&d=mm&r=g","width":96,"height":96,"caption":"Alejandro Castro"}},{"@type":"WebPage","@id":"https:\/\/www.ejercito.mil.uy\/index.php\/2021\/06\/26\/jornadas-de-instruccion-para-la-seccion-de-abastecimiento-y-transporte\/#webpage","url":"https:\/\/www.ejercito.mil.uy\/index.php\/2021\/06\/26\/jornadas-de-instruccion-para-la-seccion-de-abastecimiento-y-transporte\/","name":"Jornadas de instrucci\u00f3n para la Secci\u00f3n de Abastecimiento y Transporte - Ej\u00e9rcito Nacional","description":"26.06.2021 - Treinta y Tres El Batall\u00f3n \"Treinta y Tres Orientales\" de Infanter\u00eda Mecanizado N\u00ba 10 realiz\u00f3 un ejercicio de instrucci\u00f3n dirigido al personal que integra la Secci\u00f3n de Abastecimiento y Transporte, de las Unidades dependientes de la Brigada de Infanter\u00eda N\u00ba 4. La instrucci\u00f3n se orient\u00f3 a la organizaci\u00f3n y operaci\u00f3n durante un despliegue","inLanguage":"es-UY","isPartOf":{"@id":"https:\/\/www.ejercito.mil.uy\/#website"},"breadcrumb":{"@id":"https:\/\/www.ejercito.mil.uy\/index.php\/2021\/06\/26\/jornadas-de-instruccion-para-la-seccion-de-abastecimiento-y-transporte\/#breadcrumblist"},"author":{"@id":"https:\/\/www.ejercito.mil.uy\/index.php\/author\/acastro\/#author"},"creator":{"@id":"https:\/\/www.ejercito.mil.uy\/index.php\/author\/acastro\/#author"},"image":{"@type":"ImageObject","url":"https:\/\/www.ejercito.mil.uy\/wp-content\/uploads\/2021\/06\/Logistica.jpg","@id":"https:\/\/www.ejercito.mil.uy\/index.php\/2021\/06\/26\/jornadas-de-instruccion-para-la-seccion-de-abastecimiento-y-transporte\/#mainImage","width":1200,"height":800,"caption":"Logistica"},"primaryImageOfPage":{"@id":"https:\/\/www.ejercito.mil.uy\/index.php\/2021\/06\/26\/jornadas-de-instruccion-para-la-seccion-de-abastecimiento-y-transporte\/#mainImage"},"datePublished":"2021-06-26T10:32:16-03:00","dateModified":"2021-06-28T10:57:50-03:00"},{"@type":"WebSite","@id":"https:\/\/www.ejercito.mil.uy\/#website","url":"https:\/\/www.ejercito.mil.uy\/","name":"Ej\u00e9rcito Nacional","description":"La Fuerza de todos","inLanguage":"es-UY","publisher":{"@id":"https:\/\/www.ejercito.mil.uy\/#organization"}}]},"og:locale":"es_ES","og:site_name":"Ej\u00e9rcito Nacional - La Fuerza de todos","og:type":"article","og:title":"Jornadas de instrucci\u00f3n para la Secci\u00f3n de Abastecimiento y Transporte - Ej\u00e9rcito Nacional","og:description":"26.06.2021 - Treinta y Tres El Batall\u00f3n &quot;Treinta y Tres Orientales&quot; de Infanter\u00eda Mecanizado N\u00ba 10 realiz\u00f3 un ejercicio de instrucci\u00f3n dirigido al personal que integra la Secci\u00f3n de Abastecimiento y Transporte, de las Unidades dependientes de la Brigada de Infanter\u00eda N\u00ba 4. La instrucci\u00f3n se orient\u00f3 a la organizaci\u00f3n y operaci\u00f3n durante un despliegue","og:url":"https:\/\/www.ejercito.mil.uy\/index.php\/2021\/06\/26\/jornadas-de-instruccion-para-la-seccion-de-abastecimiento-y-transporte\/","og:image":"https:\/\/www.ejercito.mil.uy\/wp-content\/uploads\/2022\/01\/Escudo_EN_URUGUAY.png","og:image:secure_url":"https:\/\/www.ejercito.mil.uy\/wp-content\/uploads\/2022\/01\/Escudo_EN_URUGUAY.png","og:image:width":134,"og:image:height":119,"article:published_time":"2021-06-26T13:32:16+00:00","article:modified_time":"2021-06-28T13:57:50+00:00","twitter:card":"summary_large_image","twitter:title":"Jornadas de instrucci\u00f3n para la Secci\u00f3n de Abastecimiento y Transporte - Ej\u00e9rcito Nacional","twitter:description":"26.06.2021 - Treinta y Tres El Batall\u00f3n &quot;Treinta y Tres Orientales&quot; de Infanter\u00eda Mecanizado N\u00ba 10 realiz\u00f3 un ejercicio de instrucci\u00f3n dirigido al personal que integra la Secci\u00f3n de Abastecimiento y Transporte, de las Unidades dependientes de la Brigada de Infanter\u00eda N\u00ba 4. La instrucci\u00f3n se orient\u00f3 a la organizaci\u00f3n y operaci\u00f3n durante un despliegue","twitter:image":"https:\/\/www.ejercito.mil.uy\/wp-content\/uploads\/2022\/01\/Escudo_EN_URUGUAY.png"},"aioseo_meta_data":{"post_id":"4320","title":null,"description":null,"keywords":null,"keyphrases":null,"primary_term":null,"canonical_url":null,"og_title":null,"og_description":null,"og_object_type":"default","og_image_type":"default","og_image_url":null,"og_image_width":null,"og_image_height":null,"og_image_custom_url":null,"og_image_custom_fields":null,"og_video":null,"og_custom_url":null,"og_article_section":null,"og_article_tags":null,"twitter_use_og":false,"twitter_card":"default","twitter_image_type":"default","twitter_image_url":null,"twitter_image_custom_url":null,"twitter_image_custom_fields":null,"twitter_title":null,"twitter_description":null,"schema":{"blockGraphs":[],"customGraphs":[],"default":{"data":{"Article":[],"Course":[],"Dataset":[],"FAQPage":[],"Movie":[],"Person":[],"Product":[],"ProductReview":[],"Car":[],"Recipe":[],"Service":[],"SoftwareApplication":[],"WebPage":[]},"graphName":"","isEnabled":true},"graphs":[]},"schema_type":"default","schema_type_options":null,"pillar_content":false,"robots_default":true,"robots_noindex":false,"robots_noarchive":false,"robots_nosnippet":false,"robots_nofollow":false,"robots_noimageindex":false,"robots_noodp":false,"robots_notranslate":false,"robots_max_snippet":null,"robots_max_videopreview":null,"robots_max_imagepreview":"large","priority":null,"frequency":null,"local_seo":null,"breadcrumb_settings":null,"limit_modified_date":false,"ai":null,"created":"2025-08-30 02:00:38","updated":"2025-08-30 02:00:38","seo_analyzer_scan_date":null,"focus_keyword":null,"additional_keywords":null,"truseo_locale":null},"aioseo_breadcrumb":"<div class=\"aioseo-breadcrumbs\"><span class=\"aioseo-breadcrumb\">\n\t\t\t<a href=\"https:\/\/www.ejercito.mil.uy\" title=\"Home\">Home<\/a>\n\t\t<\/span><span class=\"aioseo-breadcrumb-separator\">&raquo;<\/span><span class=\"aioseo-breadcrumb\">\n\t\t\t<a href=\"https:\/\/www.ejercito.mil.uy\/index.php\/category\/destacados\/\" title=\"Destacados\">Destacados<\/a>\n\t\t<\/span><span class=\"aioseo-breadcrumb-separator\">&raquo;<\/span><span class=\"aioseo-breadcrumb\">\n\t\t\t<a href=\"https:\/\/www.ejercito.mil.uy\/index.php\/category\/destacados\/noticias\/\" title=\"Noticias\">Noticias<\/a>\n\t\t<\/span><span class=\"aioseo-breadcrumb-separator\">&raquo;<\/span><span class=\"aioseo-breadcrumb\">\n\t\t\tJornadas de instrucci\u00f3n para la Secci\u00f3n de Abastecimiento y Transporte\n\t\t<\/span><\/div>","aioseo_breadcrumb_json":[{"label":"Home","link":"https:\/\/www.ejercito.mil.uy"},{"label":"Destacados","link":"https:\/\/www.ejercito.mil.uy\/index.php\/category\/destacados\/"},{"label":"Noticias","link":"https:\/\/www.ejercito.mil.uy\/index.php\/category\/destacados\/noticias\/"},{"label":"Jornadas de instrucci\u00f3n para la Secci\u00f3n de Abastecimiento y Transporte","link":"https:\/\/www.ejercito.mil.uy\/index.php\/2021\/06\/26\/jornadas-de-instruccion-para-la-seccion-de-abastecimiento-y-transporte\/"}],"_links":{"self":[{"href":"https:\/\/www.ejercito.mil.uy\/index.php\/wp-json\/wp\/v2\/posts\/4320","targetHints":{"allow":["GET"]}}],"collection":[{"href":"https:\/\/www.ejercito.mil.uy\/index.php\/wp-json\/wp\/v2\/posts"}],"about":[{"href":"https:\/\/www.ejercito.mil.uy\/index.php\/wp-json\/wp\/v2\/types\/post"}],"author":[{"embeddable":true,"href":"https:\/\/www.ejercito.mil.uy\/index.php\/wp-json\/wp\/v2\/users\/4"}],"replies":[{"embeddable":true,"href":"https:\/\/www.ejercito.mil.uy\/index.php\/wp-json\/wp\/v2\/comments?post=4320"}],"version-history":[{"count":2,"href":"https:\/\/www.ejercito.mil.uy\/index.php\/wp-json\/wp\/v2\/posts\/4320\/revisions"}],"predecessor-version":[{"id":4324,"href":"https:\/\/www.ejercito.mil.uy\/index.php\/wp-json\/wp\/v2\/posts\/4320\/revisions\/4324"}],"wp:featuredmedia":[{"embeddable":true,"href":"https:\/\/www.ejercito.mil.uy\/index.php\/wp-json\/wp\/v2\/media\/4323"}],"wp:attachment":[{"href":"https:\/\/www.ejercito.mil.uy\/index.php\/wp-json\/wp\/v2\/media?parent=4320"}],"wp:term":[{"taxonomy":"category","embeddable":true,"href":"https:\/\/www.ejercito.mil.uy\/index.php\/wp-json\/wp\/v2\/categories?post=4320"},{"taxonomy":"post_tag","embeddable":true,"href":"https:\/\/www.ejercito.mil.uy\/index.php\/wp-json\/wp\/v2\/tags?post=4320"}],"curies":[{"name":"wp","href":"https:\/\/api.w.org\/{rel}","templated":true}]}}