{"id":45423,"date":"2025-05-29T07:33:02","date_gmt":"2025-05-29T10:33:02","guid":{"rendered":"https:\/\/www.ejercito.mil.uy\/?p=45423"},"modified":"2025-05-30T10:06:06","modified_gmt":"2025-05-30T13:06:06","slug":"dia-internacional-del-personal-de-paz-de-la-onu-2","status":"publish","type":"post","link":"https:\/\/www.ejercito.mil.uy\/index.php\/2025\/05\/29\/dia-internacional-del-personal-de-paz-de-la-onu-2\/","title":{"rendered":"D\u00eda Internacional del Personal de Paz de la ONU"},"content":{"rendered":"\n<div style=\"height:22px\" aria-hidden=\"true\" class=\"wp-block-spacer\"><\/div>\n\n\n\n<p class=\"has-black-color has-text-color has-small-font-size\">29.05.2025<\/p>\n\n\n\n<div style=\"height:33px\" aria-hidden=\"true\" class=\"wp-block-spacer\"><\/div>\n\n\n\n<p class=\"has-white-color has-text-color has-background\" style=\"background-color:#418fde;font-size:22px\">En el<strong> D\u00eda Internacional del Personal de Paz de las Naciones Unidas, <\/strong>el<strong> Ej\u00e9rcito Nacional<\/strong> honra la memoria del personal que perdi\u00f3 la vida, sirviendo bajo el mandato de las Naciones Unidas y rinde homenaje a todos los hombres y mujeres que contin\u00faan sirviendo en las Operaciones de Mantenimiento de la Paz, por su profesionalismo, dedicaci\u00f3n y coraje.<\/p>\n\n\n\n<div style=\"height:33px\" aria-hidden=\"true\" class=\"wp-block-spacer\"><\/div>\n\n\n\n<p class=\"has-black-color has-text-color\" style=\"font-size:18px\"><strong>\u00abEl futuro del mantenimiento de la paz\u00bb<\/strong> es el lema de este a\u00f1o y se centra en las invaluables contribuciones que han realizado las fuerzas de paz militares, policiales y civiles desde 1948. <\/p>\n\n\n\n<div style=\"height:33px\" aria-hidden=\"true\" class=\"wp-block-spacer\"><\/div>\n\n\n\n<p class=\"has-black-color has-text-color has-link-color wp-elements-26511628ddd40325286354796a750f82\">El personal de mantenimiento de la paz trabaja, conjuntamente con las comunidades locales, para facilitar soluciones pol\u00edticas, prevenir conflictos, proteger a los civiles, reforzar los derechos humanos y el Estado de derecho, y construir una paz sostenible.<\/p>\n\n\n\n<div style=\"height:33px\" aria-hidden=\"true\" class=\"wp-block-spacer\"><\/div>\n\n\n\n<p class=\"has-black-color has-text-color has-link-color wp-elements-6b667ad1f84161e0b94947560d9ccbbc\">Cabe destacar que entre los 119 pa\u00edses aportantes de personal a las operaciones de paz de la ONU, Uruguay est\u00e1 ubicado en la posici\u00f3n 16 y a su vez, es el pa\u00eds N\u00b01 en Am\u00e9rica Latina que contribuye la mayor cantidad de efectivos militares y policiales en las Misiones Operativas de Paz.<\/p>\n\n\n\n<div style=\"height:44px\" aria-hidden=\"true\" class=\"wp-block-spacer\"><\/div>\n\n\n\n<figure class=\"wp-block-image size-large\"><img fetchpriority=\"high\" decoding=\"async\" width=\"1024\" height=\"724\" src=\"https:\/\/www.ejercito.mil.uy\/wp-content\/uploads\/2025\/05\/2025-05-29-ONU-MAPA-1024x724.jpg\" alt=\"\" class=\"wp-image-45431\" srcset=\"https:\/\/www.ejercito.mil.uy\/wp-content\/uploads\/2025\/05\/2025-05-29-ONU-MAPA-1024x724.jpg 1024w, https:\/\/www.ejercito.mil.uy\/wp-content\/uploads\/2025\/05\/2025-05-29-ONU-MAPA-300x212.jpg 300w, https:\/\/www.ejercito.mil.uy\/wp-content\/uploads\/2025\/05\/2025-05-29-ONU-MAPA.jpg 1199w\" sizes=\"(max-width: 1024px) 100vw, 1024px\" \/><\/figure>\n\n\n\n<div style=\"height:44px\" aria-hidden=\"true\" class=\"wp-block-spacer\"><\/div>\n\n\n\n<p class=\"has-black-color has-text-color has-link-color wp-elements-cec23490f3be3433bd487f9ff18ffac6\">En la actualidad, <strong><em>La Fuerza de todos<\/em> <\/strong>cuenta con aproximadamente 900 cascos azules desplegados alrededor del mundo.<\/p>\n\n\n\n<div style=\"height:100px\" aria-hidden=\"true\" class=\"wp-block-spacer\"><\/div>\n","protected":false},"excerpt":{"rendered":"<p>29.05.2025 &#8211; El Ej\u00e9rcito Nacional honra la memoria del personal que perdi\u00f3 la vida y rinde homenaje a todos los efectivos que contin\u00faan desplegados al servicio de la Paz.<\/p>\n","protected":false},"author":4,"featured_media":45425,"comment_status":"open","ping_status":"open","sticky":false,"template":"","format":"standard","meta":{"_coblocks_attr":"","_coblocks_dimensions":"","_coblocks_responsive_height":"","_coblocks_accordion_ie_support":"","_monsterinsights_skip_tracking":false,"_monsterinsights_sitenote_active":false,"_monsterinsights_sitenote_note":"","_monsterinsights_sitenote_category":0,"_uf_show_specific_survey":0,"_uf_disable_surveys":false,"footnotes":""},"categories":[2,237,14,1],"tags":[207,1317,139,62,67,907],"class_list":["post-45423","post","type-post","status-publish","format-standard","has-post-thumbnail","hentry","category-blog","category-misiones","category-noticias","category-sin-categoria","tag-cascos-azules","tag-mision-de-paz","tag-onu","tag-paz","tag-peacekeeper","tag-personal"],"aioseo_notices":[],"_links":{"self":[{"href":"https:\/\/www.ejercito.mil.uy\/index.php\/wp-json\/wp\/v2\/posts\/45423","targetHints":{"allow":["GET"]}}],"collection":[{"href":"https:\/\/www.ejercito.mil.uy\/index.php\/wp-json\/wp\/v2\/posts"}],"about":[{"href":"https:\/\/www.ejercito.mil.uy\/index.php\/wp-json\/wp\/v2\/types\/post"}],"author":[{"embeddable":true,"href":"https:\/\/www.ejercito.mil.uy\/index.php\/wp-json\/wp\/v2\/users\/4"}],"replies":[{"embeddable":true,"href":"https:\/\/www.ejercito.mil.uy\/index.php\/wp-json\/wp\/v2\/comments?post=45423"}],"version-history":[{"count":10,"href":"https:\/\/www.ejercito.mil.uy\/index.php\/wp-json\/wp\/v2\/posts\/45423\/revisions"}],"predecessor-version":[{"id":45452,"href":"https:\/\/www.ejercito.mil.uy\/index.php\/wp-json\/wp\/v2\/posts\/45423\/revisions\/45452"}],"wp:featuredmedia":[{"embeddable":true,"href":"https:\/\/www.ejercito.mil.uy\/index.php\/wp-json\/wp\/v2\/media\/45425"}],"wp:attachment":[{"href":"https:\/\/www.ejercito.mil.uy\/index.php\/wp-json\/wp\/v2\/media?parent=45423"}],"wp:term":[{"taxonomy":"category","embeddable":true,"href":"https:\/\/www.ejercito.mil.uy\/index.php\/wp-json\/wp\/v2\/categories?post=45423"},{"taxonomy":"post_tag","embeddable":true,"href":"https:\/\/www.ejercito.mil.uy\/index.php\/wp-json\/wp\/v2\/tags?post=45423"}],"curies":[{"name":"wp","href":"https:\/\/api.w.org\/{rel}","templated":true}]}}