{"id":45618,"date":"2025-06-04T13:18:34","date_gmt":"2025-06-04T16:18:34","guid":{"rendered":"https:\/\/www.ejercito.mil.uy\/?p=45618"},"modified":"2025-06-04T15:08:16","modified_gmt":"2025-06-04T18:08:16","slug":"prevencion-del-reclutamiento-y-uso-de-ninos-por-las-fuerzas-armadas-en-colombia","status":"publish","type":"post","link":"https:\/\/www.ejercito.mil.uy\/index.php\/2025\/06\/04\/prevencion-del-reclutamiento-y-uso-de-ninos-por-las-fuerzas-armadas-en-colombia\/","title":{"rendered":"Prevenci\u00f3n del reclutamiento y uso de ni\u00f1os por las Fuerzas Armadas en Colombia"},"content":{"rendered":"\n<div style=\"height:22px\" aria-hidden=\"true\" class=\"wp-block-spacer\"><\/div>\n\n\n\n<p class=\"has-black-color has-text-color has-link-color has-small-font-size wp-elements-5336d4b060670e2fa605c76fc1b2d3e9\">04.06.2025 &#8211; <strong>Bogot\u00e1, Rep. de Colmbia<\/strong><\/p>\n\n\n\n<div style=\"height:22px\" aria-hidden=\"true\" class=\"wp-block-spacer\"><\/div>\n\n\n\n<p class=\"has-white-color has-text-color has-background has-medium-font-size\" style=\"background-color:#418fde\">El Ej\u00e9rcito Nacional particip\u00f3 del <strong>Curso B\u00e1sico Piloto para los Actores de los Sectores de Defensa y Seguridad sobre la Prevenci\u00f3n del Reclutamiento y Uso de Ni\u00f1os por las Fuerzas Armadas y los Grupos Armados<\/strong>, en Bogot\u00e1. <\/p>\n\n\n\n<div style=\"height:22px\" aria-hidden=\"true\" class=\"wp-block-spacer\"><\/div>\n\n\n\n<figure class=\"wp-block-image size-large\"><img fetchpriority=\"high\" decoding=\"async\" width=\"1024\" height=\"683\" src=\"https:\/\/www.ejercito.mil.uy\/wp-content\/uploads\/2025\/06\/8-1024x683.jpg\" alt=\"\" class=\"wp-image-45620\" srcset=\"https:\/\/www.ejercito.mil.uy\/wp-content\/uploads\/2025\/06\/8-1024x683.jpg 1024w, https:\/\/www.ejercito.mil.uy\/wp-content\/uploads\/2025\/06\/8-300x200.jpg 300w, https:\/\/www.ejercito.mil.uy\/wp-content\/uploads\/2025\/06\/8.jpg 1200w\" sizes=\"(max-width: 1024px) 100vw, 1024px\" \/><\/figure>\n\n\n\n<div style=\"height:22px\" aria-hidden=\"true\" class=\"wp-block-spacer\"><\/div>\n\n\n\n<p class=\"has-black-color has-text-color has-link-color has-medium-font-size wp-elements-932b6645a310afe6b065948611e687fd\">El curso se desarroll\u00f3 del 19 al 23 de mayo en la Escuela Superior de Guerra, donde se reunieron representantes de los Actores de la Defensa y Seguridad de Colombia, personal de la Fiscal\u00eda General, el Instituto Colombiano de Bienestar Familiar y el Grupo de Atenci\u00f3n Humanitaria al Desmovilizado del Ministerio de Defensa Nacional. <\/p>\n\n\n\n<div style=\"height:22px\" aria-hidden=\"true\" class=\"wp-block-spacer\"><\/div>\n\n\n\n<p class=\"has-black-color has-text-color has-link-color has-medium-font-size wp-elements-b77258038f86207c37eda49e7080286b\">En la ceremonia de apertura participaron la Viceministra para las Pol\u00edticas de Defensa y Seguridad, Juliana Coronado Neira, junto con el Coordinador del GAHD y Apoyo al Sometimiento Individual a la Justicia, Tte. Cnel. Juan Camilo Mej\u00eda Prieto.<\/p>\n\n\n\n<div style=\"height:22px\" aria-hidden=\"true\" class=\"wp-block-spacer\"><\/div>\n\n\n\n<figure class=\"wp-block-image size-large\"><img decoding=\"async\" width=\"1024\" height=\"683\" src=\"https:\/\/www.ejercito.mil.uy\/wp-content\/uploads\/2025\/06\/13-1024x683.jpg\" alt=\"\" class=\"wp-image-45623\" srcset=\"https:\/\/www.ejercito.mil.uy\/wp-content\/uploads\/2025\/06\/13-1024x683.jpg 1024w, https:\/\/www.ejercito.mil.uy\/wp-content\/uploads\/2025\/06\/13-300x200.jpg 300w, https:\/\/www.ejercito.mil.uy\/wp-content\/uploads\/2025\/06\/13.jpg 1200w\" sizes=\"(max-width: 1024px) 100vw, 1024px\" \/><\/figure>\n\n\n\n<div style=\"height:22px\" aria-hidden=\"true\" class=\"wp-block-spacer\"><\/div>\n\n\n\n<p class=\"has-black-color has-text-color has-link-color has-medium-font-size wp-elements-4330a6c50a97ba03bb5b537b4599310a\">Intervinieron un total de 63 participantes, provenientes de las Fuerzas de Defensa y Seguridad, as\u00ed como otras dependencias del Estado. El equipo de planificaci\u00f3n, coordinaci\u00f3n y ejecuci\u00f3n que actu\u00f3 en representaci\u00f3n del Instituto Dallaire estuvo integrado por el Director del Centro de Excelencia para la Regi\u00f3n Latinoamericana (LACoE-DI), Cnel. (R) Luis Vi\u00f1as; el Jefe del Curso, Cnel. (R) Roberto Gil y los instructores: Jefe de Secretar\u00eda del Sistema de Ense\u00f1anza del Ej\u00e9rcito, <strong>Tte. Cnel. Carlos Sosa<\/strong> y el <strong>Cap. Mauricio Rodr\u00edguez<\/strong> de la Brigada de Caballer\u00eda N\u00b03.<\/p>\n\n\n\n<div style=\"height:22px\" aria-hidden=\"true\" class=\"wp-block-spacer\"><\/div>\n\n\n\n<div aria-label=\"Carousel Gallery\" class=\"wp-block-coblocks-gallery-carousel\"><div class=\"coblocks-gallery-carousel-swiper-container is-cropped coblocks-gallery has-no-alignment has-caption-style-dark has-no-thumbnails\"><div class=\"has-carousel has-carousel-xlrg swiper-container\" data-swiper=\"{&quot;alignCells&quot;:false,&quot;autoPlay&quot;:false,&quot;autoPlaySpeed&quot;:3000,&quot;draggable&quot;:true,&quot;freeMode&quot;:false,&quot;loop&quot;:false,&quot;navigation&quot;:true,&quot;pageDots&quot;:false,&quot;pauseHover&quot;:false,&quot;responsiveHeight&quot;:false,&quot;slidesPerView&quot;:1,&quot;thumbnails&quot;:false,&quot;uuid&quot;:&quot;12345&quot;}\" style=\"height:550px\"><div class=\"swiper-wrapper\"><div class=\"swiper-slide\"><div class=\"coblocks-gallery--item\" role=\"button\" tabindex=\"0\"><figure class=\"coblocks-gallery--figure\"><img decoding=\"async\" width=\"1024\" height=\"683\" alt=\"\" class=\"wp-image-45627\" data-id=\"45627\" data-link=\"https:\/\/www.ejercito.mil.uy\/?attachment_id=45627\" src=\"https:\/\/www.ejercito.mil.uy\/wp-content\/uploads\/2025\/06\/2-1024x683.jpg\" srcset=\"https:\/\/www.ejercito.mil.uy\/wp-content\/uploads\/2025\/06\/2-1024x683.jpg 1024w, https:\/\/www.ejercito.mil.uy\/wp-content\/uploads\/2025\/06\/2-300x200.jpg 300w, https:\/\/www.ejercito.mil.uy\/wp-content\/uploads\/2025\/06\/2.jpg 1200w\" sizes=\"(max-width: 1024px) 100vw, 1024px\" \/><\/figure><figcaption class=\"coblocks-gallery--caption coblocks-gallery--primary-caption\"><\/figcaption><\/div><\/div><div class=\"swiper-slide\"><div class=\"coblocks-gallery--item\" role=\"button\" tabindex=\"1\"><figure class=\"coblocks-gallery--figure\"><img loading=\"lazy\" decoding=\"async\" width=\"1024\" height=\"683\" alt=\"\" class=\"wp-image-45628\" data-id=\"45628\" data-link=\"https:\/\/www.ejercito.mil.uy\/?attachment_id=45628\" src=\"https:\/\/www.ejercito.mil.uy\/wp-content\/uploads\/2025\/06\/4-1024x683.jpg\" srcset=\"https:\/\/www.ejercito.mil.uy\/wp-content\/uploads\/2025\/06\/4-1024x683.jpg 1024w, https:\/\/www.ejercito.mil.uy\/wp-content\/uploads\/2025\/06\/4-300x200.jpg 300w, https:\/\/www.ejercito.mil.uy\/wp-content\/uploads\/2025\/06\/4.jpg 1200w\" sizes=\"(max-width: 1024px) 100vw, 1024px\" \/><\/figure><figcaption class=\"coblocks-gallery--caption coblocks-gallery--primary-caption\"><\/figcaption><\/div><\/div><div class=\"swiper-slide\"><div class=\"coblocks-gallery--item\" role=\"button\" tabindex=\"2\"><figure class=\"coblocks-gallery--figure\"><img loading=\"lazy\" decoding=\"async\" width=\"1024\" height=\"683\" alt=\"\" class=\"wp-image-45626\" data-id=\"45626\" data-link=\"https:\/\/www.ejercito.mil.uy\/?attachment_id=45626\" src=\"https:\/\/www.ejercito.mil.uy\/wp-content\/uploads\/2025\/06\/1-1024x683.jpg\" srcset=\"https:\/\/www.ejercito.mil.uy\/wp-content\/uploads\/2025\/06\/1-1024x683.jpg 1024w, https:\/\/www.ejercito.mil.uy\/wp-content\/uploads\/2025\/06\/1-300x200.jpg 300w, https:\/\/www.ejercito.mil.uy\/wp-content\/uploads\/2025\/06\/1.jpg 1200w\" sizes=\"(max-width: 1024px) 100vw, 1024px\" \/><\/figure><figcaption class=\"coblocks-gallery--caption coblocks-gallery--primary-caption\"><\/figcaption><\/div><\/div><div class=\"swiper-slide\"><div class=\"coblocks-gallery--item\" role=\"button\" tabindex=\"3\"><figure class=\"coblocks-gallery--figure\"><img loading=\"lazy\" decoding=\"async\" width=\"1200\" height=\"800\" alt=\"\" class=\"wp-image-45625\" data-id=\"45625\" data-link=\"https:\/\/www.ejercito.mil.uy\/?attachment_id=45625\" src=\"https:\/\/www.ejercito.mil.uy\/wp-content\/uploads\/2025\/06\/3-1024x683.jpg\" srcset=\"https:\/\/www.ejercito.mil.uy\/wp-content\/uploads\/2025\/06\/3-1024x683.jpg 1024w, https:\/\/www.ejercito.mil.uy\/wp-content\/uploads\/2025\/06\/3-300x200.jpg 300w, https:\/\/www.ejercito.mil.uy\/wp-content\/uploads\/2025\/06\/3.jpg 1200w\" sizes=\"(max-width: 1200px) 100vw, 1200px\" \/><\/figure><figcaption class=\"coblocks-gallery--caption coblocks-gallery--primary-caption\"><\/figcaption><\/div><\/div><\/div><button class=\"nav-button__prev\" id=\"12345-prev\"><svg class=\"icon\" style=\"transform:rotate(180deg)\"><\/svg><\/button><button class=\"nav-button__next\" id=\"12345-next\"><svg class=\"icon\"><\/svg><\/button><\/div><\/div><\/div>\n\n\n\n<div style=\"height:22px\" aria-hidden=\"true\" class=\"wp-block-spacer\"><\/div>\n\n\n\n<p class=\"has-black-color has-text-color has-link-color has-medium-font-size wp-elements-137d428ad00495627fc1ffe0f4c481f2\">Se realiz\u00f3 mediante sesiones te\u00f3rico-pr\u00e1cticas de capacitaci\u00f3n e instrucci\u00f3n, culminando con tres ejercicios en el terreno, dise\u00f1ados para la soluci\u00f3n de m\u00faltiples situaciones, con diferentes niveles de riesgo. Se abord\u00f3 uno de los dramas m\u00e1s graves y persistentes en el contexto de los conflictos armados: <strong>el reclutamiento y uso de ni\u00f1os como Soldados.<\/strong><\/p>\n\n\n\n<div style=\"height:22px\" aria-hidden=\"true\" class=\"wp-block-spacer\"><\/div>\n\n\n\n<div aria-label=\"Carousel Gallery\" class=\"wp-block-coblocks-gallery-carousel\"><div class=\"coblocks-gallery-carousel-swiper-container is-cropped coblocks-gallery has-no-alignment has-caption-style-dark has-no-thumbnails\"><div class=\"has-carousel has-carousel-xlrg swiper-container\" data-swiper=\"{&quot;alignCells&quot;:false,&quot;autoPlay&quot;:false,&quot;autoPlaySpeed&quot;:3000,&quot;draggable&quot;:true,&quot;freeMode&quot;:false,&quot;loop&quot;:false,&quot;navigation&quot;:true,&quot;pageDots&quot;:false,&quot;pauseHover&quot;:false,&quot;responsiveHeight&quot;:false,&quot;slidesPerView&quot;:1,&quot;thumbnails&quot;:false,&quot;uuid&quot;:&quot;12345&quot;}\" style=\"height:550px\"><div class=\"swiper-wrapper\"><div class=\"swiper-slide\"><div class=\"coblocks-gallery--item\" role=\"button\" tabindex=\"0\"><figure class=\"coblocks-gallery--figure\"><img loading=\"lazy\" decoding=\"async\" width=\"1024\" height=\"683\" alt=\"\" class=\"wp-image-45634\" data-id=\"45634\" data-link=\"https:\/\/www.ejercito.mil.uy\/?attachment_id=45634\" src=\"https:\/\/www.ejercito.mil.uy\/wp-content\/uploads\/2025\/06\/9-1024x683.jpg\" srcset=\"https:\/\/www.ejercito.mil.uy\/wp-content\/uploads\/2025\/06\/9-1024x683.jpg 1024w, https:\/\/www.ejercito.mil.uy\/wp-content\/uploads\/2025\/06\/9-300x200.jpg 300w, https:\/\/www.ejercito.mil.uy\/wp-content\/uploads\/2025\/06\/9.jpg 1200w\" sizes=\"(max-width: 1024px) 100vw, 1024px\" \/><\/figure><figcaption class=\"coblocks-gallery--caption coblocks-gallery--primary-caption\"><\/figcaption><\/div><\/div><div class=\"swiper-slide\"><div class=\"coblocks-gallery--item\" role=\"button\" tabindex=\"1\"><figure class=\"coblocks-gallery--figure\"><img loading=\"lazy\" decoding=\"async\" width=\"1024\" height=\"683\" alt=\"\" class=\"wp-image-45635\" data-id=\"45635\" data-link=\"https:\/\/www.ejercito.mil.uy\/?attachment_id=45635\" src=\"https:\/\/www.ejercito.mil.uy\/wp-content\/uploads\/2025\/06\/10-1024x683.jpg\" srcset=\"https:\/\/www.ejercito.mil.uy\/wp-content\/uploads\/2025\/06\/10-1024x683.jpg 1024w, https:\/\/www.ejercito.mil.uy\/wp-content\/uploads\/2025\/06\/10-300x200.jpg 300w, https:\/\/www.ejercito.mil.uy\/wp-content\/uploads\/2025\/06\/10.jpg 1200w\" sizes=\"(max-width: 1024px) 100vw, 1024px\" \/><\/figure><figcaption class=\"coblocks-gallery--caption coblocks-gallery--primary-caption\"><\/figcaption><\/div><\/div><div class=\"swiper-slide\"><div class=\"coblocks-gallery--item\" role=\"button\" tabindex=\"2\"><figure class=\"coblocks-gallery--figure\"><img loading=\"lazy\" decoding=\"async\" width=\"1024\" height=\"683\" alt=\"\" class=\"wp-image-45632\" data-id=\"45632\" data-link=\"https:\/\/www.ejercito.mil.uy\/?attachment_id=45632\" src=\"https:\/\/www.ejercito.mil.uy\/wp-content\/uploads\/2025\/06\/11-1024x683.jpg\" srcset=\"https:\/\/www.ejercito.mil.uy\/wp-content\/uploads\/2025\/06\/11-1024x683.jpg 1024w, https:\/\/www.ejercito.mil.uy\/wp-content\/uploads\/2025\/06\/11-300x200.jpg 300w, https:\/\/www.ejercito.mil.uy\/wp-content\/uploads\/2025\/06\/11.jpg 1200w\" sizes=\"(max-width: 1024px) 100vw, 1024px\" \/><\/figure><figcaption class=\"coblocks-gallery--caption coblocks-gallery--primary-caption\"><\/figcaption><\/div><\/div><div class=\"swiper-slide\"><div class=\"coblocks-gallery--item\" role=\"button\" tabindex=\"3\"><figure class=\"coblocks-gallery--figure\"><img loading=\"lazy\" decoding=\"async\" width=\"1024\" height=\"683\" alt=\"\" class=\"wp-image-45631\" data-id=\"45631\" data-link=\"https:\/\/www.ejercito.mil.uy\/?attachment_id=45631\" src=\"https:\/\/www.ejercito.mil.uy\/wp-content\/uploads\/2025\/06\/12-1024x683.jpg\" srcset=\"https:\/\/www.ejercito.mil.uy\/wp-content\/uploads\/2025\/06\/12-1024x683.jpg 1024w, https:\/\/www.ejercito.mil.uy\/wp-content\/uploads\/2025\/06\/12-300x200.jpg 300w, https:\/\/www.ejercito.mil.uy\/wp-content\/uploads\/2025\/06\/12.jpg 1200w\" sizes=\"(max-width: 1024px) 100vw, 1024px\" \/><\/figure><figcaption class=\"coblocks-gallery--caption coblocks-gallery--primary-caption\"><\/figcaption><\/div><\/div><\/div><button class=\"nav-button__prev\" id=\"12345-prev\"><svg class=\"icon\" style=\"transform:rotate(180deg)\"><\/svg><\/button><button class=\"nav-button__next\" id=\"12345-next\"><svg class=\"icon\"><\/svg><\/button><\/div><\/div><\/div>\n\n\n\n<div style=\"height:22px\" aria-hidden=\"true\" class=\"wp-block-spacer\"><\/div>\n\n\n\n<p class=\"has-black-color has-text-color has-link-color has-medium-font-size wp-elements-1a3044df8481c1ac0745b1a4084a08e4\">En la fase inicial, el equipo anfitri\u00f3n present\u00f3 la situaci\u00f3n particular de este problema en la naci\u00f3n sede, la cual se encuentra en un proceso de paz, tras m\u00e1s de cinco d\u00e9cadas de conflicto interno. Posteriormente, el equipo de LACoE present\u00f3 el contenido espec\u00edfico de los m\u00f3dulos de entrenamiento del Instituto Dallaire, enfocados desde la perspectiva y con miras a su aplicaci\u00f3n en car\u00e1cter internacional. Los temas incluyeron situaciones operacionales de diferentes \u00edndoles, destac\u00e1ndose el inter\u00e9s por el impacto psicol\u00f3gico del alistamiento forzado, los derechos de los ni\u00f1os en zonas de conflicto y las lecciones aprendidas en Misiones de Paz en varias regiones del mundo.<\/p>\n\n\n\n<div style=\"height:22px\" aria-hidden=\"true\" class=\"wp-block-spacer\"><\/div>\n\n\n\n<figure class=\"wp-block-image size-large\"><img loading=\"lazy\" decoding=\"async\" width=\"1024\" height=\"683\" src=\"https:\/\/www.ejercito.mil.uy\/wp-content\/uploads\/2025\/06\/0-1024x683.jpg\" alt=\"\" class=\"wp-image-45639\" srcset=\"https:\/\/www.ejercito.mil.uy\/wp-content\/uploads\/2025\/06\/0-1024x683.jpg 1024w, https:\/\/www.ejercito.mil.uy\/wp-content\/uploads\/2025\/06\/0-300x200.jpg 300w, https:\/\/www.ejercito.mil.uy\/wp-content\/uploads\/2025\/06\/0.jpg 1200w\" sizes=\"(max-width: 1024px) 100vw, 1024px\" \/><\/figure>\n\n\n\n<div style=\"height:22px\" aria-hidden=\"true\" class=\"wp-block-spacer\"><\/div>\n\n\n\n<p class=\"has-black-color has-text-color has-link-color has-medium-font-size wp-elements-8db14e30ea6a7a15b6e621dd78dd47ba\">El resultado de esta actividad ha dejado un valor agregado que se verifica en las relaciones de cooperaci\u00f3n y apoyo mutuo entre el MDN de Colombia, el Instituto Dallaire y la Escuela Nacional de Operaciones de Paz de Uruguay (ENOPU), lo cual fortalece los mecanismos de prevenci\u00f3n y acci\u00f3n contra el reclutamiento de menores, procurando que las Fuerzas de Seguridad y Defensa est\u00e9n mejor preparadas para enfrentar este desaf\u00edo global.<\/p>\n\n\n\n<div style=\"height:22px\" aria-hidden=\"true\" class=\"wp-block-spacer\"><\/div>\n\n\n\n<div class=\"wp-block-columns is-layout-flex wp-container-core-columns-is-layout-28f84493 wp-block-columns-is-layout-flex\">\n<div class=\"wp-block-column is-layout-flow wp-block-column-is-layout-flow\">\n<figure class=\"wp-block-image size-large\"><img loading=\"lazy\" decoding=\"async\" width=\"1024\" height=\"683\" src=\"https:\/\/www.ejercito.mil.uy\/wp-content\/uploads\/2025\/06\/5--1024x683.jpg\" alt=\"\" class=\"wp-image-45645\" srcset=\"https:\/\/www.ejercito.mil.uy\/wp-content\/uploads\/2025\/06\/5--1024x683.jpg 1024w, https:\/\/www.ejercito.mil.uy\/wp-content\/uploads\/2025\/06\/5--300x200.jpg 300w, https:\/\/www.ejercito.mil.uy\/wp-content\/uploads\/2025\/06\/5-.jpg 1200w\" sizes=\"(max-width: 1024px) 100vw, 1024px\" \/><\/figure>\n<\/div>\n\n\n\n<div class=\"wp-block-column is-layout-flow wp-block-column-is-layout-flow\">\n<figure class=\"wp-block-image size-large\"><img loading=\"lazy\" decoding=\"async\" width=\"1024\" height=\"683\" src=\"https:\/\/www.ejercito.mil.uy\/wp-content\/uploads\/2025\/06\/6-1024x683.jpg\" alt=\"\" class=\"wp-image-45646\" srcset=\"https:\/\/www.ejercito.mil.uy\/wp-content\/uploads\/2025\/06\/6-1024x683.jpg 1024w, https:\/\/www.ejercito.mil.uy\/wp-content\/uploads\/2025\/06\/6-300x200.jpg 300w, https:\/\/www.ejercito.mil.uy\/wp-content\/uploads\/2025\/06\/6.jpg 1200w\" sizes=\"(max-width: 1024px) 100vw, 1024px\" \/><\/figure>\n<\/div>\n<\/div>\n\n\n\n<div style=\"height:22px\" aria-hidden=\"true\" class=\"wp-block-spacer\"><\/div>\n\n\n\n<hr class=\"wp-block-separator has-text-color has-black-color has-alpha-channel-opacity has-black-background-color has-background\"\/>\n\n\n\n<div style=\"height:22px\" aria-hidden=\"true\" class=\"wp-block-spacer\"><\/div>\n\n\n\n<p class=\"has-black-color has-text-color has-link-color has-medium-font-size wp-elements-fd574870493832bead40136c59a46ed4\"><strong>Uruguay: Pionero Regional en la Prevenci\u00f3n del Reclutamiento de Ni\u00f1os Soldados<\/strong><\/p>\n\n\n\n<div style=\"height:22px\" aria-hidden=\"true\" class=\"wp-block-spacer\"><\/div>\n\n\n\n<p class=\"has-black-color has-text-color has-link-color has-medium-font-size wp-elements-e09ee51c64bd8d624d70f53fe538d238\">En febrero de 2022, el Ministerio de Defensa Nacional de Uruguay firm\u00f3 un <strong>Memor\u00e1ndum de Entendimiento<\/strong> con el Instituto Dallaire para la Infancia, la Paz y la Seguridad y la Universidad Dalhousie de Nueva Escocia, Canad\u00e1. Este acuerdo reconoce las significativas contribuciones de Uruguay al mantenimiento de la paz internacional y el profesionalismo de su personal desplegado. <\/p>\n\n\n\n<div style=\"height:22px\" aria-hidden=\"true\" class=\"wp-block-spacer\"><\/div>\n\n\n\n<p class=\"has-black-color has-text-color has-link-color has-medium-font-size wp-elements-ae15e593fe8e67be173685dbb85d3546\">Como resultado directo de esta colaboraci\u00f3n, la ENOPU se convirti\u00f3 en un Centro de Excelencia para LACoE en esta especialidad, colocando a nuestro pa\u00eds como el \u00fanico de Am\u00e9rica Latina que ofrece este tipo de cursos.<\/p>\n\n\n\n<div style=\"height:22px\" aria-hidden=\"true\" class=\"wp-block-spacer\"><\/div>\n\n\n\n<figure class=\"wp-block-image size-large\"><img loading=\"lazy\" decoding=\"async\" width=\"1024\" height=\"575\" src=\"https:\/\/www.ejercito.mil.uy\/wp-content\/uploads\/2025\/06\/Fachada-CALEN-y-ENOPU-11-1024x575.jpg\" alt=\"\" class=\"wp-image-45671\" srcset=\"https:\/\/www.ejercito.mil.uy\/wp-content\/uploads\/2025\/06\/Fachada-CALEN-y-ENOPU-11-1024x575.jpg 1024w, https:\/\/www.ejercito.mil.uy\/wp-content\/uploads\/2025\/06\/Fachada-CALEN-y-ENOPU-11-300x168.jpg 300w\" sizes=\"(max-width: 1024px) 100vw, 1024px\" \/><\/figure>\n\n\n\n<p class=\"has-black-color has-text-color has-link-color has-small-font-size wp-elements-3a87b50f93d14fba80b8b17f654ff48c\"><em>Fotograf\u00eda de archivo: sede de la ENOPU<\/em><\/p>\n\n\n\n<div style=\"height:22px\" aria-hidden=\"true\" class=\"wp-block-spacer\"><\/div>\n\n\n\n<p class=\"has-black-color has-text-color has-link-color has-medium-font-size wp-elements-7edcf5d95c308fca63b9000bf5447dad\">Desde ese momento, el contenido curricular de todos los cursos impartidos, incluye m\u00f3dulos sobre la prevenci\u00f3n del reclutamiento y la utilizaci\u00f3n de ni\u00f1os Soldados. Esta innovadora l\u00ednea de capacitaci\u00f3n est\u00e1 dise\u00f1ada para implementar eficazmente los Principios de Vancouver, adoptados durante la Conferencia Ministerial celebrada en esa ciudad (Vancouver), el 14 de noviembre de 2017. Por lo cual los Estados Miembros de las Naciones Unidas que participan en Operaciones de Paz, se comprometieron a prevenir el reclutamiento y el uso de ni\u00f1os como efectivos militares.<\/p>\n\n\n\n<div style=\"height:22px\" aria-hidden=\"true\" class=\"wp-block-spacer\"><\/div>\n\n\n\n<p class=\"has-black-color has-text-color has-link-color has-medium-font-size wp-elements-265b4fbdcdc2b5823688d60fad3fada1\">El entrenamiento espec\u00edfico se centra en uno de los aspectos m\u00e1s dram\u00e1ticos de los conflictos armados: el reclutamiento y uso de ni\u00f1os como combatientes, una situaci\u00f3n a la que el personal de nuestros Contingentes desplegados en MOP se ha enfrentado en distintas oportunidades.<\/p>\n\n\n\n<div style=\"height:22px\" aria-hidden=\"true\" class=\"wp-block-spacer\"><\/div>\n\n\n\n<p class=\"has-black-color has-text-color has-link-color has-medium-font-size wp-elements-58aa342989dfc4ab9b82095254fdc0e3\">En 2023, la ENOPU realiz\u00f3 el primer <strong>Curso de Formaci\u00f3n de Instructores para la \u00abPrevenci\u00f3n del Reclutamiento y Utilizaci\u00f3n de Ni\u00f1os en Conflictos y Violencia Armada\u00bb<\/strong>, impartido por personal del Instituto Dallaire, provenientes de Canad\u00e1. Desde ese entonces, los egresados adquirieron la calidad de \u00abInstructores Especializados\u00bb en esta tem\u00e1tica tan importante.<\/p>\n\n\n\n<div style=\"height:22px\" aria-hidden=\"true\" class=\"wp-block-spacer\"><\/div>\n\n\n\n<div aria-label=\"Carousel Gallery\" class=\"wp-block-coblocks-gallery-carousel\"><div class=\"coblocks-gallery-carousel-swiper-container is-cropped coblocks-gallery has-no-alignment has-caption-style-dark has-no-thumbnails\"><div class=\"has-carousel has-carousel-xlrg swiper-container\" data-swiper=\"{&quot;alignCells&quot;:false,&quot;autoPlay&quot;:false,&quot;autoPlaySpeed&quot;:3000,&quot;draggable&quot;:true,&quot;freeMode&quot;:false,&quot;loop&quot;:false,&quot;navigation&quot;:true,&quot;pageDots&quot;:false,&quot;pauseHover&quot;:false,&quot;responsiveHeight&quot;:false,&quot;slidesPerView&quot;:1,&quot;thumbnails&quot;:false,&quot;uuid&quot;:&quot;12345&quot;}\" style=\"height:550px\"><div class=\"swiper-wrapper\"><div class=\"swiper-slide\"><div class=\"coblocks-gallery--item\" role=\"button\" tabindex=\"0\"><figure class=\"coblocks-gallery--figure\"><img loading=\"lazy\" decoding=\"async\" width=\"1024\" height=\"683\" alt=\"\" class=\"wp-image-45668\" data-id=\"45668\" data-link=\"https:\/\/www.ejercito.mil.uy\/?attachment_id=45668\" src=\"https:\/\/www.ejercito.mil.uy\/wp-content\/uploads\/2025\/06\/481215625_1063967532427712_1056593254434394744_n-1024x683.jpg\" srcset=\"https:\/\/www.ejercito.mil.uy\/wp-content\/uploads\/2025\/06\/481215625_1063967532427712_1056593254434394744_n-1024x683.jpg 1024w, https:\/\/www.ejercito.mil.uy\/wp-content\/uploads\/2025\/06\/481215625_1063967532427712_1056593254434394744_n-300x200.jpg 300w, https:\/\/www.ejercito.mil.uy\/wp-content\/uploads\/2025\/06\/481215625_1063967532427712_1056593254434394744_n.jpg 1200w\" sizes=\"(max-width: 1024px) 100vw, 1024px\" \/><\/figure><figcaption class=\"coblocks-gallery--caption coblocks-gallery--primary-caption\"><\/figcaption><\/div><\/div><div class=\"swiper-slide\"><div class=\"coblocks-gallery--item\" role=\"button\" tabindex=\"1\"><figure class=\"coblocks-gallery--figure\"><img loading=\"lazy\" decoding=\"async\" width=\"1024\" height=\"683\" alt=\"\" class=\"wp-image-45669\" data-id=\"45669\" data-link=\"https:\/\/www.ejercito.mil.uy\/?attachment_id=45669\" src=\"https:\/\/www.ejercito.mil.uy\/wp-content\/uploads\/2025\/06\/481337805_1063967435761055_611505491284170251_n-1024x683.jpg\" srcset=\"https:\/\/www.ejercito.mil.uy\/wp-content\/uploads\/2025\/06\/481337805_1063967435761055_611505491284170251_n-1024x683.jpg 1024w, https:\/\/www.ejercito.mil.uy\/wp-content\/uploads\/2025\/06\/481337805_1063967435761055_611505491284170251_n-300x200.jpg 300w, https:\/\/www.ejercito.mil.uy\/wp-content\/uploads\/2025\/06\/481337805_1063967435761055_611505491284170251_n.jpg 1200w\" sizes=\"(max-width: 1024px) 100vw, 1024px\" \/><\/figure><figcaption class=\"coblocks-gallery--caption coblocks-gallery--primary-caption\"><\/figcaption><\/div><\/div><div class=\"swiper-slide\"><div class=\"coblocks-gallery--item\" role=\"button\" tabindex=\"2\"><figure class=\"coblocks-gallery--figure\"><img loading=\"lazy\" decoding=\"async\" width=\"1024\" height=\"683\" alt=\"\" class=\"wp-image-45670\" data-id=\"45670\" data-link=\"https:\/\/www.ejercito.mil.uy\/?attachment_id=45670\" src=\"https:\/\/www.ejercito.mil.uy\/wp-content\/uploads\/2025\/06\/ENOPU-1024x683.jpg\" srcset=\"https:\/\/www.ejercito.mil.uy\/wp-content\/uploads\/2025\/06\/ENOPU-1024x683.jpg 1024w, https:\/\/www.ejercito.mil.uy\/wp-content\/uploads\/2025\/06\/ENOPU-300x200.jpg 300w, https:\/\/www.ejercito.mil.uy\/wp-content\/uploads\/2025\/06\/ENOPU.jpg 1200w\" sizes=\"(max-width: 1024px) 100vw, 1024px\" \/><\/figure><figcaption class=\"coblocks-gallery--caption coblocks-gallery--primary-caption\"><\/figcaption><\/div><\/div><\/div><button class=\"nav-button__prev\" id=\"12345-prev\"><svg class=\"icon\" style=\"transform:rotate(180deg)\"><\/svg><\/button><button class=\"nav-button__next\" id=\"12345-next\"><svg class=\"icon\"><\/svg><\/button><\/div><\/div><\/div>\n\n\n\n<p class=\"has-black-color has-text-color has-link-color has-small-font-size wp-elements-a39743d0f8605d6db8dd17ee8b6e3b85\"><em>Fotograf\u00edas de archivo: \u00abEntrenamiento para Entrenadores de Infancia, Paz y Seguridad\u00bb en la ENOPU, dictado por el Instituto Dallaire.<\/em><\/p>\n","protected":false},"excerpt":{"rendered":"<p>04.06.2025 &#8211; El Ej\u00e9rcito Nacional particip\u00f3 del Curso B\u00e1sico Piloto para los Actores de los Sectores de Defensa y Seguridad sobre la Prevenci\u00f3n del Reclutamiento y Uso de Ni\u00f1os por las Fuerzas Armadas y los Grupos Armados.<\/p>\n","protected":false},"author":14,"featured_media":45641,"comment_status":"open","ping_status":"open","sticky":false,"template":"","format":"standard","meta":{"_coblocks_attr":"","_coblocks_dimensions":"","_coblocks_responsive_height":"","_coblocks_accordion_ie_support":"","_monsterinsights_skip_tracking":false,"_monsterinsights_sitenote_active":false,"_monsterinsights_sitenote_note":"","_monsterinsights_sitenote_category":0,"_uf_show_specific_survey":0,"_uf_disable_surveys":false,"footnotes":""},"categories":[1],"tags":[314,207,1728,13,1940,21,19,165,139,300,1939,442],"class_list":["post-45618","post","type-post","status-publish","format-standard","has-post-thumbnail","hentry","category-sin-categoria","tag-capacitacion","tag-cascos-azules","tag-colombia","tag-instruccion","tag-menores","tag-misiones-de-paz","tag-mop","tag-ninos","tag-onu","tag-prevencion","tag-reclutamiento","tag-soldados"],"aioseo_notices":[],"_links":{"self":[{"href":"https:\/\/www.ejercito.mil.uy\/index.php\/wp-json\/wp\/v2\/posts\/45618","targetHints":{"allow":["GET"]}}],"collection":[{"href":"https:\/\/www.ejercito.mil.uy\/index.php\/wp-json\/wp\/v2\/posts"}],"about":[{"href":"https:\/\/www.ejercito.mil.uy\/index.php\/wp-json\/wp\/v2\/types\/post"}],"author":[{"embeddable":true,"href":"https:\/\/www.ejercito.mil.uy\/index.php\/wp-json\/wp\/v2\/users\/14"}],"replies":[{"embeddable":true,"href":"https:\/\/www.ejercito.mil.uy\/index.php\/wp-json\/wp\/v2\/comments?post=45618"}],"version-history":[{"count":46,"href":"https:\/\/www.ejercito.mil.uy\/index.php\/wp-json\/wp\/v2\/posts\/45618\/revisions"}],"predecessor-version":[{"id":45687,"href":"https:\/\/www.ejercito.mil.uy\/index.php\/wp-json\/wp\/v2\/posts\/45618\/revisions\/45687"}],"wp:featuredmedia":[{"embeddable":true,"href":"https:\/\/www.ejercito.mil.uy\/index.php\/wp-json\/wp\/v2\/media\/45641"}],"wp:attachment":[{"href":"https:\/\/www.ejercito.mil.uy\/index.php\/wp-json\/wp\/v2\/media?parent=45618"}],"wp:term":[{"taxonomy":"category","embeddable":true,"href":"https:\/\/www.ejercito.mil.uy\/index.php\/wp-json\/wp\/v2\/categories?post=45618"},{"taxonomy":"post_tag","embeddable":true,"href":"https:\/\/www.ejercito.mil.uy\/index.php\/wp-json\/wp\/v2\/tags?post=45618"}],"curies":[{"name":"wp","href":"https:\/\/api.w.org\/{rel}","templated":true}]}}