{"id":45723,"date":"2025-06-05T13:30:00","date_gmt":"2025-06-05T16:30:00","guid":{"rendered":"https:\/\/www.ejercito.mil.uy\/?p=45723"},"modified":"2025-06-06T16:16:45","modified_gmt":"2025-06-06T19:16:45","slug":"presentacion-del-libro-operacion-esperanza","status":"publish","type":"post","link":"https:\/\/www.ejercito.mil.uy\/index.php\/2025\/06\/05\/presentacion-del-libro-operacion-esperanza\/","title":{"rendered":"Presentaci\u00f3n del libro \u00abOperaci\u00f3n Esperanza\u00bb"},"content":{"rendered":"\n<div style=\"height:22px\" aria-hidden=\"true\" class=\"wp-block-spacer\"><\/div>\n\n\n\n<p class=\"has-black-color has-text-color has-link-color has-small-font-size wp-elements-9454ffc1c444977eb605a8529df94af9\">05.06.2025 &#8211; Instituto Militar de Estudios Superiores<\/p>\n\n\n\n<div style=\"height:22px\" aria-hidden=\"true\" class=\"wp-block-spacer\"><\/div>\n\n\n\n<p class=\"has-white-color has-text-color has-background has-medium-font-size\" style=\"background-color:#418fde\">El jueves 05 de junio, con la presencia del Comandante en Jefe del Ej\u00e9rcito, Gral. de Ej\u00e9rcito Mario Stevenazzi, se realiz\u00f3 la <strong>presentaci\u00f3n del libro \u00abOperaci\u00f3n Esperanza\u00bb del escritor Daniel Brown<\/strong>, en el Auditorio \u00abGral. Jos\u00e9 Gervasio Artigas\u00bb del Instituto Militar de Estudios Superiores.<\/p>\n\n\n\n<div style=\"height:22px\" aria-hidden=\"true\" class=\"wp-block-spacer\"><\/div>\n\n\n\n<figure class=\"wp-block-gallery has-nested-images columns-default is-cropped wp-block-gallery-1 is-layout-flex wp-block-gallery-is-layout-flex\">\n<figure class=\"wp-block-image size-large\"><img fetchpriority=\"high\" decoding=\"async\" width=\"1024\" height=\"683\" data-id=\"45697\" src=\"https:\/\/www.ejercito.mil.uy\/wp-content\/uploads\/2025\/06\/Presentacion-del-libro-Operacion-Esperanza-Daniel-Brown-1-1024x683.jpg\" alt=\"\" class=\"wp-image-45697\" srcset=\"https:\/\/www.ejercito.mil.uy\/wp-content\/uploads\/2025\/06\/Presentacion-del-libro-Operacion-Esperanza-Daniel-Brown-1-1024x683.jpg 1024w, https:\/\/www.ejercito.mil.uy\/wp-content\/uploads\/2025\/06\/Presentacion-del-libro-Operacion-Esperanza-Daniel-Brown-1-300x200.jpg 300w, https:\/\/www.ejercito.mil.uy\/wp-content\/uploads\/2025\/06\/Presentacion-del-libro-Operacion-Esperanza-Daniel-Brown-1.jpg 1200w\" sizes=\"(max-width: 1024px) 100vw, 1024px\" \/><\/figure>\n<\/figure>\n\n\n\n<div style=\"height:22px\" aria-hidden=\"true\" class=\"wp-block-spacer\"><\/div>\n\n\n\n<p class=\"has-black-color has-text-color has-link-color has-medium-font-size wp-elements-f53d46ce6b09e6dd252efc2826fa5449\">Esta obra trasciende el papel y se convierte en testimonio vivo del compromiso, entrega y sacrificio de nuestros Soldados en tierras lejanas. Recopila los testimonios de uruguayos con experiencias en Misiones de Paz, entre ellos militares, polic\u00edas y civiles.<\/p>\n\n\n\n<div style=\"height:22px\" aria-hidden=\"true\" class=\"wp-block-spacer\"><\/div>\n\n\n\n<p class=\"has-black-color has-text-color has-link-color has-medium-font-size wp-elements-b334c8f9cae9761a4115c938d71bf98b\">Entre los portavoces protagonistas de esta presentaci\u00f3n, estuvo el Cte. en Jefe del Ej\u00e9rcito quien escribi\u00f3 el Pr\u00f3logo del libro, el autor Sr. Daniel Brown, el Vicepresidente de la Asociaci\u00f3n de Veteranos de Operaciones de Paz del Uruguay (AVOPU), Cnel. (R) C\u00e9sar Rodr\u00edguez y el expresidente de AVOPU, Gral. (R) Mag. Hebert F\u00edgoli.<\/p>\n\n\n\n<div style=\"height:22px\" aria-hidden=\"true\" class=\"wp-block-spacer\"><\/div>\n\n\n\n<figure class=\"wp-block-image size-large\"><img decoding=\"async\" width=\"1024\" height=\"683\" src=\"https:\/\/www.ejercito.mil.uy\/wp-content\/uploads\/2025\/06\/Presentacion-del-libro-Operacion-Esperanza-Daniel-Brown-2-1024x683.jpg\" alt=\"\" class=\"wp-image-45698\" srcset=\"https:\/\/www.ejercito.mil.uy\/wp-content\/uploads\/2025\/06\/Presentacion-del-libro-Operacion-Esperanza-Daniel-Brown-2-1024x683.jpg 1024w, https:\/\/www.ejercito.mil.uy\/wp-content\/uploads\/2025\/06\/Presentacion-del-libro-Operacion-Esperanza-Daniel-Brown-2-300x200.jpg 300w, https:\/\/www.ejercito.mil.uy\/wp-content\/uploads\/2025\/06\/Presentacion-del-libro-Operacion-Esperanza-Daniel-Brown-2.jpg 1200w\" sizes=\"(max-width: 1024px) 100vw, 1024px\" \/><\/figure>\n\n\n\n<div style=\"height:22px\" aria-hidden=\"true\" class=\"wp-block-spacer\"><\/div>\n\n\n\n<p class=\"has-black-color has-text-color has-link-color has-medium-font-size wp-elements-75ff25ed8f824ac31da10a3904e3e5c4\">El Comandante en Jefe del Ej\u00e9rcito expres\u00f3 en su discurso, el desaf\u00edo que le signific\u00f3 escribir el Pr\u00f3logo, porque son m\u00faltiples historias, experiencias en distintas Misiones de Paz, varias personas que <strong><em>\u00abprovienen de diferentes extractos sociales de nuestra poblaci\u00f3n, civiles, militares, policiales, y dentro de los militares, de Ej\u00e9rcito, Armada y Fuerza A\u00e9rea\u00bb<\/em><\/strong>, lo resume como un gran proyecto ambicioso por varios aspectos. <\/p>\n\n\n\n<div style=\"height:22px\" aria-hidden=\"true\" class=\"wp-block-spacer\"><\/div>\n\n\n\n<figure class=\"wp-block-gallery has-nested-images columns-default is-cropped wp-block-gallery-2 is-layout-flex wp-block-gallery-is-layout-flex\">\n<figure class=\"wp-block-image size-large\"><img decoding=\"async\" width=\"1024\" height=\"683\" data-id=\"45819\" src=\"https:\/\/www.ejercito.mil.uy\/wp-content\/uploads\/2025\/06\/2025-06-05-Operacion-Esperanza-Daniel-Brown-4-1024x683.jpg\" alt=\"\" class=\"wp-image-45819\" srcset=\"https:\/\/www.ejercito.mil.uy\/wp-content\/uploads\/2025\/06\/2025-06-05-Operacion-Esperanza-Daniel-Brown-4-1024x683.jpg 1024w, https:\/\/www.ejercito.mil.uy\/wp-content\/uploads\/2025\/06\/2025-06-05-Operacion-Esperanza-Daniel-Brown-4-300x200.jpg 300w, https:\/\/www.ejercito.mil.uy\/wp-content\/uploads\/2025\/06\/2025-06-05-Operacion-Esperanza-Daniel-Brown-4.jpg 1200w\" sizes=\"(max-width: 1024px) 100vw, 1024px\" \/><\/figure>\n<\/figure>\n\n\n\n<div style=\"height:22px\" aria-hidden=\"true\" class=\"wp-block-spacer\"><\/div>\n\n\n\n<p class=\"has-black-color has-text-color has-link-color has-medium-font-size wp-elements-54769c9597589bd1cbfe6031e2512f5c\">Se refiri\u00f3 al proceso que supone para un militar, tomar la decisi\u00f3n de desplegarse en una Misi\u00f3n de Paz, en el cual <strong><em>\u00abinicia un camino con muchas dudas, muchos desaf\u00edos y donde el factor com\u00fan, desde el momento en que se anota como voluntario hasta que es designado y concurre a la Misi\u00f3n, es la gran expectativa de lo que va a pasar\u00bb<\/em><\/strong>.<\/p>\n\n\n\n<div style=\"height:22px\" aria-hidden=\"true\" class=\"wp-block-spacer\"><\/div>\n\n\n\n<p class=\"has-black-color has-text-color has-link-color has-medium-font-size wp-elements-8818a488428b2b98b5017402d6b9adeb\">Adem\u00e1s, habl\u00f3 de la articulaci\u00f3n del trabajo entre militares, polic\u00edas y civiles, que son los protagonistas de este libro. <strong><em>\u00abA veces es dif\u00edcil pensar en Soldados armados, militares o policiales, Fuerzas Armadas siendo art\u00edfices de lo que es una Misi\u00f3n de Paz. Sin embargo, cr\u00e9anme que en este complejo mundo de las Naciones Unidas, el componente civil, militar y policial trabajan en completa armon\u00eda\u00bb.<\/em><\/strong><\/p>\n\n\n\n<div style=\"height:22px\" aria-hidden=\"true\" class=\"wp-block-spacer\"><\/div>\n\n\n\n<p class=\"has-black-color has-text-color has-link-color has-medium-font-size wp-elements-7864208666a66985d4b739863e4cce89\">Finaliz\u00f3 su alocuci\u00f3n, haciendo referencia a los \u00faltimos dos camaradas ca\u00eddos en la Rep\u00fablica Democr\u00e1tica del Congo durante este a\u00f1o. Asegur\u00f3 que actualmente, el Ej\u00e9rcito Nacional trabaja en los acuerdos <strong><em>\u00abpara relevar a nuestros m\u00e1s de 650 efectivos que est\u00e1n en el Congo (&#8230;) cumpliendo con alt\u00edsimo profesionalismo, el mandato de las Naciones Unidas, a\u00fan cuando hace casi un a\u00f1o y medio que est\u00e1n desplegados, y medio a\u00f1o fue muy duro\u00bb.<\/em><\/strong><\/p>\n\n\n\n<div style=\"height:22px\" aria-hidden=\"true\" class=\"wp-block-spacer\"><\/div>\n\n\n\n<figure class=\"wp-block-image size-large\"><img loading=\"lazy\" decoding=\"async\" width=\"1024\" height=\"683\" src=\"https:\/\/www.ejercito.mil.uy\/wp-content\/uploads\/2025\/06\/Presentacion-del-libro-Operacion-Esperanza-Daniel-Brown-3-1024x683.jpg\" alt=\"\" class=\"wp-image-45702\" srcset=\"https:\/\/www.ejercito.mil.uy\/wp-content\/uploads\/2025\/06\/Presentacion-del-libro-Operacion-Esperanza-Daniel-Brown-3-1024x683.jpg 1024w, https:\/\/www.ejercito.mil.uy\/wp-content\/uploads\/2025\/06\/Presentacion-del-libro-Operacion-Esperanza-Daniel-Brown-3-300x200.jpg 300w, https:\/\/www.ejercito.mil.uy\/wp-content\/uploads\/2025\/06\/Presentacion-del-libro-Operacion-Esperanza-Daniel-Brown-3.jpg 1200w\" sizes=\"(max-width: 1024px) 100vw, 1024px\" \/><\/figure>\n\n\n\n<div style=\"height:22px\" aria-hidden=\"true\" class=\"wp-block-spacer\"><\/div>\n\n\n\n<p class=\"has-black-color has-text-color has-link-color has-medium-font-size wp-elements-abf9a6df5cf82ad9aa6e99d6d1f3121a\">Por su parte, Daniel Brown explic\u00f3 las razones que lo motivaron a escribir un segundo libro con esta tem\u00e1tica, ya que el primer libro lo present\u00f3 el 29 de noviembre de 2017, y record\u00f3 ese momento <strong><em>\u00abpresent\u00e9 aqu\u00ed, en este mismo lugar, mi libro anterior, \u00abHistorias de paz y guerra\u00bb tambi\u00e9n una recopilaci\u00f3n de amigos uruguayos en Misiones de Paz\u00bb.<\/em><\/strong><\/p>\n\n\n\n<div style=\"height:22px\" aria-hidden=\"true\" class=\"wp-block-spacer\"><\/div>\n\n\n\n<figure class=\"wp-block-gallery has-nested-images columns-default is-cropped wp-block-gallery-3 is-layout-flex wp-block-gallery-is-layout-flex\">\n<figure class=\"wp-block-image size-large\"><img loading=\"lazy\" decoding=\"async\" width=\"1024\" height=\"683\" data-id=\"45824\" src=\"https:\/\/www.ejercito.mil.uy\/wp-content\/uploads\/2025\/06\/2025-06-05-Operacion-Esperanza-Daniel-Brown-8-1024x683.jpg\" alt=\"\" class=\"wp-image-45824\" srcset=\"https:\/\/www.ejercito.mil.uy\/wp-content\/uploads\/2025\/06\/2025-06-05-Operacion-Esperanza-Daniel-Brown-8-1024x683.jpg 1024w, https:\/\/www.ejercito.mil.uy\/wp-content\/uploads\/2025\/06\/2025-06-05-Operacion-Esperanza-Daniel-Brown-8-300x200.jpg 300w, https:\/\/www.ejercito.mil.uy\/wp-content\/uploads\/2025\/06\/2025-06-05-Operacion-Esperanza-Daniel-Brown-8.jpg 1200w\" sizes=\"(max-width: 1024px) 100vw, 1024px\" \/><\/figure>\n<\/figure>\n\n\n\n<div style=\"height:22px\" aria-hidden=\"true\" class=\"wp-block-spacer\"><\/div>\n\n\n\n<p class=\"has-black-color has-text-color has-link-color has-medium-font-size wp-elements-3a79e836092238a4c0182b37a3b17856\">Asimismo, ese d\u00eda expres\u00f3 <strong><em>\u00abel deseo de que se construyera un monumento para honrar a nuestros ca\u00eddos en Misi\u00f3n. Por total casualidad, unos meses despu\u00e9s, en agosto del 2018, fue formulada la Ley N\u00b0 19.650, que dice textualmente \u00abDisp\u00f3nese la erecci\u00f3n de un monumento en memoria de los ciudadanos ca\u00eddos en el cumplimiento de Misiones de Paz\u00bb<\/em><\/strong>\u00ab.<\/p>\n\n\n\n<div style=\"height:22px\" aria-hidden=\"true\" class=\"wp-block-spacer\"><\/div>\n\n\n\n<p class=\"has-black-color has-text-color has-link-color has-medium-font-size wp-elements-bd176b5cc672ad63f8513bc6b144eb27\">Agreg\u00f3 que su deseo y motivo principal, \u00ab<strong><em>es que cada ejemplar de \u00abOperaci\u00f3n Esperanza\u00bb se convierta en un peque\u00f1o homenaje, en un peque\u00f1o memorial a nuestros ca\u00eddos en Misiones de Paz (&#8230;) Los ca\u00eddos est\u00e1n presentes en este libro. A ellos les dedico las primeras p\u00e1ginas, donde tengo la lista de todos sus nombres\u00bb.<\/em><\/strong><\/p>\n\n\n\n<div style=\"height:22px\" aria-hidden=\"true\" class=\"wp-block-spacer\"><\/div>\n\n\n\n<div aria-label=\"Carousel Gallery\" class=\"wp-block-coblocks-gallery-carousel\"><div class=\"coblocks-gallery-carousel-swiper-container is-cropped coblocks-gallery has-no-alignment has-caption-style-dark has-no-thumbnails\"><div class=\"has-carousel has-carousel-xlrg swiper-container\" data-swiper=\"{&quot;alignCells&quot;:false,&quot;autoPlay&quot;:false,&quot;autoPlaySpeed&quot;:3000,&quot;draggable&quot;:true,&quot;freeMode&quot;:false,&quot;loop&quot;:false,&quot;navigation&quot;:true,&quot;pageDots&quot;:false,&quot;pauseHover&quot;:false,&quot;responsiveHeight&quot;:false,&quot;slidesPerView&quot;:1,&quot;thumbnails&quot;:false,&quot;uuid&quot;:&quot;12345&quot;}\" style=\"height:600px\"><div class=\"swiper-wrapper\"><div class=\"swiper-slide\"><div class=\"coblocks-gallery--item\" role=\"button\" tabindex=\"0\"><figure class=\"coblocks-gallery--figure\"><img loading=\"lazy\" decoding=\"async\" width=\"1024\" height=\"683\" alt=\"\" class=\"wp-image-45700\" data-id=\"45700\" data-link=\"https:\/\/www.ejercito.mil.uy\/presentacion-del-libro-operacion-esperanza-daniel-brown-4\/\" src=\"https:\/\/www.ejercito.mil.uy\/wp-content\/uploads\/2025\/06\/Presentacion-del-libro-Operacion-Esperanza-Daniel-Brown-4-1024x683.jpg\" srcset=\"https:\/\/www.ejercito.mil.uy\/wp-content\/uploads\/2025\/06\/Presentacion-del-libro-Operacion-Esperanza-Daniel-Brown-4-1024x683.jpg 1024w, https:\/\/www.ejercito.mil.uy\/wp-content\/uploads\/2025\/06\/Presentacion-del-libro-Operacion-Esperanza-Daniel-Brown-4-300x200.jpg 300w, https:\/\/www.ejercito.mil.uy\/wp-content\/uploads\/2025\/06\/Presentacion-del-libro-Operacion-Esperanza-Daniel-Brown-4.jpg 1200w\" sizes=\"(max-width: 1024px) 100vw, 1024px\" \/><\/figure><figcaption class=\"coblocks-gallery--caption coblocks-gallery--primary-caption\"><\/figcaption><\/div><\/div><div class=\"swiper-slide\"><div class=\"coblocks-gallery--item\" role=\"button\" tabindex=\"1\"><figure class=\"coblocks-gallery--figure\"><img loading=\"lazy\" decoding=\"async\" width=\"1024\" height=\"683\" alt=\"\" class=\"wp-image-45699\" data-id=\"45699\" data-link=\"https:\/\/www.ejercito.mil.uy\/presentacion-del-libro-operacion-esperanza-daniel-brown-6\/\" src=\"https:\/\/www.ejercito.mil.uy\/wp-content\/uploads\/2025\/06\/Presentacion-del-libro-Operacion-Esperanza-Daniel-Brown-6-1024x683.jpg\" srcset=\"https:\/\/www.ejercito.mil.uy\/wp-content\/uploads\/2025\/06\/Presentacion-del-libro-Operacion-Esperanza-Daniel-Brown-6-1024x683.jpg 1024w, https:\/\/www.ejercito.mil.uy\/wp-content\/uploads\/2025\/06\/Presentacion-del-libro-Operacion-Esperanza-Daniel-Brown-6-300x200.jpg 300w, https:\/\/www.ejercito.mil.uy\/wp-content\/uploads\/2025\/06\/Presentacion-del-libro-Operacion-Esperanza-Daniel-Brown-6.jpg 1200w\" sizes=\"(max-width: 1024px) 100vw, 1024px\" \/><\/figure><figcaption class=\"coblocks-gallery--caption coblocks-gallery--primary-caption\"><\/figcaption><\/div><\/div><div class=\"swiper-slide\"><div class=\"coblocks-gallery--item\" role=\"button\" tabindex=\"2\"><figure class=\"coblocks-gallery--figure\"><img loading=\"lazy\" decoding=\"async\" width=\"1024\" height=\"683\" alt=\"\" class=\"wp-image-45701\" data-id=\"45701\" data-link=\"https:\/\/www.ejercito.mil.uy\/presentacion-del-libro-operacion-esperanza-daniel-brown-7\/\" src=\"https:\/\/www.ejercito.mil.uy\/wp-content\/uploads\/2025\/06\/Presentacion-del-libro-Operacion-Esperanza-Daniel-Brown-7-1024x683.jpg\" srcset=\"https:\/\/www.ejercito.mil.uy\/wp-content\/uploads\/2025\/06\/Presentacion-del-libro-Operacion-Esperanza-Daniel-Brown-7-1024x683.jpg 1024w, https:\/\/www.ejercito.mil.uy\/wp-content\/uploads\/2025\/06\/Presentacion-del-libro-Operacion-Esperanza-Daniel-Brown-7-300x200.jpg 300w, https:\/\/www.ejercito.mil.uy\/wp-content\/uploads\/2025\/06\/Presentacion-del-libro-Operacion-Esperanza-Daniel-Brown-7.jpg 1200w\" sizes=\"(max-width: 1024px) 100vw, 1024px\" \/><\/figure><figcaption class=\"coblocks-gallery--caption coblocks-gallery--primary-caption\"><\/figcaption><\/div><\/div><div class=\"swiper-slide\"><div class=\"coblocks-gallery--item\" role=\"button\" tabindex=\"3\"><figure class=\"coblocks-gallery--figure\"><img loading=\"lazy\" decoding=\"async\" width=\"1024\" height=\"683\" alt=\"\" class=\"wp-image-45823\" data-id=\"45823\" data-link=\"https:\/\/www.ejercito.mil.uy\/index.php\/2025\/06\/05\/presentacion-del-libro-operacion-esperanza\/2025-06-05-operacion-esperanza-daniel-brown-10\/\" src=\"https:\/\/www.ejercito.mil.uy\/wp-content\/uploads\/2025\/06\/2025-06-05-Operacion-Esperanza-Daniel-Brown-10-1024x683.jpg\" srcset=\"https:\/\/www.ejercito.mil.uy\/wp-content\/uploads\/2025\/06\/2025-06-05-Operacion-Esperanza-Daniel-Brown-10-1024x683.jpg 1024w, https:\/\/www.ejercito.mil.uy\/wp-content\/uploads\/2025\/06\/2025-06-05-Operacion-Esperanza-Daniel-Brown-10-300x200.jpg 300w, https:\/\/www.ejercito.mil.uy\/wp-content\/uploads\/2025\/06\/2025-06-05-Operacion-Esperanza-Daniel-Brown-10.jpg 1200w\" sizes=\"(max-width: 1024px) 100vw, 1024px\" \/><\/figure><figcaption class=\"coblocks-gallery--caption coblocks-gallery--primary-caption\"><\/figcaption><\/div><\/div><div class=\"swiper-slide\"><div class=\"coblocks-gallery--item\" role=\"button\" tabindex=\"4\"><figure class=\"coblocks-gallery--figure\"><img loading=\"lazy\" decoding=\"async\" width=\"1024\" height=\"683\" alt=\"\" class=\"wp-image-45821\" data-id=\"45821\" data-link=\"https:\/\/www.ejercito.mil.uy\/index.php\/2025\/06\/05\/presentacion-del-libro-operacion-esperanza\/2025-06-05-operacion-esperanza-daniel-brown-12\/\" src=\"https:\/\/www.ejercito.mil.uy\/wp-content\/uploads\/2025\/06\/2025-06-05-Operacion-Esperanza-Daniel-Brown-12-1024x683.jpg\" srcset=\"https:\/\/www.ejercito.mil.uy\/wp-content\/uploads\/2025\/06\/2025-06-05-Operacion-Esperanza-Daniel-Brown-12-1024x683.jpg 1024w, https:\/\/www.ejercito.mil.uy\/wp-content\/uploads\/2025\/06\/2025-06-05-Operacion-Esperanza-Daniel-Brown-12-300x200.jpg 300w, https:\/\/www.ejercito.mil.uy\/wp-content\/uploads\/2025\/06\/2025-06-05-Operacion-Esperanza-Daniel-Brown-12.jpg 1200w\" sizes=\"(max-width: 1024px) 100vw, 1024px\" \/><\/figure><figcaption class=\"coblocks-gallery--caption coblocks-gallery--primary-caption\"><\/figcaption><\/div><\/div><\/div><button class=\"nav-button__prev\" id=\"12345-prev\"><svg class=\"icon\" style=\"transform:rotate(180deg)\"><\/svg><\/button><button class=\"nav-button__next\" id=\"12345-next\"><svg class=\"icon\"><\/svg><\/button><\/div><\/div><\/div>\n\n\n\n<div style=\"height:22px\" aria-hidden=\"true\" class=\"wp-block-spacer\"><\/div>\n\n\n\n<p class=\"has-black-color has-text-color has-link-color has-medium-font-size wp-elements-d88407c77d1fee697303bf6bc991bf1d\">Asistieron al evento, autoridades nacionales, Directores de Oficinas P\u00fablicas del Ministerio de Defensa Nacional, autoridades militares en actividad y en situaci\u00f3n de retiro, Embajadores y Agregados Militares de pa\u00edses amigos, entre otros.<\/p>\n\n\n\n<div style=\"height:22px\" aria-hidden=\"true\" class=\"wp-block-spacer\"><\/div>\n\n\n\n<figure class=\"wp-block-gallery has-nested-images columns-default is-cropped wp-block-gallery-4 is-layout-flex wp-block-gallery-is-layout-flex\">\n<figure class=\"wp-block-image size-large\"><img loading=\"lazy\" decoding=\"async\" width=\"1024\" height=\"683\" data-id=\"45822\" src=\"https:\/\/www.ejercito.mil.uy\/wp-content\/uploads\/2025\/06\/2025-06-05-Operacion-Esperanza-Daniel-Brown-11-1024x683.jpg\" alt=\"\" class=\"wp-image-45822\" srcset=\"https:\/\/www.ejercito.mil.uy\/wp-content\/uploads\/2025\/06\/2025-06-05-Operacion-Esperanza-Daniel-Brown-11-1024x683.jpg 1024w, https:\/\/www.ejercito.mil.uy\/wp-content\/uploads\/2025\/06\/2025-06-05-Operacion-Esperanza-Daniel-Brown-11-300x200.jpg 300w, https:\/\/www.ejercito.mil.uy\/wp-content\/uploads\/2025\/06\/2025-06-05-Operacion-Esperanza-Daniel-Brown-11.jpg 1200w\" sizes=\"(max-width: 1024px) 100vw, 1024px\" \/><\/figure>\n\n\n\n<figure class=\"wp-block-image size-large\"><img loading=\"lazy\" decoding=\"async\" width=\"1024\" height=\"683\" data-id=\"45703\" src=\"https:\/\/www.ejercito.mil.uy\/wp-content\/uploads\/2025\/06\/Presentacion-del-libro-Operacion-Esperanza-Daniel-Brown-8-1024x683.jpg\" alt=\"\" class=\"wp-image-45703\" srcset=\"https:\/\/www.ejercito.mil.uy\/wp-content\/uploads\/2025\/06\/Presentacion-del-libro-Operacion-Esperanza-Daniel-Brown-8-1024x683.jpg 1024w, https:\/\/www.ejercito.mil.uy\/wp-content\/uploads\/2025\/06\/Presentacion-del-libro-Operacion-Esperanza-Daniel-Brown-8-300x200.jpg 300w, https:\/\/www.ejercito.mil.uy\/wp-content\/uploads\/2025\/06\/Presentacion-del-libro-Operacion-Esperanza-Daniel-Brown-8.jpg 1200w\" sizes=\"(max-width: 1024px) 100vw, 1024px\" \/><\/figure>\n<\/figure>\n\n\n\n<div style=\"height:22px\" aria-hidden=\"true\" class=\"wp-block-spacer\"><\/div>\n\n\n\n<p class=\"is-style-success has-black-color has-text-color has-background has-link-color has-medium-font-size wp-elements-b9104fa52c2f30e1a135c4fd9abf984b\" style=\"background-color:#8dd2fc85\"><strong>Este libro representa no solo un testimonio, sino tambi\u00e9n un legado de servicio, vocaci\u00f3n y esperanza en el accionar internacional de nuestras Fuerzas.<\/strong><\/p>\n\n\n\n<p><\/p>\n","protected":false},"excerpt":{"rendered":"<p>05.06.2025 &#8211; Con la presencia del Cte. en Jefe del Ej\u00e9rcito se realiz\u00f3 la presentaci\u00f3n de esta obra, que es un testimonio vivo del compromiso, entrega y sacrificio de militares, polic\u00edas y civiles al servicio de la Paz.<\/p>\n","protected":false},"author":9,"featured_media":45696,"comment_status":"open","ping_status":"open","sticky":false,"template":"","format":"standard","meta":{"_coblocks_attr":"","_coblocks_dimensions":"","_coblocks_responsive_height":"","_coblocks_accordion_ie_support":"","_monsterinsights_skip_tracking":false,"_monsterinsights_sitenote_active":false,"_monsterinsights_sitenote_note":"","_monsterinsights_sitenote_category":0,"_uf_show_specific_survey":0,"_uf_disable_surveys":false,"footnotes":""},"categories":[2,10,1],"tags":[207,1938,1280,347,21,19,232,165,139,1801,1377,1378],"class_list":["post-45723","post","type-post","status-publish","format-standard","has-post-thumbnail","hentry","category-blog","category-destacados","category-sin-categoria","tag-cascos-azules","tag-esperanza","tag-experiencias","tag-libro","tag-misiones-de-paz","tag-mop","tag-mujeres","tag-ninos","tag-onu","tag-operacion-3","tag-presentacion","tag-relatos"],"aioseo_notices":[],"_links":{"self":[{"href":"https:\/\/www.ejercito.mil.uy\/index.php\/wp-json\/wp\/v2\/posts\/45723","targetHints":{"allow":["GET"]}}],"collection":[{"href":"https:\/\/www.ejercito.mil.uy\/index.php\/wp-json\/wp\/v2\/posts"}],"about":[{"href":"https:\/\/www.ejercito.mil.uy\/index.php\/wp-json\/wp\/v2\/types\/post"}],"author":[{"embeddable":true,"href":"https:\/\/www.ejercito.mil.uy\/index.php\/wp-json\/wp\/v2\/users\/9"}],"replies":[{"embeddable":true,"href":"https:\/\/www.ejercito.mil.uy\/index.php\/wp-json\/wp\/v2\/comments?post=45723"}],"version-history":[{"count":3,"href":"https:\/\/www.ejercito.mil.uy\/index.php\/wp-json\/wp\/v2\/posts\/45723\/revisions"}],"predecessor-version":[{"id":45825,"href":"https:\/\/www.ejercito.mil.uy\/index.php\/wp-json\/wp\/v2\/posts\/45723\/revisions\/45825"}],"wp:featuredmedia":[{"embeddable":true,"href":"https:\/\/www.ejercito.mil.uy\/index.php\/wp-json\/wp\/v2\/media\/45696"}],"wp:attachment":[{"href":"https:\/\/www.ejercito.mil.uy\/index.php\/wp-json\/wp\/v2\/media?parent=45723"}],"wp:term":[{"taxonomy":"category","embeddable":true,"href":"https:\/\/www.ejercito.mil.uy\/index.php\/wp-json\/wp\/v2\/categories?post=45723"},{"taxonomy":"post_tag","embeddable":true,"href":"https:\/\/www.ejercito.mil.uy\/index.php\/wp-json\/wp\/v2\/tags?post=45723"}],"curies":[{"name":"wp","href":"https:\/\/api.w.org\/{rel}","templated":true}]}}