{"id":47771,"date":"2025-08-08T18:00:19","date_gmt":"2025-08-08T21:00:19","guid":{"rendered":"https:\/\/www.ejercito.mil.uy\/?p=47771"},"modified":"2025-08-11T08:59:01","modified_gmt":"2025-08-11T11:59:01","slug":"curso-capacitacion-sobre-artefactos-explosivos-improvisados","status":"publish","type":"post","link":"https:\/\/www.ejercito.mil.uy\/index.php\/2025\/08\/08\/curso-capacitacion-sobre-artefactos-explosivos-improvisados\/","title":{"rendered":"Curso \u00abCapacitaci\u00f3n sobre Artefactos Explosivos Improvisados\u00bb"},"content":{"rendered":"\n<p class=\"has-black-color has-text-color has-link-color has-small-font-size wp-elements-45a259fdde20ee616b06262817e4d258\">08.08.2025 &#8211; <strong>Montevideo <\/strong><\/p>\n\n\n\n<div style=\"height:22px\" aria-hidden=\"true\" class=\"wp-block-spacer\"><\/div>\n\n\n\n<p class=\"is-style-success has-white-color has-text-color has-background has-link-color has-medium-font-size wp-elements-53afcb02e7a7729a16b42f12bc259ce6\" style=\"background-color:#418fde\">Del 28 de julio al 1 de agosto, la Escuela Nacional de Operaciones de Paz del Uruguay realiz\u00f3 el <strong>Curso \u00abCapacitaci\u00f3n sobre Artefactos Explosivos Improvisados\u00bb<\/strong>.<\/p>\n\n\n\n<div style=\"height:33px\" aria-hidden=\"true\" class=\"wp-block-spacer\"><\/div>\n\n\n\n<div class=\"wp-block-columns is-layout-flex wp-container-core-columns-is-layout-28f84493 wp-block-columns-is-layout-flex\">\n<div class=\"wp-block-column is-layout-flow wp-block-column-is-layout-flow\">\n<figure class=\"wp-block-image size-large\"><img fetchpriority=\"high\" decoding=\"async\" width=\"1024\" height=\"683\" src=\"https:\/\/www.ejercito.mil.uy\/wp-content\/uploads\/2025\/08\/APERTURA-1-1024x683.jpg\" alt=\"\" class=\"wp-image-47775\" srcset=\"https:\/\/www.ejercito.mil.uy\/wp-content\/uploads\/2025\/08\/APERTURA-1-1024x683.jpg 1024w, https:\/\/www.ejercito.mil.uy\/wp-content\/uploads\/2025\/08\/APERTURA-1-300x200.jpg 300w, https:\/\/www.ejercito.mil.uy\/wp-content\/uploads\/2025\/08\/APERTURA-1.jpg 1200w\" sizes=\"(max-width: 1024px) 100vw, 1024px\" \/><\/figure>\n<\/div>\n\n\n\n<div class=\"wp-block-column is-layout-flow wp-block-column-is-layout-flow\">\n<figure class=\"wp-block-image size-large\"><img decoding=\"async\" width=\"1024\" height=\"683\" src=\"https:\/\/www.ejercito.mil.uy\/wp-content\/uploads\/2025\/08\/APERTURA-3-1024x683.jpg\" alt=\"\" class=\"wp-image-47776\" srcset=\"https:\/\/www.ejercito.mil.uy\/wp-content\/uploads\/2025\/08\/APERTURA-3-1024x683.jpg 1024w, https:\/\/www.ejercito.mil.uy\/wp-content\/uploads\/2025\/08\/APERTURA-3-300x200.jpg 300w, https:\/\/www.ejercito.mil.uy\/wp-content\/uploads\/2025\/08\/APERTURA-3.jpg 1200w\" sizes=\"(max-width: 1024px) 100vw, 1024px\" \/><\/figure>\n<\/div>\n<\/div>\n\n\n\n<div style=\"height:33px\" aria-hidden=\"true\" class=\"wp-block-spacer\"><\/div>\n\n\n\n<div class=\"wp-block-columns is-layout-flex wp-container-core-columns-is-layout-28f84493 wp-block-columns-is-layout-flex\">\n<div class=\"wp-block-column is-layout-flow wp-block-column-is-layout-flow\">\n<figure class=\"wp-block-image size-large\"><img decoding=\"async\" width=\"1024\" height=\"683\" src=\"https:\/\/www.ejercito.mil.uy\/wp-content\/uploads\/2025\/08\/APERTURA-5-1024x683.jpg\" alt=\"\" class=\"wp-image-47777\" srcset=\"https:\/\/www.ejercito.mil.uy\/wp-content\/uploads\/2025\/08\/APERTURA-5-1024x683.jpg 1024w, https:\/\/www.ejercito.mil.uy\/wp-content\/uploads\/2025\/08\/APERTURA-5-300x200.jpg 300w, https:\/\/www.ejercito.mil.uy\/wp-content\/uploads\/2025\/08\/APERTURA-5.jpg 1200w\" sizes=\"(max-width: 1024px) 100vw, 1024px\" \/><\/figure>\n<\/div>\n\n\n\n<div class=\"wp-block-column is-layout-flow wp-block-column-is-layout-flow\">\n<figure class=\"wp-block-image size-large\"><img loading=\"lazy\" decoding=\"async\" width=\"1024\" height=\"683\" src=\"https:\/\/www.ejercito.mil.uy\/wp-content\/uploads\/2025\/08\/APERTURA-6-1024x683.jpg\" alt=\"\" class=\"wp-image-47778\" srcset=\"https:\/\/www.ejercito.mil.uy\/wp-content\/uploads\/2025\/08\/APERTURA-6-1024x683.jpg 1024w, https:\/\/www.ejercito.mil.uy\/wp-content\/uploads\/2025\/08\/APERTURA-6-300x200.jpg 300w, https:\/\/www.ejercito.mil.uy\/wp-content\/uploads\/2025\/08\/APERTURA-6.jpg 1200w\" sizes=\"(max-width: 1024px) 100vw, 1024px\" \/><\/figure>\n<\/div>\n<\/div>\n\n\n\n<div style=\"height:44px\" aria-hidden=\"true\" class=\"wp-block-spacer\"><\/div>\n\n\n\n<p class=\"has-black-color has-text-color has-link-color wp-elements-85d93b8850713eea32aea7ba6d943209\" style=\"font-size:18px\">La instrucci\u00f3n se brind\u00f3 en el <a href=\"https:\/\/www.facebook.com\/cibmejercitonacionaluruguay?__cft__[0]=AZViI_AU63eCox1cCcF2GbDaZNGzYWbDer01cpdA4mGc8x9doOuOktsM3QeyntPme82S5bX5UhtWkx4GWzjw_hIwUQRsK3s80QvU36UoN7tnvZsGOyu3Bgfo2yUmenZGFfpkp4RiNm7HCpw86IwwtxUa&amp;__tn__=-]K-R\" target=\"_blank\" rel=\"noreferrer noopener\">Centro de Instrucci\u00f3n de Blindados y Mecanizados para el Arma de Caballer\u00eda<\/a> \u00abCnel. Luciano Dubra\u00bb. La capacitaci\u00f3n, dirigida al personal que se desplegar\u00e1 en Misiones Operativas de Paz, se orienta a la identificaci\u00f3n de cualquier artefacto explosivo o remanente de guerra que se encuentre en el \u00e1rea de operaciones.<\/p>\n\n\n\n<div style=\"height:44px\" aria-hidden=\"true\" class=\"wp-block-spacer\"><\/div>\n\n\n\n<div class=\"wp-block-columns is-layout-flex wp-container-core-columns-is-layout-28f84493 wp-block-columns-is-layout-flex\">\n<div class=\"wp-block-column is-layout-flow wp-block-column-is-layout-flow\">\n<figure class=\"wp-block-image size-large\"><img loading=\"lazy\" decoding=\"async\" width=\"1024\" height=\"683\" src=\"https:\/\/www.ejercito.mil.uy\/wp-content\/uploads\/2025\/08\/clase-garcia-cte-1024x683.jpg\" alt=\"\" class=\"wp-image-47779\" srcset=\"https:\/\/www.ejercito.mil.uy\/wp-content\/uploads\/2025\/08\/clase-garcia-cte-1024x683.jpg 1024w, https:\/\/www.ejercito.mil.uy\/wp-content\/uploads\/2025\/08\/clase-garcia-cte-300x200.jpg 300w, https:\/\/www.ejercito.mil.uy\/wp-content\/uploads\/2025\/08\/clase-garcia-cte.jpg 1200w\" sizes=\"(max-width: 1024px) 100vw, 1024px\" \/><\/figure>\n<\/div>\n\n\n\n<div class=\"wp-block-column is-layout-flow wp-block-column-is-layout-flow\">\n<figure class=\"wp-block-image size-large\"><img loading=\"lazy\" decoding=\"async\" width=\"1024\" height=\"683\" src=\"https:\/\/www.ejercito.mil.uy\/wp-content\/uploads\/2025\/08\/clase-rios-soto-1024x683.jpg\" alt=\"\" class=\"wp-image-47780\" srcset=\"https:\/\/www.ejercito.mil.uy\/wp-content\/uploads\/2025\/08\/clase-rios-soto-1024x683.jpg 1024w, https:\/\/www.ejercito.mil.uy\/wp-content\/uploads\/2025\/08\/clase-rios-soto-300x200.jpg 300w, https:\/\/www.ejercito.mil.uy\/wp-content\/uploads\/2025\/08\/clase-rios-soto.jpg 1200w\" sizes=\"(max-width: 1024px) 100vw, 1024px\" \/><\/figure>\n<\/div>\n<\/div>\n\n\n\n<div style=\"height:22px\" aria-hidden=\"true\" class=\"wp-block-spacer\"><\/div>\n\n\n\n<figure class=\"wp-block-image size-large\"><img loading=\"lazy\" decoding=\"async\" width=\"1024\" height=\"683\" src=\"https:\/\/www.ejercito.mil.uy\/wp-content\/uploads\/2025\/08\/clase-vidal-1024x683.jpg\" alt=\"\" class=\"wp-image-47783\" srcset=\"https:\/\/www.ejercito.mil.uy\/wp-content\/uploads\/2025\/08\/clase-vidal-1024x683.jpg 1024w, https:\/\/www.ejercito.mil.uy\/wp-content\/uploads\/2025\/08\/clase-vidal-300x200.jpg 300w, https:\/\/www.ejercito.mil.uy\/wp-content\/uploads\/2025\/08\/clase-vidal.jpg 1200w\" sizes=\"(max-width: 1024px) 100vw, 1024px\" \/><\/figure>\n\n\n\n<div style=\"height:44px\" aria-hidden=\"true\" class=\"wp-block-spacer\"><\/div>\n\n\n\n<p class=\"has-black-color has-text-color has-link-color wp-elements-5015039ec51a95320062cc041a5579f2\" style=\"font-size:18px\">El curso fue desarrollado por instructores de la <a href=\"https:\/\/www.facebook.com\/escueladeingenierosdelejercitouy?__cft__[0]=AZViI_AU63eCox1cCcF2GbDaZNGzYWbDer01cpdA4mGc8x9doOuOktsM3QeyntPme82S5bX5UhtWkx4GWzjw_hIwUQRsK3s80QvU36UoN7tnvZsGOyu3Bgfo2yUmenZGFfpkp4RiNm7HCpw86IwwtxUa&amp;__tn__=-]K-R\" target=\"_blank\" rel=\"noreferrer noopener\">Escuela de Ingenieros del Ej\u00e9rcito Uy<\/a>, con la participaci\u00f3n de integrantes de la <a href=\"https:\/\/www.facebook.com\/ConnecticutNationalGuard?__cft__[0]=AZViI_AU63eCox1cCcF2GbDaZNGzYWbDer01cpdA4mGc8x9doOuOktsM3QeyntPme82S5bX5UhtWkx4GWzjw_hIwUQRsK3s80QvU36UoN7tnvZsGOyu3Bgfo2yUmenZGFfpkp4RiNm7HCpw86IwwtxUa&amp;__tn__=-]K-R\">Guardia Nacional de Connecticut de Estados Unidos<\/a> y el apoyo de los medios mecanizados y el personal del <a href=\"https:\/\/www.facebook.com\/regcmec4?__cft__[0]=AZViI_AU63eCox1cCcF2GbDaZNGzYWbDer01cpdA4mGc8x9doOuOktsM3QeyntPme82S5bX5UhtWkx4GWzjw_hIwUQRsK3s80QvU36UoN7tnvZsGOyu3Bgfo2yUmenZGFfpkp4RiNm7HCpw86IwwtxUa&amp;__tn__=-]K-R\" target=\"_blank\" rel=\"noreferrer noopener\">Regimiento de Caballeria Mecanizado N\u00b04<\/a>.<\/p>\n\n\n\n<div style=\"height:44px\" aria-hidden=\"true\" class=\"wp-block-spacer\"><\/div>\n\n\n\n<div class=\"wp-block-columns is-layout-flex wp-container-core-columns-is-layout-28f84493 wp-block-columns-is-layout-flex\">\n<div class=\"wp-block-column is-layout-flow wp-block-column-is-layout-flow\">\n<figure class=\"wp-block-image size-large\"><img loading=\"lazy\" decoding=\"async\" width=\"1024\" height=\"683\" src=\"https:\/\/www.ejercito.mil.uy\/wp-content\/uploads\/2025\/08\/CLASES-1-1024x683.jpg\" alt=\"\" class=\"wp-image-47781\" srcset=\"https:\/\/www.ejercito.mil.uy\/wp-content\/uploads\/2025\/08\/CLASES-1-1024x683.jpg 1024w, https:\/\/www.ejercito.mil.uy\/wp-content\/uploads\/2025\/08\/CLASES-1-300x200.jpg 300w, https:\/\/www.ejercito.mil.uy\/wp-content\/uploads\/2025\/08\/CLASES-1.jpg 1200w\" sizes=\"(max-width: 1024px) 100vw, 1024px\" \/><\/figure>\n<\/div>\n\n\n\n<div class=\"wp-block-column is-layout-flow wp-block-column-is-layout-flow\">\n<figure class=\"wp-block-image size-large\"><img loading=\"lazy\" decoding=\"async\" width=\"1024\" height=\"683\" src=\"https:\/\/www.ejercito.mil.uy\/wp-content\/uploads\/2025\/08\/CLASES-2-1024x683.jpg\" alt=\"\" class=\"wp-image-47782\" srcset=\"https:\/\/www.ejercito.mil.uy\/wp-content\/uploads\/2025\/08\/CLASES-2-1024x683.jpg 1024w, https:\/\/www.ejercito.mil.uy\/wp-content\/uploads\/2025\/08\/CLASES-2-300x200.jpg 300w, https:\/\/www.ejercito.mil.uy\/wp-content\/uploads\/2025\/08\/CLASES-2.jpg 1200w\" sizes=\"(max-width: 1024px) 100vw, 1024px\" \/><\/figure>\n<\/div>\n<\/div>\n\n\n\n<div style=\"height:44px\" aria-hidden=\"true\" class=\"wp-block-spacer\"><\/div>\n\n\n\n<p class=\"has-black-color has-text-color has-link-color wp-elements-bd5b5923e8e99072db96e692753384bb\" style=\"font-size:18px\">Cont\u00f3 con un total de 41 alumnos: 36 del Ej\u00e9rcito y 5 de la <a href=\"https:\/\/www.facebook.com\/profile.php?id=100069134233149&amp;__cft__[0]=AZViI_AU63eCox1cCcF2GbDaZNGzYWbDer01cpdA4mGc8x9doOuOktsM3QeyntPme82S5bX5UhtWkx4GWzjw_hIwUQRsK3s80QvU36UoN7tnvZsGOyu3Bgfo2yUmenZGFfpkp4RiNm7HCpw86IwwtxUa&amp;__tn__=-]K-R\" target=\"_blank\" rel=\"noreferrer noopener\">Armada Nacional Uruguay<\/a>.<\/p>\n\n\n\n<div style=\"height:44px\" aria-hidden=\"true\" class=\"wp-block-spacer\"><\/div>\n\n\n\n<div class=\"wp-block-columns is-layout-flex wp-container-core-columns-is-layout-28f84493 wp-block-columns-is-layout-flex\">\n<div class=\"wp-block-column is-layout-flow wp-block-column-is-layout-flow\">\n<figure class=\"wp-block-image size-large\"><img loading=\"lazy\" decoding=\"async\" width=\"1024\" height=\"683\" src=\"https:\/\/www.ejercito.mil.uy\/wp-content\/uploads\/2025\/08\/CLASES-6-1024x683.jpg\" alt=\"\" class=\"wp-image-47786\" srcset=\"https:\/\/www.ejercito.mil.uy\/wp-content\/uploads\/2025\/08\/CLASES-6-1024x683.jpg 1024w, https:\/\/www.ejercito.mil.uy\/wp-content\/uploads\/2025\/08\/CLASES-6-300x200.jpg 300w, https:\/\/www.ejercito.mil.uy\/wp-content\/uploads\/2025\/08\/CLASES-6.jpg 1200w\" sizes=\"(max-width: 1024px) 100vw, 1024px\" \/><\/figure>\n<\/div>\n\n\n\n<div class=\"wp-block-column is-layout-flow wp-block-column-is-layout-flow\">\n<figure class=\"wp-block-image size-large\"><img loading=\"lazy\" decoding=\"async\" width=\"1024\" height=\"683\" src=\"https:\/\/www.ejercito.mil.uy\/wp-content\/uploads\/2025\/08\/CLASES-7-1024x683.jpg\" alt=\"\" class=\"wp-image-47787\" srcset=\"https:\/\/www.ejercito.mil.uy\/wp-content\/uploads\/2025\/08\/CLASES-7-1024x683.jpg 1024w, https:\/\/www.ejercito.mil.uy\/wp-content\/uploads\/2025\/08\/CLASES-7-300x200.jpg 300w, https:\/\/www.ejercito.mil.uy\/wp-content\/uploads\/2025\/08\/CLASES-7.jpg 1200w\" sizes=\"(max-width: 1024px) 100vw, 1024px\" \/><\/figure>\n<\/div>\n<\/div>\n\n\n\n<div style=\"height:22px\" aria-hidden=\"true\" class=\"wp-block-spacer\"><\/div>\n\n\n\n<div class=\"wp-block-columns is-layout-flex wp-container-core-columns-is-layout-28f84493 wp-block-columns-is-layout-flex\">\n<div class=\"wp-block-column is-layout-flow wp-block-column-is-layout-flow\">\n<div class=\"wp-block-columns is-layout-flex wp-container-core-columns-is-layout-28f84493 wp-block-columns-is-layout-flex\">\n<div class=\"wp-block-column is-layout-flow wp-block-column-is-layout-flow\">\n<figure class=\"wp-block-image size-large\"><img loading=\"lazy\" decoding=\"async\" width=\"1024\" height=\"683\" src=\"https:\/\/www.ejercito.mil.uy\/wp-content\/uploads\/2025\/08\/CLASES-5-1024x683.jpg\" alt=\"\" class=\"wp-image-47785\" srcset=\"https:\/\/www.ejercito.mil.uy\/wp-content\/uploads\/2025\/08\/CLASES-5-1024x683.jpg 1024w, https:\/\/www.ejercito.mil.uy\/wp-content\/uploads\/2025\/08\/CLASES-5-300x200.jpg 300w\" sizes=\"(max-width: 1024px) 100vw, 1024px\" \/><\/figure>\n<\/div>\n\n\n\n<div class=\"wp-block-column is-layout-flow wp-block-column-is-layout-flow\">\n<figure class=\"wp-block-image size-large\"><img loading=\"lazy\" decoding=\"async\" width=\"1024\" height=\"683\" src=\"https:\/\/www.ejercito.mil.uy\/wp-content\/uploads\/2025\/08\/CLASES-9-1024x683.jpg\" alt=\"\" class=\"wp-image-47774\" srcset=\"https:\/\/www.ejercito.mil.uy\/wp-content\/uploads\/2025\/08\/CLASES-9-1024x683.jpg 1024w, https:\/\/www.ejercito.mil.uy\/wp-content\/uploads\/2025\/08\/CLASES-9-300x200.jpg 300w, https:\/\/www.ejercito.mil.uy\/wp-content\/uploads\/2025\/08\/CLASES-9.jpg 1200w\" sizes=\"(max-width: 1024px) 100vw, 1024px\" \/><\/figure>\n<\/div>\n<\/div>\n<\/div>\n<\/div>\n\n\n\n<div style=\"height:44px\" aria-hidden=\"true\" class=\"wp-block-spacer\"><\/div>\n\n\n\n<p class=\"has-black-color has-text-color has-link-color wp-elements-a9cd325cd104eb55c6c83b9e35c78fe3\" style=\"font-size:18px\">Esta iniciativa, que combin\u00f3 la experiencia local con el apoyo internacional, demuestra la importancia de la cooperaci\u00f3n y el entrenamiento especializado para garantizar la seguridad de los efectivos desplegados en MOP.<\/p>\n\n\n\n<div style=\"height:44px\" aria-hidden=\"true\" class=\"wp-block-spacer\"><\/div>\n\n\n\n<div class=\"wp-block-columns is-layout-flex wp-container-core-columns-is-layout-28f84493 wp-block-columns-is-layout-flex\">\n<div class=\"wp-block-column is-layout-flow wp-block-column-is-layout-flow\">\n<figure class=\"wp-block-image size-large\"><img loading=\"lazy\" decoding=\"async\" width=\"1024\" height=\"683\" src=\"https:\/\/www.ejercito.mil.uy\/wp-content\/uploads\/2025\/08\/CIERRE-2.jpeg-1024x683.jpg\" alt=\"\" class=\"wp-image-47789\" srcset=\"https:\/\/www.ejercito.mil.uy\/wp-content\/uploads\/2025\/08\/CIERRE-2.jpeg-1024x683.jpg 1024w, https:\/\/www.ejercito.mil.uy\/wp-content\/uploads\/2025\/08\/CIERRE-2.jpeg-300x200.jpg 300w, https:\/\/www.ejercito.mil.uy\/wp-content\/uploads\/2025\/08\/CIERRE-2.jpeg.jpg 1200w\" sizes=\"(max-width: 1024px) 100vw, 1024px\" \/><\/figure>\n<\/div>\n\n\n\n<div class=\"wp-block-column is-layout-flow wp-block-column-is-layout-flow\">\n<figure class=\"wp-block-image size-large\"><img loading=\"lazy\" decoding=\"async\" width=\"1024\" height=\"683\" src=\"https:\/\/www.ejercito.mil.uy\/wp-content\/uploads\/2025\/08\/CIERRE-1.jpeg-1024x683.jpg\" alt=\"\" class=\"wp-image-47788\" srcset=\"https:\/\/www.ejercito.mil.uy\/wp-content\/uploads\/2025\/08\/CIERRE-1.jpeg-1024x683.jpg 1024w, https:\/\/www.ejercito.mil.uy\/wp-content\/uploads\/2025\/08\/CIERRE-1.jpeg-300x200.jpg 300w, https:\/\/www.ejercito.mil.uy\/wp-content\/uploads\/2025\/08\/CIERRE-1.jpeg.jpg 1200w\" sizes=\"(max-width: 1024px) 100vw, 1024px\" \/><\/figure>\n<\/div>\n<\/div>\n\n\n\n<div style=\"height:22px\" aria-hidden=\"true\" class=\"wp-block-spacer\"><\/div>\n\n\n\n<figure class=\"wp-block-image size-large\"><img loading=\"lazy\" decoding=\"async\" width=\"1024\" height=\"683\" src=\"https:\/\/www.ejercito.mil.uy\/wp-content\/uploads\/2025\/08\/CIERRE-3-1024x683.jpg\" alt=\"\" class=\"wp-image-47790\" srcset=\"https:\/\/www.ejercito.mil.uy\/wp-content\/uploads\/2025\/08\/CIERRE-3-1024x683.jpg 1024w, https:\/\/www.ejercito.mil.uy\/wp-content\/uploads\/2025\/08\/CIERRE-3-300x200.jpg 300w, https:\/\/www.ejercito.mil.uy\/wp-content\/uploads\/2025\/08\/CIERRE-3.jpg 1200w\" sizes=\"(max-width: 1024px) 100vw, 1024px\" \/><\/figure>\n\n\n\n<div style=\"height:44px\" aria-hidden=\"true\" class=\"wp-block-spacer\"><\/div>\n\n\n\n<p class=\"is-style-success has-black-color has-text-color has-background has-link-color wp-elements-5de472c93f84658da422ae231b470659\" style=\"background-color:#e6cd87;font-size:18px\">Ver nota a partir del minuto 01:00 en la edici\u00f3n #20 del informativo Ej\u00e9rcito del Uruguay &#8211; <a href=\"https:\/\/youtu.be\/s0QrUBkEQ64?t=60\">Curso \u00abCapacitaci\u00f3n sobre Artefactos Explosivos Improvisados\u00bb<\/a><\/p>\n\n\n\n<div style=\"height:100px\" aria-hidden=\"true\" class=\"wp-block-spacer\"><\/div>\n\n\n\n<p><\/p>\n","protected":false},"excerpt":{"rendered":"<p>08.08.2025 &#8211; La capacitaci\u00f3n, dirigida al personal que se desplegar\u00e1 en Misiones Operativas de Paz, se orienta a la identificaci\u00f3n de cualquier artefacto explosivo o remanente de guerra que se encuentre en el \u00e1rea de operaciones.<\/p>\n","protected":false},"author":14,"featured_media":47784,"comment_status":"open","ping_status":"open","sticky":false,"template":"","format":"standard","meta":{"_coblocks_attr":"","_coblocks_dimensions":"","_coblocks_responsive_height":"","_coblocks_accordion_ie_support":"","_monsterinsights_skip_tracking":false,"_monsterinsights_sitenote_active":false,"_monsterinsights_sitenote_note":"","_monsterinsights_sitenote_category":0,"_uf_show_specific_survey":0,"_uf_disable_surveys":false,"footnotes":""},"categories":[2,10,237,14,1],"tags":[1986,314,70,97,921,1151,13,21,19,418],"class_list":["post-47771","post","type-post","status-publish","format-standard","has-post-thumbnail","hentry","category-blog","category-destacados","category-misiones","category-noticias","category-sin-categoria","tag-artefactos","tag-capacitacion","tag-curso","tag-enopu","tag-explosivos","tag-fuerzas-unidas","tag-instruccion","tag-misiones-de-paz","tag-mop","tag-operaciones"],"aioseo_notices":[],"_links":{"self":[{"href":"https:\/\/www.ejercito.mil.uy\/index.php\/wp-json\/wp\/v2\/posts\/47771","targetHints":{"allow":["GET"]}}],"collection":[{"href":"https:\/\/www.ejercito.mil.uy\/index.php\/wp-json\/wp\/v2\/posts"}],"about":[{"href":"https:\/\/www.ejercito.mil.uy\/index.php\/wp-json\/wp\/v2\/types\/post"}],"author":[{"embeddable":true,"href":"https:\/\/www.ejercito.mil.uy\/index.php\/wp-json\/wp\/v2\/users\/14"}],"replies":[{"embeddable":true,"href":"https:\/\/www.ejercito.mil.uy\/index.php\/wp-json\/wp\/v2\/comments?post=47771"}],"version-history":[{"count":9,"href":"https:\/\/www.ejercito.mil.uy\/index.php\/wp-json\/wp\/v2\/posts\/47771\/revisions"}],"predecessor-version":[{"id":47849,"href":"https:\/\/www.ejercito.mil.uy\/index.php\/wp-json\/wp\/v2\/posts\/47771\/revisions\/47849"}],"wp:featuredmedia":[{"embeddable":true,"href":"https:\/\/www.ejercito.mil.uy\/index.php\/wp-json\/wp\/v2\/media\/47784"}],"wp:attachment":[{"href":"https:\/\/www.ejercito.mil.uy\/index.php\/wp-json\/wp\/v2\/media?parent=47771"}],"wp:term":[{"taxonomy":"category","embeddable":true,"href":"https:\/\/www.ejercito.mil.uy\/index.php\/wp-json\/wp\/v2\/categories?post=47771"},{"taxonomy":"post_tag","embeddable":true,"href":"https:\/\/www.ejercito.mil.uy\/index.php\/wp-json\/wp\/v2\/tags?post=47771"}],"curies":[{"name":"wp","href":"https:\/\/api.w.org\/{rel}","templated":true}]}}