{"id":4884,"date":"2021-07-22T19:00:31","date_gmt":"2021-07-22T22:00:31","guid":{"rendered":"https:\/\/www.ejercito.mil.uy\/?p=4884"},"modified":"2021-08-11T09:34:27","modified_gmt":"2021-08-11T12:34:27","slug":"centro-de-recepcion-de-canastas-de-alimentos","status":"publish","type":"post","link":"https:\/\/www.ejercito.mil.uy\/index.php\/2021\/07\/22\/centro-de-recepcion-de-canastas-de-alimentos\/","title":{"rendered":"Centro de recepci\u00f3n de canastas de alimentos"},"content":{"rendered":"\n<p class=\"wp-block-paragraph\" style=\"font-size:14px\">22.07.2021 &#8211; Maldonado<\/p>\n\n\n\n<div style=\"height:33px\" aria-hidden=\"true\" class=\"wp-block-spacer\"><\/div>\n\n\n\n<p class=\"wp-block-paragraph\">El <strong><a rel=\"noreferrer noopener\" href=\"https:\/\/www.facebook.com\/bning4\/\" target=\"_blank\">Batall\u00f3n \u201cCnel. Ventura Alegre\u201d de Ingenieros de Combate N\u00ba 4<\/a><\/strong> fue centro de recepci\u00f3n de canastas de alimentos del <a href=\"https:\/\/www.facebook.com\/Ministerio-de-Defensa-Nacional-del-Uruguay-106906314256824\/?__cft__[0]=AZU2SV9vzckYhQRi-kRq9fH09kLnv4IAl5juemRNDy03oYFny_OQlGD6_2ULaBT9xq7aNHdfiJZgApYVQzRy2fZVOGFEB2lOPJL9DSlEiPPVaNgiLBHj8CN4JrGGsf_bF8JumUZssd0bS_j6lyCg_neRoLIG1ZQ8pjXODIfFGOU3ckYwbNzp9h1ckVHfYZE3Oy0&amp;__tn__=kK-R\"><strong>Ministerio de Defensa Nacional del Uruguay<\/strong><\/a>, destinadas al personal de las Fuerzas Armadas, en el marco de la emergencia sanitaria por COVID19.<\/p>\n\n\n\n<div style=\"height:33px\" aria-hidden=\"true\" class=\"wp-block-spacer\"><\/div>\n\n\n\n<p class=\"wp-block-paragraph\">Se distribuyeron m\u00e1s de <strong>440 canastas<\/strong> que contienen 14,5 kg de v\u00edveres cada una, 203 fueron entregadas a integrantes de la Unidad y 240 a efectivos de la<strong> Base Aeronaval \u201cCapit\u00e1n Curbello\u201d N\u00ba 2<\/strong>.<\/p>\n\n\n\n<div style=\"height:33px\" aria-hidden=\"true\" class=\"wp-block-spacer\"><\/div>\n\n\n\n<figure class=\"wp-block-gallery columns-2 is-cropped wp-block-gallery-1 is-layout-flex wp-block-gallery-is-layout-flex\"><ul class=\"blocks-gallery-grid\"><li class=\"blocks-gallery-item\"><figure><img loading=\"lazy\" decoding=\"async\" width=\"1024\" height=\"683\" src=\"https:\/\/www.ejercito.mil.uy\/wp-content\/uploads\/2021\/07\/Canasta-1024x683.jpg\" alt=\"\" data-id=\"4893\" data-full-url=\"https:\/\/www.ejercito.mil.uy\/wp-content\/uploads\/2021\/07\/Canasta.jpg\" data-link=\"https:\/\/www.ejercito.mil.uy\/?attachment_id=4893\" class=\"wp-image-4893\" srcset=\"https:\/\/www.ejercito.mil.uy\/wp-content\/uploads\/2021\/07\/Canasta-1024x683.jpg 1024w, https:\/\/www.ejercito.mil.uy\/wp-content\/uploads\/2021\/07\/Canasta-300x200.jpg 300w, https:\/\/www.ejercito.mil.uy\/wp-content\/uploads\/2021\/07\/Canasta.jpg 1200w\" sizes=\"auto, (max-width: 1024px) 100vw, 1024px\" \/><\/figure><\/li><li class=\"blocks-gallery-item\"><figure><img loading=\"lazy\" decoding=\"async\" width=\"1024\" height=\"683\" src=\"https:\/\/www.ejercito.mil.uy\/wp-content\/uploads\/2021\/07\/Canasta-3-1024x683.jpg\" alt=\"\" data-id=\"4892\" data-full-url=\"https:\/\/www.ejercito.mil.uy\/wp-content\/uploads\/2021\/07\/Canasta-3.jpg\" data-link=\"https:\/\/www.ejercito.mil.uy\/?attachment_id=4892\" class=\"wp-image-4892\" srcset=\"https:\/\/www.ejercito.mil.uy\/wp-content\/uploads\/2021\/07\/Canasta-3-1024x683.jpg 1024w, https:\/\/www.ejercito.mil.uy\/wp-content\/uploads\/2021\/07\/Canasta-3-300x200.jpg 300w, https:\/\/www.ejercito.mil.uy\/wp-content\/uploads\/2021\/07\/Canasta-3.jpg 1200w\" sizes=\"auto, (max-width: 1024px) 100vw, 1024px\" \/><\/figure><\/li><\/ul><\/figure>\n\n\n\n<div style=\"height:66px\" aria-hidden=\"true\" class=\"wp-block-spacer\"><\/div>\n\n\n\n<p class=\"wp-block-paragraph\">Por otra parte, en un esfuerzo entre la <strong>Intendencia de Maldonado<\/strong> y el Batall\u00f3n, comenzaron las clases de apicultura a cargo del <strong>Profesor T\u00e9cnico Apicultor lsmael Lugo<\/strong>. El curso es te\u00f3rico-pr\u00e1ctico, participan 6 alumnos, la finalidad es fomentar el \u00e1rea productiva de la Unidad.<\/p>\n\n\n\n<div style=\"height:33px\" aria-hidden=\"true\" class=\"wp-block-spacer\"><\/div>\n\n\n\n<div class=\"wp-block-coblocks-gallery-carousel coblocks-animate\" data-coblocks-animation=\"slideInLeft\"><div class=\"is-cropped coblocks-gallery has-no-alignment has-caption-style-dark has-horizontal-gutter\"><div class=\"has-carousel has-carousel-lrg\" style=\"height:400px\" data-flickity=\"{&quot;autoPlay&quot;:5000,&quot;draggable&quot;:true,&quot;pageDots&quot;:false,&quot;prevNextButtons&quot;:true,&quot;wrapAround&quot;:true,&quot;cellAlign&quot;:&quot;center&quot;,&quot;pauseAutoPlayOnHover&quot;:true,&quot;freeScroll&quot;:true,&quot;arrowShape&quot;:{&quot;x0&quot;:10,&quot;x1&quot;:60,&quot;y1&quot;:50,&quot;x2&quot;:65,&quot;y2&quot;:45,&quot;x3&quot;:20},&quot;thumbnails&quot;:false,&quot;responsiveHeight&quot;:false}\"><div class=\"coblocks-gallery--item\"><figure class=\"coblocks-gallery--figure has-margin-left-5 has-margin-left-mobile-5 has-margin-right-5 has-margin-right-mobile-5\"><img loading=\"lazy\" decoding=\"async\" width=\"1024\" height=\"683\" src=\"https:\/\/www.ejercito.mil.uy\/wp-content\/uploads\/2021\/07\/Apicultor-1-1024x683.jpg\" alt=\"\" data-id=\"4886\" data-link=\"https:\/\/www.ejercito.mil.uy\/?attachment_id=4886\" class=\"wp-image-4886\" srcset=\"https:\/\/www.ejercito.mil.uy\/wp-content\/uploads\/2021\/07\/Apicultor-1-1024x683.jpg 1024w, https:\/\/www.ejercito.mil.uy\/wp-content\/uploads\/2021\/07\/Apicultor-1-300x200.jpg 300w, https:\/\/www.ejercito.mil.uy\/wp-content\/uploads\/2021\/07\/Apicultor-1.jpg 1200w\" sizes=\"auto, (max-width: 1024px) 100vw, 1024px\" \/><\/figure><\/div><div class=\"coblocks-gallery--item\"><figure class=\"coblocks-gallery--figure has-margin-left-5 has-margin-left-mobile-5 has-margin-right-5 has-margin-right-mobile-5\"><img loading=\"lazy\" decoding=\"async\" width=\"1024\" height=\"683\" src=\"https:\/\/www.ejercito.mil.uy\/wp-content\/uploads\/2021\/07\/Apicultor-2-1024x683.jpg\" alt=\"\" data-id=\"4887\" data-link=\"https:\/\/www.ejercito.mil.uy\/?attachment_id=4887\" class=\"wp-image-4887\" srcset=\"https:\/\/www.ejercito.mil.uy\/wp-content\/uploads\/2021\/07\/Apicultor-2-1024x683.jpg 1024w, https:\/\/www.ejercito.mil.uy\/wp-content\/uploads\/2021\/07\/Apicultor-2-300x200.jpg 300w, https:\/\/www.ejercito.mil.uy\/wp-content\/uploads\/2021\/07\/Apicultor-2.jpg 1200w\" sizes=\"auto, (max-width: 1024px) 100vw, 1024px\" \/><\/figure><\/div><div class=\"coblocks-gallery--item\"><figure class=\"coblocks-gallery--figure has-margin-left-5 has-margin-left-mobile-5 has-margin-right-5 has-margin-right-mobile-5\"><img loading=\"lazy\" decoding=\"async\" width=\"1024\" height=\"683\" src=\"https:\/\/www.ejercito.mil.uy\/wp-content\/uploads\/2021\/07\/Apicultor-3-1024x683.jpg\" alt=\"\" data-id=\"4888\" data-link=\"https:\/\/www.ejercito.mil.uy\/?attachment_id=4888\" class=\"wp-image-4888\" srcset=\"https:\/\/www.ejercito.mil.uy\/wp-content\/uploads\/2021\/07\/Apicultor-3-1024x683.jpg 1024w, https:\/\/www.ejercito.mil.uy\/wp-content\/uploads\/2021\/07\/Apicultor-3-300x200.jpg 300w, https:\/\/www.ejercito.mil.uy\/wp-content\/uploads\/2021\/07\/Apicultor-3.jpg 1200w\" sizes=\"auto, (max-width: 1024px) 100vw, 1024px\" \/><\/figure><\/div><div class=\"coblocks-gallery--item\"><figure class=\"coblocks-gallery--figure has-margin-left-5 has-margin-left-mobile-5 has-margin-right-5 has-margin-right-mobile-5\"><img loading=\"lazy\" decoding=\"async\" width=\"1024\" height=\"683\" src=\"https:\/\/www.ejercito.mil.uy\/wp-content\/uploads\/2021\/07\/Apicultor-4-1024x683.jpg\" alt=\"\" data-id=\"4889\" data-link=\"https:\/\/www.ejercito.mil.uy\/?attachment_id=4889\" class=\"wp-image-4889\" srcset=\"https:\/\/www.ejercito.mil.uy\/wp-content\/uploads\/2021\/07\/Apicultor-4-1024x683.jpg 1024w, https:\/\/www.ejercito.mil.uy\/wp-content\/uploads\/2021\/07\/Apicultor-4-300x200.jpg 300w, https:\/\/www.ejercito.mil.uy\/wp-content\/uploads\/2021\/07\/Apicultor-4.jpg 1200w\" sizes=\"auto, (max-width: 1024px) 100vw, 1024px\" \/><\/figure><\/div><div class=\"coblocks-gallery--item\"><figure class=\"coblocks-gallery--figure has-margin-left-5 has-margin-left-mobile-5 has-margin-right-5 has-margin-right-mobile-5\"><img loading=\"lazy\" decoding=\"async\" width=\"1024\" height=\"683\" src=\"https:\/\/www.ejercito.mil.uy\/wp-content\/uploads\/2021\/07\/Apicultor-5-1024x683.jpg\" alt=\"\" data-id=\"4890\" data-link=\"https:\/\/www.ejercito.mil.uy\/?attachment_id=4890\" class=\"wp-image-4890\" srcset=\"https:\/\/www.ejercito.mil.uy\/wp-content\/uploads\/2021\/07\/Apicultor-5-1024x683.jpg 1024w, https:\/\/www.ejercito.mil.uy\/wp-content\/uploads\/2021\/07\/Apicultor-5-300x200.jpg 300w, https:\/\/www.ejercito.mil.uy\/wp-content\/uploads\/2021\/07\/Apicultor-5.jpg 1200w\" sizes=\"auto, (max-width: 1024px) 100vw, 1024px\" \/><\/figure><\/div><\/div><\/div><\/div>\n\n\n\n<div style=\"height:77px\" aria-hidden=\"true\" class=\"wp-block-spacer\"><\/div>\n\n\n\n<p class=\"wp-block-paragraph\"><\/p>\n","protected":false},"excerpt":{"rendered":"<p>22.07.2021 &#8211; El Batall\u00f3n \u201cCnel. Ventura Alegre\u201d de Ingenieros de Combate N\u00ba 4 fue centro de recepci\u00f3n de canastas de alimentos del Ministerio de Defensa Nacional del Uruguay.<\/p>\n","protected":false},"author":4,"featured_media":4891,"comment_status":"closed","ping_status":"open","sticky":false,"template":"","format":"standard","meta":{"_coblocks_attr":"","_coblocks_dimensions":"","_coblocks_responsive_height":"","_coblocks_accordion_ie_support":"","_monsterinsights_skip_tracking":false,"_uf_show_specific_survey":0,"_uf_disable_surveys":false,"footnotes":""},"categories":[2,14],"tags":[27,32,29,28,37],"class_list":["post-4884","post","type-post","status-publish","format-standard","has-post-thumbnail","hentry","category-blog","category-noticias","tag-apoyo","tag-bienestar","tag-comunidad","tag-social","tag-sociedad"],"aioseo_notices":[],"aioseo_head":"\n\t\t<!-- All in One SEO 5.0.1.1 - aioseo.com -->\n\t<meta name=\"description\" content=\"22.07.2021 - El Batall\u00f3n \u201cCnel. Ventura Alegre\u201d de Ingenieros de Combate N\u00ba 4 fue centro de recepci\u00f3n de canastas de alimentos del Ministerio de Defensa Nacional del Uruguay.\" \/>\n\t<meta name=\"robots\" content=\"max-image-preview:large\" \/>\n\t<meta name=\"author\" content=\"Alejandro Castro\"\/>\n\t<link rel=\"canonical\" href=\"https:\/\/www.ejercito.mil.uy\/index.php\/2021\/07\/22\/centro-de-recepcion-de-canastas-de-alimentos\/\" \/>\n\t<meta name=\"generator\" content=\"All in One SEO (AIOSEO) 5.0.1.1\" \/>\n\t\t<meta property=\"og:locale\" content=\"es_ES\" \/>\n\t\t<meta property=\"og:site_name\" content=\"Ej\u00e9rcito Nacional - La Fuerza de todos\" \/>\n\t\t<meta property=\"og:type\" content=\"article\" \/>\n\t\t<meta property=\"og:title\" content=\"Centro de recepci\u00f3n de canastas de alimentos - Ej\u00e9rcito Nacional\" \/>\n\t\t<meta property=\"og:description\" content=\"22.07.2021 - El Batall\u00f3n \u201cCnel. Ventura Alegre\u201d de Ingenieros de Combate N\u00ba 4 fue centro de recepci\u00f3n de canastas de alimentos del Ministerio de Defensa Nacional del Uruguay.\" \/>\n\t\t<meta property=\"og:url\" content=\"https:\/\/www.ejercito.mil.uy\/index.php\/2021\/07\/22\/centro-de-recepcion-de-canastas-de-alimentos\/\" \/>\n\t\t<meta property=\"og:image\" content=\"https:\/\/www.ejercito.mil.uy\/wp-content\/uploads\/2022\/01\/Escudo_EN_URUGUAY.png\" \/>\n\t\t<meta property=\"og:image:secure_url\" content=\"https:\/\/www.ejercito.mil.uy\/wp-content\/uploads\/2022\/01\/Escudo_EN_URUGUAY.png\" \/>\n\t\t<meta property=\"og:image:width\" content=\"134\" \/>\n\t\t<meta property=\"og:image:height\" content=\"119\" \/>\n\t\t<meta property=\"article:published_time\" content=\"2021-07-22T22:00:31+00:00\" \/>\n\t\t<meta property=\"article:modified_time\" content=\"2021-08-11T12:34:27+00:00\" \/>\n\t\t<meta name=\"twitter:card\" content=\"summary_large_image\" \/>\n\t\t<meta name=\"twitter:title\" content=\"Centro de recepci\u00f3n de canastas de alimentos - Ej\u00e9rcito Nacional\" \/>\n\t\t<meta name=\"twitter:description\" content=\"22.07.2021 - El Batall\u00f3n \u201cCnel. Ventura Alegre\u201d de Ingenieros de Combate N\u00ba 4 fue centro de recepci\u00f3n de canastas de alimentos del Ministerio de Defensa Nacional del Uruguay.\" \/>\n\t\t<meta name=\"twitter:image\" content=\"https:\/\/www.ejercito.mil.uy\/wp-content\/uploads\/2022\/01\/Escudo_EN_URUGUAY.png\" \/>\n\t\t<script type=\"application\/ld+json\" class=\"aioseo-schema\">\n\t\t\t{\"@context\":\"https:\\\/\\\/schema.org\",\"@graph\":[{\"@type\":\"BlogPosting\",\"@id\":\"https:\\\/\\\/www.ejercito.mil.uy\\\/index.php\\\/2021\\\/07\\\/22\\\/centro-de-recepcion-de-canastas-de-alimentos\\\/#blogposting\",\"name\":\"Centro de recepci\\u00f3n de canastas de alimentos - Ej\\u00e9rcito Nacional\",\"headline\":\"Centro de recepci\\u00f3n de canastas de alimentos\",\"author\":{\"@id\":\"https:\\\/\\\/www.ejercito.mil.uy\\\/index.php\\\/author\\\/acastro\\\/#author\"},\"publisher\":{\"@id\":\"https:\\\/\\\/www.ejercito.mil.uy\\\/#organization\"},\"image\":{\"@type\":\"ImageObject\",\"url\":\"https:\\\/\\\/www.ejercito.mil.uy\\\/wp-content\\\/uploads\\\/2021\\\/07\\\/Canasta-2.jpg\",\"width\":1200,\"height\":800,\"caption\":\"Canasta\"},\"datePublished\":\"2021-07-22T19:00:31-03:00\",\"dateModified\":\"2021-08-11T09:34:27-03:00\",\"inLanguage\":\"es-UY\",\"mainEntityOfPage\":{\"@id\":\"https:\\\/\\\/www.ejercito.mil.uy\\\/index.php\\\/2021\\\/07\\\/22\\\/centro-de-recepcion-de-canastas-de-alimentos\\\/#webpage\"},\"isPartOf\":{\"@id\":\"https:\\\/\\\/www.ejercito.mil.uy\\\/index.php\\\/2021\\\/07\\\/22\\\/centro-de-recepcion-de-canastas-de-alimentos\\\/#webpage\"},\"articleSection\":\"Blog, Noticias, apoyo, bienestar, comunidad, social, sociedad\"},{\"@type\":\"BreadcrumbList\",\"@id\":\"https:\\\/\\\/www.ejercito.mil.uy\\\/index.php\\\/2021\\\/07\\\/22\\\/centro-de-recepcion-de-canastas-de-alimentos\\\/#breadcrumblist\",\"itemListElement\":[{\"@type\":\"ListItem\",\"@id\":\"https:\\\/\\\/www.ejercito.mil.uy#listItem\",\"position\":1,\"name\":\"Home\",\"item\":\"https:\\\/\\\/www.ejercito.mil.uy\",\"nextItem\":{\"@type\":\"ListItem\",\"@id\":\"https:\\\/\\\/www.ejercito.mil.uy\\\/index.php\\\/category\\\/destacados\\\/#listItem\",\"name\":\"Destacados\"}},{\"@type\":\"ListItem\",\"@id\":\"https:\\\/\\\/www.ejercito.mil.uy\\\/index.php\\\/category\\\/destacados\\\/#listItem\",\"position\":2,\"name\":\"Destacados\",\"item\":\"https:\\\/\\\/www.ejercito.mil.uy\\\/index.php\\\/category\\\/destacados\\\/\",\"nextItem\":{\"@type\":\"ListItem\",\"@id\":\"https:\\\/\\\/www.ejercito.mil.uy\\\/index.php\\\/category\\\/destacados\\\/noticias\\\/#listItem\",\"name\":\"Noticias\"},\"previousItem\":{\"@type\":\"ListItem\",\"@id\":\"https:\\\/\\\/www.ejercito.mil.uy#listItem\",\"name\":\"Home\"}},{\"@type\":\"ListItem\",\"@id\":\"https:\\\/\\\/www.ejercito.mil.uy\\\/index.php\\\/category\\\/destacados\\\/noticias\\\/#listItem\",\"position\":3,\"name\":\"Noticias\",\"item\":\"https:\\\/\\\/www.ejercito.mil.uy\\\/index.php\\\/category\\\/destacados\\\/noticias\\\/\",\"nextItem\":{\"@type\":\"ListItem\",\"@id\":\"https:\\\/\\\/www.ejercito.mil.uy\\\/index.php\\\/2021\\\/07\\\/22\\\/centro-de-recepcion-de-canastas-de-alimentos\\\/#listItem\",\"name\":\"Centro de recepci\\u00f3n de canastas de alimentos\"},\"previousItem\":{\"@type\":\"ListItem\",\"@id\":\"https:\\\/\\\/www.ejercito.mil.uy\\\/index.php\\\/category\\\/destacados\\\/#listItem\",\"name\":\"Destacados\"}},{\"@type\":\"ListItem\",\"@id\":\"https:\\\/\\\/www.ejercito.mil.uy\\\/index.php\\\/2021\\\/07\\\/22\\\/centro-de-recepcion-de-canastas-de-alimentos\\\/#listItem\",\"position\":4,\"name\":\"Centro de recepci\\u00f3n de canastas de alimentos\",\"previousItem\":{\"@type\":\"ListItem\",\"@id\":\"https:\\\/\\\/www.ejercito.mil.uy\\\/index.php\\\/category\\\/destacados\\\/noticias\\\/#listItem\",\"name\":\"Noticias\"}}]},{\"@type\":\"Organization\",\"@id\":\"https:\\\/\\\/www.ejercito.mil.uy\\\/#organization\",\"name\":\"Ej\\u00e9rcito Nacional\",\"description\":\"La Fuerza de todos\",\"url\":\"https:\\\/\\\/www.ejercito.mil.uy\\\/\",\"logo\":{\"@type\":\"ImageObject\",\"url\":\"https:\\\/\\\/www.ejercito.mil.uy\\\/wp-content\\\/uploads\\\/2022\\\/01\\\/Escudo_EN_URUGUAY.png\",\"@id\":\"https:\\\/\\\/www.ejercito.mil.uy\\\/index.php\\\/2021\\\/07\\\/22\\\/centro-de-recepcion-de-canastas-de-alimentos\\\/#organizationLogo\",\"width\":134,\"height\":119},\"image\":{\"@id\":\"https:\\\/\\\/www.ejercito.mil.uy\\\/index.php\\\/2021\\\/07\\\/22\\\/centro-de-recepcion-de-canastas-de-alimentos\\\/#organizationLogo\"}},{\"@type\":\"Person\",\"@id\":\"https:\\\/\\\/www.ejercito.mil.uy\\\/index.php\\\/author\\\/acastro\\\/#author\",\"url\":\"https:\\\/\\\/www.ejercito.mil.uy\\\/index.php\\\/author\\\/acastro\\\/\",\"name\":\"Alejandro Castro\",\"image\":{\"@type\":\"ImageObject\",\"@id\":\"https:\\\/\\\/www.ejercito.mil.uy\\\/index.php\\\/2021\\\/07\\\/22\\\/centro-de-recepcion-de-canastas-de-alimentos\\\/#authorImage\",\"url\":\"https:\\\/\\\/secure.gravatar.com\\\/avatar\\\/89bb77d4bf696501dd94ca89e6794e1787eaffba7c7197528d249e15bd099f68?s=96&d=mm&r=g\",\"width\":96,\"height\":96,\"caption\":\"Alejandro Castro\"}},{\"@type\":\"WebPage\",\"@id\":\"https:\\\/\\\/www.ejercito.mil.uy\\\/index.php\\\/2021\\\/07\\\/22\\\/centro-de-recepcion-de-canastas-de-alimentos\\\/#webpage\",\"url\":\"https:\\\/\\\/www.ejercito.mil.uy\\\/index.php\\\/2021\\\/07\\\/22\\\/centro-de-recepcion-de-canastas-de-alimentos\\\/\",\"name\":\"Centro de recepci\\u00f3n de canastas de alimentos - Ej\\u00e9rcito Nacional\",\"description\":\"22.07.2021 - El Batall\\u00f3n \\u201cCnel. Ventura Alegre\\u201d de Ingenieros de Combate N\\u00ba 4 fue centro de recepci\\u00f3n de canastas de alimentos del Ministerio de Defensa Nacional del Uruguay.\",\"inLanguage\":\"es-UY\",\"isPartOf\":{\"@id\":\"https:\\\/\\\/www.ejercito.mil.uy\\\/#website\"},\"breadcrumb\":{\"@id\":\"https:\\\/\\\/www.ejercito.mil.uy\\\/index.php\\\/2021\\\/07\\\/22\\\/centro-de-recepcion-de-canastas-de-alimentos\\\/#breadcrumblist\"},\"author\":{\"@id\":\"https:\\\/\\\/www.ejercito.mil.uy\\\/index.php\\\/author\\\/acastro\\\/#author\"},\"creator\":{\"@id\":\"https:\\\/\\\/www.ejercito.mil.uy\\\/index.php\\\/author\\\/acastro\\\/#author\"},\"image\":{\"@type\":\"ImageObject\",\"url\":\"https:\\\/\\\/www.ejercito.mil.uy\\\/wp-content\\\/uploads\\\/2021\\\/07\\\/Canasta-2.jpg\",\"@id\":\"https:\\\/\\\/www.ejercito.mil.uy\\\/index.php\\\/2021\\\/07\\\/22\\\/centro-de-recepcion-de-canastas-de-alimentos\\\/#mainImage\",\"width\":1200,\"height\":800,\"caption\":\"Canasta\"},\"primaryImageOfPage\":{\"@id\":\"https:\\\/\\\/www.ejercito.mil.uy\\\/index.php\\\/2021\\\/07\\\/22\\\/centro-de-recepcion-de-canastas-de-alimentos\\\/#mainImage\"},\"datePublished\":\"2021-07-22T19:00:31-03:00\",\"dateModified\":\"2021-08-11T09:34:27-03:00\"},{\"@type\":\"WebSite\",\"@id\":\"https:\\\/\\\/www.ejercito.mil.uy\\\/#website\",\"url\":\"https:\\\/\\\/www.ejercito.mil.uy\\\/\",\"name\":\"Ej\\u00e9rcito Nacional\",\"description\":\"La Fuerza de todos\",\"inLanguage\":\"es-UY\",\"publisher\":{\"@id\":\"https:\\\/\\\/www.ejercito.mil.uy\\\/#organization\"}}]}\n\t\t<\/script>\n\t\t<!-- All in One SEO -->\n\n","aioseo_head_json":{"title":"Centro de recepci\u00f3n de canastas de alimentos - Ej\u00e9rcito Nacional","description":"22.07.2021 - El Batall\u00f3n \u201cCnel. Ventura Alegre\u201d de Ingenieros de Combate N\u00ba 4 fue centro de recepci\u00f3n de canastas de alimentos del Ministerio de Defensa Nacional del Uruguay.","canonical_url":"https:\/\/www.ejercito.mil.uy\/index.php\/2021\/07\/22\/centro-de-recepcion-de-canastas-de-alimentos\/","robots":"max-image-preview:large","keywords":"","webmasterTools":{"miscellaneous":""},"schema":{"@context":"https:\/\/schema.org","@graph":[{"@type":"BlogPosting","@id":"https:\/\/www.ejercito.mil.uy\/index.php\/2021\/07\/22\/centro-de-recepcion-de-canastas-de-alimentos\/#blogposting","name":"Centro de recepci\u00f3n de canastas de alimentos - Ej\u00e9rcito Nacional","headline":"Centro de recepci\u00f3n de canastas de alimentos","author":{"@id":"https:\/\/www.ejercito.mil.uy\/index.php\/author\/acastro\/#author"},"publisher":{"@id":"https:\/\/www.ejercito.mil.uy\/#organization"},"image":{"@type":"ImageObject","url":"https:\/\/www.ejercito.mil.uy\/wp-content\/uploads\/2021\/07\/Canasta-2.jpg","width":1200,"height":800,"caption":"Canasta"},"datePublished":"2021-07-22T19:00:31-03:00","dateModified":"2021-08-11T09:34:27-03:00","inLanguage":"es-UY","mainEntityOfPage":{"@id":"https:\/\/www.ejercito.mil.uy\/index.php\/2021\/07\/22\/centro-de-recepcion-de-canastas-de-alimentos\/#webpage"},"isPartOf":{"@id":"https:\/\/www.ejercito.mil.uy\/index.php\/2021\/07\/22\/centro-de-recepcion-de-canastas-de-alimentos\/#webpage"},"articleSection":"Blog, Noticias, apoyo, bienestar, comunidad, social, sociedad"},{"@type":"BreadcrumbList","@id":"https:\/\/www.ejercito.mil.uy\/index.php\/2021\/07\/22\/centro-de-recepcion-de-canastas-de-alimentos\/#breadcrumblist","itemListElement":[{"@type":"ListItem","@id":"https:\/\/www.ejercito.mil.uy#listItem","position":1,"name":"Home","item":"https:\/\/www.ejercito.mil.uy","nextItem":{"@type":"ListItem","@id":"https:\/\/www.ejercito.mil.uy\/index.php\/category\/destacados\/#listItem","name":"Destacados"}},{"@type":"ListItem","@id":"https:\/\/www.ejercito.mil.uy\/index.php\/category\/destacados\/#listItem","position":2,"name":"Destacados","item":"https:\/\/www.ejercito.mil.uy\/index.php\/category\/destacados\/","nextItem":{"@type":"ListItem","@id":"https:\/\/www.ejercito.mil.uy\/index.php\/category\/destacados\/noticias\/#listItem","name":"Noticias"},"previousItem":{"@type":"ListItem","@id":"https:\/\/www.ejercito.mil.uy#listItem","name":"Home"}},{"@type":"ListItem","@id":"https:\/\/www.ejercito.mil.uy\/index.php\/category\/destacados\/noticias\/#listItem","position":3,"name":"Noticias","item":"https:\/\/www.ejercito.mil.uy\/index.php\/category\/destacados\/noticias\/","nextItem":{"@type":"ListItem","@id":"https:\/\/www.ejercito.mil.uy\/index.php\/2021\/07\/22\/centro-de-recepcion-de-canastas-de-alimentos\/#listItem","name":"Centro de recepci\u00f3n de canastas de alimentos"},"previousItem":{"@type":"ListItem","@id":"https:\/\/www.ejercito.mil.uy\/index.php\/category\/destacados\/#listItem","name":"Destacados"}},{"@type":"ListItem","@id":"https:\/\/www.ejercito.mil.uy\/index.php\/2021\/07\/22\/centro-de-recepcion-de-canastas-de-alimentos\/#listItem","position":4,"name":"Centro de recepci\u00f3n de canastas de alimentos","previousItem":{"@type":"ListItem","@id":"https:\/\/www.ejercito.mil.uy\/index.php\/category\/destacados\/noticias\/#listItem","name":"Noticias"}}]},{"@type":"Organization","@id":"https:\/\/www.ejercito.mil.uy\/#organization","name":"Ej\u00e9rcito Nacional","description":"La Fuerza de todos","url":"https:\/\/www.ejercito.mil.uy\/","logo":{"@type":"ImageObject","url":"https:\/\/www.ejercito.mil.uy\/wp-content\/uploads\/2022\/01\/Escudo_EN_URUGUAY.png","@id":"https:\/\/www.ejercito.mil.uy\/index.php\/2021\/07\/22\/centro-de-recepcion-de-canastas-de-alimentos\/#organizationLogo","width":134,"height":119},"image":{"@id":"https:\/\/www.ejercito.mil.uy\/index.php\/2021\/07\/22\/centro-de-recepcion-de-canastas-de-alimentos\/#organizationLogo"}},{"@type":"Person","@id":"https:\/\/www.ejercito.mil.uy\/index.php\/author\/acastro\/#author","url":"https:\/\/www.ejercito.mil.uy\/index.php\/author\/acastro\/","name":"Alejandro Castro","image":{"@type":"ImageObject","@id":"https:\/\/www.ejercito.mil.uy\/index.php\/2021\/07\/22\/centro-de-recepcion-de-canastas-de-alimentos\/#authorImage","url":"https:\/\/secure.gravatar.com\/avatar\/89bb77d4bf696501dd94ca89e6794e1787eaffba7c7197528d249e15bd099f68?s=96&d=mm&r=g","width":96,"height":96,"caption":"Alejandro Castro"}},{"@type":"WebPage","@id":"https:\/\/www.ejercito.mil.uy\/index.php\/2021\/07\/22\/centro-de-recepcion-de-canastas-de-alimentos\/#webpage","url":"https:\/\/www.ejercito.mil.uy\/index.php\/2021\/07\/22\/centro-de-recepcion-de-canastas-de-alimentos\/","name":"Centro de recepci\u00f3n de canastas de alimentos - Ej\u00e9rcito Nacional","description":"22.07.2021 - El Batall\u00f3n \u201cCnel. Ventura Alegre\u201d de Ingenieros de Combate N\u00ba 4 fue centro de recepci\u00f3n de canastas de alimentos del Ministerio de Defensa Nacional del Uruguay.","inLanguage":"es-UY","isPartOf":{"@id":"https:\/\/www.ejercito.mil.uy\/#website"},"breadcrumb":{"@id":"https:\/\/www.ejercito.mil.uy\/index.php\/2021\/07\/22\/centro-de-recepcion-de-canastas-de-alimentos\/#breadcrumblist"},"author":{"@id":"https:\/\/www.ejercito.mil.uy\/index.php\/author\/acastro\/#author"},"creator":{"@id":"https:\/\/www.ejercito.mil.uy\/index.php\/author\/acastro\/#author"},"image":{"@type":"ImageObject","url":"https:\/\/www.ejercito.mil.uy\/wp-content\/uploads\/2021\/07\/Canasta-2.jpg","@id":"https:\/\/www.ejercito.mil.uy\/index.php\/2021\/07\/22\/centro-de-recepcion-de-canastas-de-alimentos\/#mainImage","width":1200,"height":800,"caption":"Canasta"},"primaryImageOfPage":{"@id":"https:\/\/www.ejercito.mil.uy\/index.php\/2021\/07\/22\/centro-de-recepcion-de-canastas-de-alimentos\/#mainImage"},"datePublished":"2021-07-22T19:00:31-03:00","dateModified":"2021-08-11T09:34:27-03:00"},{"@type":"WebSite","@id":"https:\/\/www.ejercito.mil.uy\/#website","url":"https:\/\/www.ejercito.mil.uy\/","name":"Ej\u00e9rcito Nacional","description":"La Fuerza de todos","inLanguage":"es-UY","publisher":{"@id":"https:\/\/www.ejercito.mil.uy\/#organization"}}]},"og:locale":"es_ES","og:site_name":"Ej\u00e9rcito Nacional - La Fuerza de todos","og:type":"article","og:title":"Centro de recepci\u00f3n de canastas de alimentos - Ej\u00e9rcito Nacional","og:description":"22.07.2021 - El Batall\u00f3n \u201cCnel. Ventura Alegre\u201d de Ingenieros de Combate N\u00ba 4 fue centro de recepci\u00f3n de canastas de alimentos del Ministerio de Defensa Nacional del Uruguay.","og:url":"https:\/\/www.ejercito.mil.uy\/index.php\/2021\/07\/22\/centro-de-recepcion-de-canastas-de-alimentos\/","og:image":"https:\/\/www.ejercito.mil.uy\/wp-content\/uploads\/2022\/01\/Escudo_EN_URUGUAY.png","og:image:secure_url":"https:\/\/www.ejercito.mil.uy\/wp-content\/uploads\/2022\/01\/Escudo_EN_URUGUAY.png","og:image:width":134,"og:image:height":119,"article:published_time":"2021-07-22T22:00:31+00:00","article:modified_time":"2021-08-11T12:34:27+00:00","twitter:card":"summary_large_image","twitter:title":"Centro de recepci\u00f3n de canastas de alimentos - Ej\u00e9rcito Nacional","twitter:description":"22.07.2021 - El Batall\u00f3n \u201cCnel. Ventura Alegre\u201d de Ingenieros de Combate N\u00ba 4 fue centro de recepci\u00f3n de canastas de alimentos del Ministerio de Defensa Nacional del Uruguay.","twitter:image":"https:\/\/www.ejercito.mil.uy\/wp-content\/uploads\/2022\/01\/Escudo_EN_URUGUAY.png"},"aioseo_meta_data":{"post_id":"4884","title":null,"description":null,"keywords":null,"keyphrases":null,"primary_term":null,"canonical_url":null,"og_title":null,"og_description":null,"og_object_type":"default","og_image_type":"default","og_image_url":null,"og_image_width":null,"og_image_height":null,"og_image_custom_url":null,"og_image_custom_fields":null,"og_video":null,"og_custom_url":null,"og_article_section":null,"og_article_tags":null,"twitter_use_og":false,"twitter_card":"default","twitter_image_type":"default","twitter_image_url":null,"twitter_image_custom_url":null,"twitter_image_custom_fields":null,"twitter_title":null,"twitter_description":null,"schema":{"blockGraphs":[],"customGraphs":[],"default":{"data":{"Article":[],"Course":[],"Dataset":[],"FAQPage":[],"Movie":[],"Person":[],"Product":[],"ProductReview":[],"Car":[],"Recipe":[],"Service":[],"SoftwareApplication":[],"WebPage":[]},"graphName":"","isEnabled":true},"graphs":[]},"schema_type":"default","schema_type_options":null,"pillar_content":false,"robots_default":true,"robots_noindex":false,"robots_noarchive":false,"robots_nosnippet":false,"robots_nofollow":false,"robots_noimageindex":false,"robots_noodp":false,"robots_notranslate":false,"robots_max_snippet":null,"robots_max_videopreview":null,"robots_max_imagepreview":"large","priority":null,"frequency":null,"local_seo":null,"breadcrumb_settings":null,"limit_modified_date":false,"ai":null,"created":"2025-08-30 02:04:37","updated":"2025-08-30 02:04:37","seo_analyzer_scan_date":null,"focus_keyword":null,"additional_keywords":null,"truseo_locale":null},"aioseo_breadcrumb":"<div class=\"aioseo-breadcrumbs\"><span class=\"aioseo-breadcrumb\">\n\t\t\t<a href=\"https:\/\/www.ejercito.mil.uy\" title=\"Home\">Home<\/a>\n\t\t<\/span><span class=\"aioseo-breadcrumb-separator\">&raquo;<\/span><span class=\"aioseo-breadcrumb\">\n\t\t\t<a href=\"https:\/\/www.ejercito.mil.uy\/index.php\/category\/destacados\/\" title=\"Destacados\">Destacados<\/a>\n\t\t<\/span><span class=\"aioseo-breadcrumb-separator\">&raquo;<\/span><span class=\"aioseo-breadcrumb\">\n\t\t\t<a href=\"https:\/\/www.ejercito.mil.uy\/index.php\/category\/destacados\/noticias\/\" title=\"Noticias\">Noticias<\/a>\n\t\t<\/span><span class=\"aioseo-breadcrumb-separator\">&raquo;<\/span><span class=\"aioseo-breadcrumb\">\n\t\t\tCentro de recepci\u00f3n de canastas de alimentos\n\t\t<\/span><\/div>","aioseo_breadcrumb_json":[{"label":"Home","link":"https:\/\/www.ejercito.mil.uy"},{"label":"Destacados","link":"https:\/\/www.ejercito.mil.uy\/index.php\/category\/destacados\/"},{"label":"Noticias","link":"https:\/\/www.ejercito.mil.uy\/index.php\/category\/destacados\/noticias\/"},{"label":"Centro de recepci\u00f3n de canastas de alimentos","link":"https:\/\/www.ejercito.mil.uy\/index.php\/2021\/07\/22\/centro-de-recepcion-de-canastas-de-alimentos\/"}],"_links":{"self":[{"href":"https:\/\/www.ejercito.mil.uy\/index.php\/wp-json\/wp\/v2\/posts\/4884","targetHints":{"allow":["GET"]}}],"collection":[{"href":"https:\/\/www.ejercito.mil.uy\/index.php\/wp-json\/wp\/v2\/posts"}],"about":[{"href":"https:\/\/www.ejercito.mil.uy\/index.php\/wp-json\/wp\/v2\/types\/post"}],"author":[{"embeddable":true,"href":"https:\/\/www.ejercito.mil.uy\/index.php\/wp-json\/wp\/v2\/users\/4"}],"replies":[{"embeddable":true,"href":"https:\/\/www.ejercito.mil.uy\/index.php\/wp-json\/wp\/v2\/comments?post=4884"}],"version-history":[{"count":7,"href":"https:\/\/www.ejercito.mil.uy\/index.php\/wp-json\/wp\/v2\/posts\/4884\/revisions"}],"predecessor-version":[{"id":5314,"href":"https:\/\/www.ejercito.mil.uy\/index.php\/wp-json\/wp\/v2\/posts\/4884\/revisions\/5314"}],"wp:featuredmedia":[{"embeddable":true,"href":"https:\/\/www.ejercito.mil.uy\/index.php\/wp-json\/wp\/v2\/media\/4891"}],"wp:attachment":[{"href":"https:\/\/www.ejercito.mil.uy\/index.php\/wp-json\/wp\/v2\/media?parent=4884"}],"wp:term":[{"taxonomy":"category","embeddable":true,"href":"https:\/\/www.ejercito.mil.uy\/index.php\/wp-json\/wp\/v2\/categories?post=4884"},{"taxonomy":"post_tag","embeddable":true,"href":"https:\/\/www.ejercito.mil.uy\/index.php\/wp-json\/wp\/v2\/tags?post=4884"}],"curies":[{"name":"wp","href":"https:\/\/api.w.org\/{rel}","templated":true}]}}