{"id":4909,"date":"2021-07-23T13:00:48","date_gmt":"2021-07-23T16:00:48","guid":{"rendered":"https:\/\/www.ejercito.mil.uy\/?p=4909"},"modified":"2021-08-11T09:35:33","modified_gmt":"2021-08-11T12:35:33","slug":"apoyos-que-suman-2","status":"publish","type":"post","link":"https:\/\/www.ejercito.mil.uy\/index.php\/2021\/07\/23\/apoyos-que-suman-2\/","title":{"rendered":"Apoyos que suman"},"content":{"rendered":"\n<p class=\"wp-block-paragraph\" style=\"font-size:14px\">23.07.2021 &#8211; Santa Clara De Olimar, Treinta Y Tres<\/p>\n\n\n\n<div style=\"height:33px\" aria-hidden=\"true\" class=\"wp-block-spacer\"><\/div>\n\n\n\n<p class=\"wp-block-paragraph\">El<strong> <a href=\"https:\/\/www.facebook.com\/Regimiento-Dragones-Libertadores-de-Caballer%C3%ADa-Mecanizado-N%C2%BA-9-297948753976687\/?__cft__[0]=AZUgCQyQuakRQrzayJcRlK-cJD5llva1-prFOg15epHCHVz4AgiA3kacW8U2zYcQYbzZ_XQcqLl2CfclnA8oUcowzW-kiLQYWjJ3uKaTvDejT0BSF-yuAnIzrOAh1Z7Iy8AcSaHpzpD_aPrnKzM_m0Owsd9LkhMuHttK7mIVC0RaJo19GfGmhY83MUFu1cylVDc&amp;__tn__=kK-R\" target=\"_blank\" rel=\"noreferrer noopener\">Regimiento \u00abDragones Libertadores\u00bb de Caballer\u00eda Mecanizado N\u00ba 9<\/a><\/strong> apoya con un enfermero al <strong>Centro Auxiliar de ASSE de Santa Clara de Olimar<\/strong>, para continuar avanzando con el <strong>Plan Nacional de Vacunaci\u00f3n COVID19<\/strong> y aumentar la cantidad de uruguayos inmunizados.<\/p>\n\n\n\n<div style=\"height:33px\" aria-hidden=\"true\" class=\"wp-block-spacer\"><\/div>\n\n\n\n<figure class=\"wp-block-image size-large\"><img loading=\"lazy\" decoding=\"async\" width=\"1024\" height=\"683\" src=\"https:\/\/www.ejercito.mil.uy\/wp-content\/uploads\/2021\/07\/AGUA-2-1024x683.jpg\" alt=\"\" class=\"wp-image-4913\" srcset=\"https:\/\/www.ejercito.mil.uy\/wp-content\/uploads\/2021\/07\/AGUA-2-1024x683.jpg 1024w, https:\/\/www.ejercito.mil.uy\/wp-content\/uploads\/2021\/07\/AGUA-2-300x200.jpg 300w, https:\/\/www.ejercito.mil.uy\/wp-content\/uploads\/2021\/07\/AGUA-2.jpg 1200w\" sizes=\"auto, (max-width: 1024px) 100vw, 1024px\" \/><\/figure>\n\n\n\n<div style=\"height:66px\" aria-hidden=\"true\" class=\"wp-block-spacer\"><\/div>\n\n\n\n<p class=\"wp-block-paragraph\">Por otra parte, los efectivos distribuyeron <strong>1.200 litros de agua potable<\/strong>, a una familia que vive en el <strong>poblado \u00abLa Esperanza\u00bb<\/strong>, ubicado a 3 km de la Unidad, ya que no cuentan con suministro de OSE. El agua es utilizada para atender necesidades b\u00e1sicas, as\u00ed como para cuidar de los animales. Desde el 2020 hasta la fecha, se han realizado <strong>51 apoyos con \u00e9xito<\/strong>, entregando <strong>61.200 litros <\/strong>de agua potable a familias que se encuentran en poblados y zonas rurales<\/p>\n\n\n\n<div style=\"height:33px\" aria-hidden=\"true\" class=\"wp-block-spacer\"><\/div>\n\n\n\n<figure class=\"wp-block-gallery columns-2 is-cropped has-lightbox wp-block-gallery-1 is-layout-flex wp-block-gallery-is-layout-flex\"><ul class=\"blocks-gallery-grid\"><li class=\"blocks-gallery-item\"><figure><img loading=\"lazy\" decoding=\"async\" width=\"1024\" height=\"683\" src=\"https:\/\/www.ejercito.mil.uy\/wp-content\/uploads\/2021\/07\/AGUA-3-1024x683.jpg\" alt=\"\" data-id=\"4912\" data-full-url=\"https:\/\/www.ejercito.mil.uy\/wp-content\/uploads\/2021\/07\/AGUA-3.jpg\" data-link=\"https:\/\/www.ejercito.mil.uy\/?attachment_id=4912\" class=\"wp-image-4912\" srcset=\"https:\/\/www.ejercito.mil.uy\/wp-content\/uploads\/2021\/07\/AGUA-3-1024x683.jpg 1024w, https:\/\/www.ejercito.mil.uy\/wp-content\/uploads\/2021\/07\/AGUA-3-300x200.jpg 300w, https:\/\/www.ejercito.mil.uy\/wp-content\/uploads\/2021\/07\/AGUA-3.jpg 1200w\" sizes=\"auto, (max-width: 1024px) 100vw, 1024px\" \/><\/figure><\/li><li class=\"blocks-gallery-item\"><figure><img loading=\"lazy\" decoding=\"async\" width=\"1024\" height=\"683\" src=\"https:\/\/www.ejercito.mil.uy\/wp-content\/uploads\/2021\/06\/Agua-1-1024x683.jpg\" alt=\"\" data-id=\"3813\" data-link=\"https:\/\/www.ejercito.mil.uy\/?attachment_id=3813\" class=\"wp-image-3813\" srcset=\"https:\/\/www.ejercito.mil.uy\/wp-content\/uploads\/2021\/06\/Agua-1-1024x683.jpg 1024w, https:\/\/www.ejercito.mil.uy\/wp-content\/uploads\/2021\/06\/Agua-1-300x200.jpg 300w, https:\/\/www.ejercito.mil.uy\/wp-content\/uploads\/2021\/06\/Agua-1.jpg 1200w\" sizes=\"auto, (max-width: 1024px) 100vw, 1024px\" \/><\/figure><\/li><\/ul><\/figure>\n\n\n\n<div style=\"height:100px\" aria-hidden=\"true\" class=\"wp-block-spacer\"><\/div>\n","protected":false},"excerpt":{"rendered":"<p>23.07.2021 &#8211; El Regimiento \u00abDragones Libertadores\u00bb de Caballer\u00eda Mecanizado N\u00ba 9 apoya con un enfermero al Centro Auxiliar de ASSE de Santa Clara de Olimar, para continuar avanzando con el Plan Nacional de Vacunaci\u00f3n COVID19 y aumentar la cantidad de uruguayos inmunizados.<\/p>\n","protected":false},"author":4,"featured_media":4914,"comment_status":"open","ping_status":"open","sticky":false,"template":"","format":"standard","meta":{"_coblocks_attr":"","_coblocks_dimensions":"","_coblocks_responsive_height":"","_coblocks_accordion_ie_support":"","_monsterinsights_skip_tracking":false,"_uf_show_specific_survey":0,"_uf_disable_surveys":false,"footnotes":""},"categories":[2,14],"tags":[72,27,32,25,37,23],"class_list":["post-4909","post","type-post","status-publish","format-standard","has-post-thumbnail","hentry","category-blog","category-noticias","tag-agua","tag-apoyo","tag-bienestar","tag-covid","tag-sociedad","tag-vacunacion"],"aioseo_notices":[],"aioseo_head":"\n\t\t<!-- All in One SEO 5.0.1.1 - aioseo.com -->\n\t<meta name=\"description\" content=\"23.07.2021 - El Regimiento &quot;Dragones Libertadores&quot; de Caballer\u00eda Mecanizado N\u00ba 9 apoya con un enfermero al Centro Auxiliar de ASSE de Santa Clara de Olimar, para continuar avanzando con el Plan Nacional de Vacunaci\u00f3n COVID19 y aumentar la cantidad de uruguayos inmunizados.\" \/>\n\t<meta name=\"robots\" content=\"max-image-preview:large\" \/>\n\t<meta name=\"author\" content=\"Alejandro Castro\"\/>\n\t<link rel=\"canonical\" href=\"https:\/\/www.ejercito.mil.uy\/index.php\/2021\/07\/23\/apoyos-que-suman-2\/\" \/>\n\t<meta name=\"generator\" content=\"All in One SEO (AIOSEO) 5.0.1.1\" \/>\n\t\t<meta property=\"og:locale\" content=\"es_ES\" \/>\n\t\t<meta property=\"og:site_name\" content=\"Ej\u00e9rcito Nacional - La Fuerza de todos\" \/>\n\t\t<meta property=\"og:type\" content=\"article\" \/>\n\t\t<meta property=\"og:title\" content=\"Apoyos que suman - Ej\u00e9rcito Nacional\" \/>\n\t\t<meta property=\"og:description\" content=\"23.07.2021 - El Regimiento &quot;Dragones Libertadores&quot; de Caballer\u00eda Mecanizado N\u00ba 9 apoya con un enfermero al Centro Auxiliar de ASSE de Santa Clara de Olimar, para continuar avanzando con el Plan Nacional de Vacunaci\u00f3n COVID19 y aumentar la cantidad de uruguayos inmunizados.\" \/>\n\t\t<meta property=\"og:url\" content=\"https:\/\/www.ejercito.mil.uy\/index.php\/2021\/07\/23\/apoyos-que-suman-2\/\" \/>\n\t\t<meta property=\"og:image\" content=\"https:\/\/www.ejercito.mil.uy\/wp-content\/uploads\/2022\/01\/Escudo_EN_URUGUAY.png\" \/>\n\t\t<meta property=\"og:image:secure_url\" content=\"https:\/\/www.ejercito.mil.uy\/wp-content\/uploads\/2022\/01\/Escudo_EN_URUGUAY.png\" \/>\n\t\t<meta property=\"og:image:width\" content=\"134\" \/>\n\t\t<meta property=\"og:image:height\" content=\"119\" \/>\n\t\t<meta property=\"article:published_time\" content=\"2021-07-23T16:00:48+00:00\" \/>\n\t\t<meta property=\"article:modified_time\" content=\"2021-08-11T12:35:33+00:00\" \/>\n\t\t<meta name=\"twitter:card\" content=\"summary_large_image\" \/>\n\t\t<meta name=\"twitter:title\" content=\"Apoyos que suman - Ej\u00e9rcito Nacional\" \/>\n\t\t<meta name=\"twitter:description\" content=\"23.07.2021 - El Regimiento &quot;Dragones Libertadores&quot; de Caballer\u00eda Mecanizado N\u00ba 9 apoya con un enfermero al Centro Auxiliar de ASSE de Santa Clara de Olimar, para continuar avanzando con el Plan Nacional de Vacunaci\u00f3n COVID19 y aumentar la cantidad de uruguayos inmunizados.\" \/>\n\t\t<meta name=\"twitter:image\" content=\"https:\/\/www.ejercito.mil.uy\/wp-content\/uploads\/2022\/01\/Escudo_EN_URUGUAY.png\" \/>\n\t\t<script type=\"application\/ld+json\" class=\"aioseo-schema\">\n\t\t\t{\"@context\":\"https:\\\/\\\/schema.org\",\"@graph\":[{\"@type\":\"BlogPosting\",\"@id\":\"https:\\\/\\\/www.ejercito.mil.uy\\\/index.php\\\/2021\\\/07\\\/23\\\/apoyos-que-suman-2\\\/#blogposting\",\"name\":\"Apoyos que suman - Ej\\u00e9rcito Nacional\",\"headline\":\"Apoyos que suman\",\"author\":{\"@id\":\"https:\\\/\\\/www.ejercito.mil.uy\\\/index.php\\\/author\\\/acastro\\\/#author\"},\"publisher\":{\"@id\":\"https:\\\/\\\/www.ejercito.mil.uy\\\/#organization\"},\"image\":{\"@type\":\"ImageObject\",\"url\":\"https:\\\/\\\/www.ejercito.mil.uy\\\/wp-content\\\/uploads\\\/2021\\\/07\\\/RC9.jpg\",\"width\":1200,\"height\":800,\"caption\":\"RC9\"},\"datePublished\":\"2021-07-23T13:00:48-03:00\",\"dateModified\":\"2021-08-11T09:35:33-03:00\",\"inLanguage\":\"es-UY\",\"mainEntityOfPage\":{\"@id\":\"https:\\\/\\\/www.ejercito.mil.uy\\\/index.php\\\/2021\\\/07\\\/23\\\/apoyos-que-suman-2\\\/#webpage\"},\"isPartOf\":{\"@id\":\"https:\\\/\\\/www.ejercito.mil.uy\\\/index.php\\\/2021\\\/07\\\/23\\\/apoyos-que-suman-2\\\/#webpage\"},\"articleSection\":\"Blog, Noticias, agua, apoyo, bienestar, covid, sociedad, vacunacion\"},{\"@type\":\"BreadcrumbList\",\"@id\":\"https:\\\/\\\/www.ejercito.mil.uy\\\/index.php\\\/2021\\\/07\\\/23\\\/apoyos-que-suman-2\\\/#breadcrumblist\",\"itemListElement\":[{\"@type\":\"ListItem\",\"@id\":\"https:\\\/\\\/www.ejercito.mil.uy#listItem\",\"position\":1,\"name\":\"Home\",\"item\":\"https:\\\/\\\/www.ejercito.mil.uy\",\"nextItem\":{\"@type\":\"ListItem\",\"@id\":\"https:\\\/\\\/www.ejercito.mil.uy\\\/index.php\\\/category\\\/destacados\\\/#listItem\",\"name\":\"Destacados\"}},{\"@type\":\"ListItem\",\"@id\":\"https:\\\/\\\/www.ejercito.mil.uy\\\/index.php\\\/category\\\/destacados\\\/#listItem\",\"position\":2,\"name\":\"Destacados\",\"item\":\"https:\\\/\\\/www.ejercito.mil.uy\\\/index.php\\\/category\\\/destacados\\\/\",\"nextItem\":{\"@type\":\"ListItem\",\"@id\":\"https:\\\/\\\/www.ejercito.mil.uy\\\/index.php\\\/category\\\/destacados\\\/noticias\\\/#listItem\",\"name\":\"Noticias\"},\"previousItem\":{\"@type\":\"ListItem\",\"@id\":\"https:\\\/\\\/www.ejercito.mil.uy#listItem\",\"name\":\"Home\"}},{\"@type\":\"ListItem\",\"@id\":\"https:\\\/\\\/www.ejercito.mil.uy\\\/index.php\\\/category\\\/destacados\\\/noticias\\\/#listItem\",\"position\":3,\"name\":\"Noticias\",\"item\":\"https:\\\/\\\/www.ejercito.mil.uy\\\/index.php\\\/category\\\/destacados\\\/noticias\\\/\",\"nextItem\":{\"@type\":\"ListItem\",\"@id\":\"https:\\\/\\\/www.ejercito.mil.uy\\\/index.php\\\/2021\\\/07\\\/23\\\/apoyos-que-suman-2\\\/#listItem\",\"name\":\"Apoyos que suman\"},\"previousItem\":{\"@type\":\"ListItem\",\"@id\":\"https:\\\/\\\/www.ejercito.mil.uy\\\/index.php\\\/category\\\/destacados\\\/#listItem\",\"name\":\"Destacados\"}},{\"@type\":\"ListItem\",\"@id\":\"https:\\\/\\\/www.ejercito.mil.uy\\\/index.php\\\/2021\\\/07\\\/23\\\/apoyos-que-suman-2\\\/#listItem\",\"position\":4,\"name\":\"Apoyos que suman\",\"previousItem\":{\"@type\":\"ListItem\",\"@id\":\"https:\\\/\\\/www.ejercito.mil.uy\\\/index.php\\\/category\\\/destacados\\\/noticias\\\/#listItem\",\"name\":\"Noticias\"}}]},{\"@type\":\"Organization\",\"@id\":\"https:\\\/\\\/www.ejercito.mil.uy\\\/#organization\",\"name\":\"Ej\\u00e9rcito Nacional\",\"description\":\"La Fuerza de todos\",\"url\":\"https:\\\/\\\/www.ejercito.mil.uy\\\/\",\"logo\":{\"@type\":\"ImageObject\",\"url\":\"https:\\\/\\\/www.ejercito.mil.uy\\\/wp-content\\\/uploads\\\/2022\\\/01\\\/Escudo_EN_URUGUAY.png\",\"@id\":\"https:\\\/\\\/www.ejercito.mil.uy\\\/index.php\\\/2021\\\/07\\\/23\\\/apoyos-que-suman-2\\\/#organizationLogo\",\"width\":134,\"height\":119},\"image\":{\"@id\":\"https:\\\/\\\/www.ejercito.mil.uy\\\/index.php\\\/2021\\\/07\\\/23\\\/apoyos-que-suman-2\\\/#organizationLogo\"}},{\"@type\":\"Person\",\"@id\":\"https:\\\/\\\/www.ejercito.mil.uy\\\/index.php\\\/author\\\/acastro\\\/#author\",\"url\":\"https:\\\/\\\/www.ejercito.mil.uy\\\/index.php\\\/author\\\/acastro\\\/\",\"name\":\"Alejandro Castro\",\"image\":{\"@type\":\"ImageObject\",\"@id\":\"https:\\\/\\\/www.ejercito.mil.uy\\\/index.php\\\/2021\\\/07\\\/23\\\/apoyos-que-suman-2\\\/#authorImage\",\"url\":\"https:\\\/\\\/secure.gravatar.com\\\/avatar\\\/89bb77d4bf696501dd94ca89e6794e1787eaffba7c7197528d249e15bd099f68?s=96&d=mm&r=g\",\"width\":96,\"height\":96,\"caption\":\"Alejandro Castro\"}},{\"@type\":\"WebPage\",\"@id\":\"https:\\\/\\\/www.ejercito.mil.uy\\\/index.php\\\/2021\\\/07\\\/23\\\/apoyos-que-suman-2\\\/#webpage\",\"url\":\"https:\\\/\\\/www.ejercito.mil.uy\\\/index.php\\\/2021\\\/07\\\/23\\\/apoyos-que-suman-2\\\/\",\"name\":\"Apoyos que suman - Ej\\u00e9rcito Nacional\",\"description\":\"23.07.2021 - El Regimiento \\\"Dragones Libertadores\\\" de Caballer\\u00eda Mecanizado N\\u00ba 9 apoya con un enfermero al Centro Auxiliar de ASSE de Santa Clara de Olimar, para continuar avanzando con el Plan Nacional de Vacunaci\\u00f3n COVID19 y aumentar la cantidad de uruguayos inmunizados.\",\"inLanguage\":\"es-UY\",\"isPartOf\":{\"@id\":\"https:\\\/\\\/www.ejercito.mil.uy\\\/#website\"},\"breadcrumb\":{\"@id\":\"https:\\\/\\\/www.ejercito.mil.uy\\\/index.php\\\/2021\\\/07\\\/23\\\/apoyos-que-suman-2\\\/#breadcrumblist\"},\"author\":{\"@id\":\"https:\\\/\\\/www.ejercito.mil.uy\\\/index.php\\\/author\\\/acastro\\\/#author\"},\"creator\":{\"@id\":\"https:\\\/\\\/www.ejercito.mil.uy\\\/index.php\\\/author\\\/acastro\\\/#author\"},\"image\":{\"@type\":\"ImageObject\",\"url\":\"https:\\\/\\\/www.ejercito.mil.uy\\\/wp-content\\\/uploads\\\/2021\\\/07\\\/RC9.jpg\",\"@id\":\"https:\\\/\\\/www.ejercito.mil.uy\\\/index.php\\\/2021\\\/07\\\/23\\\/apoyos-que-suman-2\\\/#mainImage\",\"width\":1200,\"height\":800,\"caption\":\"RC9\"},\"primaryImageOfPage\":{\"@id\":\"https:\\\/\\\/www.ejercito.mil.uy\\\/index.php\\\/2021\\\/07\\\/23\\\/apoyos-que-suman-2\\\/#mainImage\"},\"datePublished\":\"2021-07-23T13:00:48-03:00\",\"dateModified\":\"2021-08-11T09:35:33-03:00\"},{\"@type\":\"WebSite\",\"@id\":\"https:\\\/\\\/www.ejercito.mil.uy\\\/#website\",\"url\":\"https:\\\/\\\/www.ejercito.mil.uy\\\/\",\"name\":\"Ej\\u00e9rcito Nacional\",\"description\":\"La Fuerza de todos\",\"inLanguage\":\"es-UY\",\"publisher\":{\"@id\":\"https:\\\/\\\/www.ejercito.mil.uy\\\/#organization\"}}]}\n\t\t<\/script>\n\t\t<!-- All in One SEO -->\n\n","aioseo_head_json":{"title":"Apoyos que suman - Ej\u00e9rcito Nacional","description":"23.07.2021 - El Regimiento \"Dragones Libertadores\" de Caballer\u00eda Mecanizado N\u00ba 9 apoya con un enfermero al Centro Auxiliar de ASSE de Santa Clara de Olimar, para continuar avanzando con el Plan Nacional de Vacunaci\u00f3n COVID19 y aumentar la cantidad de uruguayos inmunizados.","canonical_url":"https:\/\/www.ejercito.mil.uy\/index.php\/2021\/07\/23\/apoyos-que-suman-2\/","robots":"max-image-preview:large","keywords":"","webmasterTools":{"miscellaneous":""},"schema":{"@context":"https:\/\/schema.org","@graph":[{"@type":"BlogPosting","@id":"https:\/\/www.ejercito.mil.uy\/index.php\/2021\/07\/23\/apoyos-que-suman-2\/#blogposting","name":"Apoyos que suman - Ej\u00e9rcito Nacional","headline":"Apoyos que suman","author":{"@id":"https:\/\/www.ejercito.mil.uy\/index.php\/author\/acastro\/#author"},"publisher":{"@id":"https:\/\/www.ejercito.mil.uy\/#organization"},"image":{"@type":"ImageObject","url":"https:\/\/www.ejercito.mil.uy\/wp-content\/uploads\/2021\/07\/RC9.jpg","width":1200,"height":800,"caption":"RC9"},"datePublished":"2021-07-23T13:00:48-03:00","dateModified":"2021-08-11T09:35:33-03:00","inLanguage":"es-UY","mainEntityOfPage":{"@id":"https:\/\/www.ejercito.mil.uy\/index.php\/2021\/07\/23\/apoyos-que-suman-2\/#webpage"},"isPartOf":{"@id":"https:\/\/www.ejercito.mil.uy\/index.php\/2021\/07\/23\/apoyos-que-suman-2\/#webpage"},"articleSection":"Blog, Noticias, agua, apoyo, bienestar, covid, sociedad, vacunacion"},{"@type":"BreadcrumbList","@id":"https:\/\/www.ejercito.mil.uy\/index.php\/2021\/07\/23\/apoyos-que-suman-2\/#breadcrumblist","itemListElement":[{"@type":"ListItem","@id":"https:\/\/www.ejercito.mil.uy#listItem","position":1,"name":"Home","item":"https:\/\/www.ejercito.mil.uy","nextItem":{"@type":"ListItem","@id":"https:\/\/www.ejercito.mil.uy\/index.php\/category\/destacados\/#listItem","name":"Destacados"}},{"@type":"ListItem","@id":"https:\/\/www.ejercito.mil.uy\/index.php\/category\/destacados\/#listItem","position":2,"name":"Destacados","item":"https:\/\/www.ejercito.mil.uy\/index.php\/category\/destacados\/","nextItem":{"@type":"ListItem","@id":"https:\/\/www.ejercito.mil.uy\/index.php\/category\/destacados\/noticias\/#listItem","name":"Noticias"},"previousItem":{"@type":"ListItem","@id":"https:\/\/www.ejercito.mil.uy#listItem","name":"Home"}},{"@type":"ListItem","@id":"https:\/\/www.ejercito.mil.uy\/index.php\/category\/destacados\/noticias\/#listItem","position":3,"name":"Noticias","item":"https:\/\/www.ejercito.mil.uy\/index.php\/category\/destacados\/noticias\/","nextItem":{"@type":"ListItem","@id":"https:\/\/www.ejercito.mil.uy\/index.php\/2021\/07\/23\/apoyos-que-suman-2\/#listItem","name":"Apoyos que suman"},"previousItem":{"@type":"ListItem","@id":"https:\/\/www.ejercito.mil.uy\/index.php\/category\/destacados\/#listItem","name":"Destacados"}},{"@type":"ListItem","@id":"https:\/\/www.ejercito.mil.uy\/index.php\/2021\/07\/23\/apoyos-que-suman-2\/#listItem","position":4,"name":"Apoyos que suman","previousItem":{"@type":"ListItem","@id":"https:\/\/www.ejercito.mil.uy\/index.php\/category\/destacados\/noticias\/#listItem","name":"Noticias"}}]},{"@type":"Organization","@id":"https:\/\/www.ejercito.mil.uy\/#organization","name":"Ej\u00e9rcito Nacional","description":"La Fuerza de todos","url":"https:\/\/www.ejercito.mil.uy\/","logo":{"@type":"ImageObject","url":"https:\/\/www.ejercito.mil.uy\/wp-content\/uploads\/2022\/01\/Escudo_EN_URUGUAY.png","@id":"https:\/\/www.ejercito.mil.uy\/index.php\/2021\/07\/23\/apoyos-que-suman-2\/#organizationLogo","width":134,"height":119},"image":{"@id":"https:\/\/www.ejercito.mil.uy\/index.php\/2021\/07\/23\/apoyos-que-suman-2\/#organizationLogo"}},{"@type":"Person","@id":"https:\/\/www.ejercito.mil.uy\/index.php\/author\/acastro\/#author","url":"https:\/\/www.ejercito.mil.uy\/index.php\/author\/acastro\/","name":"Alejandro Castro","image":{"@type":"ImageObject","@id":"https:\/\/www.ejercito.mil.uy\/index.php\/2021\/07\/23\/apoyos-que-suman-2\/#authorImage","url":"https:\/\/secure.gravatar.com\/avatar\/89bb77d4bf696501dd94ca89e6794e1787eaffba7c7197528d249e15bd099f68?s=96&d=mm&r=g","width":96,"height":96,"caption":"Alejandro Castro"}},{"@type":"WebPage","@id":"https:\/\/www.ejercito.mil.uy\/index.php\/2021\/07\/23\/apoyos-que-suman-2\/#webpage","url":"https:\/\/www.ejercito.mil.uy\/index.php\/2021\/07\/23\/apoyos-que-suman-2\/","name":"Apoyos que suman - Ej\u00e9rcito Nacional","description":"23.07.2021 - El Regimiento \"Dragones Libertadores\" de Caballer\u00eda Mecanizado N\u00ba 9 apoya con un enfermero al Centro Auxiliar de ASSE de Santa Clara de Olimar, para continuar avanzando con el Plan Nacional de Vacunaci\u00f3n COVID19 y aumentar la cantidad de uruguayos inmunizados.","inLanguage":"es-UY","isPartOf":{"@id":"https:\/\/www.ejercito.mil.uy\/#website"},"breadcrumb":{"@id":"https:\/\/www.ejercito.mil.uy\/index.php\/2021\/07\/23\/apoyos-que-suman-2\/#breadcrumblist"},"author":{"@id":"https:\/\/www.ejercito.mil.uy\/index.php\/author\/acastro\/#author"},"creator":{"@id":"https:\/\/www.ejercito.mil.uy\/index.php\/author\/acastro\/#author"},"image":{"@type":"ImageObject","url":"https:\/\/www.ejercito.mil.uy\/wp-content\/uploads\/2021\/07\/RC9.jpg","@id":"https:\/\/www.ejercito.mil.uy\/index.php\/2021\/07\/23\/apoyos-que-suman-2\/#mainImage","width":1200,"height":800,"caption":"RC9"},"primaryImageOfPage":{"@id":"https:\/\/www.ejercito.mil.uy\/index.php\/2021\/07\/23\/apoyos-que-suman-2\/#mainImage"},"datePublished":"2021-07-23T13:00:48-03:00","dateModified":"2021-08-11T09:35:33-03:00"},{"@type":"WebSite","@id":"https:\/\/www.ejercito.mil.uy\/#website","url":"https:\/\/www.ejercito.mil.uy\/","name":"Ej\u00e9rcito Nacional","description":"La Fuerza de todos","inLanguage":"es-UY","publisher":{"@id":"https:\/\/www.ejercito.mil.uy\/#organization"}}]},"og:locale":"es_ES","og:site_name":"Ej\u00e9rcito Nacional - La Fuerza de todos","og:type":"article","og:title":"Apoyos que suman - Ej\u00e9rcito Nacional","og:description":"23.07.2021 - El Regimiento &quot;Dragones Libertadores&quot; de Caballer\u00eda Mecanizado N\u00ba 9 apoya con un enfermero al Centro Auxiliar de ASSE de Santa Clara de Olimar, para continuar avanzando con el Plan Nacional de Vacunaci\u00f3n COVID19 y aumentar la cantidad de uruguayos inmunizados.","og:url":"https:\/\/www.ejercito.mil.uy\/index.php\/2021\/07\/23\/apoyos-que-suman-2\/","og:image":"https:\/\/www.ejercito.mil.uy\/wp-content\/uploads\/2022\/01\/Escudo_EN_URUGUAY.png","og:image:secure_url":"https:\/\/www.ejercito.mil.uy\/wp-content\/uploads\/2022\/01\/Escudo_EN_URUGUAY.png","og:image:width":134,"og:image:height":119,"article:published_time":"2021-07-23T16:00:48+00:00","article:modified_time":"2021-08-11T12:35:33+00:00","twitter:card":"summary_large_image","twitter:title":"Apoyos que suman - Ej\u00e9rcito Nacional","twitter:description":"23.07.2021 - El Regimiento &quot;Dragones Libertadores&quot; de Caballer\u00eda Mecanizado N\u00ba 9 apoya con un enfermero al Centro Auxiliar de ASSE de Santa Clara de Olimar, para continuar avanzando con el Plan Nacional de Vacunaci\u00f3n COVID19 y aumentar la cantidad de uruguayos inmunizados.","twitter:image":"https:\/\/www.ejercito.mil.uy\/wp-content\/uploads\/2022\/01\/Escudo_EN_URUGUAY.png"},"aioseo_meta_data":{"post_id":"4909","title":null,"description":null,"keywords":null,"keyphrases":null,"primary_term":null,"canonical_url":null,"og_title":null,"og_description":null,"og_object_type":"default","og_image_type":"default","og_image_url":null,"og_image_width":null,"og_image_height":null,"og_image_custom_url":null,"og_image_custom_fields":null,"og_video":null,"og_custom_url":null,"og_article_section":null,"og_article_tags":null,"twitter_use_og":false,"twitter_card":"default","twitter_image_type":"default","twitter_image_url":null,"twitter_image_custom_url":null,"twitter_image_custom_fields":null,"twitter_title":null,"twitter_description":null,"schema":{"blockGraphs":[],"customGraphs":[],"default":{"data":{"Article":[],"Course":[],"Dataset":[],"FAQPage":[],"Movie":[],"Person":[],"Product":[],"ProductReview":[],"Car":[],"Recipe":[],"Service":[],"SoftwareApplication":[],"WebPage":[]},"graphName":"","isEnabled":true},"graphs":[]},"schema_type":"default","schema_type_options":null,"pillar_content":false,"robots_default":true,"robots_noindex":false,"robots_noarchive":false,"robots_nosnippet":false,"robots_nofollow":false,"robots_noimageindex":false,"robots_noodp":false,"robots_notranslate":false,"robots_max_snippet":null,"robots_max_videopreview":null,"robots_max_imagepreview":"large","priority":null,"frequency":null,"local_seo":null,"breadcrumb_settings":null,"limit_modified_date":false,"ai":null,"created":"2025-08-30 02:05:43","updated":"2025-08-30 02:05:43","seo_analyzer_scan_date":null,"focus_keyword":null,"additional_keywords":null,"truseo_locale":null},"aioseo_breadcrumb":"<div class=\"aioseo-breadcrumbs\"><span class=\"aioseo-breadcrumb\">\n\t\t\t<a href=\"https:\/\/www.ejercito.mil.uy\" title=\"Home\">Home<\/a>\n\t\t<\/span><span class=\"aioseo-breadcrumb-separator\">&raquo;<\/span><span class=\"aioseo-breadcrumb\">\n\t\t\t<a href=\"https:\/\/www.ejercito.mil.uy\/index.php\/category\/destacados\/\" title=\"Destacados\">Destacados<\/a>\n\t\t<\/span><span class=\"aioseo-breadcrumb-separator\">&raquo;<\/span><span class=\"aioseo-breadcrumb\">\n\t\t\t<a href=\"https:\/\/www.ejercito.mil.uy\/index.php\/category\/destacados\/noticias\/\" title=\"Noticias\">Noticias<\/a>\n\t\t<\/span><span class=\"aioseo-breadcrumb-separator\">&raquo;<\/span><span class=\"aioseo-breadcrumb\">\n\t\t\tApoyos que suman\n\t\t<\/span><\/div>","aioseo_breadcrumb_json":[{"label":"Home","link":"https:\/\/www.ejercito.mil.uy"},{"label":"Destacados","link":"https:\/\/www.ejercito.mil.uy\/index.php\/category\/destacados\/"},{"label":"Noticias","link":"https:\/\/www.ejercito.mil.uy\/index.php\/category\/destacados\/noticias\/"},{"label":"Apoyos que suman","link":"https:\/\/www.ejercito.mil.uy\/index.php\/2021\/07\/23\/apoyos-que-suman-2\/"}],"_links":{"self":[{"href":"https:\/\/www.ejercito.mil.uy\/index.php\/wp-json\/wp\/v2\/posts\/4909","targetHints":{"allow":["GET"]}}],"collection":[{"href":"https:\/\/www.ejercito.mil.uy\/index.php\/wp-json\/wp\/v2\/posts"}],"about":[{"href":"https:\/\/www.ejercito.mil.uy\/index.php\/wp-json\/wp\/v2\/types\/post"}],"author":[{"embeddable":true,"href":"https:\/\/www.ejercito.mil.uy\/index.php\/wp-json\/wp\/v2\/users\/4"}],"replies":[{"embeddable":true,"href":"https:\/\/www.ejercito.mil.uy\/index.php\/wp-json\/wp\/v2\/comments?post=4909"}],"version-history":[{"count":4,"href":"https:\/\/www.ejercito.mil.uy\/index.php\/wp-json\/wp\/v2\/posts\/4909\/revisions"}],"predecessor-version":[{"id":5315,"href":"https:\/\/www.ejercito.mil.uy\/index.php\/wp-json\/wp\/v2\/posts\/4909\/revisions\/5315"}],"wp:featuredmedia":[{"embeddable":true,"href":"https:\/\/www.ejercito.mil.uy\/index.php\/wp-json\/wp\/v2\/media\/4914"}],"wp:attachment":[{"href":"https:\/\/www.ejercito.mil.uy\/index.php\/wp-json\/wp\/v2\/media?parent=4909"}],"wp:term":[{"taxonomy":"category","embeddable":true,"href":"https:\/\/www.ejercito.mil.uy\/index.php\/wp-json\/wp\/v2\/categories?post=4909"},{"taxonomy":"post_tag","embeddable":true,"href":"https:\/\/www.ejercito.mil.uy\/index.php\/wp-json\/wp\/v2\/tags?post=4909"}],"curies":[{"name":"wp","href":"https:\/\/api.w.org\/{rel}","templated":true}]}}