{"id":4968,"date":"2021-07-25T20:00:55","date_gmt":"2021-07-25T23:00:55","guid":{"rendered":"https:\/\/www.ejercito.mil.uy\/?p=4968"},"modified":"2021-07-25T10:53:56","modified_gmt":"2021-07-25T13:53:56","slug":"curso-de-jefe-de-seccion-ap-122-mm","status":"publish","type":"post","link":"https:\/\/www.ejercito.mil.uy\/index.php\/2021\/07\/25\/curso-de-jefe-de-seccion-ap-122-mm\/","title":{"rendered":"Curso de Jefe de Secci\u00f3n (AP) 122 mm"},"content":{"rendered":"\n<p style=\"font-size:14px\">25.07.2021 &#8211; Trinidad, Flores<\/p>\n\n\n\n<div style=\"height:24px\" aria-hidden=\"true\" class=\"wp-block-spacer\"><\/div>\n\n\n\n<p class=\"has-black-color has-text-color has-medium-font-size\">Finaliz\u00f3 en el <a rel=\"noreferrer noopener\" href=\"https:\/\/www.facebook.com\/GrupoArtilleria2\/?__cft__[0]=AZXIgvZZIgcNGjRNcvqLlMrRWPJHG97_eOgi5bXjacMMC5T7W-XoqcSCfw64I3NKybEjVvJHS9STDca9S3-lKCKStEoyqKgf_Lu7fZGxRGZ4V0cSX2XH7yf9_tsHfpjyI17HcauMlgEDEfUGOrJNhVe6pb3CSPoeFUaKOaXZb-6_Jg&amp;__tn__=kK-R\" target=\"_blank\"><strong>Grupo \u00ab\u00c9xodo del Pueblo Oriental\u00bb de Artiller\u00eda AP 122 mm N\u00ba 2<\/strong><\/a>, e<strong>l Curso de Jefe de Secci\u00f3n (AP) 122 mm<\/strong>, del cual participaron 13 alumnos de distintas Unidades del Arma de Artiller\u00eda.<\/p>\n\n\n\n<div style=\"height:33px\" aria-hidden=\"true\" class=\"wp-block-spacer\"><\/div>\n\n\n\n<p>La ceremonia de clausura estuvo presidida por el Comandante de Artiller\u00eda de Ej\u00e9rcito, Jefes de Unidades y el Director del Centro de Instrucci\u00f3n de Artiller\u00eda de Campa\u00f1a y Antia\u00e9rea \u00abCnel. Antonio E. Trifoglio\u00bb (CIACA), all\u00ed se hizo entrega de los certificados.<\/p>\n\n\n\n<div style=\"height:33px\" aria-hidden=\"true\" class=\"wp-block-spacer\"><\/div>\n\n\n\n<p>El curso se desarroll\u00f3 en 2 fases, una a distancia y una 2\u00aa fase de forma presencial, donde los alumnos adquirieron los conocimientos te\u00f3ricos y pr\u00e1cticos para comandar a una Secci\u00f3n de Obuses autopropulsados.<\/p>\n\n\n\n<div style=\"height:33px\" aria-hidden=\"true\" class=\"wp-block-spacer\"><\/div>\n\n\n\n<p>La Unidad, sede del material autopropulsado del Ej\u00e9rcito, imparte la instrucci\u00f3n correspondiente en coordinaci\u00f3n con el CIACA.<\/p>\n\n\n\n<div style=\"height:55px\" aria-hidden=\"true\" class=\"wp-block-spacer\"><\/div>\n\n\n\n<div class=\"wp-block-coblocks-gallery-carousel\"><div class=\"is-cropped coblocks-gallery has-no-alignment has-caption-style-dark has-horizontal-gutter has-lightbox\"><div class=\"has-carousel has-carousel-lrg\" style=\"height:400px\" data-flickity=\"{&quot;autoPlay&quot;:5000,&quot;draggable&quot;:true,&quot;pageDots&quot;:false,&quot;prevNextButtons&quot;:true,&quot;wrapAround&quot;:true,&quot;cellAlign&quot;:&quot;center&quot;,&quot;pauseAutoPlayOnHover&quot;:false,&quot;freeScroll&quot;:true,&quot;arrowShape&quot;:{&quot;x0&quot;:10,&quot;x1&quot;:60,&quot;y1&quot;:50,&quot;x2&quot;:65,&quot;y2&quot;:45,&quot;x3&quot;:20},&quot;thumbnails&quot;:false,&quot;responsiveHeight&quot;:false}\"><div class=\"coblocks-gallery--item\"><figure class=\"coblocks-gallery--figure has-margin-left-15 has-margin-left-mobile-5 has-margin-right-15 has-margin-right-mobile-5\"><img fetchpriority=\"high\" decoding=\"async\" width=\"1024\" height=\"683\" src=\"https:\/\/www.ejercito.mil.uy\/wp-content\/uploads\/2021\/07\/Curso-1-1024x683.jpg\" alt=\"\" data-id=\"4970\" data-link=\"https:\/\/www.ejercito.mil.uy\/?attachment_id=4970\" class=\"wp-image-4970\" srcset=\"https:\/\/www.ejercito.mil.uy\/wp-content\/uploads\/2021\/07\/Curso-1-1024x683.jpg 1024w, https:\/\/www.ejercito.mil.uy\/wp-content\/uploads\/2021\/07\/Curso-1-300x200.jpg 300w, https:\/\/www.ejercito.mil.uy\/wp-content\/uploads\/2021\/07\/Curso-1.jpg 1200w\" sizes=\"(max-width: 1024px) 100vw, 1024px\" \/><\/figure><\/div><div class=\"coblocks-gallery--item\"><figure class=\"coblocks-gallery--figure has-margin-left-15 has-margin-left-mobile-5 has-margin-right-15 has-margin-right-mobile-5\"><img decoding=\"async\" width=\"1024\" height=\"683\" src=\"https:\/\/www.ejercito.mil.uy\/wp-content\/uploads\/2021\/07\/Curso-2-1024x683.jpg\" alt=\"\" data-id=\"4971\" data-link=\"https:\/\/www.ejercito.mil.uy\/?attachment_id=4971\" class=\"wp-image-4971\" srcset=\"https:\/\/www.ejercito.mil.uy\/wp-content\/uploads\/2021\/07\/Curso-2-1024x683.jpg 1024w, https:\/\/www.ejercito.mil.uy\/wp-content\/uploads\/2021\/07\/Curso-2-300x200.jpg 300w, https:\/\/www.ejercito.mil.uy\/wp-content\/uploads\/2021\/07\/Curso-2.jpg 1200w\" sizes=\"(max-width: 1024px) 100vw, 1024px\" \/><\/figure><\/div><div class=\"coblocks-gallery--item\"><figure class=\"coblocks-gallery--figure has-margin-left-15 has-margin-left-mobile-5 has-margin-right-15 has-margin-right-mobile-5\"><img decoding=\"async\" width=\"1024\" height=\"683\" src=\"https:\/\/www.ejercito.mil.uy\/wp-content\/uploads\/2021\/07\/Curso-3-1024x683.jpg\" alt=\"\" data-id=\"4972\" data-link=\"https:\/\/www.ejercito.mil.uy\/?attachment_id=4972\" class=\"wp-image-4972\" srcset=\"https:\/\/www.ejercito.mil.uy\/wp-content\/uploads\/2021\/07\/Curso-3-1024x683.jpg 1024w, https:\/\/www.ejercito.mil.uy\/wp-content\/uploads\/2021\/07\/Curso-3-300x200.jpg 300w, https:\/\/www.ejercito.mil.uy\/wp-content\/uploads\/2021\/07\/Curso-3.jpg 1200w\" sizes=\"(max-width: 1024px) 100vw, 1024px\" \/><\/figure><\/div><div class=\"coblocks-gallery--item\"><figure class=\"coblocks-gallery--figure has-margin-left-15 has-margin-left-mobile-5 has-margin-right-15 has-margin-right-mobile-5\"><img loading=\"lazy\" decoding=\"async\" width=\"1024\" height=\"683\" src=\"https:\/\/www.ejercito.mil.uy\/wp-content\/uploads\/2021\/07\/Curso-4-1024x683.jpg\" alt=\"\" data-id=\"4973\" data-link=\"https:\/\/www.ejercito.mil.uy\/?attachment_id=4973\" class=\"wp-image-4973\" srcset=\"https:\/\/www.ejercito.mil.uy\/wp-content\/uploads\/2021\/07\/Curso-4-1024x683.jpg 1024w, https:\/\/www.ejercito.mil.uy\/wp-content\/uploads\/2021\/07\/Curso-4-300x200.jpg 300w, https:\/\/www.ejercito.mil.uy\/wp-content\/uploads\/2021\/07\/Curso-4.jpg 1200w\" sizes=\"(max-width: 1024px) 100vw, 1024px\" \/><\/figure><\/div><div class=\"coblocks-gallery--item\"><figure class=\"coblocks-gallery--figure has-margin-left-15 has-margin-left-mobile-5 has-margin-right-15 has-margin-right-mobile-5\"><img loading=\"lazy\" decoding=\"async\" width=\"1024\" height=\"683\" src=\"https:\/\/www.ejercito.mil.uy\/wp-content\/uploads\/2021\/07\/Curso-5-1024x683.jpg\" alt=\"\" data-id=\"4974\" data-link=\"https:\/\/www.ejercito.mil.uy\/?attachment_id=4974\" class=\"wp-image-4974\" srcset=\"https:\/\/www.ejercito.mil.uy\/wp-content\/uploads\/2021\/07\/Curso-5-1024x683.jpg 1024w, https:\/\/www.ejercito.mil.uy\/wp-content\/uploads\/2021\/07\/Curso-5-300x200.jpg 300w, https:\/\/www.ejercito.mil.uy\/wp-content\/uploads\/2021\/07\/Curso-5.jpg 1200w\" sizes=\"(max-width: 1024px) 100vw, 1024px\" \/><\/figure><\/div><div class=\"coblocks-gallery--item\"><figure class=\"coblocks-gallery--figure has-margin-left-15 has-margin-left-mobile-5 has-margin-right-15 has-margin-right-mobile-5\"><img loading=\"lazy\" decoding=\"async\" width=\"1024\" height=\"683\" src=\"https:\/\/www.ejercito.mil.uy\/wp-content\/uploads\/2021\/07\/Curso-7-1024x683.jpg\" alt=\"\" data-id=\"4975\" data-link=\"https:\/\/www.ejercito.mil.uy\/?attachment_id=4975\" class=\"wp-image-4975\" srcset=\"https:\/\/www.ejercito.mil.uy\/wp-content\/uploads\/2021\/07\/Curso-7-1024x683.jpg 1024w, https:\/\/www.ejercito.mil.uy\/wp-content\/uploads\/2021\/07\/Curso-7-300x200.jpg 300w, https:\/\/www.ejercito.mil.uy\/wp-content\/uploads\/2021\/07\/Curso-7.jpg 1200w\" sizes=\"(max-width: 1024px) 100vw, 1024px\" \/><\/figure><\/div><\/div><\/div><\/div>\n\n\n\n<div style=\"height:44px\" aria-hidden=\"true\" class=\"wp-block-spacer\"><\/div>\n\n\n\n<p>\u00a1Felicitamos a los cursantes, que luego de 75 horas de clases, han recibido el certificado de Jefe de Secci\u00f3n de Material Autopropulsado de 122 mm!<\/p>\n\n\n\n<div style=\"height:66px\" aria-hidden=\"true\" class=\"wp-block-spacer\"><\/div>\n","protected":false},"excerpt":{"rendered":"<p>25.07.2021 &#8211; Finaliz\u00f3 el Curso de Jefe de Secci\u00f3n (AP) 122 mm, del cual participaron 13 alumnos de distintas Unidades del Arma de Artiller\u00eda.<\/p>\n","protected":false},"author":4,"featured_media":4976,"comment_status":"open","ping_status":"open","sticky":false,"template":"","format":"standard","meta":{"_coblocks_attr":"","_coblocks_dimensions":"","_coblocks_responsive_height":"","_coblocks_accordion_ie_support":"","_monsterinsights_skip_tracking":false,"_monsterinsights_sitenote_active":false,"_monsterinsights_sitenote_note":"","_monsterinsights_sitenote_category":0,"_uf_show_specific_survey":0,"_uf_disable_surveys":false,"footnotes":""},"categories":[2,10,14],"tags":[135,70,69,35,13],"class_list":["post-4968","post","type-post","status-publish","format-standard","has-post-thumbnail","hentry","category-blog","category-destacados","category-noticias","tag-artilleria","tag-curso","tag-ensenanza","tag-entrenamiento","tag-instruccion"],"aioseo_notices":[],"_links":{"self":[{"href":"https:\/\/www.ejercito.mil.uy\/index.php\/wp-json\/wp\/v2\/posts\/4968","targetHints":{"allow":["GET"]}}],"collection":[{"href":"https:\/\/www.ejercito.mil.uy\/index.php\/wp-json\/wp\/v2\/posts"}],"about":[{"href":"https:\/\/www.ejercito.mil.uy\/index.php\/wp-json\/wp\/v2\/types\/post"}],"author":[{"embeddable":true,"href":"https:\/\/www.ejercito.mil.uy\/index.php\/wp-json\/wp\/v2\/users\/4"}],"replies":[{"embeddable":true,"href":"https:\/\/www.ejercito.mil.uy\/index.php\/wp-json\/wp\/v2\/comments?post=4968"}],"version-history":[{"count":2,"href":"https:\/\/www.ejercito.mil.uy\/index.php\/wp-json\/wp\/v2\/posts\/4968\/revisions"}],"predecessor-version":[{"id":4977,"href":"https:\/\/www.ejercito.mil.uy\/index.php\/wp-json\/wp\/v2\/posts\/4968\/revisions\/4977"}],"wp:featuredmedia":[{"embeddable":true,"href":"https:\/\/www.ejercito.mil.uy\/index.php\/wp-json\/wp\/v2\/media\/4976"}],"wp:attachment":[{"href":"https:\/\/www.ejercito.mil.uy\/index.php\/wp-json\/wp\/v2\/media?parent=4968"}],"wp:term":[{"taxonomy":"category","embeddable":true,"href":"https:\/\/www.ejercito.mil.uy\/index.php\/wp-json\/wp\/v2\/categories?post=4968"},{"taxonomy":"post_tag","embeddable":true,"href":"https:\/\/www.ejercito.mil.uy\/index.php\/wp-json\/wp\/v2\/tags?post=4968"}],"curies":[{"name":"wp","href":"https:\/\/api.w.org\/{rel}","templated":true}]}}