{"id":5082,"date":"2021-07-28T11:00:43","date_gmt":"2021-07-28T14:00:43","guid":{"rendered":"https:\/\/www.ejercito.mil.uy\/?p=5082"},"modified":"2021-08-11T09:36:35","modified_gmt":"2021-08-11T12:36:35","slug":"cursillo-de-soporte-vital-basico-y-uso-del-desfibrilador-externo-automatico","status":"publish","type":"post","link":"https:\/\/www.ejercito.mil.uy\/index.php\/2021\/07\/28\/cursillo-de-soporte-vital-basico-y-uso-del-desfibrilador-externo-automatico\/","title":{"rendered":"Cursillo de Soporte Vital B\u00e1sico y uso del Desfibrilador Externo Autom\u00e1tico"},"content":{"rendered":"\n<div style=\"height:33px\" aria-hidden=\"true\" class=\"wp-block-spacer\"><\/div>\n\n\n\n<p class=\"wp-block-paragraph\" style=\"font-size:14px\">28.07.2021 &#8211; Paso de los Toros, Tacuaremb\u00f3<\/p>\n\n\n\n<div style=\"height:33px\" aria-hidden=\"true\" class=\"wp-block-spacer\"><\/div>\n\n\n\n<p class=\"wp-block-paragraph\">El pasado jueves, se imparti\u00f3 en el <a rel=\"noreferrer noopener\" href=\"https:\/\/www.facebook.com\/batalloncharrua\/?__cft__[0]=AZX_EPRdUKn8cSBzg-tEvxDT4LM8Lbo7ungUit-OxXtA9cuAI3ZKNjGQTDVY71_sGLSjyuEIKosVLAUXYVNdwgWz67hKHuvoL2HSU0e7IXFPEamZoPP0v-d4OWysBVY3oZFD4a6-wQKYJNt4k5wCTW3DZK1tvWFtoH4IjyOpmD2m1ILsewBhpJYPZyAkOCMI3bY&amp;__tn__=kK-R\" target=\"_blank\"><strong>Batall\u00f3n \u00abCharr\u00faa\u00bb de Ingenieros de Combate N\u00b0 3<\/strong><\/a> un <strong>cursillo de Soporte Vital B\u00e1sico y uso del Desfibrilador Externo Autom\u00e1tico (DEA)<\/strong>.<\/p>\n\n\n\n<div style=\"height:33px\" aria-hidden=\"true\" class=\"wp-block-spacer\"><\/div>\n\n\n\n<p class=\"wp-block-paragraph\">El objetivo de la capacitaci\u00f3n fue otorgar conocimientos para una adecuada y r\u00e1pida repuesta ante un paro cardiorrespiratorio, lo cual permitir\u00e1 salvar vidas, previo a la llegada del personal especializado.<\/p>\n\n\n\n<div style=\"height:33px\" aria-hidden=\"true\" class=\"wp-block-spacer\"><\/div>\n\n\n\n<p class=\"wp-block-paragraph\">La iniciativa surgi\u00f3 por parte del comando del Batall\u00f3n y del personal del <strong>Servicio Sanitario <\/strong>de la Unidad. A su vez, se cont\u00f3 con el apoyo de la Escuela de Sanidad de las Fuerzas Armadas, quien proporcion\u00f3 el equipamiento para realizar la parte pr\u00e1ctica.<\/p>\n\n\n\n<div style=\"height:33px\" aria-hidden=\"true\" class=\"wp-block-spacer\"><\/div>\n\n\n\n<p class=\"wp-block-paragraph\">La capacitaci\u00f3n se dividi\u00f3 en dos clases de 16 alumnos a los efectos de respetar los protocolos vigentes por COVID19, estuvo dirigido a efectivos del Batall\u00f3n, as\u00ed como a instituciones locales de ense\u00f1anza (Pre- Escolar, Primaria y Secundaria), polic\u00edas, bomberos, funcionarios del Poder Judicial, Municipio Local y Municipio de la localidad de Centenario.<\/p>\n\n\n\n<div style=\"height:33px\" aria-hidden=\"true\" class=\"wp-block-spacer\"><\/div>\n\n\n\n<p class=\"wp-block-paragraph\">Adem\u00e1s, es considerado de suma importancia y se contin\u00faa con el deseo de que la instrucci\u00f3n sea de provecho para los participantes, esperando repetir la instancia con la finalidad de brindar los conocimientos a m\u00e1s personas.<\/p>\n\n\n\n<div style=\"height:33px\" aria-hidden=\"true\" class=\"wp-block-spacer\"><\/div>\n\n\n\n<div class=\"wp-block-coblocks-gallery-carousel\"><div class=\"is-cropped coblocks-gallery has-no-alignment has-caption-style-dark has-horizontal-gutter has-lightbox\"><div class=\"has-carousel has-carousel-lrg\" style=\"height:400px\" data-flickity=\"{&quot;autoPlay&quot;:4000,&quot;draggable&quot;:true,&quot;pageDots&quot;:false,&quot;prevNextButtons&quot;:true,&quot;wrapAround&quot;:true,&quot;cellAlign&quot;:&quot;center&quot;,&quot;pauseAutoPlayOnHover&quot;:false,&quot;freeScroll&quot;:true,&quot;arrowShape&quot;:{&quot;x0&quot;:10,&quot;x1&quot;:60,&quot;y1&quot;:50,&quot;x2&quot;:65,&quot;y2&quot;:45,&quot;x3&quot;:20},&quot;thumbnails&quot;:false,&quot;responsiveHeight&quot;:false}\"><div class=\"coblocks-gallery--item\"><figure class=\"coblocks-gallery--figure has-margin-left-10 has-margin-left-mobile-5 has-margin-right-10 has-margin-right-mobile-5\"><img loading=\"lazy\" decoding=\"async\" width=\"1024\" height=\"683\" src=\"https:\/\/www.ejercito.mil.uy\/wp-content\/uploads\/2021\/08\/Cursillo-1-1024x683.jpg\" alt=\"\" data-id=\"5084\" data-link=\"https:\/\/www.ejercito.mil.uy\/?attachment_id=5084\" class=\"wp-image-5084\" srcset=\"https:\/\/www.ejercito.mil.uy\/wp-content\/uploads\/2021\/08\/Cursillo-1-1024x683.jpg 1024w, https:\/\/www.ejercito.mil.uy\/wp-content\/uploads\/2021\/08\/Cursillo-1-300x200.jpg 300w, https:\/\/www.ejercito.mil.uy\/wp-content\/uploads\/2021\/08\/Cursillo-1.jpg 1200w\" sizes=\"auto, (max-width: 1024px) 100vw, 1024px\" \/><\/figure><\/div><div class=\"coblocks-gallery--item\"><figure class=\"coblocks-gallery--figure has-margin-left-10 has-margin-left-mobile-5 has-margin-right-10 has-margin-right-mobile-5\"><img loading=\"lazy\" decoding=\"async\" width=\"1024\" height=\"683\" src=\"https:\/\/www.ejercito.mil.uy\/wp-content\/uploads\/2021\/08\/Cursillo-2-1024x683.jpg\" alt=\"\" data-id=\"5085\" data-link=\"https:\/\/www.ejercito.mil.uy\/?attachment_id=5085\" class=\"wp-image-5085\" srcset=\"https:\/\/www.ejercito.mil.uy\/wp-content\/uploads\/2021\/08\/Cursillo-2-1024x683.jpg 1024w, https:\/\/www.ejercito.mil.uy\/wp-content\/uploads\/2021\/08\/Cursillo-2-300x200.jpg 300w, https:\/\/www.ejercito.mil.uy\/wp-content\/uploads\/2021\/08\/Cursillo-2.jpg 1200w\" sizes=\"auto, (max-width: 1024px) 100vw, 1024px\" \/><\/figure><\/div><div class=\"coblocks-gallery--item\"><figure class=\"coblocks-gallery--figure has-margin-left-10 has-margin-left-mobile-5 has-margin-right-10 has-margin-right-mobile-5\"><img loading=\"lazy\" decoding=\"async\" width=\"1024\" height=\"683\" src=\"https:\/\/www.ejercito.mil.uy\/wp-content\/uploads\/2021\/08\/Cursillo-3-1024x683.jpg\" alt=\"\" data-id=\"5086\" data-link=\"https:\/\/www.ejercito.mil.uy\/?attachment_id=5086\" class=\"wp-image-5086\" srcset=\"https:\/\/www.ejercito.mil.uy\/wp-content\/uploads\/2021\/08\/Cursillo-3-1024x683.jpg 1024w, https:\/\/www.ejercito.mil.uy\/wp-content\/uploads\/2021\/08\/Cursillo-3-300x200.jpg 300w, https:\/\/www.ejercito.mil.uy\/wp-content\/uploads\/2021\/08\/Cursillo-3.jpg 1200w\" sizes=\"auto, (max-width: 1024px) 100vw, 1024px\" \/><\/figure><\/div><div class=\"coblocks-gallery--item\"><figure class=\"coblocks-gallery--figure has-margin-left-10 has-margin-left-mobile-5 has-margin-right-10 has-margin-right-mobile-5\"><img loading=\"lazy\" decoding=\"async\" width=\"1024\" height=\"683\" src=\"https:\/\/www.ejercito.mil.uy\/wp-content\/uploads\/2021\/08\/Cursillo-4-1024x683.jpg\" alt=\"\" data-id=\"5087\" data-link=\"https:\/\/www.ejercito.mil.uy\/?attachment_id=5087\" class=\"wp-image-5087\" srcset=\"https:\/\/www.ejercito.mil.uy\/wp-content\/uploads\/2021\/08\/Cursillo-4-1024x683.jpg 1024w, https:\/\/www.ejercito.mil.uy\/wp-content\/uploads\/2021\/08\/Cursillo-4-300x200.jpg 300w, https:\/\/www.ejercito.mil.uy\/wp-content\/uploads\/2021\/08\/Cursillo-4.jpg 1200w\" sizes=\"auto, (max-width: 1024px) 100vw, 1024px\" \/><\/figure><\/div><div class=\"coblocks-gallery--item\"><figure class=\"coblocks-gallery--figure has-margin-left-10 has-margin-left-mobile-5 has-margin-right-10 has-margin-right-mobile-5\"><img loading=\"lazy\" decoding=\"async\" width=\"1024\" height=\"683\" src=\"https:\/\/www.ejercito.mil.uy\/wp-content\/uploads\/2021\/08\/Cursillo-6-1024x683.jpg\" alt=\"\" data-id=\"5088\" data-link=\"https:\/\/www.ejercito.mil.uy\/?attachment_id=5088\" class=\"wp-image-5088\" srcset=\"https:\/\/www.ejercito.mil.uy\/wp-content\/uploads\/2021\/08\/Cursillo-6-1024x683.jpg 1024w, https:\/\/www.ejercito.mil.uy\/wp-content\/uploads\/2021\/08\/Cursillo-6-300x200.jpg 300w, https:\/\/www.ejercito.mil.uy\/wp-content\/uploads\/2021\/08\/Cursillo-6.jpg 1200w\" sizes=\"auto, (max-width: 1024px) 100vw, 1024px\" \/><\/figure><\/div><\/div><\/div><\/div>\n","protected":false},"excerpt":{"rendered":"<p>8.07.2021 &#8211; El objetivo de la capacitaci\u00f3n fue otorgar conocimientos para una adecuada y r\u00e1pida repuesta ante un paro cardiorrespiratorio, lo cual permitir\u00e1 salvar vidas, previo a la llegada del personal especializado.<\/p>\n","protected":false},"author":4,"featured_media":5089,"comment_status":"open","ping_status":"open","sticky":false,"template":"","format":"standard","meta":{"_coblocks_attr":"","_coblocks_dimensions":"","_coblocks_responsive_height":"","_coblocks_accordion_ie_support":"","_monsterinsights_skip_tracking":false,"_uf_show_specific_survey":0,"_uf_disable_surveys":false,"footnotes":""},"categories":[2,14],"tags":[27,32,29,35,159,37],"class_list":["post-5082","post","type-post","status-publish","format-standard","has-post-thumbnail","hentry","category-blog","category-noticias","tag-apoyo","tag-bienestar","tag-comunidad","tag-entrenamiento","tag-salud","tag-sociedad"],"aioseo_notices":[],"aioseo_head":"\n\t\t<!-- All in One SEO 5.0.1.1 - aioseo.com -->\n\t<meta name=\"description\" content=\"8.07.2021 - El objetivo de la capacitaci\u00f3n fue otorgar conocimientos para una adecuada y r\u00e1pida repuesta ante un paro cardiorrespiratorio, lo cual permitir\u00e1 salvar vidas, previo a la llegada del personal especializado.\" \/>\n\t<meta name=\"robots\" content=\"max-image-preview:large\" \/>\n\t<meta name=\"author\" content=\"Alejandro Castro\"\/>\n\t<link rel=\"canonical\" href=\"https:\/\/www.ejercito.mil.uy\/index.php\/2021\/07\/28\/cursillo-de-soporte-vital-basico-y-uso-del-desfibrilador-externo-automatico\/\" \/>\n\t<meta name=\"generator\" content=\"All in One SEO (AIOSEO) 5.0.1.1\" \/>\n\t\t<meta property=\"og:locale\" content=\"es_ES\" \/>\n\t\t<meta property=\"og:site_name\" content=\"Ej\u00e9rcito Nacional - La Fuerza de todos\" \/>\n\t\t<meta property=\"og:type\" content=\"article\" \/>\n\t\t<meta property=\"og:title\" content=\"Cursillo de Soporte Vital B\u00e1sico y uso del Desfibrilador Externo Autom\u00e1tico - Ej\u00e9rcito Nacional\" \/>\n\t\t<meta property=\"og:description\" content=\"8.07.2021 - El objetivo de la capacitaci\u00f3n fue otorgar conocimientos para una adecuada y r\u00e1pida repuesta ante un paro cardiorrespiratorio, lo cual permitir\u00e1 salvar vidas, previo a la llegada del personal especializado.\" \/>\n\t\t<meta property=\"og:url\" content=\"https:\/\/www.ejercito.mil.uy\/index.php\/2021\/07\/28\/cursillo-de-soporte-vital-basico-y-uso-del-desfibrilador-externo-automatico\/\" \/>\n\t\t<meta property=\"og:image\" content=\"https:\/\/www.ejercito.mil.uy\/wp-content\/uploads\/2022\/01\/Escudo_EN_URUGUAY.png\" \/>\n\t\t<meta property=\"og:image:secure_url\" content=\"https:\/\/www.ejercito.mil.uy\/wp-content\/uploads\/2022\/01\/Escudo_EN_URUGUAY.png\" \/>\n\t\t<meta property=\"og:image:width\" content=\"134\" \/>\n\t\t<meta property=\"og:image:height\" content=\"119\" \/>\n\t\t<meta property=\"article:published_time\" content=\"2021-07-28T14:00:43+00:00\" \/>\n\t\t<meta property=\"article:modified_time\" content=\"2021-08-11T12:36:35+00:00\" \/>\n\t\t<meta name=\"twitter:card\" content=\"summary_large_image\" \/>\n\t\t<meta name=\"twitter:title\" content=\"Cursillo de Soporte Vital B\u00e1sico y uso del Desfibrilador Externo Autom\u00e1tico - Ej\u00e9rcito Nacional\" \/>\n\t\t<meta name=\"twitter:description\" content=\"8.07.2021 - El objetivo de la capacitaci\u00f3n fue otorgar conocimientos para una adecuada y r\u00e1pida repuesta ante un paro cardiorrespiratorio, lo cual permitir\u00e1 salvar vidas, previo a la llegada del personal especializado.\" \/>\n\t\t<meta name=\"twitter:image\" content=\"https:\/\/www.ejercito.mil.uy\/wp-content\/uploads\/2022\/01\/Escudo_EN_URUGUAY.png\" \/>\n\t\t<script type=\"application\/ld+json\" class=\"aioseo-schema\">\n\t\t\t{\"@context\":\"https:\\\/\\\/schema.org\",\"@graph\":[{\"@type\":\"BlogPosting\",\"@id\":\"https:\\\/\\\/www.ejercito.mil.uy\\\/index.php\\\/2021\\\/07\\\/28\\\/cursillo-de-soporte-vital-basico-y-uso-del-desfibrilador-externo-automatico\\\/#blogposting\",\"name\":\"Cursillo de Soporte Vital B\\u00e1sico y uso del Desfibrilador Externo Autom\\u00e1tico - Ej\\u00e9rcito Nacional\",\"headline\":\"Cursillo de Soporte Vital B\\u00e1sico y uso del Desfibrilador Externo Autom\\u00e1tico\",\"author\":{\"@id\":\"https:\\\/\\\/www.ejercito.mil.uy\\\/index.php\\\/author\\\/acastro\\\/#author\"},\"publisher\":{\"@id\":\"https:\\\/\\\/www.ejercito.mil.uy\\\/#organization\"},\"image\":{\"@type\":\"ImageObject\",\"url\":\"https:\\\/\\\/www.ejercito.mil.uy\\\/wp-content\\\/uploads\\\/2021\\\/07\\\/Cursillo-5.jpg\",\"width\":1200,\"height\":800,\"caption\":\"Cursillo\"},\"datePublished\":\"2021-07-28T11:00:43-03:00\",\"dateModified\":\"2021-08-11T09:36:35-03:00\",\"inLanguage\":\"es-UY\",\"mainEntityOfPage\":{\"@id\":\"https:\\\/\\\/www.ejercito.mil.uy\\\/index.php\\\/2021\\\/07\\\/28\\\/cursillo-de-soporte-vital-basico-y-uso-del-desfibrilador-externo-automatico\\\/#webpage\"},\"isPartOf\":{\"@id\":\"https:\\\/\\\/www.ejercito.mil.uy\\\/index.php\\\/2021\\\/07\\\/28\\\/cursillo-de-soporte-vital-basico-y-uso-del-desfibrilador-externo-automatico\\\/#webpage\"},\"articleSection\":\"Blog, Noticias, apoyo, bienestar, comunidad, entrenamiento, salud, sociedad\"},{\"@type\":\"BreadcrumbList\",\"@id\":\"https:\\\/\\\/www.ejercito.mil.uy\\\/index.php\\\/2021\\\/07\\\/28\\\/cursillo-de-soporte-vital-basico-y-uso-del-desfibrilador-externo-automatico\\\/#breadcrumblist\",\"itemListElement\":[{\"@type\":\"ListItem\",\"@id\":\"https:\\\/\\\/www.ejercito.mil.uy#listItem\",\"position\":1,\"name\":\"Home\",\"item\":\"https:\\\/\\\/www.ejercito.mil.uy\",\"nextItem\":{\"@type\":\"ListItem\",\"@id\":\"https:\\\/\\\/www.ejercito.mil.uy\\\/index.php\\\/category\\\/destacados\\\/#listItem\",\"name\":\"Destacados\"}},{\"@type\":\"ListItem\",\"@id\":\"https:\\\/\\\/www.ejercito.mil.uy\\\/index.php\\\/category\\\/destacados\\\/#listItem\",\"position\":2,\"name\":\"Destacados\",\"item\":\"https:\\\/\\\/www.ejercito.mil.uy\\\/index.php\\\/category\\\/destacados\\\/\",\"nextItem\":{\"@type\":\"ListItem\",\"@id\":\"https:\\\/\\\/www.ejercito.mil.uy\\\/index.php\\\/category\\\/destacados\\\/noticias\\\/#listItem\",\"name\":\"Noticias\"},\"previousItem\":{\"@type\":\"ListItem\",\"@id\":\"https:\\\/\\\/www.ejercito.mil.uy#listItem\",\"name\":\"Home\"}},{\"@type\":\"ListItem\",\"@id\":\"https:\\\/\\\/www.ejercito.mil.uy\\\/index.php\\\/category\\\/destacados\\\/noticias\\\/#listItem\",\"position\":3,\"name\":\"Noticias\",\"item\":\"https:\\\/\\\/www.ejercito.mil.uy\\\/index.php\\\/category\\\/destacados\\\/noticias\\\/\",\"nextItem\":{\"@type\":\"ListItem\",\"@id\":\"https:\\\/\\\/www.ejercito.mil.uy\\\/index.php\\\/2021\\\/07\\\/28\\\/cursillo-de-soporte-vital-basico-y-uso-del-desfibrilador-externo-automatico\\\/#listItem\",\"name\":\"Cursillo de Soporte Vital B\\u00e1sico y uso del Desfibrilador Externo Autom\\u00e1tico\"},\"previousItem\":{\"@type\":\"ListItem\",\"@id\":\"https:\\\/\\\/www.ejercito.mil.uy\\\/index.php\\\/category\\\/destacados\\\/#listItem\",\"name\":\"Destacados\"}},{\"@type\":\"ListItem\",\"@id\":\"https:\\\/\\\/www.ejercito.mil.uy\\\/index.php\\\/2021\\\/07\\\/28\\\/cursillo-de-soporte-vital-basico-y-uso-del-desfibrilador-externo-automatico\\\/#listItem\",\"position\":4,\"name\":\"Cursillo de Soporte Vital B\\u00e1sico y uso del Desfibrilador Externo Autom\\u00e1tico\",\"previousItem\":{\"@type\":\"ListItem\",\"@id\":\"https:\\\/\\\/www.ejercito.mil.uy\\\/index.php\\\/category\\\/destacados\\\/noticias\\\/#listItem\",\"name\":\"Noticias\"}}]},{\"@type\":\"Organization\",\"@id\":\"https:\\\/\\\/www.ejercito.mil.uy\\\/#organization\",\"name\":\"Ej\\u00e9rcito Nacional\",\"description\":\"La Fuerza de todos\",\"url\":\"https:\\\/\\\/www.ejercito.mil.uy\\\/\",\"logo\":{\"@type\":\"ImageObject\",\"url\":\"https:\\\/\\\/www.ejercito.mil.uy\\\/wp-content\\\/uploads\\\/2022\\\/01\\\/Escudo_EN_URUGUAY.png\",\"@id\":\"https:\\\/\\\/www.ejercito.mil.uy\\\/index.php\\\/2021\\\/07\\\/28\\\/cursillo-de-soporte-vital-basico-y-uso-del-desfibrilador-externo-automatico\\\/#organizationLogo\",\"width\":134,\"height\":119},\"image\":{\"@id\":\"https:\\\/\\\/www.ejercito.mil.uy\\\/index.php\\\/2021\\\/07\\\/28\\\/cursillo-de-soporte-vital-basico-y-uso-del-desfibrilador-externo-automatico\\\/#organizationLogo\"}},{\"@type\":\"Person\",\"@id\":\"https:\\\/\\\/www.ejercito.mil.uy\\\/index.php\\\/author\\\/acastro\\\/#author\",\"url\":\"https:\\\/\\\/www.ejercito.mil.uy\\\/index.php\\\/author\\\/acastro\\\/\",\"name\":\"Alejandro Castro\",\"image\":{\"@type\":\"ImageObject\",\"@id\":\"https:\\\/\\\/www.ejercito.mil.uy\\\/index.php\\\/2021\\\/07\\\/28\\\/cursillo-de-soporte-vital-basico-y-uso-del-desfibrilador-externo-automatico\\\/#authorImage\",\"url\":\"https:\\\/\\\/secure.gravatar.com\\\/avatar\\\/89bb77d4bf696501dd94ca89e6794e1787eaffba7c7197528d249e15bd099f68?s=96&d=mm&r=g\",\"width\":96,\"height\":96,\"caption\":\"Alejandro Castro\"}},{\"@type\":\"WebPage\",\"@id\":\"https:\\\/\\\/www.ejercito.mil.uy\\\/index.php\\\/2021\\\/07\\\/28\\\/cursillo-de-soporte-vital-basico-y-uso-del-desfibrilador-externo-automatico\\\/#webpage\",\"url\":\"https:\\\/\\\/www.ejercito.mil.uy\\\/index.php\\\/2021\\\/07\\\/28\\\/cursillo-de-soporte-vital-basico-y-uso-del-desfibrilador-externo-automatico\\\/\",\"name\":\"Cursillo de Soporte Vital B\\u00e1sico y uso del Desfibrilador Externo Autom\\u00e1tico - Ej\\u00e9rcito Nacional\",\"description\":\"8.07.2021 - El objetivo de la capacitaci\\u00f3n fue otorgar conocimientos para una adecuada y r\\u00e1pida repuesta ante un paro cardiorrespiratorio, lo cual permitir\\u00e1 salvar vidas, previo a la llegada del personal especializado.\",\"inLanguage\":\"es-UY\",\"isPartOf\":{\"@id\":\"https:\\\/\\\/www.ejercito.mil.uy\\\/#website\"},\"breadcrumb\":{\"@id\":\"https:\\\/\\\/www.ejercito.mil.uy\\\/index.php\\\/2021\\\/07\\\/28\\\/cursillo-de-soporte-vital-basico-y-uso-del-desfibrilador-externo-automatico\\\/#breadcrumblist\"},\"author\":{\"@id\":\"https:\\\/\\\/www.ejercito.mil.uy\\\/index.php\\\/author\\\/acastro\\\/#author\"},\"creator\":{\"@id\":\"https:\\\/\\\/www.ejercito.mil.uy\\\/index.php\\\/author\\\/acastro\\\/#author\"},\"image\":{\"@type\":\"ImageObject\",\"url\":\"https:\\\/\\\/www.ejercito.mil.uy\\\/wp-content\\\/uploads\\\/2021\\\/07\\\/Cursillo-5.jpg\",\"@id\":\"https:\\\/\\\/www.ejercito.mil.uy\\\/index.php\\\/2021\\\/07\\\/28\\\/cursillo-de-soporte-vital-basico-y-uso-del-desfibrilador-externo-automatico\\\/#mainImage\",\"width\":1200,\"height\":800,\"caption\":\"Cursillo\"},\"primaryImageOfPage\":{\"@id\":\"https:\\\/\\\/www.ejercito.mil.uy\\\/index.php\\\/2021\\\/07\\\/28\\\/cursillo-de-soporte-vital-basico-y-uso-del-desfibrilador-externo-automatico\\\/#mainImage\"},\"datePublished\":\"2021-07-28T11:00:43-03:00\",\"dateModified\":\"2021-08-11T09:36:35-03:00\"},{\"@type\":\"WebSite\",\"@id\":\"https:\\\/\\\/www.ejercito.mil.uy\\\/#website\",\"url\":\"https:\\\/\\\/www.ejercito.mil.uy\\\/\",\"name\":\"Ej\\u00e9rcito Nacional\",\"description\":\"La Fuerza de todos\",\"inLanguage\":\"es-UY\",\"publisher\":{\"@id\":\"https:\\\/\\\/www.ejercito.mil.uy\\\/#organization\"}}]}\n\t\t<\/script>\n\t\t<!-- All in One SEO -->\n\n","aioseo_head_json":{"title":"Cursillo de Soporte Vital B\u00e1sico y uso del Desfibrilador Externo Autom\u00e1tico - Ej\u00e9rcito Nacional","description":"8.07.2021 - El objetivo de la capacitaci\u00f3n fue otorgar conocimientos para una adecuada y r\u00e1pida repuesta ante un paro cardiorrespiratorio, lo cual permitir\u00e1 salvar vidas, previo a la llegada del personal especializado.","canonical_url":"https:\/\/www.ejercito.mil.uy\/index.php\/2021\/07\/28\/cursillo-de-soporte-vital-basico-y-uso-del-desfibrilador-externo-automatico\/","robots":"max-image-preview:large","keywords":"","webmasterTools":{"miscellaneous":""},"schema":{"@context":"https:\/\/schema.org","@graph":[{"@type":"BlogPosting","@id":"https:\/\/www.ejercito.mil.uy\/index.php\/2021\/07\/28\/cursillo-de-soporte-vital-basico-y-uso-del-desfibrilador-externo-automatico\/#blogposting","name":"Cursillo de Soporte Vital B\u00e1sico y uso del Desfibrilador Externo Autom\u00e1tico - Ej\u00e9rcito Nacional","headline":"Cursillo de Soporte Vital B\u00e1sico y uso del Desfibrilador Externo Autom\u00e1tico","author":{"@id":"https:\/\/www.ejercito.mil.uy\/index.php\/author\/acastro\/#author"},"publisher":{"@id":"https:\/\/www.ejercito.mil.uy\/#organization"},"image":{"@type":"ImageObject","url":"https:\/\/www.ejercito.mil.uy\/wp-content\/uploads\/2021\/07\/Cursillo-5.jpg","width":1200,"height":800,"caption":"Cursillo"},"datePublished":"2021-07-28T11:00:43-03:00","dateModified":"2021-08-11T09:36:35-03:00","inLanguage":"es-UY","mainEntityOfPage":{"@id":"https:\/\/www.ejercito.mil.uy\/index.php\/2021\/07\/28\/cursillo-de-soporte-vital-basico-y-uso-del-desfibrilador-externo-automatico\/#webpage"},"isPartOf":{"@id":"https:\/\/www.ejercito.mil.uy\/index.php\/2021\/07\/28\/cursillo-de-soporte-vital-basico-y-uso-del-desfibrilador-externo-automatico\/#webpage"},"articleSection":"Blog, Noticias, apoyo, bienestar, comunidad, entrenamiento, salud, sociedad"},{"@type":"BreadcrumbList","@id":"https:\/\/www.ejercito.mil.uy\/index.php\/2021\/07\/28\/cursillo-de-soporte-vital-basico-y-uso-del-desfibrilador-externo-automatico\/#breadcrumblist","itemListElement":[{"@type":"ListItem","@id":"https:\/\/www.ejercito.mil.uy#listItem","position":1,"name":"Home","item":"https:\/\/www.ejercito.mil.uy","nextItem":{"@type":"ListItem","@id":"https:\/\/www.ejercito.mil.uy\/index.php\/category\/destacados\/#listItem","name":"Destacados"}},{"@type":"ListItem","@id":"https:\/\/www.ejercito.mil.uy\/index.php\/category\/destacados\/#listItem","position":2,"name":"Destacados","item":"https:\/\/www.ejercito.mil.uy\/index.php\/category\/destacados\/","nextItem":{"@type":"ListItem","@id":"https:\/\/www.ejercito.mil.uy\/index.php\/category\/destacados\/noticias\/#listItem","name":"Noticias"},"previousItem":{"@type":"ListItem","@id":"https:\/\/www.ejercito.mil.uy#listItem","name":"Home"}},{"@type":"ListItem","@id":"https:\/\/www.ejercito.mil.uy\/index.php\/category\/destacados\/noticias\/#listItem","position":3,"name":"Noticias","item":"https:\/\/www.ejercito.mil.uy\/index.php\/category\/destacados\/noticias\/","nextItem":{"@type":"ListItem","@id":"https:\/\/www.ejercito.mil.uy\/index.php\/2021\/07\/28\/cursillo-de-soporte-vital-basico-y-uso-del-desfibrilador-externo-automatico\/#listItem","name":"Cursillo de Soporte Vital B\u00e1sico y uso del Desfibrilador Externo Autom\u00e1tico"},"previousItem":{"@type":"ListItem","@id":"https:\/\/www.ejercito.mil.uy\/index.php\/category\/destacados\/#listItem","name":"Destacados"}},{"@type":"ListItem","@id":"https:\/\/www.ejercito.mil.uy\/index.php\/2021\/07\/28\/cursillo-de-soporte-vital-basico-y-uso-del-desfibrilador-externo-automatico\/#listItem","position":4,"name":"Cursillo de Soporte Vital B\u00e1sico y uso del Desfibrilador Externo Autom\u00e1tico","previousItem":{"@type":"ListItem","@id":"https:\/\/www.ejercito.mil.uy\/index.php\/category\/destacados\/noticias\/#listItem","name":"Noticias"}}]},{"@type":"Organization","@id":"https:\/\/www.ejercito.mil.uy\/#organization","name":"Ej\u00e9rcito Nacional","description":"La Fuerza de todos","url":"https:\/\/www.ejercito.mil.uy\/","logo":{"@type":"ImageObject","url":"https:\/\/www.ejercito.mil.uy\/wp-content\/uploads\/2022\/01\/Escudo_EN_URUGUAY.png","@id":"https:\/\/www.ejercito.mil.uy\/index.php\/2021\/07\/28\/cursillo-de-soporte-vital-basico-y-uso-del-desfibrilador-externo-automatico\/#organizationLogo","width":134,"height":119},"image":{"@id":"https:\/\/www.ejercito.mil.uy\/index.php\/2021\/07\/28\/cursillo-de-soporte-vital-basico-y-uso-del-desfibrilador-externo-automatico\/#organizationLogo"}},{"@type":"Person","@id":"https:\/\/www.ejercito.mil.uy\/index.php\/author\/acastro\/#author","url":"https:\/\/www.ejercito.mil.uy\/index.php\/author\/acastro\/","name":"Alejandro Castro","image":{"@type":"ImageObject","@id":"https:\/\/www.ejercito.mil.uy\/index.php\/2021\/07\/28\/cursillo-de-soporte-vital-basico-y-uso-del-desfibrilador-externo-automatico\/#authorImage","url":"https:\/\/secure.gravatar.com\/avatar\/89bb77d4bf696501dd94ca89e6794e1787eaffba7c7197528d249e15bd099f68?s=96&d=mm&r=g","width":96,"height":96,"caption":"Alejandro Castro"}},{"@type":"WebPage","@id":"https:\/\/www.ejercito.mil.uy\/index.php\/2021\/07\/28\/cursillo-de-soporte-vital-basico-y-uso-del-desfibrilador-externo-automatico\/#webpage","url":"https:\/\/www.ejercito.mil.uy\/index.php\/2021\/07\/28\/cursillo-de-soporte-vital-basico-y-uso-del-desfibrilador-externo-automatico\/","name":"Cursillo de Soporte Vital B\u00e1sico y uso del Desfibrilador Externo Autom\u00e1tico - Ej\u00e9rcito Nacional","description":"8.07.2021 - El objetivo de la capacitaci\u00f3n fue otorgar conocimientos para una adecuada y r\u00e1pida repuesta ante un paro cardiorrespiratorio, lo cual permitir\u00e1 salvar vidas, previo a la llegada del personal especializado.","inLanguage":"es-UY","isPartOf":{"@id":"https:\/\/www.ejercito.mil.uy\/#website"},"breadcrumb":{"@id":"https:\/\/www.ejercito.mil.uy\/index.php\/2021\/07\/28\/cursillo-de-soporte-vital-basico-y-uso-del-desfibrilador-externo-automatico\/#breadcrumblist"},"author":{"@id":"https:\/\/www.ejercito.mil.uy\/index.php\/author\/acastro\/#author"},"creator":{"@id":"https:\/\/www.ejercito.mil.uy\/index.php\/author\/acastro\/#author"},"image":{"@type":"ImageObject","url":"https:\/\/www.ejercito.mil.uy\/wp-content\/uploads\/2021\/07\/Cursillo-5.jpg","@id":"https:\/\/www.ejercito.mil.uy\/index.php\/2021\/07\/28\/cursillo-de-soporte-vital-basico-y-uso-del-desfibrilador-externo-automatico\/#mainImage","width":1200,"height":800,"caption":"Cursillo"},"primaryImageOfPage":{"@id":"https:\/\/www.ejercito.mil.uy\/index.php\/2021\/07\/28\/cursillo-de-soporte-vital-basico-y-uso-del-desfibrilador-externo-automatico\/#mainImage"},"datePublished":"2021-07-28T11:00:43-03:00","dateModified":"2021-08-11T09:36:35-03:00"},{"@type":"WebSite","@id":"https:\/\/www.ejercito.mil.uy\/#website","url":"https:\/\/www.ejercito.mil.uy\/","name":"Ej\u00e9rcito Nacional","description":"La Fuerza de todos","inLanguage":"es-UY","publisher":{"@id":"https:\/\/www.ejercito.mil.uy\/#organization"}}]},"og:locale":"es_ES","og:site_name":"Ej\u00e9rcito Nacional - La Fuerza de todos","og:type":"article","og:title":"Cursillo de Soporte Vital B\u00e1sico y uso del Desfibrilador Externo Autom\u00e1tico - Ej\u00e9rcito Nacional","og:description":"8.07.2021 - El objetivo de la capacitaci\u00f3n fue otorgar conocimientos para una adecuada y r\u00e1pida repuesta ante un paro cardiorrespiratorio, lo cual permitir\u00e1 salvar vidas, previo a la llegada del personal especializado.","og:url":"https:\/\/www.ejercito.mil.uy\/index.php\/2021\/07\/28\/cursillo-de-soporte-vital-basico-y-uso-del-desfibrilador-externo-automatico\/","og:image":"https:\/\/www.ejercito.mil.uy\/wp-content\/uploads\/2022\/01\/Escudo_EN_URUGUAY.png","og:image:secure_url":"https:\/\/www.ejercito.mil.uy\/wp-content\/uploads\/2022\/01\/Escudo_EN_URUGUAY.png","og:image:width":134,"og:image:height":119,"article:published_time":"2021-07-28T14:00:43+00:00","article:modified_time":"2021-08-11T12:36:35+00:00","twitter:card":"summary_large_image","twitter:title":"Cursillo de Soporte Vital B\u00e1sico y uso del Desfibrilador Externo Autom\u00e1tico - Ej\u00e9rcito Nacional","twitter:description":"8.07.2021 - El objetivo de la capacitaci\u00f3n fue otorgar conocimientos para una adecuada y r\u00e1pida repuesta ante un paro cardiorrespiratorio, lo cual permitir\u00e1 salvar vidas, previo a la llegada del personal especializado.","twitter:image":"https:\/\/www.ejercito.mil.uy\/wp-content\/uploads\/2022\/01\/Escudo_EN_URUGUAY.png"},"aioseo_meta_data":{"post_id":"5082","title":null,"description":null,"keywords":null,"keyphrases":null,"primary_term":null,"canonical_url":null,"og_title":null,"og_description":null,"og_object_type":"default","og_image_type":"default","og_image_url":null,"og_image_width":null,"og_image_height":null,"og_image_custom_url":null,"og_image_custom_fields":null,"og_video":null,"og_custom_url":null,"og_article_section":null,"og_article_tags":null,"twitter_use_og":false,"twitter_card":"default","twitter_image_type":"default","twitter_image_url":null,"twitter_image_custom_url":null,"twitter_image_custom_fields":null,"twitter_title":null,"twitter_description":null,"schema":{"blockGraphs":[],"customGraphs":[],"default":{"data":{"Article":[],"Course":[],"Dataset":[],"FAQPage":[],"Movie":[],"Person":[],"Product":[],"ProductReview":[],"Car":[],"Recipe":[],"Service":[],"SoftwareApplication":[],"WebPage":[]},"graphName":"","isEnabled":true},"graphs":[]},"schema_type":"default","schema_type_options":null,"pillar_content":false,"robots_default":true,"robots_noindex":false,"robots_noarchive":false,"robots_nosnippet":false,"robots_nofollow":false,"robots_noimageindex":false,"robots_noodp":false,"robots_notranslate":false,"robots_max_snippet":null,"robots_max_videopreview":null,"robots_max_imagepreview":"large","priority":null,"frequency":null,"local_seo":null,"breadcrumb_settings":null,"limit_modified_date":false,"ai":null,"created":"2025-08-30 02:06:34","updated":"2025-08-30 02:06:34","seo_analyzer_scan_date":null,"focus_keyword":null,"additional_keywords":null,"truseo_locale":null},"aioseo_breadcrumb":"<div class=\"aioseo-breadcrumbs\"><span class=\"aioseo-breadcrumb\">\n\t\t\t<a href=\"https:\/\/www.ejercito.mil.uy\" title=\"Home\">Home<\/a>\n\t\t<\/span><span class=\"aioseo-breadcrumb-separator\">&raquo;<\/span><span class=\"aioseo-breadcrumb\">\n\t\t\t<a href=\"https:\/\/www.ejercito.mil.uy\/index.php\/category\/destacados\/\" title=\"Destacados\">Destacados<\/a>\n\t\t<\/span><span class=\"aioseo-breadcrumb-separator\">&raquo;<\/span><span class=\"aioseo-breadcrumb\">\n\t\t\t<a href=\"https:\/\/www.ejercito.mil.uy\/index.php\/category\/destacados\/noticias\/\" title=\"Noticias\">Noticias<\/a>\n\t\t<\/span><span class=\"aioseo-breadcrumb-separator\">&raquo;<\/span><span class=\"aioseo-breadcrumb\">\n\t\t\tCursillo de Soporte Vital B\u00e1sico y uso del Desfibrilador Externo Autom\u00e1tico\n\t\t<\/span><\/div>","aioseo_breadcrumb_json":[{"label":"Home","link":"https:\/\/www.ejercito.mil.uy"},{"label":"Destacados","link":"https:\/\/www.ejercito.mil.uy\/index.php\/category\/destacados\/"},{"label":"Noticias","link":"https:\/\/www.ejercito.mil.uy\/index.php\/category\/destacados\/noticias\/"},{"label":"Cursillo de Soporte Vital B\u00e1sico y uso del Desfibrilador Externo Autom\u00e1tico","link":"https:\/\/www.ejercito.mil.uy\/index.php\/2021\/07\/28\/cursillo-de-soporte-vital-basico-y-uso-del-desfibrilador-externo-automatico\/"}],"_links":{"self":[{"href":"https:\/\/www.ejercito.mil.uy\/index.php\/wp-json\/wp\/v2\/posts\/5082","targetHints":{"allow":["GET"]}}],"collection":[{"href":"https:\/\/www.ejercito.mil.uy\/index.php\/wp-json\/wp\/v2\/posts"}],"about":[{"href":"https:\/\/www.ejercito.mil.uy\/index.php\/wp-json\/wp\/v2\/types\/post"}],"author":[{"embeddable":true,"href":"https:\/\/www.ejercito.mil.uy\/index.php\/wp-json\/wp\/v2\/users\/4"}],"replies":[{"embeddable":true,"href":"https:\/\/www.ejercito.mil.uy\/index.php\/wp-json\/wp\/v2\/comments?post=5082"}],"version-history":[{"count":3,"href":"https:\/\/www.ejercito.mil.uy\/index.php\/wp-json\/wp\/v2\/posts\/5082\/revisions"}],"predecessor-version":[{"id":5316,"href":"https:\/\/www.ejercito.mil.uy\/index.php\/wp-json\/wp\/v2\/posts\/5082\/revisions\/5316"}],"wp:featuredmedia":[{"embeddable":true,"href":"https:\/\/www.ejercito.mil.uy\/index.php\/wp-json\/wp\/v2\/media\/5089"}],"wp:attachment":[{"href":"https:\/\/www.ejercito.mil.uy\/index.php\/wp-json\/wp\/v2\/media?parent=5082"}],"wp:term":[{"taxonomy":"category","embeddable":true,"href":"https:\/\/www.ejercito.mil.uy\/index.php\/wp-json\/wp\/v2\/categories?post=5082"},{"taxonomy":"post_tag","embeddable":true,"href":"https:\/\/www.ejercito.mil.uy\/index.php\/wp-json\/wp\/v2\/tags?post=5082"}],"curies":[{"name":"wp","href":"https:\/\/api.w.org\/{rel}","templated":true}]}}