{"id":50830,"date":"2025-10-31T16:50:31","date_gmt":"2025-10-31T19:50:31","guid":{"rendered":"https:\/\/www.ejercito.mil.uy\/?p=50830"},"modified":"2025-11-02T13:23:30","modified_gmt":"2025-11-02T16:23:30","slug":"maniobra-anual-del-arma-de-ingenieros-2","status":"publish","type":"post","link":"https:\/\/www.ejercito.mil.uy\/index.php\/2025\/10\/31\/maniobra-anual-del-arma-de-ingenieros-2\/","title":{"rendered":"Maniobra anual del Arma de Ingenieros"},"content":{"rendered":"\n<p class=\"has-black-color has-text-color has-link-color has-small-font-size wp-elements-d3f113cfc1df74511ccf498e17b8f0e1\">31.10.2025 &#8211; <strong>Laguna del Sauce, Maldonado<\/strong><\/p>\n\n\n\n<div style=\"height:22px\" aria-hidden=\"true\" class=\"wp-block-spacer\"><\/div>\n\n\n\n<p class=\"has-white-color has-black-background-color has-text-color has-background has-medium-font-size\">Del 27 al 31 de octubre, se realiz\u00f3 la <strong>Maniobra anual del Arma de Ingenieros<\/strong> en el Batall\u00f3n \u201cGral. Celestino Bov\u00e9\u201d de Ingenieros de Combate N\u00b04.<\/p>\n\n\n\n<div style=\"height:22px\" aria-hidden=\"true\" class=\"wp-block-spacer\"><\/div>\n\n\n\n<figure class=\"wp-block-image size-large\"><img fetchpriority=\"high\" decoding=\"async\" width=\"1024\" height=\"683\" src=\"https:\/\/www.ejercito.mil.uy\/wp-content\/uploads\/2025\/10\/Carpas-1-1024x683.jpg\" alt=\"\" class=\"wp-image-51067\" srcset=\"https:\/\/www.ejercito.mil.uy\/wp-content\/uploads\/2025\/10\/Carpas-1-1024x683.jpg 1024w, https:\/\/www.ejercito.mil.uy\/wp-content\/uploads\/2025\/10\/Carpas-1-300x200.jpg 300w, https:\/\/www.ejercito.mil.uy\/wp-content\/uploads\/2025\/10\/Carpas-1.jpg 1200w\" sizes=\"(max-width: 1024px) 100vw, 1024px\" \/><\/figure>\n\n\n\n<div style=\"height:22px\" aria-hidden=\"true\" class=\"wp-block-spacer\"><\/div>\n\n\n\n<div class=\"wp-block-columns is-layout-flex wp-container-core-columns-is-layout-28f84493 wp-block-columns-is-layout-flex\">\n<div class=\"wp-block-column is-layout-flow wp-block-column-is-layout-flow\">\n<figure class=\"wp-block-image size-large\"><img decoding=\"async\" width=\"1024\" height=\"683\" src=\"https:\/\/www.ejercito.mil.uy\/wp-content\/uploads\/2025\/10\/Maniobra-Anual-del-Arma-de-Ingenieros-2-1-1024x683.jpg\" alt=\"\" class=\"wp-image-51064\" srcset=\"https:\/\/www.ejercito.mil.uy\/wp-content\/uploads\/2025\/10\/Maniobra-Anual-del-Arma-de-Ingenieros-2-1-1024x683.jpg 1024w, https:\/\/www.ejercito.mil.uy\/wp-content\/uploads\/2025\/10\/Maniobra-Anual-del-Arma-de-Ingenieros-2-1-300x200.jpg 300w, https:\/\/www.ejercito.mil.uy\/wp-content\/uploads\/2025\/10\/Maniobra-Anual-del-Arma-de-Ingenieros-2-1.jpg 1200w\" sizes=\"(max-width: 1024px) 100vw, 1024px\" \/><\/figure>\n<\/div>\n\n\n\n<div class=\"wp-block-column is-layout-flow wp-block-column-is-layout-flow\">\n<figure class=\"wp-block-image size-large\"><img decoding=\"async\" width=\"1024\" height=\"683\" src=\"https:\/\/www.ejercito.mil.uy\/wp-content\/uploads\/2025\/10\/Maniobra-Anual-del-Arma-de-Ingenieros-4-1024x683.jpg\" alt=\"\" class=\"wp-image-51065\" srcset=\"https:\/\/www.ejercito.mil.uy\/wp-content\/uploads\/2025\/10\/Maniobra-Anual-del-Arma-de-Ingenieros-4-1024x683.jpg 1024w, https:\/\/www.ejercito.mil.uy\/wp-content\/uploads\/2025\/10\/Maniobra-Anual-del-Arma-de-Ingenieros-4-300x200.jpg 300w, https:\/\/www.ejercito.mil.uy\/wp-content\/uploads\/2025\/10\/Maniobra-Anual-del-Arma-de-Ingenieros-4.jpg 1200w\" sizes=\"(max-width: 1024px) 100vw, 1024px\" \/><\/figure>\n<\/div>\n<\/div>\n\n\n\n<div style=\"height:22px\" aria-hidden=\"true\" class=\"wp-block-spacer\"><\/div>\n\n\n\n<div class=\"wp-block-columns is-layout-flex wp-container-core-columns-is-layout-28f84493 wp-block-columns-is-layout-flex\">\n<div class=\"wp-block-column is-layout-flow wp-block-column-is-layout-flow\">\n<figure class=\"wp-block-image size-large\"><img loading=\"lazy\" decoding=\"async\" width=\"1024\" height=\"683\" src=\"https:\/\/www.ejercito.mil.uy\/wp-content\/uploads\/2025\/10\/Maniobra-Anual-del-Arma-de-Ingenieros-3-1024x683.jpg\" alt=\"\" class=\"wp-image-51003\" srcset=\"https:\/\/www.ejercito.mil.uy\/wp-content\/uploads\/2025\/10\/Maniobra-Anual-del-Arma-de-Ingenieros-3-1024x683.jpg 1024w, https:\/\/www.ejercito.mil.uy\/wp-content\/uploads\/2025\/10\/Maniobra-Anual-del-Arma-de-Ingenieros-3-300x200.jpg 300w, https:\/\/www.ejercito.mil.uy\/wp-content\/uploads\/2025\/10\/Maniobra-Anual-del-Arma-de-Ingenieros-3.jpg 1200w\" sizes=\"(max-width: 1024px) 100vw, 1024px\" \/><\/figure>\n<\/div>\n\n\n\n<div class=\"wp-block-column is-layout-flow wp-block-column-is-layout-flow\">\n<figure class=\"wp-block-image size-large\"><img loading=\"lazy\" decoding=\"async\" width=\"1024\" height=\"683\" src=\"https:\/\/www.ejercito.mil.uy\/wp-content\/uploads\/2025\/10\/3-8-1024x683.jpg\" alt=\"\" class=\"wp-image-51069\" srcset=\"https:\/\/www.ejercito.mil.uy\/wp-content\/uploads\/2025\/10\/3-8-1024x683.jpg 1024w, https:\/\/www.ejercito.mil.uy\/wp-content\/uploads\/2025\/10\/3-8-300x200.jpg 300w, https:\/\/www.ejercito.mil.uy\/wp-content\/uploads\/2025\/10\/3-8.jpg 1200w\" sizes=\"(max-width: 1024px) 100vw, 1024px\" \/><\/figure>\n<\/div>\n<\/div>\n\n\n\n<div style=\"height:22px\" aria-hidden=\"true\" class=\"wp-block-spacer\"><\/div>\n\n\n\n<p class=\"has-black-color has-text-color has-link-color has-medium-font-size wp-elements-0a4e7ed1f0567aaed0df1290ef47dff9\">Participaron todas las Unidades del Arma, involucrando a m\u00e1s de 350 efectivos y medios, con el objetivo de desarrollar y evaluar distintos ejercicios, as\u00ed como tareas t\u00e1ctico-t\u00e9cnicas y log\u00edsticas. Cabe destacar que el Subsecretario de Defensa Nacional, Joel Rodr\u00edguez, presenci\u00f3 la actividad final.<\/p>\n\n\n\n<div style=\"height:22px\" aria-hidden=\"true\" class=\"wp-block-spacer\"><\/div>\n\n\n\n<figure class=\"wp-block-image size-large\"><img loading=\"lazy\" decoding=\"async\" width=\"1024\" height=\"683\" src=\"https:\/\/www.ejercito.mil.uy\/wp-content\/uploads\/2025\/10\/1-6-1024x683.jpg\" alt=\"\" class=\"wp-image-51057\" srcset=\"https:\/\/www.ejercito.mil.uy\/wp-content\/uploads\/2025\/10\/1-6-1024x683.jpg 1024w, https:\/\/www.ejercito.mil.uy\/wp-content\/uploads\/2025\/10\/1-6-300x200.jpg 300w, https:\/\/www.ejercito.mil.uy\/wp-content\/uploads\/2025\/10\/1-6.jpg 1200w\" sizes=\"(max-width: 1024px) 100vw, 1024px\" \/><\/figure>\n\n\n\n<div style=\"height:22px\" aria-hidden=\"true\" class=\"wp-block-spacer\"><\/div>\n\n\n\n<p class=\"has-black-color has-text-color has-link-color has-medium-font-size wp-elements-9d22469c3834b7bdee6c2d061bb2e0c6\">Para esto, se conform\u00f3 un Elemento \u00danico de Ingenieros (es decir, medios de todas las Unidades bajo el control operativo de un Comando de Ejercicio designado), que fue inserto en una situaci\u00f3n t\u00e1ctica que permiti\u00f3 ejecutar las siguientes tareas: <\/p>\n\n\n\n<div style=\"height:22px\" aria-hidden=\"true\" class=\"wp-block-spacer\"><\/div>\n\n\n\n<p class=\"has-black-color has-text-color has-link-color has-medium-font-size wp-elements-dd356f4c68fbe7a5d45d13d8a536695c\">&#8211; funciones de Comando y Estado Mayor necesarias para la conducci\u00f3n de la operaci\u00f3n<\/p>\n\n\n\n<div style=\"height:22px\" aria-hidden=\"true\" class=\"wp-block-spacer\"><\/div>\n\n\n\n<div class=\"wp-block-columns is-layout-flex wp-container-core-columns-is-layout-28f84493 wp-block-columns-is-layout-flex\">\n<div class=\"wp-block-column is-layout-flow wp-block-column-is-layout-flow\">\n<figure class=\"wp-block-image size-large\"><img loading=\"lazy\" decoding=\"async\" width=\"1024\" height=\"683\" src=\"https:\/\/www.ejercito.mil.uy\/wp-content\/uploads\/2025\/10\/Maniobra-Anual-del-Arma-de-Ingenieros-30-1024x683.jpg\" alt=\"\" class=\"wp-image-51012\" srcset=\"https:\/\/www.ejercito.mil.uy\/wp-content\/uploads\/2025\/10\/Maniobra-Anual-del-Arma-de-Ingenieros-30-1024x683.jpg 1024w, https:\/\/www.ejercito.mil.uy\/wp-content\/uploads\/2025\/10\/Maniobra-Anual-del-Arma-de-Ingenieros-30-300x200.jpg 300w, https:\/\/www.ejercito.mil.uy\/wp-content\/uploads\/2025\/10\/Maniobra-Anual-del-Arma-de-Ingenieros-30.jpg 1200w\" sizes=\"(max-width: 1024px) 100vw, 1024px\" \/><\/figure>\n<\/div>\n\n\n\n<div class=\"wp-block-column is-layout-flow wp-block-column-is-layout-flow\">\n<figure class=\"wp-block-image size-large\"><img loading=\"lazy\" decoding=\"async\" width=\"1024\" height=\"683\" src=\"https:\/\/www.ejercito.mil.uy\/wp-content\/uploads\/2025\/10\/7-4-1024x683.jpg\" alt=\"\" class=\"wp-image-51001\" srcset=\"https:\/\/www.ejercito.mil.uy\/wp-content\/uploads\/2025\/10\/7-4-1024x683.jpg 1024w, https:\/\/www.ejercito.mil.uy\/wp-content\/uploads\/2025\/10\/7-4-300x200.jpg 300w, https:\/\/www.ejercito.mil.uy\/wp-content\/uploads\/2025\/10\/7-4.jpg 1200w\" sizes=\"(max-width: 1024px) 100vw, 1024px\" \/><\/figure>\n<\/div>\n<\/div>\n\n\n\n<div style=\"height:22px\" aria-hidden=\"true\" class=\"wp-block-spacer\"><\/div>\n\n\n\n<p class=\"has-black-color has-text-color has-link-color has-medium-font-size wp-elements-573d942b7cbfcfb8353b1e49a3bc3eeb\">&#8211; reconocimientos de rutas y caminos, clasificaci\u00f3n de veh\u00edculos, reconocimiento y clasificaci\u00f3n de puentes<\/p>\n\n\n\n<div style=\"height:22px\" aria-hidden=\"true\" class=\"wp-block-spacer\"><\/div>\n\n\n\n<div class=\"wp-block-columns is-layout-flex wp-container-core-columns-is-layout-28f84493 wp-block-columns-is-layout-flex\">\n<div class=\"wp-block-column is-layout-flow wp-block-column-is-layout-flow\">\n<figure class=\"wp-block-image size-large\"><img loading=\"lazy\" decoding=\"async\" width=\"1024\" height=\"683\" src=\"https:\/\/www.ejercito.mil.uy\/wp-content\/uploads\/2025\/10\/8-2-1024x683.jpg\" alt=\"\" class=\"wp-image-51070\" srcset=\"https:\/\/www.ejercito.mil.uy\/wp-content\/uploads\/2025\/10\/8-2-1024x683.jpg 1024w, https:\/\/www.ejercito.mil.uy\/wp-content\/uploads\/2025\/10\/8-2-300x200.jpg 300w, https:\/\/www.ejercito.mil.uy\/wp-content\/uploads\/2025\/10\/8-2.jpg 1200w\" sizes=\"(max-width: 1024px) 100vw, 1024px\" \/><\/figure>\n<\/div>\n\n\n\n<div class=\"wp-block-column is-layout-flow wp-block-column-is-layout-flow\">\n<figure class=\"wp-block-image size-large\"><img loading=\"lazy\" decoding=\"async\" width=\"1024\" height=\"683\" src=\"https:\/\/www.ejercito.mil.uy\/wp-content\/uploads\/2025\/10\/Maniobra-Anual-del-Arma-de-Ingenieros-12-1024x683.jpg\" alt=\"\" class=\"wp-image-51050\" srcset=\"https:\/\/www.ejercito.mil.uy\/wp-content\/uploads\/2025\/10\/Maniobra-Anual-del-Arma-de-Ingenieros-12-1024x683.jpg 1024w, https:\/\/www.ejercito.mil.uy\/wp-content\/uploads\/2025\/10\/Maniobra-Anual-del-Arma-de-Ingenieros-12-300x200.jpg 300w, https:\/\/www.ejercito.mil.uy\/wp-content\/uploads\/2025\/10\/Maniobra-Anual-del-Arma-de-Ingenieros-12.jpg 1200w\" sizes=\"(max-width: 1024px) 100vw, 1024px\" \/><\/figure>\n<\/div>\n<\/div>\n\n\n\n<div style=\"height:22px\" aria-hidden=\"true\" class=\"wp-block-spacer\"><\/div>\n\n\n\n<p class=\"has-black-color has-text-color has-link-color has-medium-font-size wp-elements-79ca12905e4f4209f16ec43d1c1f3c24\">&#8211; ejecuci\u00f3n de obst\u00e1culos como alambradas y campos de minas para su posterior brechado; construcci\u00f3n de posiciones desenfiladas para veh\u00edculos mecanizados\/blindados y posiciones de protecci\u00f3n para artiller\u00eda\/morteros. Para esto, se cont\u00f3 con el apoyo del Batall\u00f3n \u00abGral. Leonardo Olivera\u00bb de Infanter\u00eda Mecanizado N\u00b012, que colabor\u00f3 con veh\u00edculos Mowag y morteros<\/p>\n\n\n\n<div style=\"height:22px\" aria-hidden=\"true\" class=\"wp-block-spacer\"><\/div>\n\n\n\n<div class=\"wp-block-columns is-layout-flex wp-container-core-columns-is-layout-28f84493 wp-block-columns-is-layout-flex\">\n<div class=\"wp-block-column is-layout-flow wp-block-column-is-layout-flow\">\n<figure class=\"wp-block-image size-large\"><img loading=\"lazy\" decoding=\"async\" width=\"1024\" height=\"683\" src=\"https:\/\/www.ejercito.mil.uy\/wp-content\/uploads\/2025\/10\/Maniobra-Anual-del-Arma-de-Ingenieros-11-1024x683.jpg\" alt=\"\" class=\"wp-image-51053\" srcset=\"https:\/\/www.ejercito.mil.uy\/wp-content\/uploads\/2025\/10\/Maniobra-Anual-del-Arma-de-Ingenieros-11-1024x683.jpg 1024w, https:\/\/www.ejercito.mil.uy\/wp-content\/uploads\/2025\/10\/Maniobra-Anual-del-Arma-de-Ingenieros-11-300x200.jpg 300w, https:\/\/www.ejercito.mil.uy\/wp-content\/uploads\/2025\/10\/Maniobra-Anual-del-Arma-de-Ingenieros-11.jpg 1200w\" sizes=\"(max-width: 1024px) 100vw, 1024px\" \/><\/figure>\n<\/div>\n\n\n\n<div class=\"wp-block-column is-layout-flow wp-block-column-is-layout-flow\">\n<figure class=\"wp-block-image size-large\"><img loading=\"lazy\" decoding=\"async\" width=\"1024\" height=\"683\" src=\"https:\/\/www.ejercito.mil.uy\/wp-content\/uploads\/2025\/10\/Maniobra-Anual-del-Arma-de-Ingenieros-16-1024x683.jpg\" alt=\"\" class=\"wp-image-51009\" srcset=\"https:\/\/www.ejercito.mil.uy\/wp-content\/uploads\/2025\/10\/Maniobra-Anual-del-Arma-de-Ingenieros-16-1024x683.jpg 1024w, https:\/\/www.ejercito.mil.uy\/wp-content\/uploads\/2025\/10\/Maniobra-Anual-del-Arma-de-Ingenieros-16-300x200.jpg 300w, https:\/\/www.ejercito.mil.uy\/wp-content\/uploads\/2025\/10\/Maniobra-Anual-del-Arma-de-Ingenieros-16.jpg 1200w\" sizes=\"(max-width: 1024px) 100vw, 1024px\" \/><\/figure>\n<\/div>\n<\/div>\n\n\n\n<div style=\"height:22px\" aria-hidden=\"true\" class=\"wp-block-spacer\"><\/div>\n\n\n\n<p class=\"has-black-color has-text-color has-link-color has-medium-font-size wp-elements-57949aab1745f8c9118bb5b5bf825f97\">&#8211; brechado de obst\u00e1culos t\u00e1cticos para el pasaje de veh\u00edculos y brechado de obst\u00e1culos de protecci\u00f3n y tropas<\/p>\n\n\n\n<div style=\"height:22px\" aria-hidden=\"true\" class=\"wp-block-spacer\"><\/div>\n\n\n\n<div class=\"wp-block-columns is-layout-flex wp-container-core-columns-is-layout-28f84493 wp-block-columns-is-layout-flex\">\n<div class=\"wp-block-column is-layout-flow wp-block-column-is-layout-flow\">\n<figure class=\"wp-block-image size-large\"><img loading=\"lazy\" decoding=\"async\" width=\"1024\" height=\"683\" src=\"https:\/\/www.ejercito.mil.uy\/wp-content\/uploads\/2025\/10\/Maniobra-Anual-del-Arma-de-Ingenieros-17-1024x683.jpg\" alt=\"\" class=\"wp-image-51029\" srcset=\"https:\/\/www.ejercito.mil.uy\/wp-content\/uploads\/2025\/10\/Maniobra-Anual-del-Arma-de-Ingenieros-17-1024x683.jpg 1024w, https:\/\/www.ejercito.mil.uy\/wp-content\/uploads\/2025\/10\/Maniobra-Anual-del-Arma-de-Ingenieros-17-300x200.jpg 300w, https:\/\/www.ejercito.mil.uy\/wp-content\/uploads\/2025\/10\/Maniobra-Anual-del-Arma-de-Ingenieros-17.jpg 1200w\" sizes=\"(max-width: 1024px) 100vw, 1024px\" \/><\/figure>\n<\/div>\n\n\n\n<div class=\"wp-block-column is-layout-flow wp-block-column-is-layout-flow\">\n<figure class=\"wp-block-image size-large\"><img loading=\"lazy\" decoding=\"async\" width=\"1024\" height=\"683\" src=\"https:\/\/www.ejercito.mil.uy\/wp-content\/uploads\/2025\/10\/Maniobra-Anual-del-Arma-de-Ingenieros-18-1024x683.jpg\" alt=\"\" class=\"wp-image-51028\" srcset=\"https:\/\/www.ejercito.mil.uy\/wp-content\/uploads\/2025\/10\/Maniobra-Anual-del-Arma-de-Ingenieros-18-1024x683.jpg 1024w, https:\/\/www.ejercito.mil.uy\/wp-content\/uploads\/2025\/10\/Maniobra-Anual-del-Arma-de-Ingenieros-18-300x200.jpg 300w, https:\/\/www.ejercito.mil.uy\/wp-content\/uploads\/2025\/10\/Maniobra-Anual-del-Arma-de-Ingenieros-18.jpg 1200w\" sizes=\"(max-width: 1024px) 100vw, 1024px\" \/><\/figure>\n<\/div>\n<\/div>\n\n\n\n<div style=\"height:22px\" aria-hidden=\"true\" class=\"wp-block-spacer\"><\/div>\n\n\n\n<p class=\"has-black-color has-text-color has-link-color has-medium-font-size wp-elements-cfb0bb4bf36213584074f053d53510bd\">&#8211; tendido de puentes de paneles, puentes tijera y puentes de pontones, as\u00ed como actividades de control de tr\u00e1nsito en el \u00e1rea de traves\u00eda<\/p>\n\n\n\n<div style=\"height:22px\" aria-hidden=\"true\" class=\"wp-block-spacer\"><\/div>\n\n\n\n<div class=\"wp-block-columns is-layout-flex wp-container-core-columns-is-layout-28f84493 wp-block-columns-is-layout-flex\">\n<div class=\"wp-block-column is-layout-flow wp-block-column-is-layout-flow\">\n<figure class=\"wp-block-image size-large\"><img loading=\"lazy\" decoding=\"async\" width=\"1024\" height=\"683\" src=\"https:\/\/www.ejercito.mil.uy\/wp-content\/uploads\/2025\/10\/Maniobra-Anual-del-Arma-de-Ingenieros-19-1024x683.jpg\" alt=\"\" class=\"wp-image-51033\" srcset=\"https:\/\/www.ejercito.mil.uy\/wp-content\/uploads\/2025\/10\/Maniobra-Anual-del-Arma-de-Ingenieros-19-1024x683.jpg 1024w, https:\/\/www.ejercito.mil.uy\/wp-content\/uploads\/2025\/10\/Maniobra-Anual-del-Arma-de-Ingenieros-19-300x200.jpg 300w, https:\/\/www.ejercito.mil.uy\/wp-content\/uploads\/2025\/10\/Maniobra-Anual-del-Arma-de-Ingenieros-19.jpg 1200w\" sizes=\"(max-width: 1024px) 100vw, 1024px\" \/><\/figure>\n<\/div>\n\n\n\n<div class=\"wp-block-column is-layout-flow wp-block-column-is-layout-flow\">\n<figure class=\"wp-block-image size-large\"><img loading=\"lazy\" decoding=\"async\" width=\"1024\" height=\"683\" src=\"https:\/\/www.ejercito.mil.uy\/wp-content\/uploads\/2025\/10\/Maniobra-Anual-del-Arma-de-Ingenieros-13-1024x683.jpg\" alt=\"\" class=\"wp-image-51034\" srcset=\"https:\/\/www.ejercito.mil.uy\/wp-content\/uploads\/2025\/10\/Maniobra-Anual-del-Arma-de-Ingenieros-13-1024x683.jpg 1024w, https:\/\/www.ejercito.mil.uy\/wp-content\/uploads\/2025\/10\/Maniobra-Anual-del-Arma-de-Ingenieros-13-300x200.jpg 300w, https:\/\/www.ejercito.mil.uy\/wp-content\/uploads\/2025\/10\/Maniobra-Anual-del-Arma-de-Ingenieros-13.jpg 1200w\" sizes=\"(max-width: 1024px) 100vw, 1024px\" \/><\/figure>\n<\/div>\n<\/div>\n\n\n\n<div style=\"height:22px\" aria-hidden=\"true\" class=\"wp-block-spacer\"><\/div>\n\n\n\n<p class=\"has-black-color has-text-color has-link-color has-medium-font-size wp-elements-3663d32856185879190c9094c18e8391\">&#8211; reconocimiento, identificaci\u00f3n, cercado y descontaminaci\u00f3n QBRN (Qu\u00edmico, Biol\u00f3gico, Radiol\u00f3gico y Nuclear)<\/p>\n\n\n\n<div style=\"height:22px\" aria-hidden=\"true\" class=\"wp-block-spacer\"><\/div>\n\n\n\n<div class=\"wp-block-columns is-layout-flex wp-container-core-columns-is-layout-28f84493 wp-block-columns-is-layout-flex\">\n<div class=\"wp-block-column is-layout-flow wp-block-column-is-layout-flow\">\n<figure class=\"wp-block-image size-large\"><img loading=\"lazy\" decoding=\"async\" width=\"1024\" height=\"683\" src=\"https:\/\/www.ejercito.mil.uy\/wp-content\/uploads\/2025\/10\/Maniobra-Anual-del-Arma-de-Ingenieros-7-1024x683.jpg\" alt=\"\" class=\"wp-image-51024\" srcset=\"https:\/\/www.ejercito.mil.uy\/wp-content\/uploads\/2025\/10\/Maniobra-Anual-del-Arma-de-Ingenieros-7-1024x683.jpg 1024w, https:\/\/www.ejercito.mil.uy\/wp-content\/uploads\/2025\/10\/Maniobra-Anual-del-Arma-de-Ingenieros-7-300x200.jpg 300w, https:\/\/www.ejercito.mil.uy\/wp-content\/uploads\/2025\/10\/Maniobra-Anual-del-Arma-de-Ingenieros-7.jpg 1200w\" sizes=\"(max-width: 1024px) 100vw, 1024px\" \/><\/figure>\n<\/div>\n\n\n\n<div class=\"wp-block-column is-layout-flow wp-block-column-is-layout-flow\">\n<figure class=\"wp-block-image size-large\"><img loading=\"lazy\" decoding=\"async\" width=\"1024\" height=\"683\" src=\"https:\/\/www.ejercito.mil.uy\/wp-content\/uploads\/2025\/10\/Maniobra-Anual-del-Arma-de-Ingenieros-10-1024x683.jpg\" alt=\"\" class=\"wp-image-51025\" srcset=\"https:\/\/www.ejercito.mil.uy\/wp-content\/uploads\/2025\/10\/Maniobra-Anual-del-Arma-de-Ingenieros-10-1024x683.jpg 1024w, https:\/\/www.ejercito.mil.uy\/wp-content\/uploads\/2025\/10\/Maniobra-Anual-del-Arma-de-Ingenieros-10-300x200.jpg 300w, https:\/\/www.ejercito.mil.uy\/wp-content\/uploads\/2025\/10\/Maniobra-Anual-del-Arma-de-Ingenieros-10.jpg 1200w\" sizes=\"(max-width: 1024px) 100vw, 1024px\" \/><\/figure>\n<\/div>\n<\/div>\n\n\n\n<div style=\"height:22px\" aria-hidden=\"true\" class=\"wp-block-spacer\"><\/div>\n\n\n\n<p class=\"has-black-color has-text-color has-link-color has-medium-font-size wp-elements-d0ef2d6ea609a3d899e9cbba58cfa262\">&#8211; mantenimiento de las comunicaciones en la zona de actividades<\/p>\n\n\n\n<div style=\"height:22px\" aria-hidden=\"true\" class=\"wp-block-spacer\"><\/div>\n\n\n\n<div class=\"wp-block-columns is-layout-flex wp-container-core-columns-is-layout-28f84493 wp-block-columns-is-layout-flex\">\n<div class=\"wp-block-column is-layout-flow wp-block-column-is-layout-flow\">\n<figure class=\"wp-block-image size-large\"><img loading=\"lazy\" decoding=\"async\" width=\"1024\" height=\"683\" src=\"https:\/\/www.ejercito.mil.uy\/wp-content\/uploads\/2025\/10\/Maniobra-Anual-del-Arma-de-Ingenieros-33-1024x683.jpg\" alt=\"\" class=\"wp-image-51018\" srcset=\"https:\/\/www.ejercito.mil.uy\/wp-content\/uploads\/2025\/10\/Maniobra-Anual-del-Arma-de-Ingenieros-33-1024x683.jpg 1024w, https:\/\/www.ejercito.mil.uy\/wp-content\/uploads\/2025\/10\/Maniobra-Anual-del-Arma-de-Ingenieros-33-300x200.jpg 300w, https:\/\/www.ejercito.mil.uy\/wp-content\/uploads\/2025\/10\/Maniobra-Anual-del-Arma-de-Ingenieros-33.jpg 1200w\" sizes=\"(max-width: 1024px) 100vw, 1024px\" \/><\/figure>\n<\/div>\n\n\n\n<div class=\"wp-block-column is-layout-flow wp-block-column-is-layout-flow\">\n<figure class=\"wp-block-image size-large\"><img loading=\"lazy\" decoding=\"async\" width=\"1024\" height=\"683\" src=\"https:\/\/www.ejercito.mil.uy\/wp-content\/uploads\/2025\/10\/Maniobra-Anual-del-Arma-de-Ingenieros-31-1024x683.jpg\" alt=\"\" class=\"wp-image-51019\" srcset=\"https:\/\/www.ejercito.mil.uy\/wp-content\/uploads\/2025\/10\/Maniobra-Anual-del-Arma-de-Ingenieros-31-1024x683.jpg 1024w, https:\/\/www.ejercito.mil.uy\/wp-content\/uploads\/2025\/10\/Maniobra-Anual-del-Arma-de-Ingenieros-31-300x200.jpg 300w, https:\/\/www.ejercito.mil.uy\/wp-content\/uploads\/2025\/10\/Maniobra-Anual-del-Arma-de-Ingenieros-31.jpg 1200w\" sizes=\"(max-width: 1024px) 100vw, 1024px\" \/><\/figure>\n<\/div>\n<\/div>\n\n\n\n<div style=\"height:22px\" aria-hidden=\"true\" class=\"wp-block-spacer\"><\/div>\n\n\n\n<p class=\"has-black-color has-text-color has-link-color has-medium-font-size wp-elements-c90df12c5e6c5a9a86177bf7f58d3b21\">&#8211; potabilizaci\u00f3n de agua, capacidad escencial para asegurar el abastecimiento en operaciones <\/p>\n\n\n\n<div style=\"height:22px\" aria-hidden=\"true\" class=\"wp-block-spacer\"><\/div>\n\n\n\n<div class=\"wp-block-columns is-layout-flex wp-container-core-columns-is-layout-28f84493 wp-block-columns-is-layout-flex\">\n<div class=\"wp-block-column is-layout-flow wp-block-column-is-layout-flow\">\n<figure class=\"wp-block-image size-large\"><img loading=\"lazy\" decoding=\"async\" width=\"1024\" height=\"683\" src=\"https:\/\/www.ejercito.mil.uy\/wp-content\/uploads\/2025\/10\/Maniobra-Anual-del-Arma-de-Ingenieros-35-1024x683.jpg\" alt=\"\" class=\"wp-image-51015\" srcset=\"https:\/\/www.ejercito.mil.uy\/wp-content\/uploads\/2025\/10\/Maniobra-Anual-del-Arma-de-Ingenieros-35-1024x683.jpg 1024w, https:\/\/www.ejercito.mil.uy\/wp-content\/uploads\/2025\/10\/Maniobra-Anual-del-Arma-de-Ingenieros-35-300x200.jpg 300w, https:\/\/www.ejercito.mil.uy\/wp-content\/uploads\/2025\/10\/Maniobra-Anual-del-Arma-de-Ingenieros-35.jpg 1200w\" sizes=\"(max-width: 1024px) 100vw, 1024px\" \/><\/figure>\n<\/div>\n\n\n\n<div class=\"wp-block-column is-layout-flow wp-block-column-is-layout-flow\">\n<figure class=\"wp-block-image size-large\"><img loading=\"lazy\" decoding=\"async\" width=\"1024\" height=\"683\" src=\"https:\/\/www.ejercito.mil.uy\/wp-content\/uploads\/2025\/10\/Maniobra-Anual-del-Arma-de-Ingenieros-36-1024x683.jpg\" alt=\"\" class=\"wp-image-51016\" srcset=\"https:\/\/www.ejercito.mil.uy\/wp-content\/uploads\/2025\/10\/Maniobra-Anual-del-Arma-de-Ingenieros-36-1024x683.jpg 1024w, https:\/\/www.ejercito.mil.uy\/wp-content\/uploads\/2025\/10\/Maniobra-Anual-del-Arma-de-Ingenieros-36-300x200.jpg 300w, https:\/\/www.ejercito.mil.uy\/wp-content\/uploads\/2025\/10\/Maniobra-Anual-del-Arma-de-Ingenieros-36.jpg 1200w\" sizes=\"(max-width: 1024px) 100vw, 1024px\" \/><\/figure>\n<\/div>\n<\/div>\n\n\n\n<div style=\"height:22px\" aria-hidden=\"true\" class=\"wp-block-spacer\"><\/div>\n\n\n\n<p class=\"has-black-color has-text-color has-link-color has-medium-font-size wp-elements-dfe8e963a47ddb0a5a35726510d8fe8b\">Asistieron Aspirantes y Cadetes del Curso de Ingenieros de la Escuela Militar, quienes observaron las distintas etapas de la maniobra, lo cual es fundamental para su formaci\u00f3n como Oficiales.<\/p>\n\n\n\n<div style=\"height:22px\" aria-hidden=\"true\" class=\"wp-block-spacer\"><\/div>\n\n\n\n<figure class=\"wp-block-image size-large\"><img loading=\"lazy\" decoding=\"async\" width=\"1024\" height=\"683\" src=\"https:\/\/www.ejercito.mil.uy\/wp-content\/uploads\/2025\/10\/Maniobra-Anual-del-Arma-de-Ingenieros-29-1024x683.jpg\" alt=\"\" class=\"wp-image-51048\" srcset=\"https:\/\/www.ejercito.mil.uy\/wp-content\/uploads\/2025\/10\/Maniobra-Anual-del-Arma-de-Ingenieros-29-1024x683.jpg 1024w, https:\/\/www.ejercito.mil.uy\/wp-content\/uploads\/2025\/10\/Maniobra-Anual-del-Arma-de-Ingenieros-29-300x200.jpg 300w, https:\/\/www.ejercito.mil.uy\/wp-content\/uploads\/2025\/10\/Maniobra-Anual-del-Arma-de-Ingenieros-29.jpg 1200w\" sizes=\"(max-width: 1024px) 100vw, 1024px\" \/><\/figure>\n\n\n\n<div style=\"height:22px\" aria-hidden=\"true\" class=\"wp-block-spacer\"><\/div>\n\n\n\n<div class=\"wp-block-columns is-layout-flex wp-container-core-columns-is-layout-28f84493 wp-block-columns-is-layout-flex\">\n<div class=\"wp-block-column is-layout-flow wp-block-column-is-layout-flow\">\n<figure class=\"wp-block-image size-large\"><img loading=\"lazy\" decoding=\"async\" width=\"1024\" height=\"683\" src=\"https:\/\/www.ejercito.mil.uy\/wp-content\/uploads\/2025\/10\/Cadetes-2-1024x683.jpg\" alt=\"\" class=\"wp-image-50993\" srcset=\"https:\/\/www.ejercito.mil.uy\/wp-content\/uploads\/2025\/10\/Cadetes-2-1024x683.jpg 1024w, https:\/\/www.ejercito.mil.uy\/wp-content\/uploads\/2025\/10\/Cadetes-2-300x200.jpg 300w, https:\/\/www.ejercito.mil.uy\/wp-content\/uploads\/2025\/10\/Cadetes-2.jpg 1200w\" sizes=\"(max-width: 1024px) 100vw, 1024px\" \/><\/figure>\n<\/div>\n\n\n\n<div class=\"wp-block-column is-layout-flow wp-block-column-is-layout-flow\">\n<figure class=\"wp-block-image size-large\"><img loading=\"lazy\" decoding=\"async\" width=\"1024\" height=\"683\" src=\"https:\/\/www.ejercito.mil.uy\/wp-content\/uploads\/2025\/10\/Cadetes-1024x683.jpg\" alt=\"\" class=\"wp-image-50994\" srcset=\"https:\/\/www.ejercito.mil.uy\/wp-content\/uploads\/2025\/10\/Cadetes-1024x683.jpg 1024w, https:\/\/www.ejercito.mil.uy\/wp-content\/uploads\/2025\/10\/Cadetes-300x200.jpg 300w, https:\/\/www.ejercito.mil.uy\/wp-content\/uploads\/2025\/10\/Cadetes.jpg 1200w\" sizes=\"(max-width: 1024px) 100vw, 1024px\" \/><\/figure>\n<\/div>\n<\/div>\n\n\n\n<div style=\"height:22px\" aria-hidden=\"true\" class=\"wp-block-spacer\"><\/div>\n\n\n\n<p class=\"has-black-color has-text-color has-link-color has-medium-font-size wp-elements-24a79cc0569d7e8b2a85b8cb9af6ed9f\">De esta forma, se ponen en pr\u00e1ctica los conocimientos adquiridos y entrenados durante el transcurso del a\u00f1o.<em> <\/em><em><\/em><\/p>\n\n\n\n<div style=\"height:22px\" aria-hidden=\"true\" class=\"wp-block-spacer\"><\/div>\n\n\n\n<figure class=\"wp-block-image size-large\"><img loading=\"lazy\" decoding=\"async\" width=\"1024\" height=\"683\" src=\"https:\/\/www.ejercito.mil.uy\/wp-content\/uploads\/2025\/10\/Maniobra-Anual-del-Arma-de-Ingenieros-20-1024x683.jpg\" alt=\"\" class=\"wp-image-50999\" srcset=\"https:\/\/www.ejercito.mil.uy\/wp-content\/uploads\/2025\/10\/Maniobra-Anual-del-Arma-de-Ingenieros-20-1024x683.jpg 1024w, https:\/\/www.ejercito.mil.uy\/wp-content\/uploads\/2025\/10\/Maniobra-Anual-del-Arma-de-Ingenieros-20-300x200.jpg 300w, https:\/\/www.ejercito.mil.uy\/wp-content\/uploads\/2025\/10\/Maniobra-Anual-del-Arma-de-Ingenieros-20.jpg 1200w\" sizes=\"(max-width: 1024px) 100vw, 1024px\" \/><\/figure>\n\n\n\n<div style=\"height:22px\" aria-hidden=\"true\" class=\"wp-block-spacer\"><\/div>\n\n\n\n<p class=\"is-style-success has-black-color has-text-color has-link-color has-medium-font-size wp-elements-0de2c7a3e63b3ecc2a1793e09054ca7e\"><a href=\"https:\/\/flic.kr\/s\/aHBqjCzcN1\" target=\"_blank\" rel=\"noopener\" title=\"\"><strong>M\u00e1s fotograf\u00edas en Flickr<\/strong><\/a><\/p>\n\n\n\n<div style=\"height:22px\" aria-hidden=\"true\" class=\"wp-block-spacer\"><\/div>\n\n\n\n<p class=\"is-style-success has-black-color has-text-color has-background has-link-color has-medium-font-size wp-elements-c29fd06e54ee47ce4274fff57e97d917\" style=\"background-color:#ebcd7a\"><em>Ver nota a partir del minuto 00:11 en la edici\u00f3n #32 del informativo Ej\u00e9rcito del Uruguay \u2013 <a href=\"https:\/\/youtu.be\/KtI6ETGMt6I?t=11\" target=\"_blank\" rel=\"noopener\" title=\"\">Maniobra Anual del Arma de Ingenieros<\/a><\/em><\/p>\n\n\n\n<p><\/p>\n","protected":false},"excerpt":{"rendered":"<p>31.10.2025 &#8211; Todas las Unidades del Arma participaron, involucrando a m\u00e1s de 350 efectivos y medios, con el objetivo de desarrollar y evaluar distintos ejercicios, tareas t\u00e1ctico-t\u00e9cnicas y log\u00edsticas propias de la especialidad.<\/p>\n","protected":false},"author":14,"featured_media":51071,"comment_status":"open","ping_status":"open","sticky":false,"template":"","format":"standard","meta":{"_coblocks_attr":"","_coblocks_dimensions":"","_coblocks_responsive_height":"","_coblocks_accordion_ie_support":"","_monsterinsights_skip_tracking":false,"_monsterinsights_sitenote_active":false,"_monsterinsights_sitenote_note":"","_monsterinsights_sitenote_category":0,"_uf_show_specific_survey":0,"_uf_disable_surveys":false,"footnotes":""},"categories":[2,10,14,1],"tags":[2055,72,1408,1766,2056,314,145,565,2057,48,13,153,2054,296,852,418,651,1448,1767,88],"class_list":["post-50830","post","type-post","status-publish","format-standard","has-post-thumbnail","hentry","category-blog","category-destacados","category-noticias","category-sin-categoria","tag-abastecimiento","tag-agua","tag-anual","tag-arma-de-ingenieros","tag-brechado","tag-capacitacion","tag-combate","tag-ejercicios","tag-formacion-militar","tag-ingenieros","tag-instruccion","tag-maniobra","tag-maniobra-anual","tag-morteros","tag-mowag","tag-operaciones","tag-puentes","tag-qbrn","tag-quimicos","tag-vehiculos"],"aioseo_notices":[],"_links":{"self":[{"href":"https:\/\/www.ejercito.mil.uy\/index.php\/wp-json\/wp\/v2\/posts\/50830","targetHints":{"allow":["GET"]}}],"collection":[{"href":"https:\/\/www.ejercito.mil.uy\/index.php\/wp-json\/wp\/v2\/posts"}],"about":[{"href":"https:\/\/www.ejercito.mil.uy\/index.php\/wp-json\/wp\/v2\/types\/post"}],"author":[{"embeddable":true,"href":"https:\/\/www.ejercito.mil.uy\/index.php\/wp-json\/wp\/v2\/users\/14"}],"replies":[{"embeddable":true,"href":"https:\/\/www.ejercito.mil.uy\/index.php\/wp-json\/wp\/v2\/comments?post=50830"}],"version-history":[{"count":69,"href":"https:\/\/www.ejercito.mil.uy\/index.php\/wp-json\/wp\/v2\/posts\/50830\/revisions"}],"predecessor-version":[{"id":51098,"href":"https:\/\/www.ejercito.mil.uy\/index.php\/wp-json\/wp\/v2\/posts\/50830\/revisions\/51098"}],"wp:featuredmedia":[{"embeddable":true,"href":"https:\/\/www.ejercito.mil.uy\/index.php\/wp-json\/wp\/v2\/media\/51071"}],"wp:attachment":[{"href":"https:\/\/www.ejercito.mil.uy\/index.php\/wp-json\/wp\/v2\/media?parent=50830"}],"wp:term":[{"taxonomy":"category","embeddable":true,"href":"https:\/\/www.ejercito.mil.uy\/index.php\/wp-json\/wp\/v2\/categories?post=50830"},{"taxonomy":"post_tag","embeddable":true,"href":"https:\/\/www.ejercito.mil.uy\/index.php\/wp-json\/wp\/v2\/tags?post=50830"}],"curies":[{"name":"wp","href":"https:\/\/api.w.org\/{rel}","templated":true}]}}