{"id":5123,"date":"2021-07-29T19:00:52","date_gmt":"2021-07-29T22:00:52","guid":{"rendered":"https:\/\/www.ejercito.mil.uy\/?p=5123"},"modified":"2024-11-05T11:26:21","modified_gmt":"2024-11-05T14:26:21","slug":"evaluacion-de-vehiculos-mecanizados","status":"publish","type":"post","link":"https:\/\/www.ejercito.mil.uy\/index.php\/2021\/07\/29\/evaluacion-de-vehiculos-mecanizados\/","title":{"rendered":"Evaluaci\u00f3n de veh\u00edculos mecanizados"},"content":{"rendered":"\n<p class=\"has-small-font-size wp-block-paragraph\">29.07.2021<\/p>\n\n\n\n<div style=\"height:24px\" aria-hidden=\"true\" class=\"wp-block-spacer\"><\/div>\n\n\n\n<p class=\"has-black-color has-text-color has-link-color wp-elements-1 wp-block-paragraph\">El pasado martes, efectivos del <strong>Servicio de Material y Armamento (SMA)<\/strong>, realizaron una marcha de 100 km hasta la ciudad de Canelones, para evaluar los seis veh\u00edculos mecanizados recuperados, que pr\u00f3ximamente ser\u00e1n incorporados a la <strong>Compa\u00f1\u00eda Uruguaya de Infanter\u00eda Mecanizada<\/strong>, desplegada en la <strong>Misi\u00f3n UNDOF<\/strong> (Rep\u00fablica \u00c1rabe de Siria y Estado de Israel).<\/p>\n\n\n\n<div style=\"height:33px\" aria-hidden=\"true\" class=\"wp-block-spacer\"><\/div>\n\n\n\n<p class=\"has-black-color has-text-color has-link-color wp-elements-2 wp-block-paragraph\">Las tareas de recuperaci\u00f3n demandaron ocho meses de intenso trabajo, para dejar en \u00f3ptimas condiciones operativas a dos veh\u00edculos <strong>M7 Vodnik <\/strong>y cuatro veh\u00edculos <strong>Mowag<\/strong>, que estaban fuera de servicio. Se trabaj\u00f3 con t\u00e9cnicos y mec\u00e1nicos de la Secci\u00f3n de Mantenimiento de Blindados del SMA y personal en apoyo de los <strong>Batallones de Infanter\u00eda 2 y 3 y de los Regimientos de Caballer\u00eda 4, 9 y 10<\/strong>.<\/p>\n\n\n\n<div style=\"height:55px\" aria-hidden=\"true\" class=\"wp-block-spacer\"><\/div>\n\n\n\n<p class=\"has-black-color has-text-color has-link-color wp-elements-3 wp-block-paragraph\">El trabajo se dividi\u00f3 en 3 etapas:<\/p>\n\n\n\n<ul style=\"background-color:#fef5e7\" class=\"wp-block-list has-background has-normal-font-size\">\n<li>evaluaci\u00f3n y revista del material<\/li>\n\n\n\n<li>puesta a punto del powerpack y sistemas del veh\u00edculo<\/li>\n\n\n\n<li>evaluaci\u00f3n, chequeo y pintura<\/li>\n<\/ul>\n\n\n\n<div style=\"height:55px\" aria-hidden=\"true\" class=\"wp-block-spacer\"><\/div>\n\n\n\n<p class=\"has-black-color has-text-color has-link-color wp-elements-4 wp-block-paragraph\">En el transcurso de la marcha, se hicieron altos programados de mantenimiento, con el fin de revisar posibles p\u00e9rdidas de l\u00edquidos y el funcionamiento de los diferentes sistemas de los veh\u00edculos.<\/p>\n\n\n\n<div style=\"height:66px\" aria-hidden=\"true\" class=\"wp-block-spacer\"><\/div>\n\n\n\n<div class=\"wp-block-columns is-layout-flex wp-container-core-columns-is-layout-7387b849 wp-block-columns-is-layout-flex\">\n<div class=\"wp-block-column is-layout-flow wp-block-column-is-layout-flow\" style=\"flex-basis:20px\"><\/div>\n\n\n\n<div class=\"wp-block-column is-layout-flow wp-block-column-is-layout-flow\">\n<iframe loading=\"lazy\" src=\"https:\/\/www.facebook.com\/plugins\/video.php?href=https%3A%2F%2Fwww.facebook.com%2FEjercitodelUruguay%2Fvideos%2F836360070605570%2F&#038;width=720&#038;show_text=false&#038;height=406&#038;appId\" width=\"720\" height=\"406\" style=\"border:none;overflow:hidden\" scrolling=\"no\" frameborder=\"0\" allowfullscreen=\"true\" allow=\"autoplay; clipboard-write; encrypted-media; picture-in-picture; web-share\" allowFullScreen=\"true\"><\/iframe>\n<\/div>\n\n\n\n<div class=\"wp-block-column is-layout-flow wp-block-column-is-layout-flow\" style=\"flex-basis:20px\"><\/div>\n<\/div>\n\n\n\n<div style=\"height:100px\" aria-hidden=\"true\" class=\"wp-block-spacer\"><\/div>\n","protected":false},"excerpt":{"rendered":"<p>29.07.2021 &#8211; Las tareas de recuperaci\u00f3n demandaron ocho meses de trabajo, para dejar en \u00f3ptimas condiciones operativas a dos veh\u00edculos M7 Vodnik y cuatro veh\u00edculos Mowag<\/p>\n","protected":false},"author":4,"featured_media":5129,"comment_status":"open","ping_status":"open","sticky":false,"template":"","format":"standard","meta":{"_coblocks_attr":"","_coblocks_dimensions":"","_coblocks_responsive_height":"","_coblocks_accordion_ie_support":"","_monsterinsights_skip_tracking":false,"_uf_show_specific_survey":0,"_uf_disable_surveys":false,"footnotes":""},"categories":[2,10,14],"tags":[35,13,59],"class_list":["post-5123","post","type-post","status-publish","format-standard","has-post-thumbnail","hentry","category-blog","category-destacados","category-noticias","tag-entrenamiento","tag-instruccion","tag-video"],"aioseo_notices":[],"aioseo_head":"\n\t\t<!-- All in One SEO 5.0.1.1 - aioseo.com -->\n\t<meta name=\"description\" content=\"29.07.2021 - Las tareas de recuperaci\u00f3n demandaron ocho meses de trabajo, para dejar en \u00f3ptimas condiciones operativas a dos veh\u00edculos M7 Vodnik y cuatro veh\u00edculos Mowag\" \/>\n\t<meta name=\"robots\" content=\"max-image-preview:large\" \/>\n\t<meta name=\"author\" content=\"Alejandro Castro\"\/>\n\t<link rel=\"canonical\" href=\"https:\/\/www.ejercito.mil.uy\/index.php\/2021\/07\/29\/evaluacion-de-vehiculos-mecanizados\/\" \/>\n\t<meta name=\"generator\" content=\"All in One SEO (AIOSEO) 5.0.1.1\" \/>\n\t\t<meta property=\"og:locale\" content=\"es_ES\" \/>\n\t\t<meta property=\"og:site_name\" content=\"Ej\u00e9rcito Nacional - La Fuerza de todos\" \/>\n\t\t<meta property=\"og:type\" content=\"article\" \/>\n\t\t<meta property=\"og:title\" content=\"Evaluaci\u00f3n de veh\u00edculos mecanizados - Ej\u00e9rcito Nacional\" \/>\n\t\t<meta property=\"og:description\" content=\"29.07.2021 - Las tareas de recuperaci\u00f3n demandaron ocho meses de trabajo, para dejar en \u00f3ptimas condiciones operativas a dos veh\u00edculos M7 Vodnik y cuatro veh\u00edculos Mowag\" \/>\n\t\t<meta property=\"og:url\" content=\"https:\/\/www.ejercito.mil.uy\/index.php\/2021\/07\/29\/evaluacion-de-vehiculos-mecanizados\/\" \/>\n\t\t<meta property=\"og:image\" content=\"https:\/\/www.ejercito.mil.uy\/wp-content\/uploads\/2022\/01\/Escudo_EN_URUGUAY.png\" \/>\n\t\t<meta property=\"og:image:secure_url\" content=\"https:\/\/www.ejercito.mil.uy\/wp-content\/uploads\/2022\/01\/Escudo_EN_URUGUAY.png\" \/>\n\t\t<meta property=\"og:image:width\" content=\"134\" \/>\n\t\t<meta property=\"og:image:height\" content=\"119\" \/>\n\t\t<meta property=\"article:published_time\" content=\"2021-07-29T22:00:52+00:00\" \/>\n\t\t<meta property=\"article:modified_time\" content=\"2024-11-05T14:26:21+00:00\" \/>\n\t\t<meta name=\"twitter:card\" content=\"summary_large_image\" \/>\n\t\t<meta name=\"twitter:title\" content=\"Evaluaci\u00f3n de veh\u00edculos mecanizados - Ej\u00e9rcito Nacional\" \/>\n\t\t<meta name=\"twitter:description\" content=\"29.07.2021 - Las tareas de recuperaci\u00f3n demandaron ocho meses de trabajo, para dejar en \u00f3ptimas condiciones operativas a dos veh\u00edculos M7 Vodnik y cuatro veh\u00edculos Mowag\" \/>\n\t\t<meta name=\"twitter:image\" content=\"https:\/\/www.ejercito.mil.uy\/wp-content\/uploads\/2022\/01\/Escudo_EN_URUGUAY.png\" \/>\n\t\t<script type=\"application\/ld+json\" class=\"aioseo-schema\">\n\t\t\t{\"@context\":\"https:\\\/\\\/schema.org\",\"@graph\":[{\"@type\":\"BlogPosting\",\"@id\":\"https:\\\/\\\/www.ejercito.mil.uy\\\/index.php\\\/2021\\\/07\\\/29\\\/evaluacion-de-vehiculos-mecanizados\\\/#blogposting\",\"name\":\"Evaluaci\\u00f3n de veh\\u00edculos mecanizados - Ej\\u00e9rcito Nacional\",\"headline\":\"Evaluaci\\u00f3n de veh\\u00edculos mecanizados\",\"author\":{\"@id\":\"https:\\\/\\\/www.ejercito.mil.uy\\\/index.php\\\/author\\\/acastro\\\/#author\"},\"publisher\":{\"@id\":\"https:\\\/\\\/www.ejercito.mil.uy\\\/#organization\"},\"image\":{\"@type\":\"ImageObject\",\"url\":\"https:\\\/\\\/www.ejercito.mil.uy\\\/wp-content\\\/uploads\\\/2021\\\/07\\\/Marcha.jpg\",\"width\":1200,\"height\":800,\"caption\":\"Marcha\"},\"datePublished\":\"2021-07-29T19:00:52-03:00\",\"dateModified\":\"2024-11-05T11:26:21-03:00\",\"inLanguage\":\"es-UY\",\"mainEntityOfPage\":{\"@id\":\"https:\\\/\\\/www.ejercito.mil.uy\\\/index.php\\\/2021\\\/07\\\/29\\\/evaluacion-de-vehiculos-mecanizados\\\/#webpage\"},\"isPartOf\":{\"@id\":\"https:\\\/\\\/www.ejercito.mil.uy\\\/index.php\\\/2021\\\/07\\\/29\\\/evaluacion-de-vehiculos-mecanizados\\\/#webpage\"},\"articleSection\":\"Blog, Destacados, Noticias, entrenamiento, instrucci\\u00f3n, video\"},{\"@type\":\"BreadcrumbList\",\"@id\":\"https:\\\/\\\/www.ejercito.mil.uy\\\/index.php\\\/2021\\\/07\\\/29\\\/evaluacion-de-vehiculos-mecanizados\\\/#breadcrumblist\",\"itemListElement\":[{\"@type\":\"ListItem\",\"@id\":\"https:\\\/\\\/www.ejercito.mil.uy#listItem\",\"position\":1,\"name\":\"Home\",\"item\":\"https:\\\/\\\/www.ejercito.mil.uy\",\"nextItem\":{\"@type\":\"ListItem\",\"@id\":\"https:\\\/\\\/www.ejercito.mil.uy\\\/index.php\\\/category\\\/destacados\\\/#listItem\",\"name\":\"Destacados\"}},{\"@type\":\"ListItem\",\"@id\":\"https:\\\/\\\/www.ejercito.mil.uy\\\/index.php\\\/category\\\/destacados\\\/#listItem\",\"position\":2,\"name\":\"Destacados\",\"item\":\"https:\\\/\\\/www.ejercito.mil.uy\\\/index.php\\\/category\\\/destacados\\\/\",\"nextItem\":{\"@type\":\"ListItem\",\"@id\":\"https:\\\/\\\/www.ejercito.mil.uy\\\/index.php\\\/category\\\/destacados\\\/noticias\\\/#listItem\",\"name\":\"Noticias\"},\"previousItem\":{\"@type\":\"ListItem\",\"@id\":\"https:\\\/\\\/www.ejercito.mil.uy#listItem\",\"name\":\"Home\"}},{\"@type\":\"ListItem\",\"@id\":\"https:\\\/\\\/www.ejercito.mil.uy\\\/index.php\\\/category\\\/destacados\\\/noticias\\\/#listItem\",\"position\":3,\"name\":\"Noticias\",\"item\":\"https:\\\/\\\/www.ejercito.mil.uy\\\/index.php\\\/category\\\/destacados\\\/noticias\\\/\",\"nextItem\":{\"@type\":\"ListItem\",\"@id\":\"https:\\\/\\\/www.ejercito.mil.uy\\\/index.php\\\/2021\\\/07\\\/29\\\/evaluacion-de-vehiculos-mecanizados\\\/#listItem\",\"name\":\"Evaluaci\\u00f3n de veh\\u00edculos mecanizados\"},\"previousItem\":{\"@type\":\"ListItem\",\"@id\":\"https:\\\/\\\/www.ejercito.mil.uy\\\/index.php\\\/category\\\/destacados\\\/#listItem\",\"name\":\"Destacados\"}},{\"@type\":\"ListItem\",\"@id\":\"https:\\\/\\\/www.ejercito.mil.uy\\\/index.php\\\/2021\\\/07\\\/29\\\/evaluacion-de-vehiculos-mecanizados\\\/#listItem\",\"position\":4,\"name\":\"Evaluaci\\u00f3n de veh\\u00edculos mecanizados\",\"previousItem\":{\"@type\":\"ListItem\",\"@id\":\"https:\\\/\\\/www.ejercito.mil.uy\\\/index.php\\\/category\\\/destacados\\\/noticias\\\/#listItem\",\"name\":\"Noticias\"}}]},{\"@type\":\"Organization\",\"@id\":\"https:\\\/\\\/www.ejercito.mil.uy\\\/#organization\",\"name\":\"Ej\\u00e9rcito Nacional\",\"description\":\"La Fuerza de todos\",\"url\":\"https:\\\/\\\/www.ejercito.mil.uy\\\/\",\"logo\":{\"@type\":\"ImageObject\",\"url\":\"https:\\\/\\\/www.ejercito.mil.uy\\\/wp-content\\\/uploads\\\/2022\\\/01\\\/Escudo_EN_URUGUAY.png\",\"@id\":\"https:\\\/\\\/www.ejercito.mil.uy\\\/index.php\\\/2021\\\/07\\\/29\\\/evaluacion-de-vehiculos-mecanizados\\\/#organizationLogo\",\"width\":134,\"height\":119},\"image\":{\"@id\":\"https:\\\/\\\/www.ejercito.mil.uy\\\/index.php\\\/2021\\\/07\\\/29\\\/evaluacion-de-vehiculos-mecanizados\\\/#organizationLogo\"}},{\"@type\":\"Person\",\"@id\":\"https:\\\/\\\/www.ejercito.mil.uy\\\/index.php\\\/author\\\/acastro\\\/#author\",\"url\":\"https:\\\/\\\/www.ejercito.mil.uy\\\/index.php\\\/author\\\/acastro\\\/\",\"name\":\"Alejandro Castro\",\"image\":{\"@type\":\"ImageObject\",\"@id\":\"https:\\\/\\\/www.ejercito.mil.uy\\\/index.php\\\/2021\\\/07\\\/29\\\/evaluacion-de-vehiculos-mecanizados\\\/#authorImage\",\"url\":\"https:\\\/\\\/secure.gravatar.com\\\/avatar\\\/89bb77d4bf696501dd94ca89e6794e1787eaffba7c7197528d249e15bd099f68?s=96&d=mm&r=g\",\"width\":96,\"height\":96,\"caption\":\"Alejandro Castro\"}},{\"@type\":\"WebPage\",\"@id\":\"https:\\\/\\\/www.ejercito.mil.uy\\\/index.php\\\/2021\\\/07\\\/29\\\/evaluacion-de-vehiculos-mecanizados\\\/#webpage\",\"url\":\"https:\\\/\\\/www.ejercito.mil.uy\\\/index.php\\\/2021\\\/07\\\/29\\\/evaluacion-de-vehiculos-mecanizados\\\/\",\"name\":\"Evaluaci\\u00f3n de veh\\u00edculos mecanizados - Ej\\u00e9rcito Nacional\",\"description\":\"29.07.2021 - Las tareas de recuperaci\\u00f3n demandaron ocho meses de trabajo, para dejar en \\u00f3ptimas condiciones operativas a dos veh\\u00edculos M7 Vodnik y cuatro veh\\u00edculos Mowag\",\"inLanguage\":\"es-UY\",\"isPartOf\":{\"@id\":\"https:\\\/\\\/www.ejercito.mil.uy\\\/#website\"},\"breadcrumb\":{\"@id\":\"https:\\\/\\\/www.ejercito.mil.uy\\\/index.php\\\/2021\\\/07\\\/29\\\/evaluacion-de-vehiculos-mecanizados\\\/#breadcrumblist\"},\"author\":{\"@id\":\"https:\\\/\\\/www.ejercito.mil.uy\\\/index.php\\\/author\\\/acastro\\\/#author\"},\"creator\":{\"@id\":\"https:\\\/\\\/www.ejercito.mil.uy\\\/index.php\\\/author\\\/acastro\\\/#author\"},\"image\":{\"@type\":\"ImageObject\",\"url\":\"https:\\\/\\\/www.ejercito.mil.uy\\\/wp-content\\\/uploads\\\/2021\\\/07\\\/Marcha.jpg\",\"@id\":\"https:\\\/\\\/www.ejercito.mil.uy\\\/index.php\\\/2021\\\/07\\\/29\\\/evaluacion-de-vehiculos-mecanizados\\\/#mainImage\",\"width\":1200,\"height\":800,\"caption\":\"Marcha\"},\"primaryImageOfPage\":{\"@id\":\"https:\\\/\\\/www.ejercito.mil.uy\\\/index.php\\\/2021\\\/07\\\/29\\\/evaluacion-de-vehiculos-mecanizados\\\/#mainImage\"},\"datePublished\":\"2021-07-29T19:00:52-03:00\",\"dateModified\":\"2024-11-05T11:26:21-03:00\"},{\"@type\":\"WebSite\",\"@id\":\"https:\\\/\\\/www.ejercito.mil.uy\\\/#website\",\"url\":\"https:\\\/\\\/www.ejercito.mil.uy\\\/\",\"name\":\"Ej\\u00e9rcito Nacional\",\"description\":\"La Fuerza de todos\",\"inLanguage\":\"es-UY\",\"publisher\":{\"@id\":\"https:\\\/\\\/www.ejercito.mil.uy\\\/#organization\"}}]}\n\t\t<\/script>\n\t\t<!-- All in One SEO -->\n\n","aioseo_head_json":{"title":"Evaluaci\u00f3n de veh\u00edculos mecanizados - Ej\u00e9rcito Nacional","description":"29.07.2021 - Las tareas de recuperaci\u00f3n demandaron ocho meses de trabajo, para dejar en \u00f3ptimas condiciones operativas a dos veh\u00edculos M7 Vodnik y cuatro veh\u00edculos Mowag","canonical_url":"https:\/\/www.ejercito.mil.uy\/index.php\/2021\/07\/29\/evaluacion-de-vehiculos-mecanizados\/","robots":"max-image-preview:large","keywords":"","webmasterTools":{"miscellaneous":""},"schema":{"@context":"https:\/\/schema.org","@graph":[{"@type":"BlogPosting","@id":"https:\/\/www.ejercito.mil.uy\/index.php\/2021\/07\/29\/evaluacion-de-vehiculos-mecanizados\/#blogposting","name":"Evaluaci\u00f3n de veh\u00edculos mecanizados - Ej\u00e9rcito Nacional","headline":"Evaluaci\u00f3n de veh\u00edculos mecanizados","author":{"@id":"https:\/\/www.ejercito.mil.uy\/index.php\/author\/acastro\/#author"},"publisher":{"@id":"https:\/\/www.ejercito.mil.uy\/#organization"},"image":{"@type":"ImageObject","url":"https:\/\/www.ejercito.mil.uy\/wp-content\/uploads\/2021\/07\/Marcha.jpg","width":1200,"height":800,"caption":"Marcha"},"datePublished":"2021-07-29T19:00:52-03:00","dateModified":"2024-11-05T11:26:21-03:00","inLanguage":"es-UY","mainEntityOfPage":{"@id":"https:\/\/www.ejercito.mil.uy\/index.php\/2021\/07\/29\/evaluacion-de-vehiculos-mecanizados\/#webpage"},"isPartOf":{"@id":"https:\/\/www.ejercito.mil.uy\/index.php\/2021\/07\/29\/evaluacion-de-vehiculos-mecanizados\/#webpage"},"articleSection":"Blog, Destacados, Noticias, entrenamiento, instrucci\u00f3n, video"},{"@type":"BreadcrumbList","@id":"https:\/\/www.ejercito.mil.uy\/index.php\/2021\/07\/29\/evaluacion-de-vehiculos-mecanizados\/#breadcrumblist","itemListElement":[{"@type":"ListItem","@id":"https:\/\/www.ejercito.mil.uy#listItem","position":1,"name":"Home","item":"https:\/\/www.ejercito.mil.uy","nextItem":{"@type":"ListItem","@id":"https:\/\/www.ejercito.mil.uy\/index.php\/category\/destacados\/#listItem","name":"Destacados"}},{"@type":"ListItem","@id":"https:\/\/www.ejercito.mil.uy\/index.php\/category\/destacados\/#listItem","position":2,"name":"Destacados","item":"https:\/\/www.ejercito.mil.uy\/index.php\/category\/destacados\/","nextItem":{"@type":"ListItem","@id":"https:\/\/www.ejercito.mil.uy\/index.php\/category\/destacados\/noticias\/#listItem","name":"Noticias"},"previousItem":{"@type":"ListItem","@id":"https:\/\/www.ejercito.mil.uy#listItem","name":"Home"}},{"@type":"ListItem","@id":"https:\/\/www.ejercito.mil.uy\/index.php\/category\/destacados\/noticias\/#listItem","position":3,"name":"Noticias","item":"https:\/\/www.ejercito.mil.uy\/index.php\/category\/destacados\/noticias\/","nextItem":{"@type":"ListItem","@id":"https:\/\/www.ejercito.mil.uy\/index.php\/2021\/07\/29\/evaluacion-de-vehiculos-mecanizados\/#listItem","name":"Evaluaci\u00f3n de veh\u00edculos mecanizados"},"previousItem":{"@type":"ListItem","@id":"https:\/\/www.ejercito.mil.uy\/index.php\/category\/destacados\/#listItem","name":"Destacados"}},{"@type":"ListItem","@id":"https:\/\/www.ejercito.mil.uy\/index.php\/2021\/07\/29\/evaluacion-de-vehiculos-mecanizados\/#listItem","position":4,"name":"Evaluaci\u00f3n de veh\u00edculos mecanizados","previousItem":{"@type":"ListItem","@id":"https:\/\/www.ejercito.mil.uy\/index.php\/category\/destacados\/noticias\/#listItem","name":"Noticias"}}]},{"@type":"Organization","@id":"https:\/\/www.ejercito.mil.uy\/#organization","name":"Ej\u00e9rcito Nacional","description":"La Fuerza de todos","url":"https:\/\/www.ejercito.mil.uy\/","logo":{"@type":"ImageObject","url":"https:\/\/www.ejercito.mil.uy\/wp-content\/uploads\/2022\/01\/Escudo_EN_URUGUAY.png","@id":"https:\/\/www.ejercito.mil.uy\/index.php\/2021\/07\/29\/evaluacion-de-vehiculos-mecanizados\/#organizationLogo","width":134,"height":119},"image":{"@id":"https:\/\/www.ejercito.mil.uy\/index.php\/2021\/07\/29\/evaluacion-de-vehiculos-mecanizados\/#organizationLogo"}},{"@type":"Person","@id":"https:\/\/www.ejercito.mil.uy\/index.php\/author\/acastro\/#author","url":"https:\/\/www.ejercito.mil.uy\/index.php\/author\/acastro\/","name":"Alejandro Castro","image":{"@type":"ImageObject","@id":"https:\/\/www.ejercito.mil.uy\/index.php\/2021\/07\/29\/evaluacion-de-vehiculos-mecanizados\/#authorImage","url":"https:\/\/secure.gravatar.com\/avatar\/89bb77d4bf696501dd94ca89e6794e1787eaffba7c7197528d249e15bd099f68?s=96&d=mm&r=g","width":96,"height":96,"caption":"Alejandro Castro"}},{"@type":"WebPage","@id":"https:\/\/www.ejercito.mil.uy\/index.php\/2021\/07\/29\/evaluacion-de-vehiculos-mecanizados\/#webpage","url":"https:\/\/www.ejercito.mil.uy\/index.php\/2021\/07\/29\/evaluacion-de-vehiculos-mecanizados\/","name":"Evaluaci\u00f3n de veh\u00edculos mecanizados - Ej\u00e9rcito Nacional","description":"29.07.2021 - Las tareas de recuperaci\u00f3n demandaron ocho meses de trabajo, para dejar en \u00f3ptimas condiciones operativas a dos veh\u00edculos M7 Vodnik y cuatro veh\u00edculos Mowag","inLanguage":"es-UY","isPartOf":{"@id":"https:\/\/www.ejercito.mil.uy\/#website"},"breadcrumb":{"@id":"https:\/\/www.ejercito.mil.uy\/index.php\/2021\/07\/29\/evaluacion-de-vehiculos-mecanizados\/#breadcrumblist"},"author":{"@id":"https:\/\/www.ejercito.mil.uy\/index.php\/author\/acastro\/#author"},"creator":{"@id":"https:\/\/www.ejercito.mil.uy\/index.php\/author\/acastro\/#author"},"image":{"@type":"ImageObject","url":"https:\/\/www.ejercito.mil.uy\/wp-content\/uploads\/2021\/07\/Marcha.jpg","@id":"https:\/\/www.ejercito.mil.uy\/index.php\/2021\/07\/29\/evaluacion-de-vehiculos-mecanizados\/#mainImage","width":1200,"height":800,"caption":"Marcha"},"primaryImageOfPage":{"@id":"https:\/\/www.ejercito.mil.uy\/index.php\/2021\/07\/29\/evaluacion-de-vehiculos-mecanizados\/#mainImage"},"datePublished":"2021-07-29T19:00:52-03:00","dateModified":"2024-11-05T11:26:21-03:00"},{"@type":"WebSite","@id":"https:\/\/www.ejercito.mil.uy\/#website","url":"https:\/\/www.ejercito.mil.uy\/","name":"Ej\u00e9rcito Nacional","description":"La Fuerza de todos","inLanguage":"es-UY","publisher":{"@id":"https:\/\/www.ejercito.mil.uy\/#organization"}}]},"og:locale":"es_ES","og:site_name":"Ej\u00e9rcito Nacional - La Fuerza de todos","og:type":"article","og:title":"Evaluaci\u00f3n de veh\u00edculos mecanizados - Ej\u00e9rcito Nacional","og:description":"29.07.2021 - Las tareas de recuperaci\u00f3n demandaron ocho meses de trabajo, para dejar en \u00f3ptimas condiciones operativas a dos veh\u00edculos M7 Vodnik y cuatro veh\u00edculos Mowag","og:url":"https:\/\/www.ejercito.mil.uy\/index.php\/2021\/07\/29\/evaluacion-de-vehiculos-mecanizados\/","og:image":"https:\/\/www.ejercito.mil.uy\/wp-content\/uploads\/2022\/01\/Escudo_EN_URUGUAY.png","og:image:secure_url":"https:\/\/www.ejercito.mil.uy\/wp-content\/uploads\/2022\/01\/Escudo_EN_URUGUAY.png","og:image:width":134,"og:image:height":119,"article:published_time":"2021-07-29T22:00:52+00:00","article:modified_time":"2024-11-05T14:26:21+00:00","twitter:card":"summary_large_image","twitter:title":"Evaluaci\u00f3n de veh\u00edculos mecanizados - Ej\u00e9rcito Nacional","twitter:description":"29.07.2021 - Las tareas de recuperaci\u00f3n demandaron ocho meses de trabajo, para dejar en \u00f3ptimas condiciones operativas a dos veh\u00edculos M7 Vodnik y cuatro veh\u00edculos Mowag","twitter:image":"https:\/\/www.ejercito.mil.uy\/wp-content\/uploads\/2022\/01\/Escudo_EN_URUGUAY.png"},"aioseo_meta_data":{"post_id":"5123","title":null,"description":null,"keywords":null,"keyphrases":{"focus":[],"additional":[]},"primary_term":null,"canonical_url":null,"og_title":null,"og_description":null,"og_object_type":"default","og_image_type":"default","og_image_url":null,"og_image_width":null,"og_image_height":null,"og_image_custom_url":null,"og_image_custom_fields":null,"og_video":null,"og_custom_url":null,"og_article_section":null,"og_article_tags":null,"twitter_use_og":false,"twitter_card":"default","twitter_image_type":"default","twitter_image_url":null,"twitter_image_custom_url":null,"twitter_image_custom_fields":null,"twitter_title":null,"twitter_description":null,"schema":{"blockGraphs":[],"customGraphs":[],"default":{"data":{"Article":[],"Course":[],"Dataset":[],"FAQPage":[],"Movie":[],"Person":[],"Product":[],"ProductReview":[],"Car":[],"Recipe":[],"Service":[],"SoftwareApplication":[],"WebPage":[]},"graphName":"","isEnabled":true},"graphs":[]},"schema_type":"default","schema_type_options":null,"pillar_content":false,"robots_default":true,"robots_noindex":false,"robots_noarchive":false,"robots_nosnippet":false,"robots_nofollow":false,"robots_noimageindex":false,"robots_noodp":false,"robots_notranslate":false,"robots_max_snippet":null,"robots_max_videopreview":null,"robots_max_imagepreview":"large","priority":null,"frequency":null,"local_seo":null,"breadcrumb_settings":null,"limit_modified_date":false,"ai":null,"created":"2025-08-30 02:06:34","updated":"2026-09-01 18:32:26","seo_analyzer_scan_date":null,"focus_keyword":null,"additional_keywords":null,"truseo_locale":null},"aioseo_breadcrumb":"<div class=\"aioseo-breadcrumbs\"><span class=\"aioseo-breadcrumb\">\n\t\t\t<a href=\"https:\/\/www.ejercito.mil.uy\" title=\"Home\">Home<\/a>\n\t\t<\/span><span class=\"aioseo-breadcrumb-separator\">&raquo;<\/span><span class=\"aioseo-breadcrumb\">\n\t\t\t<a href=\"https:\/\/www.ejercito.mil.uy\/index.php\/category\/destacados\/\" title=\"Destacados\">Destacados<\/a>\n\t\t<\/span><span class=\"aioseo-breadcrumb-separator\">&raquo;<\/span><span class=\"aioseo-breadcrumb\">\n\t\t\t<a href=\"https:\/\/www.ejercito.mil.uy\/index.php\/category\/destacados\/noticias\/\" title=\"Noticias\">Noticias<\/a>\n\t\t<\/span><span class=\"aioseo-breadcrumb-separator\">&raquo;<\/span><span class=\"aioseo-breadcrumb\">\n\t\t\tEvaluaci\u00f3n de veh\u00edculos mecanizados\n\t\t<\/span><\/div>","aioseo_breadcrumb_json":[{"label":"Home","link":"https:\/\/www.ejercito.mil.uy"},{"label":"Destacados","link":"https:\/\/www.ejercito.mil.uy\/index.php\/category\/destacados\/"},{"label":"Noticias","link":"https:\/\/www.ejercito.mil.uy\/index.php\/category\/destacados\/noticias\/"},{"label":"Evaluaci\u00f3n de veh\u00edculos mecanizados","link":"https:\/\/www.ejercito.mil.uy\/index.php\/2021\/07\/29\/evaluacion-de-vehiculos-mecanizados\/"}],"_links":{"self":[{"href":"https:\/\/www.ejercito.mil.uy\/index.php\/wp-json\/wp\/v2\/posts\/5123","targetHints":{"allow":["GET"]}}],"collection":[{"href":"https:\/\/www.ejercito.mil.uy\/index.php\/wp-json\/wp\/v2\/posts"}],"about":[{"href":"https:\/\/www.ejercito.mil.uy\/index.php\/wp-json\/wp\/v2\/types\/post"}],"author":[{"embeddable":true,"href":"https:\/\/www.ejercito.mil.uy\/index.php\/wp-json\/wp\/v2\/users\/4"}],"replies":[{"embeddable":true,"href":"https:\/\/www.ejercito.mil.uy\/index.php\/wp-json\/wp\/v2\/comments?post=5123"}],"version-history":[{"count":4,"href":"https:\/\/www.ejercito.mil.uy\/index.php\/wp-json\/wp\/v2\/posts\/5123\/revisions"}],"predecessor-version":[{"id":36841,"href":"https:\/\/www.ejercito.mil.uy\/index.php\/wp-json\/wp\/v2\/posts\/5123\/revisions\/36841"}],"wp:featuredmedia":[{"embeddable":true,"href":"https:\/\/www.ejercito.mil.uy\/index.php\/wp-json\/wp\/v2\/media\/5129"}],"wp:attachment":[{"href":"https:\/\/www.ejercito.mil.uy\/index.php\/wp-json\/wp\/v2\/media?parent=5123"}],"wp:term":[{"taxonomy":"category","embeddable":true,"href":"https:\/\/www.ejercito.mil.uy\/index.php\/wp-json\/wp\/v2\/categories?post=5123"},{"taxonomy":"post_tag","embeddable":true,"href":"https:\/\/www.ejercito.mil.uy\/index.php\/wp-json\/wp\/v2\/tags?post=5123"}],"curies":[{"name":"wp","href":"https:\/\/api.w.org\/{rel}","templated":true}]}}