{"id":5136,"date":"2021-08-03T11:33:25","date_gmt":"2021-08-03T14:33:25","guid":{"rendered":"https:\/\/www.ejercito.mil.uy\/?p=5136"},"modified":"2021-08-04T08:38:55","modified_gmt":"2021-08-04T11:38:55","slug":"la-solidaridad-como-valor-fundamental-2","status":"publish","type":"post","link":"https:\/\/www.ejercito.mil.uy\/index.php\/2021\/08\/03\/la-solidaridad-como-valor-fundamental-2\/","title":{"rendered":"La solidaridad como valor fundamental"},"content":{"rendered":"\n<p class=\"wp-block-paragraph\" style=\"font-size:14px\">03.08.2021 &#8211; Rocha<\/p>\n\n\n\n<div style=\"height:33px\" aria-hidden=\"true\" class=\"wp-block-spacer\"><\/div>\n\n\n\n<p class=\"has-medium-font-size wp-block-paragraph\">El <a href=\"https:\/\/www.facebook.com\/clubleonesrochasolnaciente\/?__cft__[0]=AZVKlo8x44g1RppgOQKzYE3kIc8CEgnSF8xL3iyz72xp1jKorTXk54G-BK1-FNR8TejSpkBRwJJQwqiNTMKFqDRkm-0B-XnNkZ9B3TGR8XDDAooFV0knwzEVnuVY459EtUypr8e1p5P1mfY9xqAAfk2n&amp;__tn__=kK-R\" target=\"_blank\" rel=\"noreferrer noopener\"><strong>Club de Leones Rocha Sol Naciente<\/strong><\/a> junto al Dr. de la Oficina Territorial del <a href=\"https:\/\/www.facebook.com\/midesuy\/?__cft__[0]=AZVKlo8x44g1RppgOQKzYE3kIc8CEgnSF8xL3iyz72xp1jKorTXk54G-BK1-FNR8TejSpkBRwJJQwqiNTMKFqDRkm-0B-XnNkZ9B3TGR8XDDAooFV0knwzEVnuVY459EtUypr8e1p5P1mfY9xqAAfk2n&amp;__tn__=kK-R\" target=\"_blank\" rel=\"noreferrer noopener\"><strong>MIDES<\/strong><\/a>, Sr. Jos\u00e9 Luis Molina entregaron al <a href=\"https:\/\/www.facebook.com\/Batall%C3%B3n-General-Leonardo-Olivera-de-Infanteria-Mecanizado-Nro-12-317047078470716\/?__cft__[0]=AZVKlo8x44g1RppgOQKzYE3kIc8CEgnSF8xL3iyz72xp1jKorTXk54G-BK1-FNR8TejSpkBRwJJQwqiNTMKFqDRkm-0B-XnNkZ9B3TGR8XDDAooFV0knwzEVnuVY459EtUypr8e1p5P1mfY9xqAAfk2n&amp;__tn__=kK-R\" target=\"_blank\" rel=\"noreferrer noopener\"><strong>Batall\u00f3n \u00abGral. Leonardo Olivera\u00bb de Infanter\u00eda Mecanizado N\u00ba 12<\/strong><\/a> una multiprocesadora industrial.<\/p>\n\n\n\n<div style=\"height:33px\" aria-hidden=\"true\" class=\"wp-block-spacer\"><\/div>\n\n\n\n<p class=\"wp-block-paragraph\">Esta facilitar\u00e1 y reducir\u00e1 el tiempo para procesar las verduras, durante la elaboraci\u00f3n de las viandas del <strong>Plan Invierno<\/strong>.<\/p>\n\n\n\n<div style=\"height:33px\" aria-hidden=\"true\" class=\"wp-block-spacer\"><\/div>\n\n\n\n<p class=\"wp-block-paragraph\">La Unidad confecciona 1.280 platos de comida cada fin de semana, en coordinaci\u00f3n con el MIDES y la Intendencia, que son distribuidos en distintos puntos de abastecimiento de la ciudad rochense, para ayudar a los compatriotas en situaci\u00f3n de vulnerabilidad.<\/p>\n\n\n\n<div style=\"height:55px\" aria-hidden=\"true\" class=\"wp-block-spacer\"><\/div>\n\n\n\n<figure class=\"wp-block-gallery columns-2 is-cropped coblocks-animate has-lightbox wp-block-gallery-1 is-layout-flex wp-block-gallery-is-layout-flex\" data-coblocks-animation=\"clipHorizontal\"><ul class=\"blocks-gallery-grid\"><li class=\"blocks-gallery-item\"><figure><img loading=\"lazy\" decoding=\"async\" width=\"1024\" height=\"683\" src=\"https:\/\/www.ejercito.mil.uy\/wp-content\/uploads\/2021\/08\/Donacion-1-1024x683.jpg\" alt=\"\" data-id=\"5138\" data-full-url=\"https:\/\/www.ejercito.mil.uy\/wp-content\/uploads\/2021\/08\/Donacion-1.jpg\" data-link=\"https:\/\/www.ejercito.mil.uy\/?attachment_id=5138\" class=\"wp-image-5138\" srcset=\"https:\/\/www.ejercito.mil.uy\/wp-content\/uploads\/2021\/08\/Donacion-1-1024x683.jpg 1024w, https:\/\/www.ejercito.mil.uy\/wp-content\/uploads\/2021\/08\/Donacion-1-300x200.jpg 300w, https:\/\/www.ejercito.mil.uy\/wp-content\/uploads\/2021\/08\/Donacion-1.jpg 1200w\" sizes=\"auto, (max-width: 1024px) 100vw, 1024px\" \/><\/figure><\/li><li class=\"blocks-gallery-item\"><figure><img loading=\"lazy\" decoding=\"async\" width=\"1024\" height=\"683\" src=\"https:\/\/www.ejercito.mil.uy\/wp-content\/uploads\/2021\/08\/Donacion-3-1024x683.jpg\" alt=\"\" data-id=\"5139\" data-full-url=\"https:\/\/www.ejercito.mil.uy\/wp-content\/uploads\/2021\/08\/Donacion-3.jpg\" data-link=\"https:\/\/www.ejercito.mil.uy\/?attachment_id=5139\" class=\"wp-image-5139\" srcset=\"https:\/\/www.ejercito.mil.uy\/wp-content\/uploads\/2021\/08\/Donacion-3-1024x683.jpg 1024w, https:\/\/www.ejercito.mil.uy\/wp-content\/uploads\/2021\/08\/Donacion-3-300x200.jpg 300w, https:\/\/www.ejercito.mil.uy\/wp-content\/uploads\/2021\/08\/Donacion-3.jpg 1200w\" sizes=\"auto, (max-width: 1024px) 100vw, 1024px\" \/><\/figure><\/li><\/ul><\/figure>\n\n\n\n<div style=\"height:33px\" aria-hidden=\"true\" class=\"wp-block-spacer\"><\/div>\n","protected":false},"excerpt":{"rendered":"<p>03.08.2021 &#8211; El Club de Leones Rocha Sol Naciente junto al Dr. de la Oficina Territorial del MIDES, Sr. Jos\u00e9 Luis Molina entregaron al Batall\u00f3n \u00abGral. Leonardo Olivera\u00bb de Infanter\u00eda Mecanizado N\u00ba 12 una multiprocesadora industrial.<\/p>\n","protected":false},"author":4,"featured_media":5140,"comment_status":"open","ping_status":"open","sticky":false,"template":"","format":"standard","meta":{"_coblocks_attr":"","_coblocks_dimensions":"","_coblocks_responsive_height":"","_coblocks_accordion_ie_support":"","_monsterinsights_skip_tracking":false,"_uf_show_specific_survey":0,"_uf_disable_surveys":false,"footnotes":""},"categories":[2,10,14],"tags":[36,27,32,152,37],"class_list":["post-5136","post","type-post","status-publish","format-standard","has-post-thumbnail","hentry","category-blog","category-destacados","category-noticias","tag-alimentacion","tag-apoyo","tag-bienestar","tag-mides","tag-sociedad"],"aioseo_notices":[],"aioseo_head":"\n\t\t<!-- All in One SEO 5.0.1.1 - aioseo.com -->\n\t<meta name=\"description\" content=\"03.08.2021 - El Club de Leones Rocha Sol Naciente junto al Dr. de la Oficina Territorial del MIDES, Sr. Jos\u00e9 Luis Molina entregaron al Batall\u00f3n &quot;Gral. Leonardo Olivera&quot; de Infanter\u00eda Mecanizado N\u00ba 12 una multiprocesadora industrial.\" \/>\n\t<meta name=\"robots\" content=\"max-image-preview:large\" \/>\n\t<meta name=\"author\" content=\"Alejandro Castro\"\/>\n\t<link rel=\"canonical\" href=\"https:\/\/www.ejercito.mil.uy\/index.php\/2021\/08\/03\/la-solidaridad-como-valor-fundamental-2\/\" \/>\n\t<meta name=\"generator\" content=\"All in One SEO (AIOSEO) 5.0.1.1\" \/>\n\t\t<meta property=\"og:locale\" content=\"es_ES\" \/>\n\t\t<meta property=\"og:site_name\" content=\"Ej\u00e9rcito Nacional - La Fuerza de todos\" \/>\n\t\t<meta property=\"og:type\" content=\"article\" \/>\n\t\t<meta property=\"og:title\" content=\"La solidaridad como valor fundamental - Ej\u00e9rcito Nacional\" \/>\n\t\t<meta property=\"og:description\" content=\"03.08.2021 - El Club de Leones Rocha Sol Naciente junto al Dr. de la Oficina Territorial del MIDES, Sr. Jos\u00e9 Luis Molina entregaron al Batall\u00f3n &quot;Gral. Leonardo Olivera&quot; de Infanter\u00eda Mecanizado N\u00ba 12 una multiprocesadora industrial.\" \/>\n\t\t<meta property=\"og:url\" content=\"https:\/\/www.ejercito.mil.uy\/index.php\/2021\/08\/03\/la-solidaridad-como-valor-fundamental-2\/\" \/>\n\t\t<meta property=\"og:image\" content=\"https:\/\/www.ejercito.mil.uy\/wp-content\/uploads\/2022\/01\/Escudo_EN_URUGUAY.png\" \/>\n\t\t<meta property=\"og:image:secure_url\" content=\"https:\/\/www.ejercito.mil.uy\/wp-content\/uploads\/2022\/01\/Escudo_EN_URUGUAY.png\" \/>\n\t\t<meta property=\"og:image:width\" content=\"134\" \/>\n\t\t<meta property=\"og:image:height\" content=\"119\" \/>\n\t\t<meta property=\"article:published_time\" content=\"2021-08-03T14:33:25+00:00\" \/>\n\t\t<meta property=\"article:modified_time\" content=\"2021-08-04T11:38:55+00:00\" \/>\n\t\t<meta name=\"twitter:card\" content=\"summary_large_image\" \/>\n\t\t<meta name=\"twitter:title\" content=\"La solidaridad como valor fundamental - Ej\u00e9rcito Nacional\" \/>\n\t\t<meta name=\"twitter:description\" content=\"03.08.2021 - El Club de Leones Rocha Sol Naciente junto al Dr. de la Oficina Territorial del MIDES, Sr. Jos\u00e9 Luis Molina entregaron al Batall\u00f3n &quot;Gral. Leonardo Olivera&quot; de Infanter\u00eda Mecanizado N\u00ba 12 una multiprocesadora industrial.\" \/>\n\t\t<meta name=\"twitter:image\" content=\"https:\/\/www.ejercito.mil.uy\/wp-content\/uploads\/2022\/01\/Escudo_EN_URUGUAY.png\" \/>\n\t\t<script type=\"application\/ld+json\" class=\"aioseo-schema\">\n\t\t\t{\"@context\":\"https:\\\/\\\/schema.org\",\"@graph\":[{\"@type\":\"BlogPosting\",\"@id\":\"https:\\\/\\\/www.ejercito.mil.uy\\\/index.php\\\/2021\\\/08\\\/03\\\/la-solidaridad-como-valor-fundamental-2\\\/#blogposting\",\"name\":\"La solidaridad como valor fundamental - Ej\\u00e9rcito Nacional\",\"headline\":\"La solidaridad como valor fundamental\",\"author\":{\"@id\":\"https:\\\/\\\/www.ejercito.mil.uy\\\/index.php\\\/author\\\/acastro\\\/#author\"},\"publisher\":{\"@id\":\"https:\\\/\\\/www.ejercito.mil.uy\\\/#organization\"},\"image\":{\"@type\":\"ImageObject\",\"url\":\"https:\\\/\\\/www.ejercito.mil.uy\\\/wp-content\\\/uploads\\\/2021\\\/08\\\/Donacion-2.jpg\",\"width\":1200,\"height\":800,\"caption\":\"Donaci\\u00f3n\"},\"datePublished\":\"2021-08-03T11:33:25-03:00\",\"dateModified\":\"2021-08-04T08:38:55-03:00\",\"inLanguage\":\"es-UY\",\"mainEntityOfPage\":{\"@id\":\"https:\\\/\\\/www.ejercito.mil.uy\\\/index.php\\\/2021\\\/08\\\/03\\\/la-solidaridad-como-valor-fundamental-2\\\/#webpage\"},\"isPartOf\":{\"@id\":\"https:\\\/\\\/www.ejercito.mil.uy\\\/index.php\\\/2021\\\/08\\\/03\\\/la-solidaridad-como-valor-fundamental-2\\\/#webpage\"},\"articleSection\":\"Blog, Destacados, Noticias, alimentaci\\u00f3n, apoyo, bienestar, MIDES, sociedad\"},{\"@type\":\"BreadcrumbList\",\"@id\":\"https:\\\/\\\/www.ejercito.mil.uy\\\/index.php\\\/2021\\\/08\\\/03\\\/la-solidaridad-como-valor-fundamental-2\\\/#breadcrumblist\",\"itemListElement\":[{\"@type\":\"ListItem\",\"@id\":\"https:\\\/\\\/www.ejercito.mil.uy#listItem\",\"position\":1,\"name\":\"Home\",\"item\":\"https:\\\/\\\/www.ejercito.mil.uy\",\"nextItem\":{\"@type\":\"ListItem\",\"@id\":\"https:\\\/\\\/www.ejercito.mil.uy\\\/index.php\\\/category\\\/destacados\\\/#listItem\",\"name\":\"Destacados\"}},{\"@type\":\"ListItem\",\"@id\":\"https:\\\/\\\/www.ejercito.mil.uy\\\/index.php\\\/category\\\/destacados\\\/#listItem\",\"position\":2,\"name\":\"Destacados\",\"item\":\"https:\\\/\\\/www.ejercito.mil.uy\\\/index.php\\\/category\\\/destacados\\\/\",\"nextItem\":{\"@type\":\"ListItem\",\"@id\":\"https:\\\/\\\/www.ejercito.mil.uy\\\/index.php\\\/category\\\/destacados\\\/noticias\\\/#listItem\",\"name\":\"Noticias\"},\"previousItem\":{\"@type\":\"ListItem\",\"@id\":\"https:\\\/\\\/www.ejercito.mil.uy#listItem\",\"name\":\"Home\"}},{\"@type\":\"ListItem\",\"@id\":\"https:\\\/\\\/www.ejercito.mil.uy\\\/index.php\\\/category\\\/destacados\\\/noticias\\\/#listItem\",\"position\":3,\"name\":\"Noticias\",\"item\":\"https:\\\/\\\/www.ejercito.mil.uy\\\/index.php\\\/category\\\/destacados\\\/noticias\\\/\",\"nextItem\":{\"@type\":\"ListItem\",\"@id\":\"https:\\\/\\\/www.ejercito.mil.uy\\\/index.php\\\/2021\\\/08\\\/03\\\/la-solidaridad-como-valor-fundamental-2\\\/#listItem\",\"name\":\"La solidaridad como valor fundamental\"},\"previousItem\":{\"@type\":\"ListItem\",\"@id\":\"https:\\\/\\\/www.ejercito.mil.uy\\\/index.php\\\/category\\\/destacados\\\/#listItem\",\"name\":\"Destacados\"}},{\"@type\":\"ListItem\",\"@id\":\"https:\\\/\\\/www.ejercito.mil.uy\\\/index.php\\\/2021\\\/08\\\/03\\\/la-solidaridad-como-valor-fundamental-2\\\/#listItem\",\"position\":4,\"name\":\"La solidaridad como valor fundamental\",\"previousItem\":{\"@type\":\"ListItem\",\"@id\":\"https:\\\/\\\/www.ejercito.mil.uy\\\/index.php\\\/category\\\/destacados\\\/noticias\\\/#listItem\",\"name\":\"Noticias\"}}]},{\"@type\":\"Organization\",\"@id\":\"https:\\\/\\\/www.ejercito.mil.uy\\\/#organization\",\"name\":\"Ej\\u00e9rcito Nacional\",\"description\":\"La Fuerza de todos\",\"url\":\"https:\\\/\\\/www.ejercito.mil.uy\\\/\",\"logo\":{\"@type\":\"ImageObject\",\"url\":\"https:\\\/\\\/www.ejercito.mil.uy\\\/wp-content\\\/uploads\\\/2022\\\/01\\\/Escudo_EN_URUGUAY.png\",\"@id\":\"https:\\\/\\\/www.ejercito.mil.uy\\\/index.php\\\/2021\\\/08\\\/03\\\/la-solidaridad-como-valor-fundamental-2\\\/#organizationLogo\",\"width\":134,\"height\":119},\"image\":{\"@id\":\"https:\\\/\\\/www.ejercito.mil.uy\\\/index.php\\\/2021\\\/08\\\/03\\\/la-solidaridad-como-valor-fundamental-2\\\/#organizationLogo\"}},{\"@type\":\"Person\",\"@id\":\"https:\\\/\\\/www.ejercito.mil.uy\\\/index.php\\\/author\\\/acastro\\\/#author\",\"url\":\"https:\\\/\\\/www.ejercito.mil.uy\\\/index.php\\\/author\\\/acastro\\\/\",\"name\":\"Alejandro Castro\",\"image\":{\"@type\":\"ImageObject\",\"@id\":\"https:\\\/\\\/www.ejercito.mil.uy\\\/index.php\\\/2021\\\/08\\\/03\\\/la-solidaridad-como-valor-fundamental-2\\\/#authorImage\",\"url\":\"https:\\\/\\\/secure.gravatar.com\\\/avatar\\\/89bb77d4bf696501dd94ca89e6794e1787eaffba7c7197528d249e15bd099f68?s=96&d=mm&r=g\",\"width\":96,\"height\":96,\"caption\":\"Alejandro Castro\"}},{\"@type\":\"WebPage\",\"@id\":\"https:\\\/\\\/www.ejercito.mil.uy\\\/index.php\\\/2021\\\/08\\\/03\\\/la-solidaridad-como-valor-fundamental-2\\\/#webpage\",\"url\":\"https:\\\/\\\/www.ejercito.mil.uy\\\/index.php\\\/2021\\\/08\\\/03\\\/la-solidaridad-como-valor-fundamental-2\\\/\",\"name\":\"La solidaridad como valor fundamental - Ej\\u00e9rcito Nacional\",\"description\":\"03.08.2021 - El Club de Leones Rocha Sol Naciente junto al Dr. de la Oficina Territorial del MIDES, Sr. Jos\\u00e9 Luis Molina entregaron al Batall\\u00f3n \\\"Gral. Leonardo Olivera\\\" de Infanter\\u00eda Mecanizado N\\u00ba 12 una multiprocesadora industrial.\",\"inLanguage\":\"es-UY\",\"isPartOf\":{\"@id\":\"https:\\\/\\\/www.ejercito.mil.uy\\\/#website\"},\"breadcrumb\":{\"@id\":\"https:\\\/\\\/www.ejercito.mil.uy\\\/index.php\\\/2021\\\/08\\\/03\\\/la-solidaridad-como-valor-fundamental-2\\\/#breadcrumblist\"},\"author\":{\"@id\":\"https:\\\/\\\/www.ejercito.mil.uy\\\/index.php\\\/author\\\/acastro\\\/#author\"},\"creator\":{\"@id\":\"https:\\\/\\\/www.ejercito.mil.uy\\\/index.php\\\/author\\\/acastro\\\/#author\"},\"image\":{\"@type\":\"ImageObject\",\"url\":\"https:\\\/\\\/www.ejercito.mil.uy\\\/wp-content\\\/uploads\\\/2021\\\/08\\\/Donacion-2.jpg\",\"@id\":\"https:\\\/\\\/www.ejercito.mil.uy\\\/index.php\\\/2021\\\/08\\\/03\\\/la-solidaridad-como-valor-fundamental-2\\\/#mainImage\",\"width\":1200,\"height\":800,\"caption\":\"Donaci\\u00f3n\"},\"primaryImageOfPage\":{\"@id\":\"https:\\\/\\\/www.ejercito.mil.uy\\\/index.php\\\/2021\\\/08\\\/03\\\/la-solidaridad-como-valor-fundamental-2\\\/#mainImage\"},\"datePublished\":\"2021-08-03T11:33:25-03:00\",\"dateModified\":\"2021-08-04T08:38:55-03:00\"},{\"@type\":\"WebSite\",\"@id\":\"https:\\\/\\\/www.ejercito.mil.uy\\\/#website\",\"url\":\"https:\\\/\\\/www.ejercito.mil.uy\\\/\",\"name\":\"Ej\\u00e9rcito Nacional\",\"description\":\"La Fuerza de todos\",\"inLanguage\":\"es-UY\",\"publisher\":{\"@id\":\"https:\\\/\\\/www.ejercito.mil.uy\\\/#organization\"}}]}\n\t\t<\/script>\n\t\t<!-- All in One SEO -->\n\n","aioseo_head_json":{"title":"La solidaridad como valor fundamental - Ej\u00e9rcito Nacional","description":"03.08.2021 - El Club de Leones Rocha Sol Naciente junto al Dr. de la Oficina Territorial del MIDES, Sr. Jos\u00e9 Luis Molina entregaron al Batall\u00f3n \"Gral. Leonardo Olivera\" de Infanter\u00eda Mecanizado N\u00ba 12 una multiprocesadora industrial.","canonical_url":"https:\/\/www.ejercito.mil.uy\/index.php\/2021\/08\/03\/la-solidaridad-como-valor-fundamental-2\/","robots":"max-image-preview:large","keywords":"","webmasterTools":{"miscellaneous":""},"schema":{"@context":"https:\/\/schema.org","@graph":[{"@type":"BlogPosting","@id":"https:\/\/www.ejercito.mil.uy\/index.php\/2021\/08\/03\/la-solidaridad-como-valor-fundamental-2\/#blogposting","name":"La solidaridad como valor fundamental - Ej\u00e9rcito Nacional","headline":"La solidaridad como valor fundamental","author":{"@id":"https:\/\/www.ejercito.mil.uy\/index.php\/author\/acastro\/#author"},"publisher":{"@id":"https:\/\/www.ejercito.mil.uy\/#organization"},"image":{"@type":"ImageObject","url":"https:\/\/www.ejercito.mil.uy\/wp-content\/uploads\/2021\/08\/Donacion-2.jpg","width":1200,"height":800,"caption":"Donaci\u00f3n"},"datePublished":"2021-08-03T11:33:25-03:00","dateModified":"2021-08-04T08:38:55-03:00","inLanguage":"es-UY","mainEntityOfPage":{"@id":"https:\/\/www.ejercito.mil.uy\/index.php\/2021\/08\/03\/la-solidaridad-como-valor-fundamental-2\/#webpage"},"isPartOf":{"@id":"https:\/\/www.ejercito.mil.uy\/index.php\/2021\/08\/03\/la-solidaridad-como-valor-fundamental-2\/#webpage"},"articleSection":"Blog, Destacados, Noticias, alimentaci\u00f3n, apoyo, bienestar, MIDES, sociedad"},{"@type":"BreadcrumbList","@id":"https:\/\/www.ejercito.mil.uy\/index.php\/2021\/08\/03\/la-solidaridad-como-valor-fundamental-2\/#breadcrumblist","itemListElement":[{"@type":"ListItem","@id":"https:\/\/www.ejercito.mil.uy#listItem","position":1,"name":"Home","item":"https:\/\/www.ejercito.mil.uy","nextItem":{"@type":"ListItem","@id":"https:\/\/www.ejercito.mil.uy\/index.php\/category\/destacados\/#listItem","name":"Destacados"}},{"@type":"ListItem","@id":"https:\/\/www.ejercito.mil.uy\/index.php\/category\/destacados\/#listItem","position":2,"name":"Destacados","item":"https:\/\/www.ejercito.mil.uy\/index.php\/category\/destacados\/","nextItem":{"@type":"ListItem","@id":"https:\/\/www.ejercito.mil.uy\/index.php\/category\/destacados\/noticias\/#listItem","name":"Noticias"},"previousItem":{"@type":"ListItem","@id":"https:\/\/www.ejercito.mil.uy#listItem","name":"Home"}},{"@type":"ListItem","@id":"https:\/\/www.ejercito.mil.uy\/index.php\/category\/destacados\/noticias\/#listItem","position":3,"name":"Noticias","item":"https:\/\/www.ejercito.mil.uy\/index.php\/category\/destacados\/noticias\/","nextItem":{"@type":"ListItem","@id":"https:\/\/www.ejercito.mil.uy\/index.php\/2021\/08\/03\/la-solidaridad-como-valor-fundamental-2\/#listItem","name":"La solidaridad como valor fundamental"},"previousItem":{"@type":"ListItem","@id":"https:\/\/www.ejercito.mil.uy\/index.php\/category\/destacados\/#listItem","name":"Destacados"}},{"@type":"ListItem","@id":"https:\/\/www.ejercito.mil.uy\/index.php\/2021\/08\/03\/la-solidaridad-como-valor-fundamental-2\/#listItem","position":4,"name":"La solidaridad como valor fundamental","previousItem":{"@type":"ListItem","@id":"https:\/\/www.ejercito.mil.uy\/index.php\/category\/destacados\/noticias\/#listItem","name":"Noticias"}}]},{"@type":"Organization","@id":"https:\/\/www.ejercito.mil.uy\/#organization","name":"Ej\u00e9rcito Nacional","description":"La Fuerza de todos","url":"https:\/\/www.ejercito.mil.uy\/","logo":{"@type":"ImageObject","url":"https:\/\/www.ejercito.mil.uy\/wp-content\/uploads\/2022\/01\/Escudo_EN_URUGUAY.png","@id":"https:\/\/www.ejercito.mil.uy\/index.php\/2021\/08\/03\/la-solidaridad-como-valor-fundamental-2\/#organizationLogo","width":134,"height":119},"image":{"@id":"https:\/\/www.ejercito.mil.uy\/index.php\/2021\/08\/03\/la-solidaridad-como-valor-fundamental-2\/#organizationLogo"}},{"@type":"Person","@id":"https:\/\/www.ejercito.mil.uy\/index.php\/author\/acastro\/#author","url":"https:\/\/www.ejercito.mil.uy\/index.php\/author\/acastro\/","name":"Alejandro Castro","image":{"@type":"ImageObject","@id":"https:\/\/www.ejercito.mil.uy\/index.php\/2021\/08\/03\/la-solidaridad-como-valor-fundamental-2\/#authorImage","url":"https:\/\/secure.gravatar.com\/avatar\/89bb77d4bf696501dd94ca89e6794e1787eaffba7c7197528d249e15bd099f68?s=96&d=mm&r=g","width":96,"height":96,"caption":"Alejandro Castro"}},{"@type":"WebPage","@id":"https:\/\/www.ejercito.mil.uy\/index.php\/2021\/08\/03\/la-solidaridad-como-valor-fundamental-2\/#webpage","url":"https:\/\/www.ejercito.mil.uy\/index.php\/2021\/08\/03\/la-solidaridad-como-valor-fundamental-2\/","name":"La solidaridad como valor fundamental - Ej\u00e9rcito Nacional","description":"03.08.2021 - El Club de Leones Rocha Sol Naciente junto al Dr. de la Oficina Territorial del MIDES, Sr. Jos\u00e9 Luis Molina entregaron al Batall\u00f3n \"Gral. Leonardo Olivera\" de Infanter\u00eda Mecanizado N\u00ba 12 una multiprocesadora industrial.","inLanguage":"es-UY","isPartOf":{"@id":"https:\/\/www.ejercito.mil.uy\/#website"},"breadcrumb":{"@id":"https:\/\/www.ejercito.mil.uy\/index.php\/2021\/08\/03\/la-solidaridad-como-valor-fundamental-2\/#breadcrumblist"},"author":{"@id":"https:\/\/www.ejercito.mil.uy\/index.php\/author\/acastro\/#author"},"creator":{"@id":"https:\/\/www.ejercito.mil.uy\/index.php\/author\/acastro\/#author"},"image":{"@type":"ImageObject","url":"https:\/\/www.ejercito.mil.uy\/wp-content\/uploads\/2021\/08\/Donacion-2.jpg","@id":"https:\/\/www.ejercito.mil.uy\/index.php\/2021\/08\/03\/la-solidaridad-como-valor-fundamental-2\/#mainImage","width":1200,"height":800,"caption":"Donaci\u00f3n"},"primaryImageOfPage":{"@id":"https:\/\/www.ejercito.mil.uy\/index.php\/2021\/08\/03\/la-solidaridad-como-valor-fundamental-2\/#mainImage"},"datePublished":"2021-08-03T11:33:25-03:00","dateModified":"2021-08-04T08:38:55-03:00"},{"@type":"WebSite","@id":"https:\/\/www.ejercito.mil.uy\/#website","url":"https:\/\/www.ejercito.mil.uy\/","name":"Ej\u00e9rcito Nacional","description":"La Fuerza de todos","inLanguage":"es-UY","publisher":{"@id":"https:\/\/www.ejercito.mil.uy\/#organization"}}]},"og:locale":"es_ES","og:site_name":"Ej\u00e9rcito Nacional - La Fuerza de todos","og:type":"article","og:title":"La solidaridad como valor fundamental - Ej\u00e9rcito Nacional","og:description":"03.08.2021 - El Club de Leones Rocha Sol Naciente junto al Dr. de la Oficina Territorial del MIDES, Sr. Jos\u00e9 Luis Molina entregaron al Batall\u00f3n &quot;Gral. Leonardo Olivera&quot; de Infanter\u00eda Mecanizado N\u00ba 12 una multiprocesadora industrial.","og:url":"https:\/\/www.ejercito.mil.uy\/index.php\/2021\/08\/03\/la-solidaridad-como-valor-fundamental-2\/","og:image":"https:\/\/www.ejercito.mil.uy\/wp-content\/uploads\/2022\/01\/Escudo_EN_URUGUAY.png","og:image:secure_url":"https:\/\/www.ejercito.mil.uy\/wp-content\/uploads\/2022\/01\/Escudo_EN_URUGUAY.png","og:image:width":134,"og:image:height":119,"article:published_time":"2021-08-03T14:33:25+00:00","article:modified_time":"2021-08-04T11:38:55+00:00","twitter:card":"summary_large_image","twitter:title":"La solidaridad como valor fundamental - Ej\u00e9rcito Nacional","twitter:description":"03.08.2021 - El Club de Leones Rocha Sol Naciente junto al Dr. de la Oficina Territorial del MIDES, Sr. Jos\u00e9 Luis Molina entregaron al Batall\u00f3n &quot;Gral. Leonardo Olivera&quot; de Infanter\u00eda Mecanizado N\u00ba 12 una multiprocesadora industrial.","twitter:image":"https:\/\/www.ejercito.mil.uy\/wp-content\/uploads\/2022\/01\/Escudo_EN_URUGUAY.png"},"aioseo_meta_data":{"post_id":"5136","title":null,"description":null,"keywords":null,"keyphrases":null,"primary_term":null,"canonical_url":null,"og_title":null,"og_description":null,"og_object_type":"default","og_image_type":"default","og_image_url":null,"og_image_width":null,"og_image_height":null,"og_image_custom_url":null,"og_image_custom_fields":null,"og_video":null,"og_custom_url":null,"og_article_section":null,"og_article_tags":null,"twitter_use_og":false,"twitter_card":"default","twitter_image_type":"default","twitter_image_url":null,"twitter_image_custom_url":null,"twitter_image_custom_fields":null,"twitter_title":null,"twitter_description":null,"schema":{"blockGraphs":[],"customGraphs":[],"default":{"data":{"Article":[],"Course":[],"Dataset":[],"FAQPage":[],"Movie":[],"Person":[],"Product":[],"ProductReview":[],"Car":[],"Recipe":[],"Service":[],"SoftwareApplication":[],"WebPage":[]},"graphName":"","isEnabled":true},"graphs":[]},"schema_type":"default","schema_type_options":null,"pillar_content":false,"robots_default":true,"robots_noindex":false,"robots_noarchive":false,"robots_nosnippet":false,"robots_nofollow":false,"robots_noimageindex":false,"robots_noodp":false,"robots_notranslate":false,"robots_max_snippet":null,"robots_max_videopreview":null,"robots_max_imagepreview":"large","priority":null,"frequency":null,"local_seo":null,"breadcrumb_settings":null,"limit_modified_date":false,"ai":null,"created":"2025-08-30 02:06:34","updated":"2025-08-30 02:06:34","seo_analyzer_scan_date":null,"focus_keyword":null,"additional_keywords":null,"truseo_locale":null},"aioseo_breadcrumb":"<div class=\"aioseo-breadcrumbs\"><span class=\"aioseo-breadcrumb\">\n\t\t\t<a href=\"https:\/\/www.ejercito.mil.uy\" title=\"Home\">Home<\/a>\n\t\t<\/span><span class=\"aioseo-breadcrumb-separator\">&raquo;<\/span><span class=\"aioseo-breadcrumb\">\n\t\t\t<a href=\"https:\/\/www.ejercito.mil.uy\/index.php\/category\/destacados\/\" title=\"Destacados\">Destacados<\/a>\n\t\t<\/span><span class=\"aioseo-breadcrumb-separator\">&raquo;<\/span><span class=\"aioseo-breadcrumb\">\n\t\t\t<a href=\"https:\/\/www.ejercito.mil.uy\/index.php\/category\/destacados\/noticias\/\" title=\"Noticias\">Noticias<\/a>\n\t\t<\/span><span class=\"aioseo-breadcrumb-separator\">&raquo;<\/span><span class=\"aioseo-breadcrumb\">\n\t\t\tLa solidaridad como valor fundamental\n\t\t<\/span><\/div>","aioseo_breadcrumb_json":[{"label":"Home","link":"https:\/\/www.ejercito.mil.uy"},{"label":"Destacados","link":"https:\/\/www.ejercito.mil.uy\/index.php\/category\/destacados\/"},{"label":"Noticias","link":"https:\/\/www.ejercito.mil.uy\/index.php\/category\/destacados\/noticias\/"},{"label":"La solidaridad como valor fundamental","link":"https:\/\/www.ejercito.mil.uy\/index.php\/2021\/08\/03\/la-solidaridad-como-valor-fundamental-2\/"}],"_links":{"self":[{"href":"https:\/\/www.ejercito.mil.uy\/index.php\/wp-json\/wp\/v2\/posts\/5136","targetHints":{"allow":["GET"]}}],"collection":[{"href":"https:\/\/www.ejercito.mil.uy\/index.php\/wp-json\/wp\/v2\/posts"}],"about":[{"href":"https:\/\/www.ejercito.mil.uy\/index.php\/wp-json\/wp\/v2\/types\/post"}],"author":[{"embeddable":true,"href":"https:\/\/www.ejercito.mil.uy\/index.php\/wp-json\/wp\/v2\/users\/4"}],"replies":[{"embeddable":true,"href":"https:\/\/www.ejercito.mil.uy\/index.php\/wp-json\/wp\/v2\/comments?post=5136"}],"version-history":[{"count":2,"href":"https:\/\/www.ejercito.mil.uy\/index.php\/wp-json\/wp\/v2\/posts\/5136\/revisions"}],"predecessor-version":[{"id":5141,"href":"https:\/\/www.ejercito.mil.uy\/index.php\/wp-json\/wp\/v2\/posts\/5136\/revisions\/5141"}],"wp:featuredmedia":[{"embeddable":true,"href":"https:\/\/www.ejercito.mil.uy\/index.php\/wp-json\/wp\/v2\/media\/5140"}],"wp:attachment":[{"href":"https:\/\/www.ejercito.mil.uy\/index.php\/wp-json\/wp\/v2\/media?parent=5136"}],"wp:term":[{"taxonomy":"category","embeddable":true,"href":"https:\/\/www.ejercito.mil.uy\/index.php\/wp-json\/wp\/v2\/categories?post=5136"},{"taxonomy":"post_tag","embeddable":true,"href":"https:\/\/www.ejercito.mil.uy\/index.php\/wp-json\/wp\/v2\/tags?post=5136"}],"curies":[{"name":"wp","href":"https:\/\/api.w.org\/{rel}","templated":true}]}}