{"id":51512,"date":"2025-11-12T11:50:33","date_gmt":"2025-11-12T14:50:33","guid":{"rendered":"https:\/\/www.ejercito.mil.uy\/?p=51512"},"modified":"2025-11-12T12:07:33","modified_gmt":"2025-11-12T15:07:33","slug":"curso-sobre-la-prevencion-del-reclutamiento-y-uso-de-ninos-por-las-fuerzas-armadas","status":"publish","type":"post","link":"https:\/\/www.ejercito.mil.uy\/index.php\/2025\/11\/12\/curso-sobre-la-prevencion-del-reclutamiento-y-uso-de-ninos-por-las-fuerzas-armadas\/","title":{"rendered":"Curso sobre la prevenci\u00f3n del reclutamiento y uso de ni\u00f1os por las Fuerzas Armadas"},"content":{"rendered":"\n<p class=\"has-black-color has-text-color has-link-color has-small-font-size wp-elements-f5c0f590bcee9c1b2c30f467f6d0eaef\">07.11.2025 &#8211; <strong>Ciudad de Bogot\u00e1<\/strong><\/p>\n\n\n\n<p class=\"has-black-color has-text-color has-link-color has-small-font-size wp-elements-e09adc5ad19c3572afee3aaa82b312b6\"><em>Adaptaci\u00f3n del art\u00edculo realizado por el Teniente Coronel Carlos Sosa, Jefe de Secretar\u00eda del Sistema de Ense\u00f1anza del Ej\u00e9rcito<\/em><\/p>\n\n\n\n<div style=\"height:22px\" aria-hidden=\"true\" class=\"wp-block-spacer\"><\/div>\n\n\n\n<p class=\"is-style-success has-black-color has-text-color has-background has-link-color has-medium-font-size wp-elements-ad13016161ac3043dbf9d199214b92fd\" style=\"background-color:#ffcc00\">El Ej\u00e9rcito Nacional particip\u00f3 en el <strong>2\u00ba Curso B\u00e1sico para los Actores de los Sectores de Defensa y Seguridad sobre la Prevenci\u00f3n del Reclutamiento y Uso de Ni\u00f1os por las Fuerzas Armadas y Grupos Armados<\/strong>, realizado en la ciudad de Bogot\u00e1.<\/p>\n\n\n\n<div style=\"height:22px\" aria-hidden=\"true\" class=\"wp-block-spacer\"><\/div>\n\n\n\n<div class=\"wp-block-columns is-layout-flex wp-container-core-columns-is-layout-28f84493 wp-block-columns-is-layout-flex\">\n<div class=\"wp-block-column is-layout-flow wp-block-column-is-layout-flow\">\n<figure class=\"wp-block-image size-large\"><img fetchpriority=\"high\" decoding=\"async\" width=\"1024\" height=\"683\" src=\"https:\/\/www.ejercito.mil.uy\/wp-content\/uploads\/2025\/11\/Curso-sobre-la-prevencion-del-reclutamiento-y-uso-de-ninos-por-las-Fuerzas-Armadas-10-1024x683.jpg\" alt=\"\" class=\"wp-image-51633\" srcset=\"https:\/\/www.ejercito.mil.uy\/wp-content\/uploads\/2025\/11\/Curso-sobre-la-prevencion-del-reclutamiento-y-uso-de-ninos-por-las-Fuerzas-Armadas-10-1024x683.jpg 1024w, https:\/\/www.ejercito.mil.uy\/wp-content\/uploads\/2025\/11\/Curso-sobre-la-prevencion-del-reclutamiento-y-uso-de-ninos-por-las-Fuerzas-Armadas-10-300x200.jpg 300w, https:\/\/www.ejercito.mil.uy\/wp-content\/uploads\/2025\/11\/Curso-sobre-la-prevencion-del-reclutamiento-y-uso-de-ninos-por-las-Fuerzas-Armadas-10.jpg 1200w\" sizes=\"(max-width: 1024px) 100vw, 1024px\" \/><\/figure>\n<\/div>\n<\/div>\n\n\n\n<div style=\"height:22px\" aria-hidden=\"true\" class=\"wp-block-spacer\"><\/div>\n\n\n\n<p class=\"has-black-color has-text-color has-link-color has-medium-font-size wp-elements-f810ee2f0ff46477bfe21b027606ff98\">El curso se desarroll\u00f3 del 20 al 24 de octubre en la Escuela de Misiones Internacionales y Acci\u00f3n Integral, donde se reunieron representantes de los sectores de Defensa y Seguridad de Colombia, personal de la Fiscal\u00eda General de la Rep\u00fablica, el Instituto Colombiano de Bienestar Familiar (ICBF) y el Grupo de Atenci\u00f3n Humanitaria al Desmovilizado (GAHD) del Ministerio de Defensa Nacional.<\/p>\n\n\n\n<div style=\"height:22px\" aria-hidden=\"true\" class=\"wp-block-spacer\"><\/div>\n\n\n\n<figure class=\"wp-block-image size-large\"><img decoding=\"async\" width=\"1024\" height=\"683\" src=\"https:\/\/www.ejercito.mil.uy\/wp-content\/uploads\/2025\/11\/Curso-sobre-la-prevencion-del-reclutamiento-y-uso-de-ninos-por-las-Fuerzas-Armadas-9-1024x683.jpg\" alt=\"\" class=\"wp-image-51631\" srcset=\"https:\/\/www.ejercito.mil.uy\/wp-content\/uploads\/2025\/11\/Curso-sobre-la-prevencion-del-reclutamiento-y-uso-de-ninos-por-las-Fuerzas-Armadas-9-1024x683.jpg 1024w, https:\/\/www.ejercito.mil.uy\/wp-content\/uploads\/2025\/11\/Curso-sobre-la-prevencion-del-reclutamiento-y-uso-de-ninos-por-las-Fuerzas-Armadas-9-300x200.jpg 300w, https:\/\/www.ejercito.mil.uy\/wp-content\/uploads\/2025\/11\/Curso-sobre-la-prevencion-del-reclutamiento-y-uso-de-ninos-por-las-Fuerzas-Armadas-9.jpg 1200w\" sizes=\"(max-width: 1024px) 100vw, 1024px\" \/><\/figure>\n\n\n\n<div style=\"height:22px\" aria-hidden=\"true\" class=\"wp-block-spacer\"><\/div>\n\n\n\n<p class=\"has-black-color has-text-color has-link-color has-medium-font-size wp-elements-8e4ed91971a7fb0ef154ac3cfe88c5b6\">Participaron 43 integrantes de las Fuerzas de Defensa y Seguridad, as\u00ed como de otras dependencias del Estado. El equipo de planificaci\u00f3n, coordinaci\u00f3n y ejecuci\u00f3n, en representaci\u00f3n del Instituto Dallaire, estuvo conformado por el Director del Centro de Excelencia para la Regi\u00f3n Latinoamericana, Cnel. (en situaci\u00f3n de retiro) Luis Vi\u00f1as; el Jefe del Curso, Cnel. (en situaci\u00f3n de retiro) Carlos Frachelle; y los instructores, el Jefe de Secretar\u00eda del Sistema de Ense\u00f1anza del Ej\u00e9rcito, Tte. Cnel. Carlos Sosa y el Cap. Mauricio Rodr\u00edguez de la Brigada de Caballer\u00eda N\u00ba3.<\/p>\n\n\n\n<div style=\"height:22px\" aria-hidden=\"true\" class=\"wp-block-spacer\"><\/div>\n\n\n\n<div class=\"wp-block-columns is-layout-flex wp-container-core-columns-is-layout-28f84493 wp-block-columns-is-layout-flex\">\n<div class=\"wp-block-column is-layout-flow wp-block-column-is-layout-flow\">\n<figure class=\"wp-block-image size-large\"><img decoding=\"async\" width=\"1024\" height=\"683\" src=\"https:\/\/www.ejercito.mil.uy\/wp-content\/uploads\/2025\/11\/Curso-sobre-la-prevencion-del-reclutamiento-y-uso-de-ninos-por-las-Fuerzas-Armadas-4-1024x683.jpg\" alt=\"\" class=\"wp-image-51623\" srcset=\"https:\/\/www.ejercito.mil.uy\/wp-content\/uploads\/2025\/11\/Curso-sobre-la-prevencion-del-reclutamiento-y-uso-de-ninos-por-las-Fuerzas-Armadas-4-1024x683.jpg 1024w, https:\/\/www.ejercito.mil.uy\/wp-content\/uploads\/2025\/11\/Curso-sobre-la-prevencion-del-reclutamiento-y-uso-de-ninos-por-las-Fuerzas-Armadas-4-300x200.jpg 300w, https:\/\/www.ejercito.mil.uy\/wp-content\/uploads\/2025\/11\/Curso-sobre-la-prevencion-del-reclutamiento-y-uso-de-ninos-por-las-Fuerzas-Armadas-4.jpg 1200w\" sizes=\"(max-width: 1024px) 100vw, 1024px\" \/><\/figure>\n<\/div>\n\n\n\n<div class=\"wp-block-column is-layout-flow wp-block-column-is-layout-flow\">\n<figure class=\"wp-block-image size-large\"><img loading=\"lazy\" decoding=\"async\" width=\"1024\" height=\"683\" src=\"https:\/\/www.ejercito.mil.uy\/wp-content\/uploads\/2025\/11\/Curso-sobre-la-prevencion-del-reclutamiento-y-uso-de-ninos-por-las-Fuerzas-Armadas-8-1024x683.jpg\" alt=\"\" class=\"wp-image-51624\" srcset=\"https:\/\/www.ejercito.mil.uy\/wp-content\/uploads\/2025\/11\/Curso-sobre-la-prevencion-del-reclutamiento-y-uso-de-ninos-por-las-Fuerzas-Armadas-8-1024x683.jpg 1024w, https:\/\/www.ejercito.mil.uy\/wp-content\/uploads\/2025\/11\/Curso-sobre-la-prevencion-del-reclutamiento-y-uso-de-ninos-por-las-Fuerzas-Armadas-8-300x200.jpg 300w, https:\/\/www.ejercito.mil.uy\/wp-content\/uploads\/2025\/11\/Curso-sobre-la-prevencion-del-reclutamiento-y-uso-de-ninos-por-las-Fuerzas-Armadas-8.jpg 1200w\" sizes=\"(max-width: 1024px) 100vw, 1024px\" \/><\/figure>\n<\/div>\n<\/div>\n\n\n\n<div style=\"height:22px\" aria-hidden=\"true\" class=\"wp-block-spacer\"><\/div>\n\n\n\n<div class=\"wp-block-columns is-layout-flex wp-container-core-columns-is-layout-28f84493 wp-block-columns-is-layout-flex\">\n<div class=\"wp-block-column is-layout-flow wp-block-column-is-layout-flow\">\n<figure class=\"wp-block-image size-large\"><img loading=\"lazy\" decoding=\"async\" width=\"1024\" height=\"683\" src=\"https:\/\/www.ejercito.mil.uy\/wp-content\/uploads\/2025\/11\/Curso-sobre-la-prevencion-del-reclutamiento-y-uso-de-ninos-por-las-Fuerzas-Armadas-5-1024x683.jpg\" alt=\"\" class=\"wp-image-51625\" srcset=\"https:\/\/www.ejercito.mil.uy\/wp-content\/uploads\/2025\/11\/Curso-sobre-la-prevencion-del-reclutamiento-y-uso-de-ninos-por-las-Fuerzas-Armadas-5-1024x683.jpg 1024w, https:\/\/www.ejercito.mil.uy\/wp-content\/uploads\/2025\/11\/Curso-sobre-la-prevencion-del-reclutamiento-y-uso-de-ninos-por-las-Fuerzas-Armadas-5-300x200.jpg 300w, https:\/\/www.ejercito.mil.uy\/wp-content\/uploads\/2025\/11\/Curso-sobre-la-prevencion-del-reclutamiento-y-uso-de-ninos-por-las-Fuerzas-Armadas-5.jpg 1200w\" sizes=\"(max-width: 1024px) 100vw, 1024px\" \/><\/figure>\n<\/div>\n\n\n\n<div class=\"wp-block-column is-layout-flow wp-block-column-is-layout-flow\">\n<figure class=\"wp-block-image size-large\"><img loading=\"lazy\" decoding=\"async\" width=\"1024\" height=\"683\" src=\"https:\/\/www.ejercito.mil.uy\/wp-content\/uploads\/2025\/11\/Curso-sobre-la-prevencion-del-reclutamiento-y-uso-de-ninos-por-las-Fuerzas-Armadas-3-1024x683.jpg\" alt=\"\" class=\"wp-image-51626\" srcset=\"https:\/\/www.ejercito.mil.uy\/wp-content\/uploads\/2025\/11\/Curso-sobre-la-prevencion-del-reclutamiento-y-uso-de-ninos-por-las-Fuerzas-Armadas-3-1024x683.jpg 1024w, https:\/\/www.ejercito.mil.uy\/wp-content\/uploads\/2025\/11\/Curso-sobre-la-prevencion-del-reclutamiento-y-uso-de-ninos-por-las-Fuerzas-Armadas-3-300x200.jpg 300w, https:\/\/www.ejercito.mil.uy\/wp-content\/uploads\/2025\/11\/Curso-sobre-la-prevencion-del-reclutamiento-y-uso-de-ninos-por-las-Fuerzas-Armadas-3.jpg 1200w\" sizes=\"(max-width: 1024px) 100vw, 1024px\" \/><\/figure>\n<\/div>\n<\/div>\n\n\n\n<div style=\"height:22px\" aria-hidden=\"true\" class=\"wp-block-spacer\"><\/div>\n\n\n\n<p class=\"has-black-color has-text-color has-link-color has-medium-font-size wp-elements-f1ad167a0a6d90bf834122bcc815acaf\">La actividad se imparti\u00f3 mediante sesiones te\u00f3rico-pr\u00e1cticas de capacitaci\u00f3n e instrucci\u00f3n, culminando con tres ejercicios en el terreno dise\u00f1ados para la resoluci\u00f3n de m\u00faltiples situaciones con distintos niveles de riesgo.<\/p>\n\n\n\n<div style=\"height:22px\" aria-hidden=\"true\" class=\"wp-block-spacer\"><\/div>\n\n\n\n<figure class=\"wp-block-image size-large\"><img loading=\"lazy\" decoding=\"async\" width=\"1024\" height=\"683\" src=\"https:\/\/www.ejercito.mil.uy\/wp-content\/uploads\/2025\/11\/Curso-sobre-la-prevencion-del-reclutamiento-y-uso-de-ninos-por-las-Fuerzas-Armadas-7-1024x683.jpg\" alt=\"\" class=\"wp-image-51621\" srcset=\"https:\/\/www.ejercito.mil.uy\/wp-content\/uploads\/2025\/11\/Curso-sobre-la-prevencion-del-reclutamiento-y-uso-de-ninos-por-las-Fuerzas-Armadas-7-1024x683.jpg 1024w, https:\/\/www.ejercito.mil.uy\/wp-content\/uploads\/2025\/11\/Curso-sobre-la-prevencion-del-reclutamiento-y-uso-de-ninos-por-las-Fuerzas-Armadas-7-300x200.jpg 300w, https:\/\/www.ejercito.mil.uy\/wp-content\/uploads\/2025\/11\/Curso-sobre-la-prevencion-del-reclutamiento-y-uso-de-ninos-por-las-Fuerzas-Armadas-7.jpg 1200w\" sizes=\"(max-width: 1024px) 100vw, 1024px\" \/><\/figure>\n\n\n\n<div style=\"height:22px\" aria-hidden=\"true\" class=\"wp-block-spacer\"><\/div>\n\n\n\n<p class=\"has-black-color has-text-color has-link-color has-medium-font-size wp-elements-9effd02130d31bef9b81ff2e66422d03\">Durante la instrucci\u00f3n, se abord\u00f3 uno de los problemas m\u00e1s graves y persistentes en el contexto de los conflictos armados: el reclutamiento y uso de ni\u00f1os como soldados.<\/p>\n\n\n\n<div style=\"height:22px\" aria-hidden=\"true\" class=\"wp-block-spacer\"><\/div>\n\n\n\n<figure class=\"wp-block-image size-large\"><img loading=\"lazy\" decoding=\"async\" width=\"1024\" height=\"683\" src=\"https:\/\/www.ejercito.mil.uy\/wp-content\/uploads\/2025\/11\/Curso-sobre-la-prevencion-del-reclutamiento-y-uso-de-ninos-por-las-Fuerzas-Armadas-1-1024x683.jpg\" alt=\"\" class=\"wp-image-51620\" srcset=\"https:\/\/www.ejercito.mil.uy\/wp-content\/uploads\/2025\/11\/Curso-sobre-la-prevencion-del-reclutamiento-y-uso-de-ninos-por-las-Fuerzas-Armadas-1-1024x683.jpg 1024w, https:\/\/www.ejercito.mil.uy\/wp-content\/uploads\/2025\/11\/Curso-sobre-la-prevencion-del-reclutamiento-y-uso-de-ninos-por-las-Fuerzas-Armadas-1-300x200.jpg 300w, https:\/\/www.ejercito.mil.uy\/wp-content\/uploads\/2025\/11\/Curso-sobre-la-prevencion-del-reclutamiento-y-uso-de-ninos-por-las-Fuerzas-Armadas-1.jpg 1200w\" sizes=\"(max-width: 1024px) 100vw, 1024px\" \/><\/figure>\n","protected":false},"excerpt":{"rendered":"<p>07.11.2025 &#8211; El Ej\u00e9rcito Nacional particip\u00f3 en el 2\u00ba Curso B\u00e1sico para los Actores de los Sectores de Defensa y Seguridad sobre la Prevenci\u00f3n del Reclutamiento y Uso de Ni\u00f1os por las Fuerzas Armadas y Grupos Armados, realizado en la ciudad de Bogot\u00e1.<\/p>\n","protected":false},"author":4,"featured_media":51618,"comment_status":"open","ping_status":"open","sticky":false,"template":"","format":"standard","meta":{"_coblocks_attr":"","_coblocks_dimensions":"","_coblocks_responsive_height":"","_coblocks_accordion_ie_support":"","_monsterinsights_skip_tracking":false,"_monsterinsights_sitenote_active":false,"_monsterinsights_sitenote_note":"","_monsterinsights_sitenote_category":0,"_uf_show_specific_survey":0,"_uf_disable_surveys":false,"footnotes":""},"categories":[1],"tags":[663,2085,2086,70,1869,1151,2084,13,165,300,1939,33,442,2083],"class_list":["post-51512","post","type-post","status-publish","format-standard","has-post-thumbnail","hentry","category-sin-categoria","tag-actividad","tag-bogota","tag-conflictos-armados","tag-curso","tag-ffaa-2","tag-fuerzas-unidas","tag-grupos-armados","tag-instruccion","tag-ninos","tag-prevencion","tag-reclutamiento","tag-seguridad","tag-soldados","tag-uso-de-ninos"],"aioseo_notices":[],"_links":{"self":[{"href":"https:\/\/www.ejercito.mil.uy\/index.php\/wp-json\/wp\/v2\/posts\/51512","targetHints":{"allow":["GET"]}}],"collection":[{"href":"https:\/\/www.ejercito.mil.uy\/index.php\/wp-json\/wp\/v2\/posts"}],"about":[{"href":"https:\/\/www.ejercito.mil.uy\/index.php\/wp-json\/wp\/v2\/types\/post"}],"author":[{"embeddable":true,"href":"https:\/\/www.ejercito.mil.uy\/index.php\/wp-json\/wp\/v2\/users\/4"}],"replies":[{"embeddable":true,"href":"https:\/\/www.ejercito.mil.uy\/index.php\/wp-json\/wp\/v2\/comments?post=51512"}],"version-history":[{"count":20,"href":"https:\/\/www.ejercito.mil.uy\/index.php\/wp-json\/wp\/v2\/posts\/51512\/revisions"}],"predecessor-version":[{"id":51637,"href":"https:\/\/www.ejercito.mil.uy\/index.php\/wp-json\/wp\/v2\/posts\/51512\/revisions\/51637"}],"wp:featuredmedia":[{"embeddable":true,"href":"https:\/\/www.ejercito.mil.uy\/index.php\/wp-json\/wp\/v2\/media\/51618"}],"wp:attachment":[{"href":"https:\/\/www.ejercito.mil.uy\/index.php\/wp-json\/wp\/v2\/media?parent=51512"}],"wp:term":[{"taxonomy":"category","embeddable":true,"href":"https:\/\/www.ejercito.mil.uy\/index.php\/wp-json\/wp\/v2\/categories?post=51512"},{"taxonomy":"post_tag","embeddable":true,"href":"https:\/\/www.ejercito.mil.uy\/index.php\/wp-json\/wp\/v2\/tags?post=51512"}],"curies":[{"name":"wp","href":"https:\/\/api.w.org\/{rel}","templated":true}]}}