{"id":52259,"date":"2025-11-21T16:09:20","date_gmt":"2025-11-21T19:09:20","guid":{"rendered":"https:\/\/www.ejercito.mil.uy\/?p=52259"},"modified":"2025-11-24T12:46:53","modified_gmt":"2025-11-24T15:46:53","slug":"jornada-de-sensibilizacion-sobre-la-violencia-basada-en-genero","status":"publish","type":"post","link":"https:\/\/www.ejercito.mil.uy\/index.php\/2025\/11\/21\/jornada-de-sensibilizacion-sobre-la-violencia-basada-en-genero\/","title":{"rendered":"Jornada de sensibilizaci\u00f3n sobre la violencia basada en g\u00e9nero"},"content":{"rendered":"\n<div style=\"height:22px\" aria-hidden=\"true\" class=\"wp-block-spacer\"><\/div>\n\n\n\n<p class=\"has-black-color has-text-color has-medium-font-size\">21.11.2025 &#8211; Anfiteatro del IMES<\/p>\n\n\n\n<div style=\"height:33px\" aria-hidden=\"true\" class=\"wp-block-spacer\"><\/div>\n\n\n\n<p class=\"has-white-color has-text-color has-background has-link-color has-medium-font-size wp-elements-73ac7ce42a702058e3075cdb3fee0de6\" style=\"background-color:#7b51e0\">El jueves 20 de noviembre, en el Anfiteatro \u00abGeneral Jos\u00e9 Gervasio Artigas\u00bb del Instituto Militar de Estudios Superiores (IMES), se realiz\u00f3 una <strong>jornada de sensibilizaci\u00f3n por el \u00abD\u00eda Internacional para la eliminaci\u00f3n de la violencia hacia la Mujer\u00bb<\/strong>, organizada por la Comisi\u00f3n Especializada para el Ejercicio Integral del Mando del Comando General del Ej\u00e9rcito (CGE).<\/p>\n\n\n\n<div style=\"height:33px\" aria-hidden=\"true\" class=\"wp-block-spacer\"><\/div>\n\n\n\n<figure class=\"wp-block-image size-large\"><img fetchpriority=\"high\" decoding=\"async\" width=\"1024\" height=\"683\" src=\"https:\/\/www.ejercito.mil.uy\/wp-content\/uploads\/2025\/11\/Charla-violencia-contra-la-mujer-2-1024x683.jpg\" alt=\"\" class=\"wp-image-52261\" srcset=\"https:\/\/www.ejercito.mil.uy\/wp-content\/uploads\/2025\/11\/Charla-violencia-contra-la-mujer-2-1024x683.jpg 1024w, https:\/\/www.ejercito.mil.uy\/wp-content\/uploads\/2025\/11\/Charla-violencia-contra-la-mujer-2-300x200.jpg 300w, https:\/\/www.ejercito.mil.uy\/wp-content\/uploads\/2025\/11\/Charla-violencia-contra-la-mujer-2.jpg 1200w\" sizes=\"(max-width: 1024px) 100vw, 1024px\" \/><\/figure>\n\n\n\n<div style=\"height:33px\" aria-hidden=\"true\" class=\"wp-block-spacer\"><\/div>\n\n\n\n<p class=\"has-black-color has-text-color has-link-color has-medium-font-size wp-elements-0e44313695d6bb79f7c0f04e9a328aa6\">La jornada cont\u00f3 con la concurrencia de 400 efectivos pertenecientes al CGE y estuvo dirigida por una Licenciada en Trabajo Social y una Licenciada en Psicolog\u00eda.<\/p>\n\n\n\n<div style=\"height:33px\" aria-hidden=\"true\" class=\"wp-block-spacer\"><\/div>\n\n\n\n<p class=\"has-black-color has-text-color has-link-color has-medium-font-size wp-elements-7206e510f14fb445576b679c82c33948\">Durante el encuentro se abordaron diferentes temas relacionados a la Violencia Basada en G\u00e9nero (VBG):<\/p>\n\n\n\n<div style=\"height:33px\" aria-hidden=\"true\" class=\"wp-block-spacer\"><\/div>\n\n\n\n<p class=\"has-black-color has-text-color has-link-color has-medium-font-size wp-elements-ae39bdecc43c0252a3f67bcf5244074c\">&#8211; Tipos de violencia<\/p>\n\n\n\n<div style=\"height:33px\" aria-hidden=\"true\" class=\"wp-block-spacer\"><\/div>\n\n\n\n<p class=\"has-black-color has-text-color has-link-color has-medium-font-size wp-elements-bbe164d3bf447515efcf7e21310b4a34\">&#8211; Consecuencias<\/p>\n\n\n\n<div style=\"height:33px\" aria-hidden=\"true\" class=\"wp-block-spacer\"><\/div>\n\n\n\n<p class=\"has-black-color has-text-color has-link-color has-medium-font-size wp-elements-945089c507453509f43c36f9ee135bfe\">&#8211; Causas por las que se sostiene el v\u00ednculo con el generador de violencia<\/p>\n\n\n\n<div style=\"height:33px\" aria-hidden=\"true\" class=\"wp-block-spacer\"><\/div>\n\n\n\n<p class=\"has-black-color has-text-color has-link-color has-medium-font-size wp-elements-9e4305c974b0cab884e53e90ba411f7f\">&#8211; \u00bfC\u00f3mo se autopercibe la mujer en situaci\u00f3n de Violencia Basada en G\u00e9nero?<\/p>\n\n\n\n<div style=\"height:33px\" aria-hidden=\"true\" class=\"wp-block-spacer\"><\/div>\n\n\n\n<figure class=\"wp-block-image size-large\"><img decoding=\"async\" width=\"1024\" height=\"683\" src=\"https:\/\/www.ejercito.mil.uy\/wp-content\/uploads\/2025\/11\/Charla-violencia-contra-la-mujer-3-1024x683.jpg\" alt=\"\" class=\"wp-image-52262\" srcset=\"https:\/\/www.ejercito.mil.uy\/wp-content\/uploads\/2025\/11\/Charla-violencia-contra-la-mujer-3-1024x683.jpg 1024w, https:\/\/www.ejercito.mil.uy\/wp-content\/uploads\/2025\/11\/Charla-violencia-contra-la-mujer-3-300x200.jpg 300w, https:\/\/www.ejercito.mil.uy\/wp-content\/uploads\/2025\/11\/Charla-violencia-contra-la-mujer-3.jpg 1200w\" sizes=\"(max-width: 1024px) 100vw, 1024px\" \/><\/figure>\n\n\n\n<div style=\"height:33px\" aria-hidden=\"true\" class=\"wp-block-spacer\"><\/div>\n\n\n\n<p class=\"has-black-color has-text-color has-link-color has-medium-font-size wp-elements-24c9f8b0b5632ecec86c7b39387fdea1\">Esta situaci\u00f3n es considerada por la Organizaci\u00f3n Mundial de la Salud (OMS) como un problema de Salud P\u00fablica, debido a su prevalencia en el mundo.<\/p>\n\n\n\n<div style=\"height:33px\" aria-hidden=\"true\" class=\"wp-block-spacer\"><\/div>\n\n\n\n<p class=\"has-black-color has-text-color has-link-color has-medium-font-size wp-elements-fc2db3c86753a11c5423f6276e0be02d\">La OMS advirti\u00f3 que 1 de cada 3 mujeres ha sufrido violencia f\u00edsica o sexual a lo largo de su vida. Adem\u00e1s, m\u00e1s de 12 millones de personas corren el riesgo de sufrir violencia de g\u00e9nero en zonas de conflicto, advirti\u00f3 ONU Mujeres.<\/p>\n\n\n\n<div style=\"height:33px\" aria-hidden=\"true\" class=\"wp-block-spacer\"><\/div>\n\n\n\n<p class=\"has-black-color has-text-color has-link-color has-medium-font-size wp-elements-e44fd2649eca4ab4adc14fc1a0621848\">En Uruguay hasta septiembre de 2025, se registraron&nbsp;16 femicidios&nbsp;por VBG, lo que representa un descenso del 15,8% respecto a 2024. Mientras que el 40% de las v\u00edctimas de femicidios en lo que va del 2025 eran o hab\u00edan sido parejas del agresor.<\/p>\n\n\n\n<div style=\"height:33px\" aria-hidden=\"true\" class=\"wp-block-spacer\"><\/div>\n\n\n\n<hr class=\"wp-block-separator has-alpha-channel-opacity\"\/>\n\n\n\n<div style=\"height:33px\" aria-hidden=\"true\" class=\"wp-block-spacer\"><\/div>\n\n\n\n<p class=\"is-style-success has-black-color has-text-color has-link-color has-medium-font-size wp-elements-7d95ff68b2b5cc9b3abeed5e1ea2dde1\">Les Recordamos las l\u00edneas gratuitas de comunicaci\u00f3n abiertas las 24 h del d\u00eda, para recibir ayuda:<\/p>\n\n\n\n<div style=\"height:33px\" aria-hidden=\"true\" class=\"wp-block-spacer\"><\/div>\n\n\n\n<figure class=\"wp-block-image size-large\"><img decoding=\"async\" width=\"1024\" height=\"683\" src=\"https:\/\/www.ejercito.mil.uy\/wp-content\/uploads\/2025\/11\/Charla-violencia-contra-la-mujer-1-1024x683.jpg\" alt=\"\" class=\"wp-image-52263\" srcset=\"https:\/\/www.ejercito.mil.uy\/wp-content\/uploads\/2025\/11\/Charla-violencia-contra-la-mujer-1-1024x683.jpg 1024w, https:\/\/www.ejercito.mil.uy\/wp-content\/uploads\/2025\/11\/Charla-violencia-contra-la-mujer-1-300x200.jpg 300w, https:\/\/www.ejercito.mil.uy\/wp-content\/uploads\/2025\/11\/Charla-violencia-contra-la-mujer-1.jpg 1200w\" sizes=\"(max-width: 1024px) 100vw, 1024px\" \/><\/figure>\n\n\n\n<p><\/p>\n","protected":false},"excerpt":{"rendered":"<p>21.11.2025 &#8211; Se realiz\u00f3 una jornada de sensibilizacion por el \u00abD\u00eda Internacional para la eliminacion de la violencia hacia la Mujer\u00bb.<\/p>\n","protected":false},"author":4,"featured_media":52260,"comment_status":"open","ping_status":"open","sticky":false,"template":"","format":"standard","meta":{"_coblocks_attr":"","_coblocks_dimensions":"","_coblocks_responsive_height":"","_coblocks_accordion_ie_support":"","_monsterinsights_skip_tracking":false,"_monsterinsights_sitenote_active":false,"_monsterinsights_sitenote_note":"","_monsterinsights_sitenote_category":0,"_uf_show_specific_survey":0,"_uf_disable_surveys":false,"footnotes":""},"categories":[1],"tags":[314,699,2116,642,843,1623,355,2115],"class_list":["post-52259","post","type-post","status-publish","format-standard","has-post-thumbnail","hentry","category-sin-categoria","tag-capacitacion","tag-charla","tag-genero-2","tag-jornada","tag-mujer","tag-sensibilizacion","tag-taller","tag-violencia"],"aioseo_notices":[],"_links":{"self":[{"href":"https:\/\/www.ejercito.mil.uy\/index.php\/wp-json\/wp\/v2\/posts\/52259","targetHints":{"allow":["GET"]}}],"collection":[{"href":"https:\/\/www.ejercito.mil.uy\/index.php\/wp-json\/wp\/v2\/posts"}],"about":[{"href":"https:\/\/www.ejercito.mil.uy\/index.php\/wp-json\/wp\/v2\/types\/post"}],"author":[{"embeddable":true,"href":"https:\/\/www.ejercito.mil.uy\/index.php\/wp-json\/wp\/v2\/users\/4"}],"replies":[{"embeddable":true,"href":"https:\/\/www.ejercito.mil.uy\/index.php\/wp-json\/wp\/v2\/comments?post=52259"}],"version-history":[{"count":4,"href":"https:\/\/www.ejercito.mil.uy\/index.php\/wp-json\/wp\/v2\/posts\/52259\/revisions"}],"predecessor-version":[{"id":52279,"href":"https:\/\/www.ejercito.mil.uy\/index.php\/wp-json\/wp\/v2\/posts\/52259\/revisions\/52279"}],"wp:featuredmedia":[{"embeddable":true,"href":"https:\/\/www.ejercito.mil.uy\/index.php\/wp-json\/wp\/v2\/media\/52260"}],"wp:attachment":[{"href":"https:\/\/www.ejercito.mil.uy\/index.php\/wp-json\/wp\/v2\/media?parent=52259"}],"wp:term":[{"taxonomy":"category","embeddable":true,"href":"https:\/\/www.ejercito.mil.uy\/index.php\/wp-json\/wp\/v2\/categories?post=52259"},{"taxonomy":"post_tag","embeddable":true,"href":"https:\/\/www.ejercito.mil.uy\/index.php\/wp-json\/wp\/v2\/tags?post=52259"}],"curies":[{"name":"wp","href":"https:\/\/api.w.org\/{rel}","templated":true}]}}