{"id":53811,"date":"2025-12-17T12:20:23","date_gmt":"2025-12-17T15:20:23","guid":{"rendered":"https:\/\/www.ejercito.mil.uy\/?p=53811"},"modified":"2025-12-19T18:41:43","modified_gmt":"2025-12-19T21:41:43","slug":"culmino-la-operacion-frio-polar-2025","status":"publish","type":"post","link":"https:\/\/www.ejercito.mil.uy\/index.php\/2025\/12\/17\/culmino-la-operacion-frio-polar-2025\/","title":{"rendered":"Culmin\u00f3 la Operaci\u00f3n \u00abFr\u00edo Polar 2025\u00bb"},"content":{"rendered":"\n<p style=\"font-size:14px\">2025<\/p>\n\n\n\n<div style=\"height:24px\" aria-hidden=\"true\" class=\"wp-block-spacer\"><\/div>\n\n\n\n<p class=\"has-black-color has-text-color has-link-color wp-elements-3e2eebb13ce374b12bc40e145472d183\" style=\"font-size:18px\">El <strong>12 de diciembre<\/strong> culmin\u00f3 la <strong>Operaci\u00f3n Fr\u00edo Polar<\/strong>, que se desarroll\u00f3 desde el <strong>15 de mayo<\/strong>, brindando apoyo a personas en situaci\u00f3n de vulnerabilidad frente a las bajas temperaturas.<\/p>\n\n\n\n<div style=\"height:33px\" aria-hidden=\"true\" class=\"wp-block-spacer\"><\/div>\n\n\n\n<p class=\"has-black-color has-text-color has-link-color wp-elements-3261e2fdb0b757bf4c1b0c946f5bd5d1\" style=\"font-size:18px\">Durante este per\u00edodo, el <strong>Ej\u00e9rcito Nacional<\/strong> realiz\u00f3:<br>\u25aa <strong>31.192 pernoctaciones<\/strong> en refugios ubicados en Unidades militares<br>\u25aa <strong>226.123 platos de comida caliente<\/strong> elaborados y distribuidos<\/p>\n\n\n\n<div style=\"height:33px\" aria-hidden=\"true\" class=\"wp-block-spacer\"><\/div>\n\n\n\n<figure class=\"wp-block-image size-large\"><img fetchpriority=\"high\" decoding=\"async\" width=\"1024\" height=\"944\" src=\"https:\/\/www.ejercito.mil.uy\/wp-content\/uploads\/2025\/12\/Mapa-frio-polar-1024x944.jpg\" alt=\"\" class=\"wp-image-53816\" srcset=\"https:\/\/www.ejercito.mil.uy\/wp-content\/uploads\/2025\/12\/Mapa-frio-polar-1024x944.jpg 1024w, https:\/\/www.ejercito.mil.uy\/wp-content\/uploads\/2025\/12\/Mapa-frio-polar-300x277.jpg 300w, https:\/\/www.ejercito.mil.uy\/wp-content\/uploads\/2025\/12\/Mapa-frio-polar.jpg 1567w\" sizes=\"(max-width: 1024px) 100vw, 1024px\" \/><\/figure>\n\n\n\n<div style=\"height:33px\" aria-hidden=\"true\" class=\"wp-block-spacer\"><\/div>\n\n\n\n<p class=\"has-black-color has-text-color has-link-color wp-elements-5dd8e86e2b30898da5fcf9e7e085ca76\" style=\"font-size:18px\">El <strong>Ej\u00e9rcito Nacional<\/strong>, trabaj\u00f3 en coordinaci\u00f3n con el <strong>MIDES<\/strong> y las <strong>Intendencias Departamentales<\/strong>, aportando infraestructura, personal y log\u00edstica para brindar abrigo y alimento.<\/p>\n\n\n\n<div style=\"height:44px\" aria-hidden=\"true\" class=\"wp-block-spacer\"><\/div>\n\n\n\n<p class=\"has-black-color has-text-color has-background has-link-color wp-elements-a149f242f53fc89deb9d20fffc91e311\" style=\"background-color:#ece8de;font-size:18px\"><em>Ver nota a partir del minuto 01:08 en la edici\u00f3n #39 del informativo Ej\u00e9rcito del Uruguay \u2013\u00a0<a href=\"https:\/\/www.youtube.com\/watch?v=_pyJQK3gXgA&amp;t=68s\" title=\"\">Finaliz\u00f3 la Operaci\u00f3n Fr\u00edo Polar<\/a><\/em><\/p>\n\n\n\n<div style=\"height:99px\" aria-hidden=\"true\" class=\"wp-block-spacer\"><\/div>\n","protected":false},"excerpt":{"rendered":"<p>Los invitamos a recorrer el mapa interactivo con informaci\u00f3n de los apoyos que realiza el Ej\u00e9rcito en los distintos puntos del pa\u00eds. <\/p>\n","protected":false},"author":4,"featured_media":46566,"comment_status":"open","ping_status":"open","sticky":false,"template":"","format":"standard","meta":{"_coblocks_attr":"","_coblocks_dimensions":"","_coblocks_responsive_height":"","_coblocks_accordion_ie_support":"","_monsterinsights_skip_tracking":false,"_monsterinsights_sitenote_active":false,"_monsterinsights_sitenote_note":"","_monsterinsights_sitenote_category":0,"_uf_show_specific_survey":0,"_uf_disable_surveys":false,"footnotes":""},"categories":[10,14,1],"tags":[],"class_list":["post-53811","post","type-post","status-publish","format-standard","has-post-thumbnail","hentry","category-destacados","category-noticias","category-sin-categoria"],"aioseo_notices":[],"_links":{"self":[{"href":"https:\/\/www.ejercito.mil.uy\/index.php\/wp-json\/wp\/v2\/posts\/53811","targetHints":{"allow":["GET"]}}],"collection":[{"href":"https:\/\/www.ejercito.mil.uy\/index.php\/wp-json\/wp\/v2\/posts"}],"about":[{"href":"https:\/\/www.ejercito.mil.uy\/index.php\/wp-json\/wp\/v2\/types\/post"}],"author":[{"embeddable":true,"href":"https:\/\/www.ejercito.mil.uy\/index.php\/wp-json\/wp\/v2\/users\/4"}],"replies":[{"embeddable":true,"href":"https:\/\/www.ejercito.mil.uy\/index.php\/wp-json\/wp\/v2\/comments?post=53811"}],"version-history":[{"count":4,"href":"https:\/\/www.ejercito.mil.uy\/index.php\/wp-json\/wp\/v2\/posts\/53811\/revisions"}],"predecessor-version":[{"id":54185,"href":"https:\/\/www.ejercito.mil.uy\/index.php\/wp-json\/wp\/v2\/posts\/53811\/revisions\/54185"}],"wp:featuredmedia":[{"embeddable":true,"href":"https:\/\/www.ejercito.mil.uy\/index.php\/wp-json\/wp\/v2\/media\/46566"}],"wp:attachment":[{"href":"https:\/\/www.ejercito.mil.uy\/index.php\/wp-json\/wp\/v2\/media?parent=53811"}],"wp:term":[{"taxonomy":"category","embeddable":true,"href":"https:\/\/www.ejercito.mil.uy\/index.php\/wp-json\/wp\/v2\/categories?post=53811"},{"taxonomy":"post_tag","embeddable":true,"href":"https:\/\/www.ejercito.mil.uy\/index.php\/wp-json\/wp\/v2\/tags?post=53811"}],"curies":[{"name":"wp","href":"https:\/\/api.w.org\/{rel}","templated":true}]}}