{"id":53823,"date":"2025-12-17T19:04:49","date_gmt":"2025-12-17T22:04:49","guid":{"rendered":"https:\/\/www.ejercito.mil.uy\/?p=53823"},"modified":"2025-12-19T18:40:54","modified_gmt":"2025-12-19T21:40:54","slug":"nombramiento-de-la-colonia-de-vacaciones-del-parador-tajes","status":"publish","type":"post","link":"https:\/\/www.ejercito.mil.uy\/index.php\/2025\/12\/17\/nombramiento-de-la-colonia-de-vacaciones-del-parador-tajes\/","title":{"rendered":"Nombramiento de la colonia de vacaciones del Parador Tajes"},"content":{"rendered":"\n<p class=\"has-black-color has-text-color has-link-color has-small-font-size wp-elements-ae8784ca870da0c0c7c69e904750694c\">17.12.2025 &#8211; <strong>Parador Tajes, Canelones<\/strong><\/p>\n\n\n\n<div style=\"height:22px\" aria-hidden=\"true\" class=\"wp-block-spacer\"><\/div>\n\n\n\n<p class=\"is-style-success has-black-color has-text-color has-background has-link-color has-medium-font-size wp-elements-e86bd807ec0265ad8167413d845ab52a\" style=\"background-color:#ffcc00\">El mi\u00e9rcoles 17 de diciembre, con la presencia de la Ministra de Defensa Nacional, Sandra Lazo y del Comandante en Jefe del Ej\u00e9rcito, Gral. de Ej\u00e9rcito Mario Stevenazzi, se realiz\u00f3 la <strong>ceremonia de nombramiento de la colonia de vacaciones del Parador Tajes como \u00abMar\u00eda Josefa \u00c1lamo de Su\u00e1rez\u00bb<\/strong>.<\/p>\n\n\n\n<div style=\"height:22px\" aria-hidden=\"true\" class=\"wp-block-spacer\"><\/div>\n\n\n\n<figure class=\"wp-block-image size-large\"><img fetchpriority=\"high\" decoding=\"async\" width=\"1024\" height=\"683\" src=\"https:\/\/www.ejercito.mil.uy\/wp-content\/uploads\/2025\/12\/2025-12-17-Tajes-Sello-103-1024x683.jpg\" alt=\"\" class=\"wp-image-53893\" srcset=\"https:\/\/www.ejercito.mil.uy\/wp-content\/uploads\/2025\/12\/2025-12-17-Tajes-Sello-103-1024x683.jpg 1024w, https:\/\/www.ejercito.mil.uy\/wp-content\/uploads\/2025\/12\/2025-12-17-Tajes-Sello-103-300x200.jpg 300w, https:\/\/www.ejercito.mil.uy\/wp-content\/uploads\/2025\/12\/2025-12-17-Tajes-Sello-103.jpg 1200w\" sizes=\"(max-width: 1024px) 100vw, 1024px\" \/><\/figure>\n\n\n\n<div style=\"height:22px\" aria-hidden=\"true\" class=\"wp-block-spacer\"><\/div>\n\n\n\n<p class=\"has-black-color has-text-color has-link-color wp-elements-3af22d5b33f3c6191e64af2381e9b4db\" style=\"font-size:18px\">En primera instancia, la Banda de M\u00fasicos de la Brigada \u00abGral. Eugenio Garz\u00f3n\u00bb de Infanter\u00eda N\u00ba1 ejecut\u00f3 el Himno Nacional, invitando a los presentes a entonar sus estrofas.<\/p>\n\n\n\n<div style=\"height:22px\" aria-hidden=\"true\" class=\"wp-block-spacer\"><\/div>\n\n\n\n<figure class=\"wp-block-image size-large\"><img decoding=\"async\" width=\"1024\" height=\"683\" src=\"https:\/\/www.ejercito.mil.uy\/wp-content\/uploads\/2025\/12\/2025-12-17-Tajes-Sello-29-1024x683.jpg\" alt=\"\" class=\"wp-image-53895\" srcset=\"https:\/\/www.ejercito.mil.uy\/wp-content\/uploads\/2025\/12\/2025-12-17-Tajes-Sello-29-1024x683.jpg 1024w, https:\/\/www.ejercito.mil.uy\/wp-content\/uploads\/2025\/12\/2025-12-17-Tajes-Sello-29-300x200.jpg 300w, https:\/\/www.ejercito.mil.uy\/wp-content\/uploads\/2025\/12\/2025-12-17-Tajes-Sello-29.jpg 1200w\" sizes=\"(max-width: 1024px) 100vw, 1024px\" \/><\/figure>\n\n\n\n<div style=\"height:55px\" aria-hidden=\"true\" class=\"wp-block-spacer\"><\/div>\n\n\n\n<p class=\"has-black-color has-text-color has-link-color wp-elements-f33a9fc5df39055b830cc3156a65717d\" style=\"font-size:18px\">El Director General de los Servicios de las Fuerzas Armadas, <strong>Gral. Ricardo Devita<\/strong>, destac\u00f3 que Mar\u00eda Josefa \u00c1lamo, junto a otras damas de la \u00e9poca, gracias a su compromiso y relevancia social, permiti\u00f3 la fundaci\u00f3n en 1843 de la primera Sociedad Filantr\u00f3pica de Damas Orientales, con un fuerte cometido en la asistencia comunitaria.<\/p>\n\n\n\n<div style=\"height:22px\" aria-hidden=\"true\" class=\"wp-block-spacer\"><\/div>\n\n\n\n<figure class=\"wp-block-image size-large\"><img decoding=\"async\" width=\"1024\" height=\"683\" src=\"https:\/\/www.ejercito.mil.uy\/wp-content\/uploads\/2025\/12\/2025-12-17-Tajes-Sello-51-1024x683.jpg\" alt=\"\" class=\"wp-image-53896\" srcset=\"https:\/\/www.ejercito.mil.uy\/wp-content\/uploads\/2025\/12\/2025-12-17-Tajes-Sello-51-1024x683.jpg 1024w, https:\/\/www.ejercito.mil.uy\/wp-content\/uploads\/2025\/12\/2025-12-17-Tajes-Sello-51-300x200.jpg 300w, https:\/\/www.ejercito.mil.uy\/wp-content\/uploads\/2025\/12\/2025-12-17-Tajes-Sello-51.jpg 1200w\" sizes=\"(max-width: 1024px) 100vw, 1024px\" \/><\/figure>\n\n\n\n<div style=\"height:55px\" aria-hidden=\"true\" class=\"wp-block-spacer\"><\/div>\n\n\n\n<p class=\"has-black-color has-text-color has-link-color wp-elements-7c0fd7c4ab0ab05dcbbdfeb6abb967d6\" style=\"font-size:18px\">Por su parte, la Ministra de Defensa Nacional, expres\u00f3<em><strong>\u201cMar\u00eda Josefa \u00c1lamo de Su\u00e1rez fue una figura femenina cuyo nombre aparece ligado a los procesos sociales y pol\u00edticos de su tiempo, aunque, como ocurri\u00f3 con tantas mujeres, su protagonismo qued\u00f3 relegado a los m\u00e1rgenes de la narrativa hist\u00f3rica tradicional\u201d.<\/strong><\/em><\/p>\n\n\n\n<div style=\"height:24px\" aria-hidden=\"true\" class=\"wp-block-spacer\"><\/div>\n\n\n\n<p class=\"has-black-color has-text-color has-link-color wp-elements-70dc4fa2b36e2122d268a53c54671bb4\" style=\"font-size:18px\">En relaci\u00f3n a su rol hist\u00f3rico, manifest\u00f3 que <strong><em>\u201crepresent\u00f3 a un conjunto de mujeres que, sin ocupar cargos formales de poder, influyeron de manera decisiva en la construcci\u00f3n social, cultural y pol\u00edtica de su entorno\u201d<\/em>.<\/strong><\/p>\n\n\n\n<div style=\"height:33px\" aria-hidden=\"true\" class=\"wp-block-spacer\"><\/div>\n\n\n\n<figure class=\"wp-block-image size-large\"><img loading=\"lazy\" decoding=\"async\" width=\"1024\" height=\"683\" src=\"https:\/\/www.ejercito.mil.uy\/wp-content\/uploads\/2025\/12\/2025-12-17-Tajes-Sello-56-1024x683.jpg\" alt=\"\" class=\"wp-image-53897\" srcset=\"https:\/\/www.ejercito.mil.uy\/wp-content\/uploads\/2025\/12\/2025-12-17-Tajes-Sello-56-1024x683.jpg 1024w, https:\/\/www.ejercito.mil.uy\/wp-content\/uploads\/2025\/12\/2025-12-17-Tajes-Sello-56-300x200.jpg 300w, https:\/\/www.ejercito.mil.uy\/wp-content\/uploads\/2025\/12\/2025-12-17-Tajes-Sello-56.jpg 1200w\" sizes=\"(max-width: 1024px) 100vw, 1024px\" \/><\/figure>\n\n\n\n<div style=\"height:33px\" aria-hidden=\"true\" class=\"wp-block-spacer\"><\/div>\n\n\n\n<p class=\"has-black-color has-text-color has-link-color wp-elements-5e42e8eabe68c9791d69aad4f28c4327\" style=\"font-size:18px\">Finalmente, afirm\u00f3 que <strong><em>\u201crecuperar su nombre y resignificar su presencia es un acto pol\u00edtico y cultural\u201d<\/em>, destacando que Mar\u00eda Josefa \u00c1lamo de Su\u00e1rez <em>\u201cno es solo una figura del pasado, sino un s\u00edmbolo de las m\u00faltiples mujeres cuya memoria merece ser revisitada, nombrada y dignificada desde una perspectiva de g\u00e9nero\u201d<\/em>.<\/strong><\/p>\n\n\n\n<div style=\"height:55px\" aria-hidden=\"true\" class=\"wp-block-spacer\"><\/div>\n\n\n\n<p class=\"has-black-color has-text-color has-link-color wp-elements-a2a87d2887cfc8aaf4303bd4ac8227fe\" style=\"font-size:18px\">Posteriormente, la Mtra. de Defensa Nacional y el Dtor. General de los Servicios de las FFAA, procedieron al descubrimiento del nombre de la Colonia de Vacaciones.<\/p>\n\n\n\n<div style=\"height:22px\" aria-hidden=\"true\" class=\"wp-block-spacer\"><\/div>\n\n\n\n<figure class=\"wp-block-image size-large\"><img loading=\"lazy\" decoding=\"async\" width=\"1024\" height=\"683\" src=\"https:\/\/www.ejercito.mil.uy\/wp-content\/uploads\/2025\/12\/2025-12-17-Tajes-Sello-70-1024x683.jpg\" alt=\"\" class=\"wp-image-53898\" srcset=\"https:\/\/www.ejercito.mil.uy\/wp-content\/uploads\/2025\/12\/2025-12-17-Tajes-Sello-70-1024x683.jpg 1024w, https:\/\/www.ejercito.mil.uy\/wp-content\/uploads\/2025\/12\/2025-12-17-Tajes-Sello-70-300x200.jpg 300w, https:\/\/www.ejercito.mil.uy\/wp-content\/uploads\/2025\/12\/2025-12-17-Tajes-Sello-70.jpg 1200w\" sizes=\"(max-width: 1024px) 100vw, 1024px\" \/><\/figure>\n\n\n\n<div style=\"height:44px\" aria-hidden=\"true\" class=\"wp-block-spacer\"><\/div>\n\n\n\n<p class=\"has-black-color has-text-color has-link-color wp-elements-8fa5cc0ca47f51b561fee89557685b6b\" style=\"font-size:18px\">Asimismo, se descubri\u00f3 la gigantograf\u00eda del sello personalizado conmemorativo del Correo Uruguayo, destacando el rol fundamental que cumple la filatelia en la divulgaci\u00f3n, dentro y fuera de fronteras, de hechos relevantes que forman parte de la historia y la cultura de los pueblos.<\/p>\n\n\n\n<div style=\"height:44px\" aria-hidden=\"true\" class=\"wp-block-spacer\"><\/div>\n\n\n\n<figure class=\"wp-block-image size-large\"><img loading=\"lazy\" decoding=\"async\" width=\"1024\" height=\"683\" src=\"https:\/\/www.ejercito.mil.uy\/wp-content\/uploads\/2025\/12\/2025-12-17-Tajes-Sello-76-1024x683.jpg\" alt=\"\" class=\"wp-image-53899\" srcset=\"https:\/\/www.ejercito.mil.uy\/wp-content\/uploads\/2025\/12\/2025-12-17-Tajes-Sello-76-1024x683.jpg 1024w, https:\/\/www.ejercito.mil.uy\/wp-content\/uploads\/2025\/12\/2025-12-17-Tajes-Sello-76-300x200.jpg 300w, https:\/\/www.ejercito.mil.uy\/wp-content\/uploads\/2025\/12\/2025-12-17-Tajes-Sello-76.jpg 1200w\" sizes=\"(max-width: 1024px) 100vw, 1024px\" \/><\/figure>\n\n\n\n<div style=\"height:44px\" aria-hidden=\"true\" class=\"wp-block-spacer\"><\/div>\n\n\n\n<p class=\"has-black-color has-text-color has-link-color wp-elements-e6ebd310aeec378ce0d6d6a1dfbb663a\" style=\"font-size:18px\">Por otra parte, la <strong>Lic. Ver\u00f3nica Stocco<\/strong> ley\u00f3 una rese\u00f1a hist\u00f3rica sobre Mar\u00eda Josefa \u00c1lamo de Su\u00e1rez, quien fue la encargada de bordar el sol en el primer Pabell\u00f3n Nacional.<\/p>\n\n\n\n<div style=\"height:19px\" aria-hidden=\"true\" class=\"wp-block-spacer\"><\/div>\n\n\n\n<figure class=\"wp-block-image size-large\"><img loading=\"lazy\" decoding=\"async\" width=\"1024\" height=\"683\" src=\"https:\/\/www.ejercito.mil.uy\/wp-content\/uploads\/2025\/12\/2025-12-17-Tajes-Sello-105-1024x683.jpg\" alt=\"\" class=\"wp-image-53900\" srcset=\"https:\/\/www.ejercito.mil.uy\/wp-content\/uploads\/2025\/12\/2025-12-17-Tajes-Sello-105-1024x683.jpg 1024w, https:\/\/www.ejercito.mil.uy\/wp-content\/uploads\/2025\/12\/2025-12-17-Tajes-Sello-105-300x200.jpg 300w, https:\/\/www.ejercito.mil.uy\/wp-content\/uploads\/2025\/12\/2025-12-17-Tajes-Sello-105.jpg 1200w\" sizes=\"(max-width: 1024px) 100vw, 1024px\" \/><\/figure>\n\n\n\n<div style=\"height:55px\" aria-hidden=\"true\" class=\"wp-block-spacer\"><\/div>\n\n\n\n<p class=\"has-black-color has-text-color has-link-color wp-elements-98ead714bfbc85bf5a430a2e1d16e413\" style=\"font-size:18px\">Para finalizar, los alumnos de la Escuela\u00a0Rural\u00a0N\u00ba4\u00a0\u00abBarrancas Coloradas\u00bb recitaron el poema \u00abParador Tajes\u00bb, de autor\u00eda del Prof. Juan Stocco Valerio.<\/p>\n\n\n\n<div style=\"height:22px\" aria-hidden=\"true\" class=\"wp-block-spacer\"><\/div>\n\n\n\n<figure class=\"wp-block-image size-large\"><img loading=\"lazy\" decoding=\"async\" width=\"1024\" height=\"683\" src=\"https:\/\/www.ejercito.mil.uy\/wp-content\/uploads\/2025\/12\/2025-12-17-Tajes-Sello-112-1024x683.jpg\" alt=\"\" class=\"wp-image-53901\" srcset=\"https:\/\/www.ejercito.mil.uy\/wp-content\/uploads\/2025\/12\/2025-12-17-Tajes-Sello-112-1024x683.jpg 1024w, https:\/\/www.ejercito.mil.uy\/wp-content\/uploads\/2025\/12\/2025-12-17-Tajes-Sello-112-300x200.jpg 300w, https:\/\/www.ejercito.mil.uy\/wp-content\/uploads\/2025\/12\/2025-12-17-Tajes-Sello-112.jpg 1200w\" sizes=\"(max-width: 1024px) 100vw, 1024px\" \/><\/figure>\n\n\n\n<div style=\"height:55px\" aria-hidden=\"true\" class=\"wp-block-spacer\"><\/div>\n\n\n\n<p class=\"has-black-color has-text-color has-link-color wp-elements-60b78cf9460af1d5392bad157591ac79\" style=\"font-size:18px\">Asistieron al acto el Subsecretario del MDN, Pte. del Correo Uruguayo, la Alcaldesa del Municipio de Los Cerrillos, la Dtora. del Museo Nacional de Artes Visuales, as\u00ed como Oficiales Generales en actividad y en retiro de las FFAA, entre otros.<\/p>\n\n\n\n<div style=\"height:22px\" aria-hidden=\"true\" class=\"wp-block-spacer\"><\/div>\n\n\n\n<div class=\"wp-block-columns is-layout-flex wp-container-core-columns-is-layout-28f84493 wp-block-columns-is-layout-flex\">\n<div class=\"wp-block-column is-layout-flow wp-block-column-is-layout-flow\">\n<figure class=\"wp-block-image size-large\"><img loading=\"lazy\" decoding=\"async\" width=\"1024\" height=\"683\" src=\"https:\/\/www.ejercito.mil.uy\/wp-content\/uploads\/2025\/12\/2025-12-17-Tajes-Sello-40-1024x683.jpg\" alt=\"\" class=\"wp-image-53902\" srcset=\"https:\/\/www.ejercito.mil.uy\/wp-content\/uploads\/2025\/12\/2025-12-17-Tajes-Sello-40-1024x683.jpg 1024w, https:\/\/www.ejercito.mil.uy\/wp-content\/uploads\/2025\/12\/2025-12-17-Tajes-Sello-40-300x200.jpg 300w, https:\/\/www.ejercito.mil.uy\/wp-content\/uploads\/2025\/12\/2025-12-17-Tajes-Sello-40.jpg 1200w\" sizes=\"(max-width: 1024px) 100vw, 1024px\" \/><\/figure>\n<\/div>\n\n\n\n<div class=\"wp-block-column is-layout-flow wp-block-column-is-layout-flow\">\n<figure class=\"wp-block-image size-large\"><img loading=\"lazy\" decoding=\"async\" width=\"1024\" height=\"683\" src=\"https:\/\/www.ejercito.mil.uy\/wp-content\/uploads\/2025\/12\/2025-12-17-Tajes-Sello-84-1024x683.jpg\" alt=\"\" class=\"wp-image-53903\" srcset=\"https:\/\/www.ejercito.mil.uy\/wp-content\/uploads\/2025\/12\/2025-12-17-Tajes-Sello-84-1024x683.jpg 1024w, https:\/\/www.ejercito.mil.uy\/wp-content\/uploads\/2025\/12\/2025-12-17-Tajes-Sello-84-300x200.jpg 300w, https:\/\/www.ejercito.mil.uy\/wp-content\/uploads\/2025\/12\/2025-12-17-Tajes-Sello-84.jpg 1200w\" sizes=\"(max-width: 1024px) 100vw, 1024px\" \/><\/figure>\n<\/div>\n<\/div>\n\n\n\n<div style=\"height:18px\" aria-hidden=\"true\" class=\"wp-block-spacer\"><\/div>\n\n\n\n<div class=\"wp-block-columns is-layout-flex wp-container-core-columns-is-layout-28f84493 wp-block-columns-is-layout-flex\">\n<div class=\"wp-block-column is-layout-flow wp-block-column-is-layout-flow\">\n<figure class=\"wp-block-image size-large\"><img loading=\"lazy\" decoding=\"async\" width=\"1024\" height=\"683\" src=\"https:\/\/www.ejercito.mil.uy\/wp-content\/uploads\/2025\/12\/2025-12-17-Tajes-Sello-10-1024x683.jpg\" alt=\"\" class=\"wp-image-53904\" srcset=\"https:\/\/www.ejercito.mil.uy\/wp-content\/uploads\/2025\/12\/2025-12-17-Tajes-Sello-10-1024x683.jpg 1024w, https:\/\/www.ejercito.mil.uy\/wp-content\/uploads\/2025\/12\/2025-12-17-Tajes-Sello-10-300x200.jpg 300w, https:\/\/www.ejercito.mil.uy\/wp-content\/uploads\/2025\/12\/2025-12-17-Tajes-Sello-10.jpg 1200w\" sizes=\"(max-width: 1024px) 100vw, 1024px\" \/><\/figure>\n<\/div>\n\n\n\n<div class=\"wp-block-column is-layout-flow wp-block-column-is-layout-flow\">\n<figure class=\"wp-block-image size-large\"><img loading=\"lazy\" decoding=\"async\" width=\"1024\" height=\"683\" src=\"https:\/\/www.ejercito.mil.uy\/wp-content\/uploads\/2025\/12\/2025-12-17-Tajes-Sello-18-1024x683.jpg\" alt=\"\" class=\"wp-image-53907\" srcset=\"https:\/\/www.ejercito.mil.uy\/wp-content\/uploads\/2025\/12\/2025-12-17-Tajes-Sello-18-1024x683.jpg 1024w, https:\/\/www.ejercito.mil.uy\/wp-content\/uploads\/2025\/12\/2025-12-17-Tajes-Sello-18-300x200.jpg 300w, https:\/\/www.ejercito.mil.uy\/wp-content\/uploads\/2025\/12\/2025-12-17-Tajes-Sello-18.jpg 1200w\" sizes=\"(max-width: 1024px) 100vw, 1024px\" \/><\/figure>\n<\/div>\n<\/div>\n\n\n\n<div style=\"height:18px\" aria-hidden=\"true\" class=\"wp-block-spacer\"><\/div>\n\n\n\n<figure class=\"wp-block-gallery has-nested-images columns-default is-cropped wp-block-gallery-1 is-layout-flex wp-block-gallery-is-layout-flex\">\n<figure class=\"wp-block-image size-large\"><img loading=\"lazy\" decoding=\"async\" width=\"1024\" height=\"683\" data-id=\"53906\" src=\"https:\/\/www.ejercito.mil.uy\/wp-content\/uploads\/2025\/12\/WhatsApp-Image-2025-12-17-at-11.34.17-1-1024x683.jpeg\" alt=\"\" class=\"wp-image-53906\" srcset=\"https:\/\/www.ejercito.mil.uy\/wp-content\/uploads\/2025\/12\/WhatsApp-Image-2025-12-17-at-11.34.17-1-1024x683.jpeg 1024w, https:\/\/www.ejercito.mil.uy\/wp-content\/uploads\/2025\/12\/WhatsApp-Image-2025-12-17-at-11.34.17-1-300x200.jpeg 300w, https:\/\/www.ejercito.mil.uy\/wp-content\/uploads\/2025\/12\/WhatsApp-Image-2025-12-17-at-11.34.17-1.jpeg 1200w\" sizes=\"(max-width: 1024px) 100vw, 1024px\" \/><\/figure>\n\n\n\n<figure class=\"wp-block-image size-large\"><img loading=\"lazy\" decoding=\"async\" width=\"1024\" height=\"683\" data-id=\"53905\" src=\"https:\/\/www.ejercito.mil.uy\/wp-content\/uploads\/2025\/12\/2025-12-17-Tajes-Sello-16-1024x683.jpg\" alt=\"\" class=\"wp-image-53905\" srcset=\"https:\/\/www.ejercito.mil.uy\/wp-content\/uploads\/2025\/12\/2025-12-17-Tajes-Sello-16-1024x683.jpg 1024w, https:\/\/www.ejercito.mil.uy\/wp-content\/uploads\/2025\/12\/2025-12-17-Tajes-Sello-16-300x200.jpg 300w, https:\/\/www.ejercito.mil.uy\/wp-content\/uploads\/2025\/12\/2025-12-17-Tajes-Sello-16.jpg 1200w\" sizes=\"(max-width: 1024px) 100vw, 1024px\" \/><\/figure>\n<\/figure>\n\n\n\n<div style=\"height:18px\" aria-hidden=\"true\" class=\"wp-block-spacer\"><\/div>\n\n\n\n<figure class=\"wp-block-gallery has-nested-images columns-default is-cropped wp-block-gallery-2 is-layout-flex wp-block-gallery-is-layout-flex\">\n<figure class=\"wp-block-image size-large\"><img loading=\"lazy\" decoding=\"async\" width=\"1024\" height=\"683\" data-id=\"53909\" src=\"https:\/\/www.ejercito.mil.uy\/wp-content\/uploads\/2025\/12\/2025-12-17-Tajes-Sello-106-1024x683.jpg\" alt=\"\" class=\"wp-image-53909\" srcset=\"https:\/\/www.ejercito.mil.uy\/wp-content\/uploads\/2025\/12\/2025-12-17-Tajes-Sello-106-1024x683.jpg 1024w, https:\/\/www.ejercito.mil.uy\/wp-content\/uploads\/2025\/12\/2025-12-17-Tajes-Sello-106-300x200.jpg 300w, https:\/\/www.ejercito.mil.uy\/wp-content\/uploads\/2025\/12\/2025-12-17-Tajes-Sello-106.jpg 1200w\" sizes=\"(max-width: 1024px) 100vw, 1024px\" \/><\/figure>\n<\/figure>\n\n\n\n<div style=\"height:100px\" aria-hidden=\"true\" class=\"wp-block-spacer\"><\/div>\n","protected":false},"excerpt":{"rendered":"<p>17.12.2025 &#8211; Con la presencia de la Mtra. de Defensa Nacional y del Cte. en Jefe del Ej\u00e9rcito, se realiz\u00f3 la ceremonia de nombramiento de la colonia de vacaciones del Parador Tajes como \u00abMar\u00eda Josefa \u00c1lamo de Su\u00e1rez\u00bb.<\/p>\n","protected":false},"author":14,"featured_media":53898,"comment_status":"open","ping_status":"open","sticky":false,"template":"","format":"standard","meta":{"_coblocks_attr":"","_coblocks_dimensions":"","_coblocks_responsive_height":"","_coblocks_accordion_ie_support":"","_monsterinsights_skip_tracking":false,"_monsterinsights_sitenote_active":false,"_monsterinsights_sitenote_note":"","_monsterinsights_sitenote_category":0,"_uf_show_specific_survey":0,"_uf_disable_surveys":false,"footnotes":""},"categories":[2,14,1],"tags":[2159,2155,2160,1131,2032,41,2158,1036,1401,2157,944,372,2161,2156],"class_list":["post-53823","post","type-post","status-publish","format-standard","has-post-thumbnail","hentry","category-blog","category-noticias","category-sin-categoria","tag-alamo-de-suarez","tag-colonia-2","tag-correo-urugayo","tag-descubrimiento","tag-gigantografia","tag-historia","tag-maria-josefa","tag-nombramiento","tag-pabellon-nacional","tag-parador-tajes","tag-placa","tag-sello","tag-sello-postal","tag-vacaciones"],"aioseo_notices":[],"_links":{"self":[{"href":"https:\/\/www.ejercito.mil.uy\/index.php\/wp-json\/wp\/v2\/posts\/53823","targetHints":{"allow":["GET"]}}],"collection":[{"href":"https:\/\/www.ejercito.mil.uy\/index.php\/wp-json\/wp\/v2\/posts"}],"about":[{"href":"https:\/\/www.ejercito.mil.uy\/index.php\/wp-json\/wp\/v2\/types\/post"}],"author":[{"embeddable":true,"href":"https:\/\/www.ejercito.mil.uy\/index.php\/wp-json\/wp\/v2\/users\/14"}],"replies":[{"embeddable":true,"href":"https:\/\/www.ejercito.mil.uy\/index.php\/wp-json\/wp\/v2\/comments?post=53823"}],"version-history":[{"count":28,"href":"https:\/\/www.ejercito.mil.uy\/index.php\/wp-json\/wp\/v2\/posts\/53823\/revisions"}],"predecessor-version":[{"id":54063,"href":"https:\/\/www.ejercito.mil.uy\/index.php\/wp-json\/wp\/v2\/posts\/53823\/revisions\/54063"}],"wp:featuredmedia":[{"embeddable":true,"href":"https:\/\/www.ejercito.mil.uy\/index.php\/wp-json\/wp\/v2\/media\/53898"}],"wp:attachment":[{"href":"https:\/\/www.ejercito.mil.uy\/index.php\/wp-json\/wp\/v2\/media?parent=53823"}],"wp:term":[{"taxonomy":"category","embeddable":true,"href":"https:\/\/www.ejercito.mil.uy\/index.php\/wp-json\/wp\/v2\/categories?post=53823"},{"taxonomy":"post_tag","embeddable":true,"href":"https:\/\/www.ejercito.mil.uy\/index.php\/wp-json\/wp\/v2\/tags?post=53823"}],"curies":[{"name":"wp","href":"https:\/\/api.w.org\/{rel}","templated":true}]}}