{"id":53839,"date":"2025-12-18T14:39:14","date_gmt":"2025-12-18T17:39:14","guid":{"rendered":"https:\/\/www.ejercito.mil.uy\/?p=53839"},"modified":"2025-12-22T13:35:14","modified_gmt":"2025-12-22T16:35:14","slug":"aniversario-del-arma-de-ingenieros-2025","status":"publish","type":"post","link":"https:\/\/www.ejercito.mil.uy\/index.php\/2025\/12\/18\/aniversario-del-arma-de-ingenieros-2025\/","title":{"rendered":"Ceremonia por el D\u00eda del Arma de Ingenieros  2025"},"content":{"rendered":"\n<p class=\"has-black-color has-text-color has-link-color has-small-font-size wp-elements-8d80a5ba22073b327b5b7e33094fc40e\">18.12.2024 &#8211; <strong>Canelones <\/strong><\/p>\n\n\n\n<div style=\"height:30px\" aria-hidden=\"true\" class=\"wp-block-spacer\"><\/div>\n\n\n\n<p class=\"has-white-color has-black-background-color has-text-color has-background has-medium-font-size\">El jueves 18 de diciembre, con la presencia del Comandante en Jefe del Ej\u00e9rcito, Gral. de Ej\u00e9rcito Mario Stevenazzi, se realiz\u00f3 la ceremonia por el <strong>110\u00b0 aniversario del<\/strong> <strong>D\u00eda del Arma de Ingenieros<\/strong>, en la Brigada de Ingenieros N\u00b01.<\/p>\n\n\n\n<div style=\"height:44px\" aria-hidden=\"true\" class=\"wp-block-spacer\"><\/div>\n\n\n\n<figure class=\"wp-block-embed is-type-video is-provider-youtube wp-block-embed-youtube wp-embed-aspect-16-9 wp-has-aspect-ratio\"><div class=\"wp-block-embed__wrapper\">\n<iframe title=\"Ceremonia por el aniversario del D\u00eda del Arma de Ingenieros 2025\" width=\"1778\" height=\"1000\" src=\"https:\/\/www.youtube.com\/embed\/Qm2aWDwmhDs?feature=oembed\" frameborder=\"0\" allow=\"accelerometer; autoplay; clipboard-write; encrypted-media; gyroscope; picture-in-picture; web-share\" referrerpolicy=\"strict-origin-when-cross-origin\" allowfullscreen><\/iframe>\n<\/div><\/figure>\n\n\n\n<div style=\"height:66px\" aria-hidden=\"true\" class=\"wp-block-spacer\"><\/div>\n\n\n\n<div class=\"wp-block-columns is-layout-flex wp-container-core-columns-is-layout-28f84493 wp-block-columns-is-layout-flex\">\n<div class=\"wp-block-column is-layout-flow wp-block-column-is-layout-flow\">\n<figure class=\"wp-block-image size-large\"><img fetchpriority=\"high\" decoding=\"async\" width=\"1024\" height=\"683\" src=\"https:\/\/www.ejercito.mil.uy\/wp-content\/uploads\/2025\/12\/2025-12-18-DIA-DEL-ARMA-DE-INGENIEROS-drone-3-1024x683.png\" alt=\"\" class=\"wp-image-54172\" srcset=\"https:\/\/www.ejercito.mil.uy\/wp-content\/uploads\/2025\/12\/2025-12-18-DIA-DEL-ARMA-DE-INGENIEROS-drone-3-1024x683.png 1024w, https:\/\/www.ejercito.mil.uy\/wp-content\/uploads\/2025\/12\/2025-12-18-DIA-DEL-ARMA-DE-INGENIEROS-drone-3-300x200.png 300w, https:\/\/www.ejercito.mil.uy\/wp-content\/uploads\/2025\/12\/2025-12-18-DIA-DEL-ARMA-DE-INGENIEROS-drone-3.png 1200w\" sizes=\"(max-width: 1024px) 100vw, 1024px\" \/><\/figure>\n<\/div>\n\n\n\n<div class=\"wp-block-column is-layout-flow wp-block-column-is-layout-flow\">\n<figure class=\"wp-block-image size-large\"><img decoding=\"async\" width=\"1024\" height=\"683\" src=\"https:\/\/www.ejercito.mil.uy\/wp-content\/uploads\/2025\/12\/2025-12-18-DIA-DEL-ARMA-DE-INGENIEROS-1-1024x683.png\" alt=\"\" class=\"wp-image-54002\" srcset=\"https:\/\/www.ejercito.mil.uy\/wp-content\/uploads\/2025\/12\/2025-12-18-DIA-DEL-ARMA-DE-INGENIEROS-1-1024x683.png 1024w, https:\/\/www.ejercito.mil.uy\/wp-content\/uploads\/2025\/12\/2025-12-18-DIA-DEL-ARMA-DE-INGENIEROS-1-300x200.png 300w, https:\/\/www.ejercito.mil.uy\/wp-content\/uploads\/2025\/12\/2025-12-18-DIA-DEL-ARMA-DE-INGENIEROS-1.png 1200w\" sizes=\"(max-width: 1024px) 100vw, 1024px\" \/><\/figure>\n<\/div>\n<\/div>\n\n\n\n<div style=\"height:30px\" aria-hidden=\"true\" class=\"wp-block-spacer\"><\/div>\n\n\n\n<p class=\"has-black-color has-text-color\" style=\"font-size:18px\">En primera instancia, el Cte. en Jefe del Ej\u00e9rcito acompa\u00f1ado&nbsp;del Inspector del Arma de Ingenieros, <strong>Cnel. Pablo Quintana<\/strong>, pasaron revista de los efectivos formados.<\/p>\n\n\n\n<div style=\"height:30px\" aria-hidden=\"true\" class=\"wp-block-spacer\"><\/div>\n\n\n\n<div class=\"wp-block-columns is-layout-flex wp-container-core-columns-is-layout-28f84493 wp-block-columns-is-layout-flex\">\n<div class=\"wp-block-column is-layout-flow wp-block-column-is-layout-flow\">\n<div class=\"wp-block-columns is-layout-flex wp-container-core-columns-is-layout-28f84493 wp-block-columns-is-layout-flex\">\n<div class=\"wp-block-column is-layout-flow wp-block-column-is-layout-flow\">\n<figure class=\"wp-block-image size-large\"><img decoding=\"async\" width=\"1024\" height=\"683\" src=\"https:\/\/www.ejercito.mil.uy\/wp-content\/uploads\/2025\/12\/2025-12-18-DIA-DEL-ARMA-DE-INGENIEROS-3-1024x683.png\" alt=\"\" class=\"wp-image-54005\" srcset=\"https:\/\/www.ejercito.mil.uy\/wp-content\/uploads\/2025\/12\/2025-12-18-DIA-DEL-ARMA-DE-INGENIEROS-3-1024x683.png 1024w, https:\/\/www.ejercito.mil.uy\/wp-content\/uploads\/2025\/12\/2025-12-18-DIA-DEL-ARMA-DE-INGENIEROS-3-300x200.png 300w, https:\/\/www.ejercito.mil.uy\/wp-content\/uploads\/2025\/12\/2025-12-18-DIA-DEL-ARMA-DE-INGENIEROS-3.png 1200w\" sizes=\"(max-width: 1024px) 100vw, 1024px\" \/><\/figure>\n<\/div>\n\n\n\n<div class=\"wp-block-column is-layout-flow wp-block-column-is-layout-flow\">\n<figure class=\"wp-block-image size-large\"><img loading=\"lazy\" decoding=\"async\" width=\"1024\" height=\"683\" src=\"https:\/\/www.ejercito.mil.uy\/wp-content\/uploads\/2025\/12\/2025-12-18-DIA-DEL-ARMA-DE-INGENIEROS-drone-2-1024x683.png\" alt=\"\" class=\"wp-image-54173\" srcset=\"https:\/\/www.ejercito.mil.uy\/wp-content\/uploads\/2025\/12\/2025-12-18-DIA-DEL-ARMA-DE-INGENIEROS-drone-2-1024x683.png 1024w, https:\/\/www.ejercito.mil.uy\/wp-content\/uploads\/2025\/12\/2025-12-18-DIA-DEL-ARMA-DE-INGENIEROS-drone-2-300x200.png 300w, https:\/\/www.ejercito.mil.uy\/wp-content\/uploads\/2025\/12\/2025-12-18-DIA-DEL-ARMA-DE-INGENIEROS-drone-2.png 1200w\" sizes=\"(max-width: 1024px) 100vw, 1024px\" \/><\/figure>\n<\/div>\n<\/div>\n<\/div>\n<\/div>\n\n\n\n<div style=\"height:30px\" aria-hidden=\"true\" class=\"wp-block-spacer\"><\/div>\n\n\n\n<p class=\"has-black-color has-text-color\" style=\"font-size:18px\">La Banda de M\u00fasicos del Batall\u00f3n \u00abCharr\u00faa\u00bb de Ingenieros de Combate N\u00b03 ejecut\u00f3 el Himno Nacional, invitando a los presentes a entonar sus estrofas.<\/p>\n\n\n\n<div style=\"height:30px\" aria-hidden=\"true\" class=\"wp-block-spacer\"><\/div>\n\n\n\n<div class=\"wp-block-columns is-layout-flex wp-container-core-columns-is-layout-28f84493 wp-block-columns-is-layout-flex\">\n<div class=\"wp-block-column is-layout-flow wp-block-column-is-layout-flow\">\n<div class=\"wp-block-columns is-layout-flex wp-container-core-columns-is-layout-28f84493 wp-block-columns-is-layout-flex\">\n<div class=\"wp-block-column is-layout-flow wp-block-column-is-layout-flow\">\n<figure class=\"wp-block-image size-large\"><img loading=\"lazy\" decoding=\"async\" width=\"1024\" height=\"683\" src=\"https:\/\/www.ejercito.mil.uy\/wp-content\/uploads\/2025\/12\/2025-12-18-DIA-DEL-ARMA-DE-INGENIEROS-8-1024x683.png\" alt=\"\" class=\"wp-image-54010\" srcset=\"https:\/\/www.ejercito.mil.uy\/wp-content\/uploads\/2025\/12\/2025-12-18-DIA-DEL-ARMA-DE-INGENIEROS-8-1024x683.png 1024w, https:\/\/www.ejercito.mil.uy\/wp-content\/uploads\/2025\/12\/2025-12-18-DIA-DEL-ARMA-DE-INGENIEROS-8-300x200.png 300w, https:\/\/www.ejercito.mil.uy\/wp-content\/uploads\/2025\/12\/2025-12-18-DIA-DEL-ARMA-DE-INGENIEROS-8.png 1200w\" sizes=\"(max-width: 1024px) 100vw, 1024px\" \/><\/figure>\n<\/div>\n\n\n\n<div class=\"wp-block-column is-layout-flow wp-block-column-is-layout-flow\">\n<figure class=\"wp-block-image size-large\"><img loading=\"lazy\" decoding=\"async\" width=\"1024\" height=\"683\" src=\"https:\/\/www.ejercito.mil.uy\/wp-content\/uploads\/2025\/12\/2025-12-18-DIA-DEL-ARMA-DE-INGENIEROS-10-1024x683.png\" alt=\"\" class=\"wp-image-54028\" srcset=\"https:\/\/www.ejercito.mil.uy\/wp-content\/uploads\/2025\/12\/2025-12-18-DIA-DEL-ARMA-DE-INGENIEROS-10-1024x683.png 1024w, https:\/\/www.ejercito.mil.uy\/wp-content\/uploads\/2025\/12\/2025-12-18-DIA-DEL-ARMA-DE-INGENIEROS-10-300x200.png 300w, https:\/\/www.ejercito.mil.uy\/wp-content\/uploads\/2025\/12\/2025-12-18-DIA-DEL-ARMA-DE-INGENIEROS-10.png 1200w\" sizes=\"(max-width: 1024px) 100vw, 1024px\" \/><\/figure>\n<\/div>\n\n\n\n<div class=\"wp-block-column is-layout-flow wp-block-column-is-layout-flow\">\n<figure class=\"wp-block-image size-large\"><img loading=\"lazy\" decoding=\"async\" width=\"1024\" height=\"683\" src=\"https:\/\/www.ejercito.mil.uy\/wp-content\/uploads\/2025\/12\/2025-12-18-DIA-DEL-ARMA-DE-INGENIEROS-11-1024x683.png\" alt=\"\" class=\"wp-image-54029\" srcset=\"https:\/\/www.ejercito.mil.uy\/wp-content\/uploads\/2025\/12\/2025-12-18-DIA-DEL-ARMA-DE-INGENIEROS-11-1024x683.png 1024w, https:\/\/www.ejercito.mil.uy\/wp-content\/uploads\/2025\/12\/2025-12-18-DIA-DEL-ARMA-DE-INGENIEROS-11-300x200.png 300w, https:\/\/www.ejercito.mil.uy\/wp-content\/uploads\/2025\/12\/2025-12-18-DIA-DEL-ARMA-DE-INGENIEROS-11.png 1200w\" sizes=\"(max-width: 1024px) 100vw, 1024px\" \/><\/figure>\n<\/div>\n<\/div>\n<\/div>\n<\/div>\n\n\n\n<div style=\"height:30px\" aria-hidden=\"true\" class=\"wp-block-spacer\"><\/div>\n\n\n\n<p class=\"has-black-color has-text-color\" style=\"font-size:18px\">Posteriormente, se entregaron premios a los nuevos Alf\u00e9reces del Arma de la <strong>Promoci\u00f3n \u00abBicentenario de la Declaratoria de la Independencia<\/strong>\u00ab, egresados de la Escuela Militar el pasado 12 de diciembre:<\/p>\n\n\n\n<div style=\"height:30px\" aria-hidden=\"true\" class=\"wp-block-spacer\"><\/div>\n\n\n\n<p class=\"has-black-color has-text-color has-link-color wp-elements-617c485e4022e4a50670df4ffe0a912b\" style=\"font-size:18px\"><strong>&#8211; Alf. Maikel Far\u00edas<\/strong><\/p>\n\n\n\n<p class=\"has-black-color has-text-color has-link-color wp-elements-2060b506f0da0ea3f8e66731a7ed662a\" style=\"font-size:18px\"><strong>&#8211; Alf. Juan Cena<\/strong><\/p>\n\n\n\n<p class=\"has-black-color has-text-color has-link-color wp-elements-0477873746be1174ab1838f403e1ef5d\" style=\"font-size:18px\"><strong>&#8211; Alf. Mat\u00edas Pereira<\/strong><\/p>\n\n\n\n<p class=\"has-black-color has-text-color has-link-color wp-elements-b3a75e8947c108342b9cf6c19459eeeb\" style=\"font-size:18px\"><strong>&#8211; Alf. Ubaldo Szargala<\/strong><\/p>\n\n\n\n<p class=\"has-black-color has-text-color has-link-color wp-elements-c78768fbcf932488f09a3e4b48be3e85\" style=\"font-size:18px\"><strong>&#8211; Alf. Jos\u00e9 Cardozo<\/strong><\/p>\n\n\n\n<div style=\"height:30px\" aria-hidden=\"true\" class=\"wp-block-spacer\"><\/div>\n\n\n\n<div class=\"wp-block-columns is-layout-flex wp-container-core-columns-is-layout-28f84493 wp-block-columns-is-layout-flex\">\n<div class=\"wp-block-column is-layout-flow wp-block-column-is-layout-flow\">\n<figure class=\"wp-block-image size-large\"><img loading=\"lazy\" decoding=\"async\" width=\"1024\" height=\"683\" src=\"https:\/\/www.ejercito.mil.uy\/wp-content\/uploads\/2025\/12\/2025-12-18-DIA-DEL-ARMA-DE-INGENIEROS-16-1024x683.png\" alt=\"\" class=\"wp-image-54013\" srcset=\"https:\/\/www.ejercito.mil.uy\/wp-content\/uploads\/2025\/12\/2025-12-18-DIA-DEL-ARMA-DE-INGENIEROS-16-1024x683.png 1024w, https:\/\/www.ejercito.mil.uy\/wp-content\/uploads\/2025\/12\/2025-12-18-DIA-DEL-ARMA-DE-INGENIEROS-16-300x200.png 300w, https:\/\/www.ejercito.mil.uy\/wp-content\/uploads\/2025\/12\/2025-12-18-DIA-DEL-ARMA-DE-INGENIEROS-16.png 1200w\" sizes=\"(max-width: 1024px) 100vw, 1024px\" \/><\/figure>\n<\/div>\n\n\n\n<div class=\"wp-block-column is-layout-flow wp-block-column-is-layout-flow\">\n<figure class=\"wp-block-image size-large\"><img loading=\"lazy\" decoding=\"async\" width=\"1024\" height=\"683\" src=\"https:\/\/www.ejercito.mil.uy\/wp-content\/uploads\/2025\/12\/2025-12-18-DIA-DEL-ARMA-DE-INGENIEROS-17-1024x683.png\" alt=\"\" class=\"wp-image-54014\" srcset=\"https:\/\/www.ejercito.mil.uy\/wp-content\/uploads\/2025\/12\/2025-12-18-DIA-DEL-ARMA-DE-INGENIEROS-17-1024x683.png 1024w, https:\/\/www.ejercito.mil.uy\/wp-content\/uploads\/2025\/12\/2025-12-18-DIA-DEL-ARMA-DE-INGENIEROS-17-300x200.png 300w, https:\/\/www.ejercito.mil.uy\/wp-content\/uploads\/2025\/12\/2025-12-18-DIA-DEL-ARMA-DE-INGENIEROS-17.png 1200w\" sizes=\"(max-width: 1024px) 100vw, 1024px\" \/><\/figure>\n<\/div>\n<\/div>\n\n\n\n<p class=\"has-black-color has-text-color has-small-font-size\"><em>El obsequio en una pinza barrenista, herramienta b\u00e1sica y representativa del joven Oficial de Ingenieros, que adem\u00e1s est\u00e1 vinculada a una de las actividades t\u00edpicas del Arma: el manejo de explosivos.<\/em><\/p>\n\n\n\n<div style=\"height:30px\" aria-hidden=\"true\" class=\"wp-block-spacer\"><\/div>\n\n\n\n<p class=\"has-black-color has-text-color has-link-color wp-elements-97be1b64290b9eb346d931df96ee5cca\" style=\"font-size:18px\">Asimismo, se otorg\u00f3 un premio al <strong>May. Alejandro Vi\u00f1oly<\/strong> por su desempe\u00f1o acad\u00e9mico durante el presente a\u00f1o en el Instituto Militar de Estudios Superiores. El Oficial Jefe obtuvo: premio C\u00e1tedra de Administraci\u00f3n, C\u00e1tedra de Estrategia, primer puesto en el Sistema Aldebar\u00e1n y el tercer puesto en la precedencia general del Curso de Estado Mayor 2025.<\/p>\n\n\n\n<div style=\"height:30px\" aria-hidden=\"true\" class=\"wp-block-spacer\"><\/div>\n\n\n\n<div class=\"wp-block-columns is-layout-flex wp-container-core-columns-is-layout-28f84493 wp-block-columns-is-layout-flex\">\n<div class=\"wp-block-column is-layout-flow wp-block-column-is-layout-flow\">\n<figure class=\"wp-block-image size-large\"><img loading=\"lazy\" decoding=\"async\" width=\"1024\" height=\"683\" src=\"https:\/\/www.ejercito.mil.uy\/wp-content\/uploads\/2025\/12\/2025-12-18-DIA-DEL-ARMA-DE-INGENIEROS-18-1024x683.png\" alt=\"\" class=\"wp-image-54017\" srcset=\"https:\/\/www.ejercito.mil.uy\/wp-content\/uploads\/2025\/12\/2025-12-18-DIA-DEL-ARMA-DE-INGENIEROS-18-1024x683.png 1024w, https:\/\/www.ejercito.mil.uy\/wp-content\/uploads\/2025\/12\/2025-12-18-DIA-DEL-ARMA-DE-INGENIEROS-18-300x200.png 300w, https:\/\/www.ejercito.mil.uy\/wp-content\/uploads\/2025\/12\/2025-12-18-DIA-DEL-ARMA-DE-INGENIEROS-18.png 1200w\" sizes=\"(max-width: 1024px) 100vw, 1024px\" \/><\/figure>\n<\/div>\n\n\n\n<div class=\"wp-block-column is-layout-flow wp-block-column-is-layout-flow\">\n<figure class=\"wp-block-image size-large\"><img loading=\"lazy\" decoding=\"async\" width=\"1024\" height=\"683\" src=\"https:\/\/www.ejercito.mil.uy\/wp-content\/uploads\/2025\/12\/2025-12-18-DIA-DEL-ARMA-DE-INGENIEROS-19-1024x683.png\" alt=\"\" class=\"wp-image-54018\" srcset=\"https:\/\/www.ejercito.mil.uy\/wp-content\/uploads\/2025\/12\/2025-12-18-DIA-DEL-ARMA-DE-INGENIEROS-19-1024x683.png 1024w, https:\/\/www.ejercito.mil.uy\/wp-content\/uploads\/2025\/12\/2025-12-18-DIA-DEL-ARMA-DE-INGENIEROS-19-300x200.png 300w, https:\/\/www.ejercito.mil.uy\/wp-content\/uploads\/2025\/12\/2025-12-18-DIA-DEL-ARMA-DE-INGENIEROS-19.png 1200w\" sizes=\"(max-width: 1024px) 100vw, 1024px\" \/><\/figure>\n<\/div>\n<\/div>\n\n\n\n<p class=\"has-black-color has-text-color has-link-color has-small-font-size wp-elements-c86a2a1c70168ba7a01d6ba7d879a95e\"><em>El premio es una r\u00e9plica de un Soldado de Ingenieros, portando el uniforme de la Compa\u00f1\u00eda de Zapadores de 1837. <\/em><\/p>\n\n\n\n<div style=\"height:66px\" aria-hidden=\"true\" class=\"wp-block-spacer\"><\/div>\n\n\n\n<p class=\"has-black-color has-text-color\" style=\"font-size:18px\">En su discurso, el Inspector del Arma afirm\u00f3 que <strong><em>\u00ablos Ingenieros militares construyen su propia victoria antes de que comience la batalla\u00bb<\/em><\/strong>, frase atribuida a Napole\u00f3n Bonaparte, y agreg\u00f3 que <strong><em>\u00absin lugar a dudas, esta afirmaci\u00f3n es de total valor y aplicaci\u00f3n en nuestros tiempos, porque, adem\u00e1s de estar preparados para cumplir con la misi\u00f3n principal, los ingenieros militares constituyen la principal herramienta del Ej\u00e9rcito para colaborar con el desarrollo de la Naci\u00f3n, contribuyendo a crear las condiciones de bienestar social necesarias para su presente y futuro, lo cual forma parte de lo que es, por definici\u00f3n, la Defensa Nacional\u00bb<\/em><\/strong>. <\/p>\n\n\n\n<div style=\"height:30px\" aria-hidden=\"true\" class=\"wp-block-spacer\"><\/div>\n\n\n\n<figure class=\"wp-block-image size-large\"><img loading=\"lazy\" decoding=\"async\" width=\"1024\" height=\"683\" src=\"https:\/\/www.ejercito.mil.uy\/wp-content\/uploads\/2025\/12\/2025-12-18-DIA-DEL-ARMA-DE-INGENIEROS-20-1024x683.png\" alt=\"\" class=\"wp-image-54020\" srcset=\"https:\/\/www.ejercito.mil.uy\/wp-content\/uploads\/2025\/12\/2025-12-18-DIA-DEL-ARMA-DE-INGENIEROS-20-1024x683.png 1024w, https:\/\/www.ejercito.mil.uy\/wp-content\/uploads\/2025\/12\/2025-12-18-DIA-DEL-ARMA-DE-INGENIEROS-20-300x200.png 300w, https:\/\/www.ejercito.mil.uy\/wp-content\/uploads\/2025\/12\/2025-12-18-DIA-DEL-ARMA-DE-INGENIEROS-20.png 1200w\" sizes=\"(max-width: 1024px) 100vw, 1024px\" \/><\/figure>\n\n\n\n<div style=\"height:30px\" aria-hidden=\"true\" class=\"wp-block-spacer\"><\/div>\n\n\n\n<p class=\"has-black-color has-text-color\" style=\"font-size:18px\">En cuanto a la instrucci\u00f3n y el entrenamiento, explic\u00f3 que se <strong>\u00abhan capacitado Oficiales y Personal Subalterno con cursos desarrollados en Espa\u00f1a, Brasil y Panam\u00e1, y se han recibido delegaciones de la Guardia Nacional de Connecticut y del Equipo Ingl\u00e9s de Soporte a la Paz, en coordinaci\u00f3n con la Escuela Nacional de Operaciones de Paz del Uruguay<\/strong>\u00ab.<\/p>\n\n\n\n<div style=\"height:30px\" aria-hidden=\"true\" class=\"wp-block-spacer\"><\/div>\n\n\n\n<p class=\"has-black-color has-text-color has-link-color wp-elements-c169fb02b505885f8ce8d25fcc68b144\" style=\"font-size:18px\">Expres\u00f3 su agradecimiento a todos los integrantes del Arma: a quienes hoy se encuentran formandos en esta Plaza de Armas, a los que cumplen funciones en sus Unidades, a quienes se encuentran en Misiones Operativas de Paz en el exterior, y a aquellos que, por distintos motivos, no pudieron acompa\u00f1arnos o se encuentran imposibilitados de hacerlo. A todos ellos les manifest\u00f3 su profundo reconocimiento por su constante apoyo, dedicaci\u00f3n y lealtad.<\/p>\n\n\n\n<div style=\"height:30px\" aria-hidden=\"true\" class=\"wp-block-spacer\"><\/div>\n\n\n\n<figure class=\"wp-block-image size-large\"><img loading=\"lazy\" decoding=\"async\" width=\"1024\" height=\"683\" src=\"https:\/\/www.ejercito.mil.uy\/wp-content\/uploads\/2025\/12\/2025-12-18-DIA-DEL-ARMA-DE-INGENIEROS-21-1024x683.png\" alt=\"\" class=\"wp-image-54021\" srcset=\"https:\/\/www.ejercito.mil.uy\/wp-content\/uploads\/2025\/12\/2025-12-18-DIA-DEL-ARMA-DE-INGENIEROS-21-1024x683.png 1024w, https:\/\/www.ejercito.mil.uy\/wp-content\/uploads\/2025\/12\/2025-12-18-DIA-DEL-ARMA-DE-INGENIEROS-21-300x200.png 300w, https:\/\/www.ejercito.mil.uy\/wp-content\/uploads\/2025\/12\/2025-12-18-DIA-DEL-ARMA-DE-INGENIEROS-21.png 1200w\" sizes=\"(max-width: 1024px) 100vw, 1024px\" \/><\/figure>\n\n\n\n<div style=\"height:30px\" aria-hidden=\"true\" class=\"wp-block-spacer\"><\/div>\n\n\n\n<p class=\"has-black-color has-text-color\" style=\"font-size:18px\">Para finalizar, la Fuerza de Parada desfil\u00f3 rindiendo honores a las autoridades. <\/p>\n\n\n\n<div style=\"height:30px\" aria-hidden=\"true\" class=\"wp-block-spacer\"><\/div>\n\n\n\n<div class=\"wp-block-columns is-layout-flex wp-container-core-columns-is-layout-28f84493 wp-block-columns-is-layout-flex\">\n<div class=\"wp-block-column is-layout-flow wp-block-column-is-layout-flow\">\n<div class=\"wp-block-columns is-layout-flex wp-container-core-columns-is-layout-28f84493 wp-block-columns-is-layout-flex\">\n<div class=\"wp-block-column is-layout-flow wp-block-column-is-layout-flow\">\n<figure class=\"wp-block-image size-large\"><img loading=\"lazy\" decoding=\"async\" width=\"1024\" height=\"683\" src=\"https:\/\/www.ejercito.mil.uy\/wp-content\/uploads\/2025\/12\/2025-12-18-DIA-DEL-ARMA-DE-INGENIEROS-23-1024x683.png\" alt=\"\" class=\"wp-image-54024\" srcset=\"https:\/\/www.ejercito.mil.uy\/wp-content\/uploads\/2025\/12\/2025-12-18-DIA-DEL-ARMA-DE-INGENIEROS-23-1024x683.png 1024w, https:\/\/www.ejercito.mil.uy\/wp-content\/uploads\/2025\/12\/2025-12-18-DIA-DEL-ARMA-DE-INGENIEROS-23-300x200.png 300w, https:\/\/www.ejercito.mil.uy\/wp-content\/uploads\/2025\/12\/2025-12-18-DIA-DEL-ARMA-DE-INGENIEROS-23.png 1200w\" sizes=\"(max-width: 1024px) 100vw, 1024px\" \/><\/figure>\n<\/div>\n\n\n\n<div class=\"wp-block-column is-layout-flow wp-block-column-is-layout-flow\">\n<figure class=\"wp-block-image size-large\"><img loading=\"lazy\" decoding=\"async\" width=\"1024\" height=\"683\" src=\"https:\/\/www.ejercito.mil.uy\/wp-content\/uploads\/2025\/12\/2025-12-18-DIA-DEL-ARMA-DE-INGENIEROS-24-1024x683.png\" alt=\"\" class=\"wp-image-54032\" srcset=\"https:\/\/www.ejercito.mil.uy\/wp-content\/uploads\/2025\/12\/2025-12-18-DIA-DEL-ARMA-DE-INGENIEROS-24-1024x683.png 1024w, https:\/\/www.ejercito.mil.uy\/wp-content\/uploads\/2025\/12\/2025-12-18-DIA-DEL-ARMA-DE-INGENIEROS-24-300x200.png 300w, https:\/\/www.ejercito.mil.uy\/wp-content\/uploads\/2025\/12\/2025-12-18-DIA-DEL-ARMA-DE-INGENIEROS-24.png 1200w\" sizes=\"(max-width: 1024px) 100vw, 1024px\" \/><\/figure>\n<\/div>\n\n\n\n<div class=\"wp-block-column is-layout-flow wp-block-column-is-layout-flow\">\n<figure class=\"wp-block-image size-large\"><img loading=\"lazy\" decoding=\"async\" width=\"1024\" height=\"683\" src=\"https:\/\/www.ejercito.mil.uy\/wp-content\/uploads\/2025\/12\/2025-12-18-DIA-DEL-ARMA-DE-INGENIEROS-drone-1-1024x683.png\" alt=\"\" class=\"wp-image-54175\" srcset=\"https:\/\/www.ejercito.mil.uy\/wp-content\/uploads\/2025\/12\/2025-12-18-DIA-DEL-ARMA-DE-INGENIEROS-drone-1-1024x683.png 1024w, https:\/\/www.ejercito.mil.uy\/wp-content\/uploads\/2025\/12\/2025-12-18-DIA-DEL-ARMA-DE-INGENIEROS-drone-1-300x200.png 300w, https:\/\/www.ejercito.mil.uy\/wp-content\/uploads\/2025\/12\/2025-12-18-DIA-DEL-ARMA-DE-INGENIEROS-drone-1.png 1200w\" sizes=\"(max-width: 1024px) 100vw, 1024px\" \/><\/figure>\n<\/div>\n<\/div>\n<\/div>\n<\/div>\n\n\n\n<div style=\"height:30px\" aria-hidden=\"true\" class=\"wp-block-spacer\"><\/div>\n\n\n\n<div class=\"wp-block-columns is-layout-flex wp-container-core-columns-is-layout-28f84493 wp-block-columns-is-layout-flex\">\n<div class=\"wp-block-column is-layout-flow wp-block-column-is-layout-flow\">\n<figure class=\"wp-block-image size-large\"><img loading=\"lazy\" decoding=\"async\" width=\"1024\" height=\"683\" src=\"https:\/\/www.ejercito.mil.uy\/wp-content\/uploads\/2025\/12\/2025-12-18-DIA-DEL-ARMA-DE-INGENIEROS-36-1024x683.png\" alt=\"\" class=\"wp-image-54040\" srcset=\"https:\/\/www.ejercito.mil.uy\/wp-content\/uploads\/2025\/12\/2025-12-18-DIA-DEL-ARMA-DE-INGENIEROS-36-1024x683.png 1024w, https:\/\/www.ejercito.mil.uy\/wp-content\/uploads\/2025\/12\/2025-12-18-DIA-DEL-ARMA-DE-INGENIEROS-36-300x200.png 300w, https:\/\/www.ejercito.mil.uy\/wp-content\/uploads\/2025\/12\/2025-12-18-DIA-DEL-ARMA-DE-INGENIEROS-36.png 1200w\" sizes=\"(max-width: 1024px) 100vw, 1024px\" \/><\/figure>\n<\/div>\n\n\n\n<div class=\"wp-block-column is-layout-flow wp-block-column-is-layout-flow\">\n<figure class=\"wp-block-image size-large\"><img loading=\"lazy\" decoding=\"async\" width=\"1024\" height=\"683\" src=\"https:\/\/www.ejercito.mil.uy\/wp-content\/uploads\/2025\/12\/2025-12-18-DIA-DEL-ARMA-DE-INGENIEROS-37-1024x683.png\" alt=\"\" class=\"wp-image-54041\" srcset=\"https:\/\/www.ejercito.mil.uy\/wp-content\/uploads\/2025\/12\/2025-12-18-DIA-DEL-ARMA-DE-INGENIEROS-37-1024x683.png 1024w, https:\/\/www.ejercito.mil.uy\/wp-content\/uploads\/2025\/12\/2025-12-18-DIA-DEL-ARMA-DE-INGENIEROS-37-300x200.png 300w, https:\/\/www.ejercito.mil.uy\/wp-content\/uploads\/2025\/12\/2025-12-18-DIA-DEL-ARMA-DE-INGENIEROS-37.png 1200w\" sizes=\"(max-width: 1024px) 100vw, 1024px\" \/><\/figure>\n<\/div>\n\n\n\n<div class=\"wp-block-column is-layout-flow wp-block-column-is-layout-flow\">\n<figure class=\"wp-block-image size-large\"><img loading=\"lazy\" decoding=\"async\" width=\"1024\" height=\"683\" src=\"https:\/\/www.ejercito.mil.uy\/wp-content\/uploads\/2025\/12\/2025-12-18-DIA-DEL-ARMA-DE-INGENIEROS-41-1024x683.png\" alt=\"\" class=\"wp-image-54042\" srcset=\"https:\/\/www.ejercito.mil.uy\/wp-content\/uploads\/2025\/12\/2025-12-18-DIA-DEL-ARMA-DE-INGENIEROS-41-1024x683.png 1024w, https:\/\/www.ejercito.mil.uy\/wp-content\/uploads\/2025\/12\/2025-12-18-DIA-DEL-ARMA-DE-INGENIEROS-41-300x200.png 300w, https:\/\/www.ejercito.mil.uy\/wp-content\/uploads\/2025\/12\/2025-12-18-DIA-DEL-ARMA-DE-INGENIEROS-41.png 1200w\" sizes=\"(max-width: 1024px) 100vw, 1024px\" \/><\/figure>\n<\/div>\n<\/div>\n\n\n\n<p class=\"has-black-color has-text-color has-link-color has-small-font-size wp-elements-d401a575eeca02fee5ab829c3d4db708\"><em>Desfile a pie y motorizado<\/em><\/p>\n\n\n\n<div style=\"height:30px\" aria-hidden=\"true\" class=\"wp-block-spacer\"><\/div>\n\n\n\n<p class=\"has-black-color has-text-color\" style=\"font-size:18px\">Adem\u00e1s, asistieron al acto Oficiales Generales en actividad y retiro, Oficiales Superiores, Jefes, Agregados Militares, integrantes del Batall\u00f3n Simb\u00f3lico \u00ab20 de diciembre\u00bb de Ingenieros, Cadetes del Curso de Ingenieros de la Escuela Militar, Suboficiales, Clases, Soldados e invitados especiales.<\/p>\n\n\n\n<div style=\"height:30px\" aria-hidden=\"true\" class=\"wp-block-spacer\"><\/div>\n\n\n\n<figure class=\"wp-block-image size-large\"><img loading=\"lazy\" decoding=\"async\" width=\"1024\" height=\"683\" src=\"https:\/\/www.ejercito.mil.uy\/wp-content\/uploads\/2025\/12\/2025-12-18-DIA-DEL-ARMA-DE-INGENIEROS-7-1024x683.png\" alt=\"\" class=\"wp-image-54026\" srcset=\"https:\/\/www.ejercito.mil.uy\/wp-content\/uploads\/2025\/12\/2025-12-18-DIA-DEL-ARMA-DE-INGENIEROS-7-1024x683.png 1024w, https:\/\/www.ejercito.mil.uy\/wp-content\/uploads\/2025\/12\/2025-12-18-DIA-DEL-ARMA-DE-INGENIEROS-7-300x200.png 300w, https:\/\/www.ejercito.mil.uy\/wp-content\/uploads\/2025\/12\/2025-12-18-DIA-DEL-ARMA-DE-INGENIEROS-7.png 1200w\" sizes=\"(max-width: 1024px) 100vw, 1024px\" \/><\/figure>\n\n\n\n<div style=\"height:55px\" aria-hidden=\"true\" class=\"wp-block-spacer\"><\/div>\n\n\n\n<figure class=\"wp-block-embed is-type-video is-provider-youtube wp-block-embed-youtube wp-embed-aspect-16-9 wp-has-aspect-ratio\"><div class=\"wp-block-embed__wrapper\">\n<iframe title=\"D\u00eda del Arma de Ingenieros 2025\" width=\"1778\" height=\"1000\" src=\"https:\/\/www.youtube.com\/embed\/N_EboZJeBRI?feature=oembed\" frameborder=\"0\" allow=\"accelerometer; autoplay; clipboard-write; encrypted-media; gyroscope; picture-in-picture; web-share\" referrerpolicy=\"strict-origin-when-cross-origin\" allowfullscreen><\/iframe>\n<\/div><\/figure>\n\n\n\n<div style=\"height:55px\" aria-hidden=\"true\" class=\"wp-block-spacer\"><\/div>\n\n\n\n<p class=\"has-text-align-center has-luminous-vivid-amber-color has-black-background-color has-text-color has-background has-link-color wp-elements-7c9bcaf18bf78ed08bf5944c3930b6db\" style=\"font-size:22px\"><strong>\u00a1Los invitamos a ver las fotograf\u00edas de la ceremonia  en nuestro Flickr!<\/strong><\/p>\n\n\n\n<div style=\"height:22px\" aria-hidden=\"true\" class=\"wp-block-spacer\"><\/div>\n\n\n\n<figure class=\"wp-block-embed aligncenter is-type-rich is-provider-flickr wp-block-embed-flickr\"><div class=\"wp-block-embed__wrapper\">\n<a data-flickr-embed='true' href='https:\/\/www.flickr.com\/photos\/141564322@N08\/albums\/72177720331035194\/' title='D\u00eda del Arma de Ingenieros 2025 by cominstitucional@ejercito.mil.uy, on Flickr'><img src='https:\/\/live.staticflickr.com\/65535\/54994083059_eaa7bf09a0_b.jpg' width='800' height='600' alt='D\u00eda del Arma de Ingenieros 2025'><\/a><script async src='https:\/\/embedr.flickr.com\/assets\/client-code.js' charset='utf-8'><\/script>\n<\/div><\/figure>\n\n\n\n<div style=\"height:66px\" aria-hidden=\"true\" class=\"wp-block-spacer\"><\/div>\n\n\n\n<p class=\"has-black-color has-text-color has-background has-link-color wp-elements-d3bd0981228d1191796c2af78c2e554e\" style=\"background-color:#e9dc84;font-size:18px\"><em>Ver nota a partir del minuto 00:37 en la edici\u00f3n #39 del informativo Ej\u00e9rcito del Uruguay \u2013&nbsp;<a href=\"https:\/\/www.youtube.com\/watch?v=_pyJQK3gXgA&amp;t=37s\" title=\"\">D\u00eda del Arma de Ingenieros<\/a><\/em><\/p>\n\n\n\n<div style=\"height:100px\" aria-hidden=\"true\" class=\"wp-block-spacer\"><\/div>\n","protected":false},"excerpt":{"rendered":"<p>18.12.2025 &#8211;  Con la presencia del Comandante en Jefe del Ej\u00e9rcito, se realiz\u00f3 la ceremonia por el 110\u00b0 aniversario del D\u00eda del Arma de Ingenieros, en la Brigada de Ingenieros N\u00b01.<\/p>\n","protected":false},"author":14,"featured_media":54039,"comment_status":"open","ping_status":"open","sticky":false,"template":"","format":"standard","meta":{"_coblocks_attr":"","_coblocks_dimensions":"","_coblocks_responsive_height":"","_coblocks_accordion_ie_support":"","_monsterinsights_skip_tracking":false,"_monsterinsights_sitenote_active":false,"_monsterinsights_sitenote_note":"","_monsterinsights_sitenote_category":0,"_uf_show_specific_survey":0,"_uf_disable_surveys":false,"footnotes":""},"categories":[2,10,14,1],"tags":[2162,58,1766,44,406,1815,48],"class_list":["post-53839","post","type-post","status-publish","format-standard","has-post-thumbnail","hentry","category-blog","category-destacados","category-noticias","category-sin-categoria","tag-2162","tag-aniversario","tag-arma-de-ingenieros","tag-ceremonia","tag-desfile","tag-dia-del-arma-de-ingenieros","tag-ingenieros"],"aioseo_notices":[],"_links":{"self":[{"href":"https:\/\/www.ejercito.mil.uy\/index.php\/wp-json\/wp\/v2\/posts\/53839","targetHints":{"allow":["GET"]}}],"collection":[{"href":"https:\/\/www.ejercito.mil.uy\/index.php\/wp-json\/wp\/v2\/posts"}],"about":[{"href":"https:\/\/www.ejercito.mil.uy\/index.php\/wp-json\/wp\/v2\/types\/post"}],"author":[{"embeddable":true,"href":"https:\/\/www.ejercito.mil.uy\/index.php\/wp-json\/wp\/v2\/users\/14"}],"replies":[{"embeddable":true,"href":"https:\/\/www.ejercito.mil.uy\/index.php\/wp-json\/wp\/v2\/comments?post=53839"}],"version-history":[{"count":58,"href":"https:\/\/www.ejercito.mil.uy\/index.php\/wp-json\/wp\/v2\/posts\/53839\/revisions"}],"predecessor-version":[{"id":54230,"href":"https:\/\/www.ejercito.mil.uy\/index.php\/wp-json\/wp\/v2\/posts\/53839\/revisions\/54230"}],"wp:featuredmedia":[{"embeddable":true,"href":"https:\/\/www.ejercito.mil.uy\/index.php\/wp-json\/wp\/v2\/media\/54039"}],"wp:attachment":[{"href":"https:\/\/www.ejercito.mil.uy\/index.php\/wp-json\/wp\/v2\/media?parent=53839"}],"wp:term":[{"taxonomy":"category","embeddable":true,"href":"https:\/\/www.ejercito.mil.uy\/index.php\/wp-json\/wp\/v2\/categories?post=53839"},{"taxonomy":"post_tag","embeddable":true,"href":"https:\/\/www.ejercito.mil.uy\/index.php\/wp-json\/wp\/v2\/tags?post=53839"}],"curies":[{"name":"wp","href":"https:\/\/api.w.org\/{rel}","templated":true}]}}