{"id":54071,"date":"2025-12-19T12:22:38","date_gmt":"2025-12-19T15:22:38","guid":{"rendered":"https:\/\/www.ejercito.mil.uy\/?p=54071"},"modified":"2025-12-19T18:18:16","modified_gmt":"2025-12-19T21:18:16","slug":"entrega-de-vehiculos-tacticos-multiproposito","status":"publish","type":"post","link":"https:\/\/www.ejercito.mil.uy\/index.php\/2025\/12\/19\/entrega-de-vehiculos-tacticos-multiproposito\/","title":{"rendered":"Entrega de veh\u00edculos t\u00e1cticos multiprop\u00f3sito"},"content":{"rendered":"\n<div style=\"height:22px\" aria-hidden=\"true\" class=\"wp-block-spacer\"><\/div>\n\n\n\n<p class=\"has-black-color has-text-color has-small-font-size\">19.12.2025 &#8211; Servicio de Material y Armamento<\/p>\n\n\n\n<div style=\"height:22px\" aria-hidden=\"true\" class=\"wp-block-spacer\"><\/div>\n\n\n\n<p class=\"has-black-color has-text-color has-background has-link-color has-medium-font-size wp-elements-579114a84527a026cb2c77a17944e138\" style=\"background-color:#ffcc00\">El viernes 19 de diciembre, con la presencia de la Ministra de Defensa Nacional, Sra. Sandra Lazo y del Comandante en Jefe del Ej\u00e9rcito, Gral. de Ej\u00e9rcito Mario Stevenazzi, se realiz\u00f3 en el Servicio de Material y Armamento (SMA), la <strong>ceremonia de entrega de los veh\u00edculos t\u00e1cticos multiprop\u00f3sito<\/strong>.<\/p>\n\n\n\n<div style=\"height:44px\" aria-hidden=\"true\" class=\"wp-block-spacer\"><\/div>\n\n\n\n<p class=\"has-black-color has-text-color has-link-color wp-elements-a7e70e7565ad681e2a12d0ece78d85dc\" style=\"font-size:18px\">El objetivo estrat\u00e9gico es mejorar la capacidad operacional y la movilidad t\u00e1ctica de la Fuerza, as\u00ed como incrementar la seguridad del personal, en procura del cumplimiento de la misi\u00f3n fundamental del Ej\u00e9rcito Nacional y de las tareas de apoyo a la seguridad p\u00fablica, por esta raz\u00f3n, la Instituci\u00f3n ha planificado y se encuentra ejecutando el proceso de renovaci\u00f3n de su flota t\u00e1ctica.<\/p>\n\n\n\n<div style=\"height:44px\" aria-hidden=\"true\" class=\"wp-block-spacer\"><\/div>\n\n\n\n<figure class=\"wp-block-image size-large\"><img fetchpriority=\"high\" decoding=\"async\" width=\"1024\" height=\"683\" src=\"https:\/\/www.ejercito.mil.uy\/wp-content\/uploads\/2025\/12\/Entrega-de-vehiculos-15-1024x683.jpg\" alt=\"\" class=\"wp-image-54116\" srcset=\"https:\/\/www.ejercito.mil.uy\/wp-content\/uploads\/2025\/12\/Entrega-de-vehiculos-15-1024x683.jpg 1024w, https:\/\/www.ejercito.mil.uy\/wp-content\/uploads\/2025\/12\/Entrega-de-vehiculos-15-300x200.jpg 300w, https:\/\/www.ejercito.mil.uy\/wp-content\/uploads\/2025\/12\/Entrega-de-vehiculos-15.jpg 1200w\" sizes=\"(max-width: 1024px) 100vw, 1024px\" \/><\/figure>\n\n\n\n<div style=\"height:55px\" aria-hidden=\"true\" class=\"wp-block-spacer\"><\/div>\n\n\n\n<p class=\"has-black-color has-text-color has-link-color wp-elements-c03e2c7ba237cc273658acbb1f5f943e\" style=\"font-size:18px\">Se adquirieron camiones t\u00e1cticos destinados a atender necesidades de transporte de personal, equipamiento militar y carga log\u00edstica, as\u00ed como veh\u00edculos t\u00e1cticos multiprop\u00f3sito, con capacidad todo terreno y protecci\u00f3n contra minas, entre otras prestaciones. Ambos modelos fueron dise\u00f1ados por la empresa estadounidense <strong><em>Oshkosh Defense<\/em><\/strong>, referente internacional en tecnolog\u00eda militar.<\/p>\n\n\n\n<div style=\"height:22px\" aria-hidden=\"true\" class=\"wp-block-spacer\"><\/div>\n\n\n\n<p class=\"has-black-color has-text-color has-link-color wp-elements-1bd5bfa4e8f0e8101981875e475ad0f9\" style=\"font-size:18px\">La adquisici\u00f3n de estos veh\u00edculos se realiz\u00f3 mediante el Sistema FMS <em>(Foreign Military Sales<\/em>), programa intergubernamental que permite el acceso a compras a trav\u00e9s del <strong>Departamento de Defensa de los Estados Unidos de Am\u00e9rica<\/strong>.<\/p>\n\n\n\n<div style=\"height:22px\" aria-hidden=\"true\" class=\"wp-block-spacer\"><\/div>\n\n\n\n<p class=\"has-black-color has-text-color has-link-color wp-elements-8ca7b0eb3abe6feb84ecbe55491ee204\" style=\"font-size:18px\">Es un veh\u00edculo 4\u00d74 de exploraci\u00f3n dise\u00f1ado para misiones de patrulla y control de fronteras. La versi\u00f3n adquirida por Uruguay corresponde al modelo de Fuerzas Especiales, configurado para operaciones de mayor complejidad. Ofrece amplia visibilidad y capacidad de carga, adem\u00e1s de una movilidad protegida que permite actuar con agilidad y precisi\u00f3n en entornos exigentes. Su dise\u00f1o robusto lo convierte en un medio apto para enfrentar las incertidumbres del campo de batalla y apoyar misiones de alta demanda operativa.<\/p>\n\n\n\n<div style=\"height:22px\" aria-hidden=\"true\" class=\"wp-block-spacer\"><\/div>\n\n\n\n<div class=\"wp-block-columns is-layout-flex wp-container-core-columns-is-layout-28f84493 wp-block-columns-is-layout-flex\">\n<div class=\"wp-block-column is-layout-flow wp-block-column-is-layout-flow\">\n<figure class=\"wp-block-image size-large\"><img decoding=\"async\" width=\"1024\" height=\"683\" src=\"https:\/\/www.ejercito.mil.uy\/wp-content\/uploads\/2025\/12\/Entrega-de-vehiculos-4-1-1024x683.jpg\" alt=\"\" class=\"wp-image-54122\" srcset=\"https:\/\/www.ejercito.mil.uy\/wp-content\/uploads\/2025\/12\/Entrega-de-vehiculos-4-1-1024x683.jpg 1024w, https:\/\/www.ejercito.mil.uy\/wp-content\/uploads\/2025\/12\/Entrega-de-vehiculos-4-1-300x200.jpg 300w, https:\/\/www.ejercito.mil.uy\/wp-content\/uploads\/2025\/12\/Entrega-de-vehiculos-4-1.jpg 1200w\" sizes=\"(max-width: 1024px) 100vw, 1024px\" \/><\/figure>\n<\/div>\n<\/div>\n\n\n\n<div style=\"height:44px\" aria-hidden=\"true\" class=\"wp-block-spacer\"><\/div>\n\n\n\n<p class=\"has-black-color has-text-color has-link-color wp-elements-418b0c54fdae5204e9e128743065284b\" style=\"font-size:18px\">Asimismo, se incorporaron veh\u00edculos livianos t\u00e1cticos Marru\u00e1, dise\u00f1ados para operaciones de reconocimiento, destac\u00e1ndose por su movilidad y resistencia para el cumplimiento de misiones en todo tipo de terrenos. De esta misma l\u00ednea, se integran ambulancias Marru\u00e1 desarrolladas para la atenci\u00f3n m\u00e9dica en el campo de operaciones, as\u00ed como una configuraci\u00f3n especialmente adaptada para tareas de rescate, evacuaci\u00f3n y estabilizaci\u00f3n de heridos en zonas de dif\u00edcil acceso. Estas unidades son fabricadas por la empresa brasile\u00f1a <strong>Agrale<\/strong>.<\/p>\n\n\n\n<div style=\"height:44px\" aria-hidden=\"true\" class=\"wp-block-spacer\"><\/div>\n\n\n\n<figure class=\"wp-block-image size-large\"><img decoding=\"async\" width=\"1024\" height=\"683\" src=\"https:\/\/www.ejercito.mil.uy\/wp-content\/uploads\/2025\/12\/Entrega-de-vehiculos-5-1-1024x683.jpg\" alt=\"\" class=\"wp-image-54126\" srcset=\"https:\/\/www.ejercito.mil.uy\/wp-content\/uploads\/2025\/12\/Entrega-de-vehiculos-5-1-1024x683.jpg 1024w, https:\/\/www.ejercito.mil.uy\/wp-content\/uploads\/2025\/12\/Entrega-de-vehiculos-5-1-300x200.jpg 300w, https:\/\/www.ejercito.mil.uy\/wp-content\/uploads\/2025\/12\/Entrega-de-vehiculos-5-1.jpg 1200w\" sizes=\"(max-width: 1024px) 100vw, 1024px\" \/><\/figure>\n\n\n\n<div style=\"height:44px\" aria-hidden=\"true\" class=\"wp-block-spacer\"><\/div>\n\n\n\n<p class=\"has-black-color has-text-color has-link-color wp-elements-343218435b0b7dbcd5e5fe77123bf3ae\" style=\"font-size:18px\">Cabe destacar que han finalizado los cursos de capacitaci\u00f3n correspondientes, conforme al siguiente detalle:<\/p>\n\n\n\n<p class=\"has-black-color has-text-color has-link-color wp-elements-8d71e73b14ff00db402747144c4cd3e0\" style=\"font-size:18px\">&#8211; Curso de veh\u00edculos multiprop\u00f3sito Marru\u00e1, dictado por la empresa Agrale: <strong>31 efectivos capacitados<\/strong><\/p>\n\n\n\n<p class=\"has-black-color has-text-color has-link-color wp-elements-94eea7a03c9f48454b86abe6e1f0a9dc\" style=\"font-size:18px\">-Curso de operaci\u00f3n y mantenimiento del veh\u00edculo M-TVR: <strong>11 efectivos <\/strong><\/p>\n\n\n\n<p class=\"has-black-color has-text-color has-link-color wp-elements-99d3460a567c95fb1a667695a7031b1a\" style=\"font-size:18px\">-Curso de operaci\u00f3n y mantenimiento del veh\u00edculo M-ATV: <strong>15 efectivos <\/strong><\/p>\n\n\n\n<div style=\"height:44px\" aria-hidden=\"true\" class=\"wp-block-spacer\"><\/div>\n\n\n\n<p class=\"has-black-color has-text-color has-link-color wp-elements-41daac852fd28988f2768c1c10e9ab8d\">A partir de ahora, el personal tendr\u00e1 la responsabilidad de actuar como multiplicador del conocimiento adquirido, contribuyendo a la correcta operaci\u00f3n, mantenimiento y empleo de estos medios en las distintas Unidades del Ej\u00e9rcito Nacional.<\/p>\n\n\n\n<div style=\"height:44px\" aria-hidden=\"true\" class=\"wp-block-spacer\"><\/div>\n\n\n\n<figure class=\"wp-block-image size-large\"><img loading=\"lazy\" decoding=\"async\" width=\"1024\" height=\"683\" src=\"https:\/\/www.ejercito.mil.uy\/wp-content\/uploads\/2025\/12\/Entrega-de-vehiculos-9-1024x683.jpg\" alt=\"\" class=\"wp-image-54127\" srcset=\"https:\/\/www.ejercito.mil.uy\/wp-content\/uploads\/2025\/12\/Entrega-de-vehiculos-9-1024x683.jpg 1024w, https:\/\/www.ejercito.mil.uy\/wp-content\/uploads\/2025\/12\/Entrega-de-vehiculos-9-300x200.jpg 300w, https:\/\/www.ejercito.mil.uy\/wp-content\/uploads\/2025\/12\/Entrega-de-vehiculos-9.jpg 1200w\" sizes=\"(max-width: 1024px) 100vw, 1024px\" \/><\/figure>\n\n\n\n<div style=\"height:33px\" aria-hidden=\"true\" class=\"wp-block-spacer\"><\/div>\n\n\n\n<p class=\"has-black-color has-text-color has-link-color wp-elements-663756bcff6e0e20f4756b0760bb318b\" style=\"font-size:18px\">Adem\u00e1s asistieron al acto, Oficiales Generales, Superiores y Jefes, representantes de las agregadur\u00edas militares de la Rep\u00fablica Federativa del Brasil y de los Estados Unidos de Am\u00e9rica (EUA); representantes de la Empresa Agrale, autoridades de la Embajada de los EUA, as\u00ed como instructores de los cursos de operaci\u00f3n y mantenimiento.<\/p>\n\n\n\n<div style=\"height:23px\" aria-hidden=\"true\" class=\"wp-block-spacer\"><\/div>\n\n\n\n<figure class=\"wp-block-image size-large\"><img loading=\"lazy\" decoding=\"async\" width=\"1024\" height=\"683\" src=\"https:\/\/www.ejercito.mil.uy\/wp-content\/uploads\/2025\/12\/Entrega-de-vehiculos-8-1024x683.jpg\" alt=\"\" class=\"wp-image-54128\" srcset=\"https:\/\/www.ejercito.mil.uy\/wp-content\/uploads\/2025\/12\/Entrega-de-vehiculos-8-1024x683.jpg 1024w, https:\/\/www.ejercito.mil.uy\/wp-content\/uploads\/2025\/12\/Entrega-de-vehiculos-8-300x200.jpg 300w, https:\/\/www.ejercito.mil.uy\/wp-content\/uploads\/2025\/12\/Entrega-de-vehiculos-8.jpg 1200w\" sizes=\"(max-width: 1024px) 100vw, 1024px\" \/><\/figure>\n\n\n\n<div style=\"height:25px\" aria-hidden=\"true\" class=\"wp-block-spacer\"><\/div>\n\n\n\n<div class=\"wp-block-columns is-layout-flex wp-container-core-columns-is-layout-28f84493 wp-block-columns-is-layout-flex\">\n<div class=\"wp-block-column is-layout-flow wp-block-column-is-layout-flow\">\n<figure class=\"wp-block-image size-large\"><img loading=\"lazy\" decoding=\"async\" width=\"1024\" height=\"683\" src=\"https:\/\/www.ejercito.mil.uy\/wp-content\/uploads\/2025\/12\/Entrega-de-vehiculos-2-1024x683.jpg\" alt=\"\" class=\"wp-image-54129\" srcset=\"https:\/\/www.ejercito.mil.uy\/wp-content\/uploads\/2025\/12\/Entrega-de-vehiculos-2-1024x683.jpg 1024w, https:\/\/www.ejercito.mil.uy\/wp-content\/uploads\/2025\/12\/Entrega-de-vehiculos-2-300x200.jpg 300w, https:\/\/www.ejercito.mil.uy\/wp-content\/uploads\/2025\/12\/Entrega-de-vehiculos-2.jpg 1200w\" sizes=\"(max-width: 1024px) 100vw, 1024px\" \/><\/figure>\n<\/div>\n\n\n\n<div class=\"wp-block-column is-layout-flow wp-block-column-is-layout-flow\">\n<figure class=\"wp-block-image size-large\"><img loading=\"lazy\" decoding=\"async\" width=\"1024\" height=\"683\" src=\"https:\/\/www.ejercito.mil.uy\/wp-content\/uploads\/2025\/12\/Entrega-de-vehiculos-1-1024x683.jpg\" alt=\"\" class=\"wp-image-54132\" srcset=\"https:\/\/www.ejercito.mil.uy\/wp-content\/uploads\/2025\/12\/Entrega-de-vehiculos-1-1024x683.jpg 1024w, https:\/\/www.ejercito.mil.uy\/wp-content\/uploads\/2025\/12\/Entrega-de-vehiculos-1-300x200.jpg 300w, https:\/\/www.ejercito.mil.uy\/wp-content\/uploads\/2025\/12\/Entrega-de-vehiculos-1.jpg 1200w\" sizes=\"(max-width: 1024px) 100vw, 1024px\" \/><\/figure>\n<\/div>\n<\/div>\n\n\n\n<div style=\"height:22px\" aria-hidden=\"true\" class=\"wp-block-spacer\"><\/div>\n\n\n\n<div class=\"wp-block-columns is-layout-flex wp-container-core-columns-is-layout-28f84493 wp-block-columns-is-layout-flex\">\n<div class=\"wp-block-column is-layout-flow wp-block-column-is-layout-flow\">\n<figure class=\"wp-block-image size-large\"><img loading=\"lazy\" decoding=\"async\" width=\"1024\" height=\"683\" src=\"https:\/\/www.ejercito.mil.uy\/wp-content\/uploads\/2025\/12\/Entrega-de-vehiculos-1-1-1024x683.jpg\" alt=\"\" class=\"wp-image-54134\" srcset=\"https:\/\/www.ejercito.mil.uy\/wp-content\/uploads\/2025\/12\/Entrega-de-vehiculos-1-1-1024x683.jpg 1024w, https:\/\/www.ejercito.mil.uy\/wp-content\/uploads\/2025\/12\/Entrega-de-vehiculos-1-1-300x200.jpg 300w, https:\/\/www.ejercito.mil.uy\/wp-content\/uploads\/2025\/12\/Entrega-de-vehiculos-1-1.jpg 1200w\" sizes=\"(max-width: 1024px) 100vw, 1024px\" \/><\/figure>\n<\/div>\n<\/div>\n\n\n\n<div style=\"height:24px\" aria-hidden=\"true\" class=\"wp-block-spacer\"><\/div>\n\n\n\n<div class=\"wp-block-columns is-layout-flex wp-container-core-columns-is-layout-28f84493 wp-block-columns-is-layout-flex\">\n<div class=\"wp-block-column is-layout-flow wp-block-column-is-layout-flow\">\n<figure class=\"wp-block-image size-large\"><img loading=\"lazy\" decoding=\"async\" width=\"1024\" height=\"683\" src=\"https:\/\/www.ejercito.mil.uy\/wp-content\/uploads\/2025\/12\/Entrega-de-vehiculos-3-2-1024x683.jpg\" alt=\"\" class=\"wp-image-54135\" srcset=\"https:\/\/www.ejercito.mil.uy\/wp-content\/uploads\/2025\/12\/Entrega-de-vehiculos-3-2-1024x683.jpg 1024w, https:\/\/www.ejercito.mil.uy\/wp-content\/uploads\/2025\/12\/Entrega-de-vehiculos-3-2-300x200.jpg 300w, https:\/\/www.ejercito.mil.uy\/wp-content\/uploads\/2025\/12\/Entrega-de-vehiculos-3-2.jpg 1200w\" sizes=\"(max-width: 1024px) 100vw, 1024px\" \/><\/figure>\n<\/div>\n\n\n\n<div class=\"wp-block-column is-layout-flow wp-block-column-is-layout-flow\">\n<figure class=\"wp-block-image size-large\"><img loading=\"lazy\" decoding=\"async\" width=\"1024\" height=\"683\" src=\"https:\/\/www.ejercito.mil.uy\/wp-content\/uploads\/2025\/12\/Entrega-de-vehiculos-12-1-1024x683.jpg\" alt=\"\" class=\"wp-image-54136\" srcset=\"https:\/\/www.ejercito.mil.uy\/wp-content\/uploads\/2025\/12\/Entrega-de-vehiculos-12-1-1024x683.jpg 1024w, https:\/\/www.ejercito.mil.uy\/wp-content\/uploads\/2025\/12\/Entrega-de-vehiculos-12-1-300x200.jpg 300w, https:\/\/www.ejercito.mil.uy\/wp-content\/uploads\/2025\/12\/Entrega-de-vehiculos-12-1.jpg 1200w\" sizes=\"(max-width: 1024px) 100vw, 1024px\" \/><\/figure>\n<\/div>\n<\/div>\n\n\n\n<div style=\"height:24px\" aria-hidden=\"true\" class=\"wp-block-spacer\"><\/div>\n\n\n\n<figure class=\"wp-block-image size-large\"><img loading=\"lazy\" decoding=\"async\" width=\"1024\" height=\"683\" src=\"https:\/\/www.ejercito.mil.uy\/wp-content\/uploads\/2025\/12\/Entrega-de-vehiculos-13-1024x683.jpg\" alt=\"\" class=\"wp-image-54137\" srcset=\"https:\/\/www.ejercito.mil.uy\/wp-content\/uploads\/2025\/12\/Entrega-de-vehiculos-13-1024x683.jpg 1024w, https:\/\/www.ejercito.mil.uy\/wp-content\/uploads\/2025\/12\/Entrega-de-vehiculos-13-300x200.jpg 300w, https:\/\/www.ejercito.mil.uy\/wp-content\/uploads\/2025\/12\/Entrega-de-vehiculos-13.jpg 1200w\" sizes=\"(max-width: 1024px) 100vw, 1024px\" \/><\/figure>\n\n\n\n<div style=\"height:33px\" aria-hidden=\"true\" class=\"wp-block-spacer\"><\/div>\n\n\n\n<p class=\"has-black-color has-text-color has-background has-link-color wp-elements-40f1aa18d9b0a3a6df9bd990a7d45c86\" style=\"background-color:#e9dc84\"><em>Ver nota a partir del minuto 00:17 en la edici\u00f3n #39 del informativo Ej\u00e9rcito del Uruguay \u2013\u00a0<a href=\"https:\/\/www.youtube.com\/watch?v=_pyJQK3gXgA&amp;t=17s\" title=\"\">Entrega de veh\u00edculos<\/a><\/em><\/p>\n\n\n\n<div style=\"height:100px\" aria-hidden=\"true\" class=\"wp-block-spacer\"><\/div>\n","protected":false},"excerpt":{"rendered":"<p>19.12.2025 &#8211; Con la presencia de la Mtra. de Defensa Nacional y Cte. en Jefe del Ej\u00e9rcito, se realiz\u00f3 en el Servicio de Material y Armamento, la ceremonia de entrega de veh\u00edculos t\u00e1cticos multiprop\u00f3sito.<\/p>\n","protected":false},"author":9,"featured_media":54115,"comment_status":"open","ping_status":"open","sticky":false,"template":"","format":"standard","meta":{"_coblocks_attr":"","_coblocks_dimensions":"","_coblocks_responsive_height":"","_coblocks_accordion_ie_support":"","_monsterinsights_skip_tracking":false,"_monsterinsights_sitenote_active":false,"_monsterinsights_sitenote_note":"","_monsterinsights_sitenote_category":0,"_uf_show_specific_survey":0,"_uf_disable_surveys":false,"footnotes":""},"categories":[2,10,237,14,1],"tags":[634,1621,1618,1619,418,1097,87,1620],"class_list":["post-54071","post","type-post","status-publish","format-standard","has-post-thumbnail","hentry","category-blog","category-destacados","category-misiones","category-noticias","category-sin-categoria","tag-armamento","tag-instruccon","tag-mamba","tag-mk7","tag-operaciones","tag-operaciones-de-paz","tag-transporte","tag-vehiuclos"],"aioseo_notices":[],"_links":{"self":[{"href":"https:\/\/www.ejercito.mil.uy\/index.php\/wp-json\/wp\/v2\/posts\/54071","targetHints":{"allow":["GET"]}}],"collection":[{"href":"https:\/\/www.ejercito.mil.uy\/index.php\/wp-json\/wp\/v2\/posts"}],"about":[{"href":"https:\/\/www.ejercito.mil.uy\/index.php\/wp-json\/wp\/v2\/types\/post"}],"author":[{"embeddable":true,"href":"https:\/\/www.ejercito.mil.uy\/index.php\/wp-json\/wp\/v2\/users\/9"}],"replies":[{"embeddable":true,"href":"https:\/\/www.ejercito.mil.uy\/index.php\/wp-json\/wp\/v2\/comments?post=54071"}],"version-history":[{"count":23,"href":"https:\/\/www.ejercito.mil.uy\/index.php\/wp-json\/wp\/v2\/posts\/54071\/revisions"}],"predecessor-version":[{"id":54181,"href":"https:\/\/www.ejercito.mil.uy\/index.php\/wp-json\/wp\/v2\/posts\/54071\/revisions\/54181"}],"wp:featuredmedia":[{"embeddable":true,"href":"https:\/\/www.ejercito.mil.uy\/index.php\/wp-json\/wp\/v2\/media\/54115"}],"wp:attachment":[{"href":"https:\/\/www.ejercito.mil.uy\/index.php\/wp-json\/wp\/v2\/media?parent=54071"}],"wp:term":[{"taxonomy":"category","embeddable":true,"href":"https:\/\/www.ejercito.mil.uy\/index.php\/wp-json\/wp\/v2\/categories?post=54071"},{"taxonomy":"post_tag","embeddable":true,"href":"https:\/\/www.ejercito.mil.uy\/index.php\/wp-json\/wp\/v2\/tags?post=54071"}],"curies":[{"name":"wp","href":"https:\/\/api.w.org\/{rel}","templated":true}]}}