{"id":54214,"date":"2025-12-22T09:26:02","date_gmt":"2025-12-22T12:26:02","guid":{"rendered":"https:\/\/www.ejercito.mil.uy\/?p=54214"},"modified":"2025-12-23T10:20:35","modified_gmt":"2025-12-23T13:20:35","slug":"curso-geopolitica-del-terrorismo-fundamentalista-islamico","status":"publish","type":"post","link":"https:\/\/www.ejercito.mil.uy\/index.php\/2025\/12\/22\/curso-geopolitica-del-terrorismo-fundamentalista-islamico\/","title":{"rendered":"Curso Geopol\u00edtica del terrorismo fundamentalista isl\u00e1mico"},"content":{"rendered":"\n<div style=\"height:22px\" aria-hidden=\"true\" class=\"wp-block-spacer\"><\/div>\n\n\n\n<p class=\"has-white-color has-luminous-vivid-orange-background-color has-text-color has-background has-link-color wp-elements-9f1c22a81e42abed8fdafb0840e74ae4\" style=\"font-size:22px\">En 2026, el Centro de Altos Estudios Nacionales dictar\u00e1 el <strong>curso Geopol\u00edtica del terrorismo fundamentalista isl\u00e1mico<\/strong>. <\/p>\n\n\n\n<div style=\"height:22px\" aria-hidden=\"true\" class=\"wp-block-spacer\"><\/div>\n\n\n\n<p class=\"has-black-color has-text-color has-link-color has-medium-font-size wp-elements-7ff7de1eddd5a3d1e1127db6fe982e28\">El curso aborda el terrorismo fundamentalista isl\u00e1mico desde una perspectiva geopol\u00edtica, analizando sus or\u00edgenes, principales actores y el impacto que este tipo de violencia organizada tiene sobre las sociedades democr\u00e1ticas.<\/p>\n\n\n\n<div style=\"height:22px\" aria-hidden=\"true\" class=\"wp-block-spacer\"><\/div>\n\n\n\n<p class=\"has-black-color has-text-color has-link-color has-medium-font-size wp-elements-d6e95288e1fa91290790686cad07807d\">&#8211; Las inscripciones estar\u00e1n abiertas del 3 de febrero al 3 de marzo y se gestionar\u00e1n a trav\u00e9s del siguiente enlace: <a href=\"https:\/\/www.gub.uy\/ministerio-defensa-nacional\/calen?fbclid=IwZXh0bgNhZW0CMTAAYnJpZBExblVsb0dKMkZnSXdSbFYwNHNydGMGYXBwX2lkDzUxNDc3MTU2OTIyODA2MQABHtKbFjir9vPm6JWUu9RU6onoIgZlFybE2xKMcZFBq-VJ9MsDKnrJA9hdeh0J_aem_xnULmWX6p4AFG4CWBVr8Hw\" target=\"_blank\" rel=\"noreferrer noopener\">https:\/\/www.gub.uy\/ministerio-defensa-nacional\/calen<\/a><\/p>\n\n\n\n<div style=\"height:22px\" aria-hidden=\"true\" class=\"wp-block-spacer\"><\/div>\n\n\n\n<p class=\"has-black-color has-text-color has-link-color has-medium-font-size wp-elements-d978683ee2a48d1e3cf9981e1b97da45\">&#8211; Las clases ser\u00e1n los martes de 09 a 12 h, del 10 de marzo al 09 de junio.<\/p>\n\n\n\n<div style=\"height:22px\" aria-hidden=\"true\" class=\"wp-block-spacer\"><\/div>\n\n\n\n<p class=\"has-black-color has-text-color has-link-color has-medium-font-size wp-elements-1e7715aa9a15bf5a6f739377cb18462a\">&#8211; M\u00e1s informaci\u00f3n en <a href=\"https:\/\/www.gub.uy\/ministerio-defensa-nacional\/politicas-y-gestion\/cursos-extension-academica\" target=\"_blank\" rel=\"noopener\" title=\"\">Cursos de Extensi\u00f3n Acad\u00e9mica<\/a><\/p>\n\n\n\n<div style=\"height:22px\" aria-hidden=\"true\" class=\"wp-block-spacer\"><\/div>\n\n\n\n<p class=\"has-black-color has-text-color has-link-color has-medium-font-size wp-elements-50d09ff833d5dfba9a8791802973b071\">Por consultas comunicarse al 2401 8385 interno 220 o por correo electr\u00f3nico <a href=\"mailto:calen.extensionacademica@mdn.gub.uy\">calen.extensionacademica@mdn.gub.uy<\/a><\/p>\n","protected":false},"excerpt":{"rendered":"<p>Las inscripciones estar\u00e1n abiertas del 3 de febrero al 3 de marzo.<\/p>\n","protected":false},"author":14,"featured_media":54252,"comment_status":"open","ping_status":"open","sticky":false,"template":"","format":"standard","meta":{"_coblocks_attr":"","_coblocks_dimensions":"","_coblocks_responsive_height":"","_coblocks_accordion_ie_support":"","_monsterinsights_skip_tracking":false,"_monsterinsights_sitenote_active":false,"_monsterinsights_sitenote_note":"","_monsterinsights_sitenote_category":0,"_uf_show_specific_survey":0,"_uf_disable_surveys":false,"footnotes":""},"categories":[2,10,14,1],"tags":[1210,70,2168,2166,863,2169,2167],"class_list":["post-54214","post","type-post","status-publish","format-standard","has-post-thumbnail","hentry","category-blog","category-destacados","category-noticias","category-sin-categoria","tag-calen","tag-curso","tag-fundamentalista","tag-geopolitica","tag-incripciones","tag-islamico","tag-terrorismo"],"aioseo_notices":[],"_links":{"self":[{"href":"https:\/\/www.ejercito.mil.uy\/index.php\/wp-json\/wp\/v2\/posts\/54214","targetHints":{"allow":["GET"]}}],"collection":[{"href":"https:\/\/www.ejercito.mil.uy\/index.php\/wp-json\/wp\/v2\/posts"}],"about":[{"href":"https:\/\/www.ejercito.mil.uy\/index.php\/wp-json\/wp\/v2\/types\/post"}],"author":[{"embeddable":true,"href":"https:\/\/www.ejercito.mil.uy\/index.php\/wp-json\/wp\/v2\/users\/14"}],"replies":[{"embeddable":true,"href":"https:\/\/www.ejercito.mil.uy\/index.php\/wp-json\/wp\/v2\/comments?post=54214"}],"version-history":[{"count":13,"href":"https:\/\/www.ejercito.mil.uy\/index.php\/wp-json\/wp\/v2\/posts\/54214\/revisions"}],"predecessor-version":[{"id":54253,"href":"https:\/\/www.ejercito.mil.uy\/index.php\/wp-json\/wp\/v2\/posts\/54214\/revisions\/54253"}],"wp:featuredmedia":[{"embeddable":true,"href":"https:\/\/www.ejercito.mil.uy\/index.php\/wp-json\/wp\/v2\/media\/54252"}],"wp:attachment":[{"href":"https:\/\/www.ejercito.mil.uy\/index.php\/wp-json\/wp\/v2\/media?parent=54214"}],"wp:term":[{"taxonomy":"category","embeddable":true,"href":"https:\/\/www.ejercito.mil.uy\/index.php\/wp-json\/wp\/v2\/categories?post=54214"},{"taxonomy":"post_tag","embeddable":true,"href":"https:\/\/www.ejercito.mil.uy\/index.php\/wp-json\/wp\/v2\/tags?post=54214"}],"curies":[{"name":"wp","href":"https:\/\/api.w.org\/{rel}","templated":true}]}}