{"id":54251,"date":"2025-12-23T10:29:23","date_gmt":"2025-12-23T13:29:23","guid":{"rendered":"https:\/\/www.ejercito.mil.uy\/?p=54251"},"modified":"2025-12-23T10:48:44","modified_gmt":"2025-12-23T13:48:44","slug":"curso-de-proteccion-infantil-y-de-civiles-de-las-naciones-unidas","status":"publish","type":"post","link":"https:\/\/www.ejercito.mil.uy\/index.php\/2025\/12\/23\/curso-de-proteccion-infantil-y-de-civiles-de-las-naciones-unidas\/","title":{"rendered":"Curso de protecci\u00f3n infantil y de civiles de las Naciones Unidas"},"content":{"rendered":"\n<p class=\"has-black-color has-text-color has-link-color has-small-font-size wp-elements-bfe1df77611e4c909870a38fc1e05cae\">23.12.2025 &#8211; <strong>Vicenza, Italia<\/strong><\/p>\n\n\n\n<div style=\"height:22px\" aria-hidden=\"true\" class=\"wp-block-spacer\"><\/div>\n\n\n\n<p class=\"has-white-color has-text-color has-background has-link-color has-medium-font-size wp-elements-c0555202fe6aea60e2a7ec79528fed0c\" style=\"background-color:#418fde\">El Ej\u00e9rcito Nacional fue representado por el Coronel \u00c1lvaro Garc\u00eda y el Teniente Coronel Julio Techera en los Cursos de Protecci\u00f3n Infantil y Protecci\u00f3n de Civiles, que se realizaron en la ciudad de Vicenza, Italia, del 17 de noviembre y el 11 de diciembre.<\/p>\n\n\n\n<div style=\"height:22px\" aria-hidden=\"true\" class=\"wp-block-spacer\"><\/div>\n\n\n\n<figure class=\"wp-block-image size-large\"><img fetchpriority=\"high\" decoding=\"async\" width=\"1024\" height=\"683\" src=\"https:\/\/www.ejercito.mil.uy\/wp-content\/uploads\/2025\/10\/5-5-1024x683.jpg\" alt=\"\" class=\"wp-image-54244\" srcset=\"https:\/\/www.ejercito.mil.uy\/wp-content\/uploads\/2025\/10\/5-5-1024x683.jpg 1024w, https:\/\/www.ejercito.mil.uy\/wp-content\/uploads\/2025\/10\/5-5-300x200.jpg 300w, https:\/\/www.ejercito.mil.uy\/wp-content\/uploads\/2025\/10\/5-5.jpg 1200w\" sizes=\"(max-width: 1024px) 100vw, 1024px\" \/><\/figure>\n\n\n\n<div style=\"height:22px\" aria-hidden=\"true\" class=\"wp-block-spacer\"><\/div>\n\n\n\n<p class=\"has-black-color has-text-color has-link-color has-medium-font-size wp-elements-97d6398cc8111821788413587da0eae6\">Dicha instancia formativa fue dictada en idioma ingl\u00e9s por la Escuela de Carabineros <strong>\u00abCenter of Excellence for Stability Police Units\u00bb<\/strong>, instituci\u00f3n reconocida por las Naciones Unidas como centro de excelencia en la formaci\u00f3n para operaciones de paz.<\/p>\n\n\n\n<div style=\"height:24px\" aria-hidden=\"true\" class=\"wp-block-spacer\"><\/div>\n\n\n\n<p class=\"has-black-color has-text-color has-link-color has-medium-font-size wp-elements-d09bc325ac70e8b030e2d219f33ae17d\">La capacitaci\u00f3n estuvo orientada a los ambientes operacionales de las Misiones de Paz, se abordaron tem\u00e1ticas de alta relevancia y actualidad, tales como la protecci\u00f3n infantil y su legislaci\u00f3n, los derechos humanos y la normativa aplicable en contextos de conflictos armados.<\/p>\n\n\n\n<div style=\"height:22px\" aria-hidden=\"true\" class=\"wp-block-spacer\"><\/div>\n\n\n\n<figure class=\"wp-block-image size-large\"><img decoding=\"async\" width=\"1024\" height=\"683\" src=\"https:\/\/www.ejercito.mil.uy\/wp-content\/uploads\/2025\/10\/3-9-1024x683.jpg\" alt=\"\" class=\"wp-image-54246\" srcset=\"https:\/\/www.ejercito.mil.uy\/wp-content\/uploads\/2025\/10\/3-9-1024x683.jpg 1024w, https:\/\/www.ejercito.mil.uy\/wp-content\/uploads\/2025\/10\/3-9-300x200.jpg 300w, https:\/\/www.ejercito.mil.uy\/wp-content\/uploads\/2025\/10\/3-9.jpg 1200w\" sizes=\"(max-width: 1024px) 100vw, 1024px\" \/><\/figure>\n\n\n\n<div style=\"height:22px\" aria-hidden=\"true\" class=\"wp-block-spacer\"><\/div>\n\n\n\n<p class=\"has-black-color has-text-color has-link-color has-medium-font-size wp-elements-6bf11ce39f0a3734b48a8c7e81b8d59d\">Cont\u00f3 con la participaci\u00f3n de m\u00e1s de 40 integrantes provenientes de m\u00e1s de 20 pa\u00edses, entre Oficiales y civiles, varios de ellos actualmente desplegados en \u00e1reas de misi\u00f3n, lo que favoreci\u00f3 un valioso intercambio de conocimientos y experiencias.<\/p>\n\n\n\n<div style=\"height:22px\" aria-hidden=\"true\" class=\"wp-block-spacer\"><\/div>\n\n\n\n<figure class=\"wp-block-image size-large\"><img decoding=\"async\" width=\"1024\" height=\"683\" src=\"https:\/\/www.ejercito.mil.uy\/wp-content\/uploads\/2025\/10\/4-5-1024x683.jpg\" alt=\"\" class=\"wp-image-54245\" srcset=\"https:\/\/www.ejercito.mil.uy\/wp-content\/uploads\/2025\/10\/4-5-1024x683.jpg 1024w, https:\/\/www.ejercito.mil.uy\/wp-content\/uploads\/2025\/10\/4-5-300x200.jpg 300w, https:\/\/www.ejercito.mil.uy\/wp-content\/uploads\/2025\/10\/4-5.jpg 1200w\" sizes=\"(max-width: 1024px) 100vw, 1024px\" \/><\/figure>\n\n\n\n<div style=\"height:22px\" aria-hidden=\"true\" class=\"wp-block-spacer\"><\/div>\n\n\n\n<p class=\"has-black-color has-text-color has-link-color has-medium-font-size wp-elements-bda411f960390c175077faa56f078a36\">Estas instancias se logran gracias a la proyecci\u00f3n internacional de la Escuela Nacional de Operaciones de Paz del Uruguay, reafirmando su compromiso con la formaci\u00f3n continua y el alto nivel de preparaci\u00f3n del personal del Ej\u00e9rcito Nacional.<\/p>\n\n\n\n<div style=\"height:22px\" aria-hidden=\"true\" class=\"wp-block-spacer\"><\/div>\n\n\n\n<figure class=\"wp-block-image size-large\"><img loading=\"lazy\" decoding=\"async\" width=\"1024\" height=\"683\" src=\"https:\/\/www.ejercito.mil.uy\/wp-content\/uploads\/2025\/10\/8-3-1024x683.jpg\" alt=\"\" class=\"wp-image-54247\" srcset=\"https:\/\/www.ejercito.mil.uy\/wp-content\/uploads\/2025\/10\/8-3-1024x683.jpg 1024w, https:\/\/www.ejercito.mil.uy\/wp-content\/uploads\/2025\/10\/8-3-300x200.jpg 300w, https:\/\/www.ejercito.mil.uy\/wp-content\/uploads\/2025\/10\/8-3.jpg 1200w\" sizes=\"(max-width: 1024px) 100vw, 1024px\" \/><\/figure>\n\n\n\n<div style=\"height:35px\" aria-hidden=\"true\" class=\"wp-block-spacer\"><\/div>\n\n\n\n<div style=\"height:0px\" aria-hidden=\"true\" class=\"wp-block-spacer\"><\/div>\n\n\n\n<p class=\"has-black-color has-text-color has-link-color has-medium-font-size wp-elements-3c0625c7b4b7c8b45e9f1420f6cc72ee\">Adem\u00e1s, contribuyen al fortalecimiento de las relaciones humanas y de la cooperaci\u00f3n internacional, posicionando estrat\u00e9gicamente a Uruguay en el \u00e1mbito internacional y reafirmando su compromiso con la defensa de los derechos humanos y la protecci\u00f3n de las poblaciones m\u00e1s vulnerables.<\/p>\n\n\n\n<div style=\"height:30px\" aria-hidden=\"true\" class=\"wp-block-spacer\"><\/div>\n\n\n\n<p class=\"has-black-color has-text-color has-link-color has-medium-font-size wp-elements-2aa500d22203d3744ec38f163cb5ef3f\">Cabe destacar que el Coronel \u00c1lvaro Garc\u00eda, fue designado como encargado del grupo y se encarg\u00f3 del discurso de cierre en representaci\u00f3n de la totalidad de los participantes durante la ceremonia de clausura.<\/p>\n\n\n\n<div style=\"height:30px\" aria-hidden=\"true\" class=\"wp-block-spacer\"><\/div>\n\n\n\n<figure class=\"wp-block-image size-large\"><img loading=\"lazy\" decoding=\"async\" width=\"1024\" height=\"683\" src=\"https:\/\/www.ejercito.mil.uy\/wp-content\/uploads\/2025\/12\/1-4-1024x683.jpg\" alt=\"\" class=\"wp-image-54254\" srcset=\"https:\/\/www.ejercito.mil.uy\/wp-content\/uploads\/2025\/12\/1-4-1024x683.jpg 1024w, https:\/\/www.ejercito.mil.uy\/wp-content\/uploads\/2025\/12\/1-4-300x200.jpg 300w, https:\/\/www.ejercito.mil.uy\/wp-content\/uploads\/2025\/12\/1-4.jpg 1200w\" sizes=\"(max-width: 1024px) 100vw, 1024px\" \/><\/figure>\n\n\n\n<div style=\"height:27px\" aria-hidden=\"true\" class=\"wp-block-spacer\"><\/div>\n\n\n\n<p class=\"has-black-color has-text-color has-link-color has-medium-font-size wp-elements-c48a002ad107bf3ab5ddd34f1514836a\">Estas participaciones son de suma importancia para el Ej\u00e9rcito Nacional y para la ENOPU, al permitir la actualizaci\u00f3n permanente del material de Naciones Unidas empleado en sus cursos, elevando la calidad de la formaci\u00f3n impartida y consolidando el prestigio institucional a nivel regional.<\/p>\n\n\n\n<div style=\"height:26px\" aria-hidden=\"true\" class=\"wp-block-spacer\"><\/div>\n\n\n\n<div class=\"wp-block-columns is-layout-flex wp-container-core-columns-is-layout-28f84493 wp-block-columns-is-layout-flex\">\n<div class=\"wp-block-column is-layout-flow wp-block-column-is-layout-flow\">\n<figure class=\"wp-block-image size-large\"><img loading=\"lazy\" decoding=\"async\" width=\"1024\" height=\"683\" src=\"https:\/\/www.ejercito.mil.uy\/wp-content\/uploads\/2025\/12\/2-2-1024x683.jpg\" alt=\"\" class=\"wp-image-54255\" srcset=\"https:\/\/www.ejercito.mil.uy\/wp-content\/uploads\/2025\/12\/2-2-1024x683.jpg 1024w, https:\/\/www.ejercito.mil.uy\/wp-content\/uploads\/2025\/12\/2-2-300x200.jpg 300w, https:\/\/www.ejercito.mil.uy\/wp-content\/uploads\/2025\/12\/2-2.jpg 1200w\" sizes=\"(max-width: 1024px) 100vw, 1024px\" \/><\/figure>\n<\/div>\n\n\n\n<div class=\"wp-block-column is-layout-flow wp-block-column-is-layout-flow\">\n<figure class=\"wp-block-image size-large\"><img loading=\"lazy\" decoding=\"async\" width=\"1024\" height=\"683\" src=\"https:\/\/www.ejercito.mil.uy\/wp-content\/uploads\/2025\/12\/6-1024x683.jpg\" alt=\"\" class=\"wp-image-54256\" srcset=\"https:\/\/www.ejercito.mil.uy\/wp-content\/uploads\/2025\/12\/6-1024x683.jpg 1024w, https:\/\/www.ejercito.mil.uy\/wp-content\/uploads\/2025\/12\/6-300x200.jpg 300w, https:\/\/www.ejercito.mil.uy\/wp-content\/uploads\/2025\/12\/6.jpg 1200w\" sizes=\"(max-width: 1024px) 100vw, 1024px\" \/><\/figure>\n<\/div>\n<\/div>\n\n\n\n<div style=\"height:58px\" aria-hidden=\"true\" class=\"wp-block-spacer\"><\/div>\n\n\n\n<p><\/p>\n","protected":false},"excerpt":{"rendered":"<p>23.12.2025 &#8211; El Ej\u00e9rcito Nacional contin\u00faa fortaleciendo sus capacidades y proyecci\u00f3n. El Cnel. \u00c1lvaro Garc\u00eda y el Tte. Cnel. Julio Techera participaron en un curso de protecci\u00f3n infantil y de civiles.<\/p>\n","protected":false},"author":4,"featured_media":54243,"comment_status":"open","ping_status":"open","sticky":false,"template":"","format":"standard","meta":{"_coblocks_attr":"","_coblocks_dimensions":"","_coblocks_responsive_height":"","_coblocks_accordion_ie_support":"","_monsterinsights_skip_tracking":false,"_monsterinsights_sitenote_active":false,"_monsterinsights_sitenote_note":"","_monsterinsights_sitenote_category":0,"_uf_show_specific_survey":0,"_uf_disable_surveys":false,"footnotes":""},"categories":[2,237,14,1],"tags":[321,70,97,13,1006,232,209,617,139],"class_list":["post-54251","post","type-post","status-publish","format-standard","has-post-thumbnail","hentry","category-blog","category-misiones","category-noticias","category-sin-categoria","tag-actividades","tag-curso","tag-enopu","tag-instruccion","tag-militares","tag-mujeres","tag-naciones-unidas","tag-oficiales","tag-onu"],"aioseo_notices":[],"_links":{"self":[{"href":"https:\/\/www.ejercito.mil.uy\/index.php\/wp-json\/wp\/v2\/posts\/54251","targetHints":{"allow":["GET"]}}],"collection":[{"href":"https:\/\/www.ejercito.mil.uy\/index.php\/wp-json\/wp\/v2\/posts"}],"about":[{"href":"https:\/\/www.ejercito.mil.uy\/index.php\/wp-json\/wp\/v2\/types\/post"}],"author":[{"embeddable":true,"href":"https:\/\/www.ejercito.mil.uy\/index.php\/wp-json\/wp\/v2\/users\/4"}],"replies":[{"embeddable":true,"href":"https:\/\/www.ejercito.mil.uy\/index.php\/wp-json\/wp\/v2\/comments?post=54251"}],"version-history":[{"count":3,"href":"https:\/\/www.ejercito.mil.uy\/index.php\/wp-json\/wp\/v2\/posts\/54251\/revisions"}],"predecessor-version":[{"id":54259,"href":"https:\/\/www.ejercito.mil.uy\/index.php\/wp-json\/wp\/v2\/posts\/54251\/revisions\/54259"}],"wp:featuredmedia":[{"embeddable":true,"href":"https:\/\/www.ejercito.mil.uy\/index.php\/wp-json\/wp\/v2\/media\/54243"}],"wp:attachment":[{"href":"https:\/\/www.ejercito.mil.uy\/index.php\/wp-json\/wp\/v2\/media?parent=54251"}],"wp:term":[{"taxonomy":"category","embeddable":true,"href":"https:\/\/www.ejercito.mil.uy\/index.php\/wp-json\/wp\/v2\/categories?post=54251"},{"taxonomy":"post_tag","embeddable":true,"href":"https:\/\/www.ejercito.mil.uy\/index.php\/wp-json\/wp\/v2\/tags?post=54251"}],"curies":[{"name":"wp","href":"https:\/\/api.w.org\/{rel}","templated":true}]}}