{"id":54272,"date":"2025-12-24T11:49:01","date_gmt":"2025-12-24T14:49:01","guid":{"rendered":"https:\/\/www.ejercito.mil.uy\/?p=54272"},"modified":"2025-12-24T12:11:18","modified_gmt":"2025-12-24T15:11:18","slug":"felices-fiestas-tradicionales-y-prospero-ano-2026","status":"publish","type":"post","link":"https:\/\/www.ejercito.mil.uy\/index.php\/2025\/12\/24\/felices-fiestas-tradicionales-y-prospero-ano-2026\/","title":{"rendered":"\u00a1Felices Fiestas Tradicionales y pr\u00f3spero A\u00f1o 2026!"},"content":{"rendered":"\n<p class=\"has-small-font-size\"><\/p>\n\n\n\n<div style=\"height:22px\" aria-hidden=\"true\" class=\"wp-block-spacer\"><\/div>\n\n\n\n<p class=\"has-black-color has-text-color has-background\" style=\"background-color:#ffe5b4;font-size:22px\">\u00a1El Ej\u00e9rcito Nacional le desea muy Felices Fiestas y un pr\u00f3spero 2026 a sus seguidores y a quienes forman parte de La Fuerza de todos!<\/p>\n\n\n\n<div style=\"height:55px\" aria-hidden=\"true\" class=\"wp-block-spacer\"><\/div>\n\n\n\n<p class=\"has-black-color has-text-color has-link-color has-medium-font-size wp-elements-9b37fc44593b6474fbdded80a68c80d8\">Hacemos llegar un saludo especial a quienes se encuentran de servicio, realizando patrullaje de fronteras, custodiando per\u00edmetros carcelarios, de guardia en todas las Unidades militares del pa\u00eds y desplegados en Misiones Operativas de Paz, dejando en alto el prestigio de nuestro Pabell\u00f3n Nacional.<\/p>\n\n\n\n<div style=\"height:55px\" aria-hidden=\"true\" class=\"wp-block-spacer\"><\/div>\n\n\n\n<p class=\"has-text-align-center has-black-color has-text-color has-background\" style=\"background-color:#ffe5b4;font-size:22px\">\u00a1Felices Fiestas Tradicionales y pr\u00f3spero A\u00f1o 2026!<\/p>\n\n\n\n<div style=\"height:100px\" aria-hidden=\"true\" class=\"wp-block-spacer\"><\/div>\n","protected":false},"excerpt":{"rendered":"<p>\u00a1El Ej\u00e9rcito Nacional le desea muy Felices Fiestas y un pr\u00f3spero 2026 a sus seguidores y a quienes forman parte de La Fuerza de todos!<\/p>\n","protected":false},"author":4,"featured_media":54274,"comment_status":"open","ping_status":"open","sticky":false,"template":"","format":"standard","meta":{"_coblocks_attr":"","_coblocks_dimensions":"","_coblocks_responsive_height":"","_coblocks_accordion_ie_support":"","_monsterinsights_skip_tracking":false,"_monsterinsights_sitenote_active":false,"_monsterinsights_sitenote_note":"","_monsterinsights_sitenote_category":0,"_uf_show_specific_survey":0,"_uf_disable_surveys":false,"footnotes":""},"categories":[10,14],"tags":[775,1415,98],"class_list":["post-54272","post","type-post","status-publish","format-standard","has-post-thumbnail","hentry","category-destacados","category-noticias","tag-fiestas","tag-navidad","tag-saludo"],"aioseo_notices":[],"_links":{"self":[{"href":"https:\/\/www.ejercito.mil.uy\/index.php\/wp-json\/wp\/v2\/posts\/54272","targetHints":{"allow":["GET"]}}],"collection":[{"href":"https:\/\/www.ejercito.mil.uy\/index.php\/wp-json\/wp\/v2\/posts"}],"about":[{"href":"https:\/\/www.ejercito.mil.uy\/index.php\/wp-json\/wp\/v2\/types\/post"}],"author":[{"embeddable":true,"href":"https:\/\/www.ejercito.mil.uy\/index.php\/wp-json\/wp\/v2\/users\/4"}],"replies":[{"embeddable":true,"href":"https:\/\/www.ejercito.mil.uy\/index.php\/wp-json\/wp\/v2\/comments?post=54272"}],"version-history":[{"count":4,"href":"https:\/\/www.ejercito.mil.uy\/index.php\/wp-json\/wp\/v2\/posts\/54272\/revisions"}],"predecessor-version":[{"id":54277,"href":"https:\/\/www.ejercito.mil.uy\/index.php\/wp-json\/wp\/v2\/posts\/54272\/revisions\/54277"}],"wp:featuredmedia":[{"embeddable":true,"href":"https:\/\/www.ejercito.mil.uy\/index.php\/wp-json\/wp\/v2\/media\/54274"}],"wp:attachment":[{"href":"https:\/\/www.ejercito.mil.uy\/index.php\/wp-json\/wp\/v2\/media?parent=54272"}],"wp:term":[{"taxonomy":"category","embeddable":true,"href":"https:\/\/www.ejercito.mil.uy\/index.php\/wp-json\/wp\/v2\/categories?post=54272"},{"taxonomy":"post_tag","embeddable":true,"href":"https:\/\/www.ejercito.mil.uy\/index.php\/wp-json\/wp\/v2\/tags?post=54272"}],"curies":[{"name":"wp","href":"https:\/\/api.w.org\/{rel}","templated":true}]}}