{"id":54279,"date":"2025-12-29T08:40:50","date_gmt":"2025-12-29T11:40:50","guid":{"rendered":"https:\/\/www.ejercito.mil.uy\/?p=54279"},"modified":"2025-12-29T15:53:26","modified_gmt":"2025-12-29T18:53:26","slug":"incendio-en-minas","status":"publish","type":"post","link":"https:\/\/www.ejercito.mil.uy\/index.php\/2025\/12\/29\/incendio-en-minas\/","title":{"rendered":"Incendio en Minas"},"content":{"rendered":"\n<p class=\"has-black-color has-text-color has-link-color has-small-font-size wp-elements-d13d062761f8833973a300420e08eab2\">29.12.2025 <\/p>\n\n\n\n<div style=\"height:33px\" aria-hidden=\"true\" class=\"wp-block-spacer\"><\/div>\n\n\n\n<p class=\"is-style-success has-black-color has-text-color has-background has-link-color has-medium-font-size wp-elements-6becc2c1bd71d686aeecd90a18398587\" style=\"background-color:#ffcc00\">Desde el lunes 29 de diciembre, El Ej\u00e9rcito Nacional contin\u00faa trabajando sin pausa en apoyo a Bomberos, en la extinci\u00f3n del incendio en la ciudad de Minas.<\/p>\n\n\n\n<div style=\"height:33px\" aria-hidden=\"true\" class=\"wp-block-spacer\"><\/div>\n\n\n\n<div class=\"wp-block-columns is-layout-flex wp-container-core-columns-is-layout-28f84493 wp-block-columns-is-layout-flex\">\n<div class=\"wp-block-column is-layout-flow wp-block-column-is-layout-flow\">\n<figure class=\"wp-block-image size-large\"><img fetchpriority=\"high\" decoding=\"async\" width=\"1024\" height=\"683\" src=\"https:\/\/www.ejercito.mil.uy\/wp-content\/uploads\/2025\/12\/Incendio-en-Minas-2-1024x683.jpeg\" alt=\"\" class=\"wp-image-54321\" srcset=\"https:\/\/www.ejercito.mil.uy\/wp-content\/uploads\/2025\/12\/Incendio-en-Minas-2-1024x683.jpeg 1024w, https:\/\/www.ejercito.mil.uy\/wp-content\/uploads\/2025\/12\/Incendio-en-Minas-2-300x200.jpeg 300w, https:\/\/www.ejercito.mil.uy\/wp-content\/uploads\/2025\/12\/Incendio-en-Minas-2.jpeg 1200w\" sizes=\"(max-width: 1024px) 100vw, 1024px\" \/><\/figure>\n<\/div>\n\n\n\n<div class=\"wp-block-column is-layout-flow wp-block-column-is-layout-flow\">\n<figure class=\"wp-block-image size-large\"><img decoding=\"async\" width=\"1024\" height=\"683\" src=\"https:\/\/www.ejercito.mil.uy\/wp-content\/uploads\/2025\/12\/Incendio-en-Minas-1-1024x683.jpeg\" alt=\"\" class=\"wp-image-54311\" srcset=\"https:\/\/www.ejercito.mil.uy\/wp-content\/uploads\/2025\/12\/Incendio-en-Minas-1-1024x683.jpeg 1024w, https:\/\/www.ejercito.mil.uy\/wp-content\/uploads\/2025\/12\/Incendio-en-Minas-1-300x200.jpeg 300w, https:\/\/www.ejercito.mil.uy\/wp-content\/uploads\/2025\/12\/Incendio-en-Minas-1.jpeg 1200w\" sizes=\"(max-width: 1024px) 100vw, 1024px\" \/><\/figure>\n<\/div>\n<\/div>\n\n\n\n<div style=\"height:33px\" aria-hidden=\"true\" class=\"wp-block-spacer\"><\/div>\n\n\n\n<p class=\"has-black-color has-text-color has-link-color has-medium-font-size wp-elements-2eb92936f0752ca6c923e98643dabcd5\">Actualmente, m\u00e1s de 60 efectivos del Batall\u00f3n \u00abBrig. Gral. Juan A. Lavalleja\u00bb de Infanter\u00eda N\u00b011 y y del Grupo \u00abCruzada Libertadora de 1825\u201d de Artiller\u00eda 105 mm N\u00b04 trabajan para combatir el fuego, realizando tareas de enfriamiento.<\/p>\n\n\n\n<div style=\"height:33px\" aria-hidden=\"true\" class=\"wp-block-spacer\"><\/div>\n\n\n\n<div class=\"wp-block-columns is-layout-flex wp-container-core-columns-is-layout-28f84493 wp-block-columns-is-layout-flex\">\n<div class=\"wp-block-column is-layout-flow wp-block-column-is-layout-flow\">\n<figure class=\"wp-block-image size-large\"><img decoding=\"async\" width=\"1024\" height=\"683\" src=\"https:\/\/www.ejercito.mil.uy\/wp-content\/uploads\/2025\/12\/Incendio-en-Minas-1-1024x683.jpg\" alt=\"\" class=\"wp-image-54312\" srcset=\"https:\/\/www.ejercito.mil.uy\/wp-content\/uploads\/2025\/12\/Incendio-en-Minas-1-1024x683.jpg 1024w, https:\/\/www.ejercito.mil.uy\/wp-content\/uploads\/2025\/12\/Incendio-en-Minas-1-300x200.jpg 300w, https:\/\/www.ejercito.mil.uy\/wp-content\/uploads\/2025\/12\/Incendio-en-Minas-1.jpg 1200w\" sizes=\"(max-width: 1024px) 100vw, 1024px\" \/><\/figure>\n<\/div>\n\n\n\n<div class=\"wp-block-column is-layout-flow wp-block-column-is-layout-flow\">\n<figure class=\"wp-block-image size-large\"><img loading=\"lazy\" decoding=\"async\" width=\"1024\" height=\"683\" src=\"https:\/\/www.ejercito.mil.uy\/wp-content\/uploads\/2025\/12\/Incendio-en-Minas-4-1024x683.jpg\" alt=\"\" class=\"wp-image-54313\" srcset=\"https:\/\/www.ejercito.mil.uy\/wp-content\/uploads\/2025\/12\/Incendio-en-Minas-4-1024x683.jpg 1024w, https:\/\/www.ejercito.mil.uy\/wp-content\/uploads\/2025\/12\/Incendio-en-Minas-4-300x200.jpg 300w, https:\/\/www.ejercito.mil.uy\/wp-content\/uploads\/2025\/12\/Incendio-en-Minas-4.jpg 1200w\" sizes=\"(max-width: 1024px) 100vw, 1024px\" \/><\/figure>\n<\/div>\n<\/div>\n\n\n\n<div style=\"height:33px\" aria-hidden=\"true\" class=\"wp-block-spacer\"><\/div>\n\n\n\n<p class=\"has-black-color has-text-color has-link-color has-medium-font-size wp-elements-829f2b1121af84016502f4d63b031da3\">Nuestros camaradas establecieron un cerco de seguridad, como medida preventiva y de control para reaccionar con inmediatez ante posibles focos \u00edgneos, mientras los helic\u00f3pteros de la Armada Nacional y la Fuerza A\u00e9rea Uruguaya siguen descargando agua en la zona afectada.<\/p>\n\n\n\n<div style=\"height:33px\" aria-hidden=\"true\" class=\"wp-block-spacer\"><\/div>\n\n\n\n<div class=\"wp-block-columns is-layout-flex wp-container-core-columns-is-layout-28f84493 wp-block-columns-is-layout-flex\">\n<div class=\"wp-block-column is-layout-flow wp-block-column-is-layout-flow\">\n<figure class=\"wp-block-image size-large\"><img loading=\"lazy\" decoding=\"async\" width=\"1024\" height=\"683\" src=\"https:\/\/www.ejercito.mil.uy\/wp-content\/uploads\/2025\/12\/Incendio-en-Minas-2-1024x683.jpg\" alt=\"\" class=\"wp-image-54314\" srcset=\"https:\/\/www.ejercito.mil.uy\/wp-content\/uploads\/2025\/12\/Incendio-en-Minas-2-1024x683.jpg 1024w, https:\/\/www.ejercito.mil.uy\/wp-content\/uploads\/2025\/12\/Incendio-en-Minas-2-300x200.jpg 300w, https:\/\/www.ejercito.mil.uy\/wp-content\/uploads\/2025\/12\/Incendio-en-Minas-2.jpg 1200w\" sizes=\"(max-width: 1024px) 100vw, 1024px\" \/><\/figure>\n<\/div>\n\n\n\n<div class=\"wp-block-column is-layout-flow wp-block-column-is-layout-flow\">\n<figure class=\"wp-block-image size-large\"><img loading=\"lazy\" decoding=\"async\" width=\"1024\" height=\"683\" src=\"https:\/\/www.ejercito.mil.uy\/wp-content\/uploads\/2025\/12\/Incendio-en-Minas-3-1024x683.jpg\" alt=\"\" class=\"wp-image-54315\" srcset=\"https:\/\/www.ejercito.mil.uy\/wp-content\/uploads\/2025\/12\/Incendio-en-Minas-3-1024x683.jpg 1024w, https:\/\/www.ejercito.mil.uy\/wp-content\/uploads\/2025\/12\/Incendio-en-Minas-3-300x200.jpg 300w, https:\/\/www.ejercito.mil.uy\/wp-content\/uploads\/2025\/12\/Incendio-en-Minas-3.jpg 1200w\" sizes=\"(max-width: 1024px) 100vw, 1024px\" \/><\/figure>\n<\/div>\n<\/div>\n\n\n\n<div style=\"height:33px\" aria-hidden=\"true\" class=\"wp-block-spacer\"><\/div>\n\n\n\n<div class=\"wp-block-columns is-layout-flex wp-container-core-columns-is-layout-28f84493 wp-block-columns-is-layout-flex\">\n<div class=\"wp-block-column is-layout-flow wp-block-column-is-layout-flow\">\n<figure class=\"wp-block-image size-large\"><img loading=\"lazy\" decoding=\"async\" width=\"1024\" height=\"683\" src=\"https:\/\/www.ejercito.mil.uy\/wp-content\/uploads\/2025\/12\/Incendio-en-Minas-5-1024x683.jpg\" alt=\"\" class=\"wp-image-54316\" srcset=\"https:\/\/www.ejercito.mil.uy\/wp-content\/uploads\/2025\/12\/Incendio-en-Minas-5-1024x683.jpg 1024w, https:\/\/www.ejercito.mil.uy\/wp-content\/uploads\/2025\/12\/Incendio-en-Minas-5-300x200.jpg 300w, https:\/\/www.ejercito.mil.uy\/wp-content\/uploads\/2025\/12\/Incendio-en-Minas-5.jpg 1200w\" sizes=\"(max-width: 1024px) 100vw, 1024px\" \/><\/figure>\n<\/div>\n\n\n\n<div class=\"wp-block-column is-layout-flow wp-block-column-is-layout-flow\">\n<figure class=\"wp-block-image size-large\"><img loading=\"lazy\" decoding=\"async\" width=\"1024\" height=\"683\" src=\"https:\/\/www.ejercito.mil.uy\/wp-content\/uploads\/2025\/12\/Incendio-en-Minas-6-1024x683.jpg\" alt=\"\" class=\"wp-image-54317\" srcset=\"https:\/\/www.ejercito.mil.uy\/wp-content\/uploads\/2025\/12\/Incendio-en-Minas-6-1024x683.jpg 1024w, https:\/\/www.ejercito.mil.uy\/wp-content\/uploads\/2025\/12\/Incendio-en-Minas-6-300x200.jpg 300w, https:\/\/www.ejercito.mil.uy\/wp-content\/uploads\/2025\/12\/Incendio-en-Minas-6.jpg 1200w\" sizes=\"(max-width: 1024px) 100vw, 1024px\" \/><\/figure>\n<\/div>\n<\/div>\n\n\n\n<div style=\"height:33px\" aria-hidden=\"true\" class=\"wp-block-spacer\"><\/div>\n\n\n\n<hr class=\"wp-block-separator has-text-color has-black-color has-alpha-channel-opacity has-black-background-color has-background\" style=\"margin-top:var(--wp--preset--spacing--20);margin-bottom:var(--wp--preset--spacing--20)\"\/>\n\n\n\n<p class=\"has-black-color has-text-color has-link-color has-small-font-size wp-elements-1297213d01e70b3506504220ad7b5e92\">28.12.2025<\/p>\n\n\n\n<div style=\"height:33px\" aria-hidden=\"true\" class=\"wp-block-spacer\"><\/div>\n\n\n\n<p class=\"has-black-color has-text-color has-link-color has-medium-font-size wp-elements-4a3bdacd449dec80d625dd8e19fed19b\">Desde el domingo 28 de diciembre efectivos del Ej\u00e9rcito Nacional contin\u00faan apoyando al Destacamento de Bomberos, en la extinci\u00f3n de un incendio en la ciudad de Minas.<\/p>\n\n\n\n<div style=\"height:33px\" aria-hidden=\"true\" class=\"wp-block-spacer\"><\/div>\n\n\n\n<p class=\"has-black-color has-text-color has-link-color has-medium-font-size wp-elements-7d43d9052f62799394b76762461d3602\"><a><\/a>El incendio comenz\u00f3 en horas de la noche del pasado viernes en el Cerro \u00abLa Coronilla\u00bb y se extendi\u00f3 hacia el Noreste hacia el Cerro del Verd\u00fan. Ya se han quemado m\u00e1s de 200 hect\u00e1reas de campo.<\/p>\n\n\n\n<div style=\"height:33px\" aria-hidden=\"true\" class=\"wp-block-spacer\"><\/div>\n\n\n\n<p class=\"has-black-color has-text-color has-link-color has-medium-font-size wp-elements-97407e6bccc34f44e6868572a48f332a\">Actualmente, personal militar del Batall\u00f3n \u00abBrig Gral J A Lavalleja\u00bb de Infanter\u00eda N\u00ba 11 y del Grupo \u201cCruzada Libertadora de 1825\u201d de Artiller\u00eda 105 mm N\u00b0 4 trabajan para seguir combatiendo el fuego. Se trata de evitar da\u00f1os materiales a edificaciones y viviendas.<\/p>\n\n\n\n<div style=\"height:33px\" aria-hidden=\"true\" class=\"wp-block-spacer\"><\/div>\n\n\n\n<div aria-label=\"Carousel Gallery\" class=\"wp-block-coblocks-gallery-carousel alignfull\"><div class=\"coblocks-gallery-carousel-swiper-container is-cropped coblocks-gallery has-caption-style-dark has-horizontal-gutter has-no-thumbnails\"><div class=\"has-carousel has-carousel-xlrg swiper-container has-aligned-cells has-responsive-height\" data-swiper=\"{&quot;alignCells&quot;:true,&quot;autoPlay&quot;:false,&quot;autoPlaySpeed&quot;:3000,&quot;draggable&quot;:true,&quot;freeMode&quot;:false,&quot;loop&quot;:true,&quot;navigation&quot;:true,&quot;pageDots&quot;:false,&quot;pauseHover&quot;:true,&quot;responsiveHeight&quot;:true,&quot;slidesPerView&quot;:1,&quot;thumbnails&quot;:false,&quot;uuid&quot;:&quot;12345&quot;}\" style=\"height:400px\"><div class=\"swiper-wrapper\"><div class=\"swiper-slide\"><div class=\"coblocks-gallery--item\" role=\"button\" tabindex=\"0\"><figure class=\"coblocks-gallery--figure has-margin-left-5 has-margin-left-mobile-5 has-margin-right-5 has-margin-right-mobile-5\"><img loading=\"lazy\" decoding=\"async\" width=\"1024\" height=\"683\" alt=\"\" class=\"wp-image-54296\" data-id=\"54296\" data-link=\"https:\/\/www.ejercito.mil.uy\/?attachment_id=54296\" src=\"https:\/\/www.ejercito.mil.uy\/wp-content\/uploads\/2025\/12\/WhatsApp-Image-2025-12-29-at-08.21.55-2-1024x683.jpeg\" srcset=\"https:\/\/www.ejercito.mil.uy\/wp-content\/uploads\/2025\/12\/WhatsApp-Image-2025-12-29-at-08.21.55-2-1024x683.jpeg 1024w, https:\/\/www.ejercito.mil.uy\/wp-content\/uploads\/2025\/12\/WhatsApp-Image-2025-12-29-at-08.21.55-2-300x200.jpeg 300w, https:\/\/www.ejercito.mil.uy\/wp-content\/uploads\/2025\/12\/WhatsApp-Image-2025-12-29-at-08.21.55-2.jpeg 1200w\" sizes=\"(max-width: 1024px) 100vw, 1024px\" \/><\/figure><figcaption class=\"coblocks-gallery--caption coblocks-gallery--primary-caption\"><\/figcaption><\/div><\/div><div class=\"swiper-slide\"><div class=\"coblocks-gallery--item\" role=\"button\" tabindex=\"1\"><figure class=\"coblocks-gallery--figure has-margin-left-5 has-margin-left-mobile-5 has-margin-right-5 has-margin-right-mobile-5\"><img loading=\"lazy\" decoding=\"async\" width=\"1024\" height=\"683\" alt=\"\" class=\"wp-image-54295\" data-id=\"54295\" data-link=\"https:\/\/www.ejercito.mil.uy\/?attachment_id=54295\" src=\"https:\/\/www.ejercito.mil.uy\/wp-content\/uploads\/2025\/12\/WhatsApp-Image-2025-12-29-at-08.21.55-3-1024x683.jpeg\" srcset=\"https:\/\/www.ejercito.mil.uy\/wp-content\/uploads\/2025\/12\/WhatsApp-Image-2025-12-29-at-08.21.55-3-1024x683.jpeg 1024w, https:\/\/www.ejercito.mil.uy\/wp-content\/uploads\/2025\/12\/WhatsApp-Image-2025-12-29-at-08.21.55-3-300x200.jpeg 300w, https:\/\/www.ejercito.mil.uy\/wp-content\/uploads\/2025\/12\/WhatsApp-Image-2025-12-29-at-08.21.55-3.jpeg 1200w\" sizes=\"(max-width: 1024px) 100vw, 1024px\" \/><\/figure><figcaption class=\"coblocks-gallery--caption coblocks-gallery--primary-caption\"><\/figcaption><\/div><\/div><div class=\"swiper-slide\"><div class=\"coblocks-gallery--item\" role=\"button\" tabindex=\"2\"><figure class=\"coblocks-gallery--figure has-margin-left-5 has-margin-left-mobile-5 has-margin-right-5 has-margin-right-mobile-5\"><img loading=\"lazy\" decoding=\"async\" width=\"1024\" height=\"683\" alt=\"\" class=\"wp-image-54291\" data-id=\"54291\" data-link=\"https:\/\/www.ejercito.mil.uy\/?attachment_id=54291\" src=\"https:\/\/www.ejercito.mil.uy\/wp-content\/uploads\/2025\/12\/WhatsApp-Image-2025-12-29-at-08.22.08-2-1024x683.jpeg\" srcset=\"https:\/\/www.ejercito.mil.uy\/wp-content\/uploads\/2025\/12\/WhatsApp-Image-2025-12-29-at-08.22.08-2-1024x683.jpeg 1024w, https:\/\/www.ejercito.mil.uy\/wp-content\/uploads\/2025\/12\/WhatsApp-Image-2025-12-29-at-08.22.08-2-300x200.jpeg 300w, https:\/\/www.ejercito.mil.uy\/wp-content\/uploads\/2025\/12\/WhatsApp-Image-2025-12-29-at-08.22.08-2.jpeg 1200w\" sizes=\"(max-width: 1024px) 100vw, 1024px\" \/><\/figure><figcaption class=\"coblocks-gallery--caption coblocks-gallery--primary-caption\"><\/figcaption><\/div><\/div><div class=\"swiper-slide\"><div class=\"coblocks-gallery--item\" role=\"button\" tabindex=\"3\"><figure class=\"coblocks-gallery--figure has-margin-left-5 has-margin-left-mobile-5 has-margin-right-5 has-margin-right-mobile-5\"><img loading=\"lazy\" decoding=\"async\" width=\"1024\" height=\"683\" alt=\"\" class=\"wp-image-54289\" data-id=\"54289\" data-link=\"https:\/\/www.ejercito.mil.uy\/?attachment_id=54289\" src=\"https:\/\/www.ejercito.mil.uy\/wp-content\/uploads\/2025\/12\/WhatsApp-Image-2025-12-29-at-08.22.16-1024x683.jpeg\" srcset=\"https:\/\/www.ejercito.mil.uy\/wp-content\/uploads\/2025\/12\/WhatsApp-Image-2025-12-29-at-08.22.16-1024x683.jpeg 1024w, https:\/\/www.ejercito.mil.uy\/wp-content\/uploads\/2025\/12\/WhatsApp-Image-2025-12-29-at-08.22.16-300x200.jpeg 300w, https:\/\/www.ejercito.mil.uy\/wp-content\/uploads\/2025\/12\/WhatsApp-Image-2025-12-29-at-08.22.16.jpeg 1200w\" sizes=\"(max-width: 1024px) 100vw, 1024px\" \/><\/figure><figcaption class=\"coblocks-gallery--caption coblocks-gallery--primary-caption\"><\/figcaption><\/div><\/div><div class=\"swiper-slide\"><div class=\"coblocks-gallery--item\" role=\"button\" tabindex=\"4\"><figure class=\"coblocks-gallery--figure has-margin-left-5 has-margin-left-mobile-5 has-margin-right-5 has-margin-right-mobile-5\"><img loading=\"lazy\" decoding=\"async\" width=\"1024\" height=\"683\" alt=\"\" class=\"wp-image-54292\" data-id=\"54292\" data-link=\"https:\/\/www.ejercito.mil.uy\/?attachment_id=54292\" src=\"https:\/\/www.ejercito.mil.uy\/wp-content\/uploads\/2025\/12\/WhatsApp-Image-2025-12-29-at-08.22.08-1-1024x683.jpeg\" srcset=\"https:\/\/www.ejercito.mil.uy\/wp-content\/uploads\/2025\/12\/WhatsApp-Image-2025-12-29-at-08.22.08-1-1024x683.jpeg 1024w, https:\/\/www.ejercito.mil.uy\/wp-content\/uploads\/2025\/12\/WhatsApp-Image-2025-12-29-at-08.22.08-1-300x200.jpeg 300w, https:\/\/www.ejercito.mil.uy\/wp-content\/uploads\/2025\/12\/WhatsApp-Image-2025-12-29-at-08.22.08-1.jpeg 1200w\" sizes=\"(max-width: 1024px) 100vw, 1024px\" \/><\/figure><figcaption class=\"coblocks-gallery--caption coblocks-gallery--primary-caption\"><\/figcaption><\/div><\/div><div class=\"swiper-slide\"><div class=\"coblocks-gallery--item\" role=\"button\" tabindex=\"5\"><figure class=\"coblocks-gallery--figure has-margin-left-5 has-margin-left-mobile-5 has-margin-right-5 has-margin-right-mobile-5\"><img loading=\"lazy\" decoding=\"async\" width=\"1024\" height=\"683\" alt=\"\" class=\"wp-image-54290\" data-id=\"54290\" data-link=\"https:\/\/www.ejercito.mil.uy\/?attachment_id=54290\" src=\"https:\/\/www.ejercito.mil.uy\/wp-content\/uploads\/2025\/12\/WhatsApp-Image-2025-12-29-at-08.22.09-1024x683.jpeg\" srcset=\"https:\/\/www.ejercito.mil.uy\/wp-content\/uploads\/2025\/12\/WhatsApp-Image-2025-12-29-at-08.22.09-1024x683.jpeg 1024w, https:\/\/www.ejercito.mil.uy\/wp-content\/uploads\/2025\/12\/WhatsApp-Image-2025-12-29-at-08.22.09-300x200.jpeg 300w, https:\/\/www.ejercito.mil.uy\/wp-content\/uploads\/2025\/12\/WhatsApp-Image-2025-12-29-at-08.22.09.jpeg 1200w\" sizes=\"(max-width: 1024px) 100vw, 1024px\" \/><\/figure><figcaption class=\"coblocks-gallery--caption coblocks-gallery--primary-caption\"><\/figcaption><\/div><\/div><div class=\"swiper-slide\"><div class=\"coblocks-gallery--item\" role=\"button\" tabindex=\"6\"><figure class=\"coblocks-gallery--figure has-margin-left-5 has-margin-left-mobile-5 has-margin-right-5 has-margin-right-mobile-5\"><img loading=\"lazy\" decoding=\"async\" width=\"1024\" height=\"683\" alt=\"\" class=\"wp-image-54293\" data-id=\"54293\" data-link=\"https:\/\/www.ejercito.mil.uy\/?attachment_id=54293\" src=\"https:\/\/www.ejercito.mil.uy\/wp-content\/uploads\/2025\/12\/WhatsApp-Image-2025-12-29-at-08.22.08-1024x683.jpeg\" srcset=\"https:\/\/www.ejercito.mil.uy\/wp-content\/uploads\/2025\/12\/WhatsApp-Image-2025-12-29-at-08.22.08-1024x683.jpeg 1024w, https:\/\/www.ejercito.mil.uy\/wp-content\/uploads\/2025\/12\/WhatsApp-Image-2025-12-29-at-08.22.08-300x200.jpeg 300w, https:\/\/www.ejercito.mil.uy\/wp-content\/uploads\/2025\/12\/WhatsApp-Image-2025-12-29-at-08.22.08.jpeg 1200w\" sizes=\"(max-width: 1024px) 100vw, 1024px\" \/><\/figure><figcaption class=\"coblocks-gallery--caption coblocks-gallery--primary-caption\"><\/figcaption><\/div><\/div><div class=\"swiper-slide\"><div class=\"coblocks-gallery--item\" role=\"button\" tabindex=\"7\"><figure class=\"coblocks-gallery--figure has-margin-left-5 has-margin-left-mobile-5 has-margin-right-5 has-margin-right-mobile-5\"><img loading=\"lazy\" decoding=\"async\" width=\"1024\" height=\"683\" alt=\"\" class=\"wp-image-54294\" data-id=\"54294\" data-link=\"https:\/\/www.ejercito.mil.uy\/?attachment_id=54294\" src=\"https:\/\/www.ejercito.mil.uy\/wp-content\/uploads\/2025\/12\/WhatsApp-Image-2025-12-29-at-08.21.56-1024x683.jpeg\" srcset=\"https:\/\/www.ejercito.mil.uy\/wp-content\/uploads\/2025\/12\/WhatsApp-Image-2025-12-29-at-08.21.56-1024x683.jpeg 1024w, https:\/\/www.ejercito.mil.uy\/wp-content\/uploads\/2025\/12\/WhatsApp-Image-2025-12-29-at-08.21.56-300x200.jpeg 300w, https:\/\/www.ejercito.mil.uy\/wp-content\/uploads\/2025\/12\/WhatsApp-Image-2025-12-29-at-08.21.56.jpeg 1200w\" sizes=\"(max-width: 1024px) 100vw, 1024px\" \/><\/figure><figcaption class=\"coblocks-gallery--caption coblocks-gallery--primary-caption\"><\/figcaption><\/div><\/div><div class=\"swiper-slide\"><div class=\"coblocks-gallery--item\" role=\"button\" tabindex=\"8\"><figure class=\"coblocks-gallery--figure has-margin-left-5 has-margin-left-mobile-5 has-margin-right-5 has-margin-right-mobile-5\"><img loading=\"lazy\" decoding=\"async\" width=\"1024\" height=\"683\" alt=\"\" class=\"wp-image-54297\" data-id=\"54297\" data-link=\"https:\/\/www.ejercito.mil.uy\/?attachment_id=54297\" src=\"https:\/\/www.ejercito.mil.uy\/wp-content\/uploads\/2025\/12\/WhatsApp-Image-2025-12-29-at-08.21.55-1-1024x683.jpeg\" srcset=\"https:\/\/www.ejercito.mil.uy\/wp-content\/uploads\/2025\/12\/WhatsApp-Image-2025-12-29-at-08.21.55-1-1024x683.jpeg 1024w, https:\/\/www.ejercito.mil.uy\/wp-content\/uploads\/2025\/12\/WhatsApp-Image-2025-12-29-at-08.21.55-1-300x200.jpeg 300w, https:\/\/www.ejercito.mil.uy\/wp-content\/uploads\/2025\/12\/WhatsApp-Image-2025-12-29-at-08.21.55-1.jpeg 1200w\" sizes=\"(max-width: 1024px) 100vw, 1024px\" \/><\/figure><figcaption class=\"coblocks-gallery--caption coblocks-gallery--primary-caption\"><\/figcaption><\/div><\/div><div class=\"swiper-slide\"><div class=\"coblocks-gallery--item\" role=\"button\" tabindex=\"9\"><figure class=\"coblocks-gallery--figure has-margin-left-5 has-margin-left-mobile-5 has-margin-right-5 has-margin-right-mobile-5\"><img loading=\"lazy\" decoding=\"async\" width=\"1024\" height=\"683\" alt=\"\" class=\"wp-image-54298\" data-id=\"54298\" data-link=\"https:\/\/www.ejercito.mil.uy\/?attachment_id=54298\" src=\"https:\/\/www.ejercito.mil.uy\/wp-content\/uploads\/2025\/12\/WhatsApp-Image-2025-12-29-at-08.21.55-1024x683.jpeg\" srcset=\"https:\/\/www.ejercito.mil.uy\/wp-content\/uploads\/2025\/12\/WhatsApp-Image-2025-12-29-at-08.21.55-1024x683.jpeg 1024w, https:\/\/www.ejercito.mil.uy\/wp-content\/uploads\/2025\/12\/WhatsApp-Image-2025-12-29-at-08.21.55-300x200.jpeg 300w, https:\/\/www.ejercito.mil.uy\/wp-content\/uploads\/2025\/12\/WhatsApp-Image-2025-12-29-at-08.21.55.jpeg 1200w\" sizes=\"(max-width: 1024px) 100vw, 1024px\" \/><\/figure><figcaption class=\"coblocks-gallery--caption coblocks-gallery--primary-caption\"><\/figcaption><\/div><\/div><div class=\"swiper-slide\"><div class=\"coblocks-gallery--item\" role=\"button\" tabindex=\"10\"><figure class=\"coblocks-gallery--figure has-margin-left-5 has-margin-left-mobile-5 has-margin-right-5 has-margin-right-mobile-5\"><img loading=\"lazy\" decoding=\"async\" width=\"1024\" height=\"683\" alt=\"\" class=\"wp-image-54299\" data-id=\"54299\" data-link=\"https:\/\/www.ejercito.mil.uy\/?attachment_id=54299\" src=\"https:\/\/www.ejercito.mil.uy\/wp-content\/uploads\/2025\/12\/WhatsApp-Image-2025-12-29-at-08.21.54-1-1024x683.jpeg\" srcset=\"https:\/\/www.ejercito.mil.uy\/wp-content\/uploads\/2025\/12\/WhatsApp-Image-2025-12-29-at-08.21.54-1-1024x683.jpeg 1024w, https:\/\/www.ejercito.mil.uy\/wp-content\/uploads\/2025\/12\/WhatsApp-Image-2025-12-29-at-08.21.54-1-300x200.jpeg 300w, https:\/\/www.ejercito.mil.uy\/wp-content\/uploads\/2025\/12\/WhatsApp-Image-2025-12-29-at-08.21.54-1.jpeg 1200w\" sizes=\"(max-width: 1024px) 100vw, 1024px\" \/><\/figure><figcaption class=\"coblocks-gallery--caption coblocks-gallery--primary-caption\"><\/figcaption><\/div><\/div><div class=\"swiper-slide\"><div class=\"coblocks-gallery--item\" role=\"button\" tabindex=\"11\"><figure class=\"coblocks-gallery--figure has-margin-left-5 has-margin-left-mobile-5 has-margin-right-5 has-margin-right-mobile-5\"><img loading=\"lazy\" decoding=\"async\" width=\"1024\" height=\"683\" alt=\"\" class=\"wp-image-54300\" data-id=\"54300\" data-link=\"https:\/\/www.ejercito.mil.uy\/?attachment_id=54300\" src=\"https:\/\/www.ejercito.mil.uy\/wp-content\/uploads\/2025\/12\/WhatsApp-Image-2025-12-29-at-08.21.54-2-1024x683.jpeg\" srcset=\"https:\/\/www.ejercito.mil.uy\/wp-content\/uploads\/2025\/12\/WhatsApp-Image-2025-12-29-at-08.21.54-2-1024x683.jpeg 1024w, https:\/\/www.ejercito.mil.uy\/wp-content\/uploads\/2025\/12\/WhatsApp-Image-2025-12-29-at-08.21.54-2-300x200.jpeg 300w, https:\/\/www.ejercito.mil.uy\/wp-content\/uploads\/2025\/12\/WhatsApp-Image-2025-12-29-at-08.21.54-2.jpeg 1200w\" sizes=\"(max-width: 1024px) 100vw, 1024px\" \/><\/figure><figcaption class=\"coblocks-gallery--caption coblocks-gallery--primary-caption\"><\/figcaption><\/div><\/div><\/div><button class=\"nav-button__prev\" id=\"12345-prev\"><svg class=\"icon\" style=\"transform:rotate(180deg)\"><\/svg><\/button><button class=\"nav-button__next\" id=\"12345-next\"><svg class=\"icon\"><\/svg><\/button><\/div><\/div><\/div>\n\n\n\n<div style=\"height:44px\" aria-hidden=\"true\" class=\"wp-block-spacer\"><\/div>\n\n\n\n<hr class=\"wp-block-separator has-text-color has-black-color has-alpha-channel-opacity has-black-background-color has-background\" style=\"margin-top:var(--wp--preset--spacing--20);margin-bottom:var(--wp--preset--spacing--20)\"\/>\n\n\n\n<p class=\"has-black-color has-text-color has-link-color has-small-font-size wp-elements-56c8707d84d877fe3a075c5241fc5ad3\">26.12.2025<\/p>\n\n\n\n<div style=\"height:33px\" aria-hidden=\"true\" class=\"wp-block-spacer\"><\/div>\n\n\n\n<p class=\"has-black-color has-text-color has-link-color has-medium-font-size wp-elements-55a6c67312e8ac3eecc8aef881706515\">En horas de la noche del viernes 26 de diciembre, se activ\u00f3 la Secci\u00f3n de Apoyo a Emergencias del Grupo \u00abCruzada Libertadora de 1825\u00bb de Artiller\u00eda 105 mm N\u00b04, para apoyar al Destacamento de Bomberos, en la extinci\u00f3n de un incendio que se propag\u00f3 en el Cerro \u201cLa Coronilla\u201d, en la ciudad de Minas.<\/p>\n\n\n\n<div style=\"height:33px\" aria-hidden=\"true\" class=\"wp-block-spacer\"><\/div>\n\n\n\n<p class=\"has-black-color has-text-color has-link-color has-medium-font-size wp-elements-7c5eea8767161a0ff878afe8e6520153\">El personal militar trabaj\u00f3 hasta horas de la madrugada en la zona afectada y regresaron al amanecer para seguir combatiendo el incendio.<\/p>\n\n\n\n<div style=\"height:33px\" aria-hidden=\"true\" class=\"wp-block-spacer\"><\/div>\n\n\n\n<p class=\"has-black-color has-text-color has-link-color has-medium-font-size wp-elements-f6532c5e66ac50662ea63249affe8bc4\">Actualmente, alrededor de 30 efectivos realizan tareas de enfriamiento y barreras cortafuego<\/p>\n\n\n\n<div style=\"height:33px\" aria-hidden=\"true\" class=\"wp-block-spacer\"><\/div>\n\n\n\n<div aria-label=\"Carousel Gallery\" class=\"wp-block-coblocks-gallery-carousel alignfull\"><div class=\"coblocks-gallery-carousel-swiper-container is-cropped coblocks-gallery has-caption-style-dark has-horizontal-gutter has-no-thumbnails\"><div class=\"has-carousel has-carousel-xlrg swiper-container has-aligned-cells has-responsive-height\" data-swiper=\"{&quot;alignCells&quot;:true,&quot;autoPlay&quot;:false,&quot;autoPlaySpeed&quot;:3000,&quot;draggable&quot;:true,&quot;freeMode&quot;:false,&quot;loop&quot;:true,&quot;navigation&quot;:true,&quot;pageDots&quot;:false,&quot;pauseHover&quot;:true,&quot;responsiveHeight&quot;:true,&quot;slidesPerView&quot;:1,&quot;thumbnails&quot;:false,&quot;uuid&quot;:&quot;12345&quot;}\" style=\"height:400px\"><div class=\"swiper-wrapper\"><div class=\"swiper-slide\"><div class=\"coblocks-gallery--item\" role=\"button\" tabindex=\"0\"><figure class=\"coblocks-gallery--figure has-margin-left-5 has-margin-left-mobile-5 has-margin-right-5 has-margin-right-mobile-5\"><img loading=\"lazy\" decoding=\"async\" width=\"1024\" height=\"683\" alt=\"\" class=\"wp-image-54287\" data-id=\"54287\" data-link=\"https:\/\/www.ejercito.mil.uy\/?attachment_id=54287\" src=\"https:\/\/www.ejercito.mil.uy\/wp-content\/uploads\/2025\/12\/WhatsApp-Image-2025-12-29-at-08.19.39-1-1024x683.jpeg\" srcset=\"https:\/\/www.ejercito.mil.uy\/wp-content\/uploads\/2025\/12\/WhatsApp-Image-2025-12-29-at-08.19.39-1-1024x683.jpeg 1024w, https:\/\/www.ejercito.mil.uy\/wp-content\/uploads\/2025\/12\/WhatsApp-Image-2025-12-29-at-08.19.39-1-300x200.jpeg 300w, https:\/\/www.ejercito.mil.uy\/wp-content\/uploads\/2025\/12\/WhatsApp-Image-2025-12-29-at-08.19.39-1.jpeg 1200w\" sizes=\"(max-width: 1024px) 100vw, 1024px\" \/><\/figure><figcaption class=\"coblocks-gallery--caption coblocks-gallery--primary-caption\"><\/figcaption><\/div><\/div><div class=\"swiper-slide\"><div class=\"coblocks-gallery--item\" role=\"button\" tabindex=\"1\"><figure class=\"coblocks-gallery--figure has-margin-left-5 has-margin-left-mobile-5 has-margin-right-5 has-margin-right-mobile-5\"><img loading=\"lazy\" decoding=\"async\" width=\"1024\" height=\"683\" alt=\"\" class=\"wp-image-54285\" data-id=\"54285\" data-link=\"https:\/\/www.ejercito.mil.uy\/?attachment_id=54285\" src=\"https:\/\/www.ejercito.mil.uy\/wp-content\/uploads\/2025\/12\/WhatsApp-Image-2025-12-29-at-08.19.40-1024x683.jpeg\" srcset=\"https:\/\/www.ejercito.mil.uy\/wp-content\/uploads\/2025\/12\/WhatsApp-Image-2025-12-29-at-08.19.40-1024x683.jpeg 1024w, https:\/\/www.ejercito.mil.uy\/wp-content\/uploads\/2025\/12\/WhatsApp-Image-2025-12-29-at-08.19.40-300x200.jpeg 300w, https:\/\/www.ejercito.mil.uy\/wp-content\/uploads\/2025\/12\/WhatsApp-Image-2025-12-29-at-08.19.40.jpeg 1200w\" sizes=\"(max-width: 1024px) 100vw, 1024px\" \/><\/figure><figcaption class=\"coblocks-gallery--caption coblocks-gallery--primary-caption\"><\/figcaption><\/div><\/div><div class=\"swiper-slide\"><div class=\"coblocks-gallery--item\" role=\"button\" tabindex=\"2\"><figure class=\"coblocks-gallery--figure has-margin-left-5 has-margin-left-mobile-5 has-margin-right-5 has-margin-right-mobile-5\"><img loading=\"lazy\" decoding=\"async\" width=\"1024\" height=\"683\" alt=\"\" class=\"wp-image-54286\" data-id=\"54286\" data-link=\"https:\/\/www.ejercito.mil.uy\/?attachment_id=54286\" src=\"https:\/\/www.ejercito.mil.uy\/wp-content\/uploads\/2025\/12\/WhatsApp-Image-2025-12-29-at-08.19.39-2-1024x683.jpeg\" srcset=\"https:\/\/www.ejercito.mil.uy\/wp-content\/uploads\/2025\/12\/WhatsApp-Image-2025-12-29-at-08.19.39-2-1024x683.jpeg 1024w, https:\/\/www.ejercito.mil.uy\/wp-content\/uploads\/2025\/12\/WhatsApp-Image-2025-12-29-at-08.19.39-2-300x200.jpeg 300w, https:\/\/www.ejercito.mil.uy\/wp-content\/uploads\/2025\/12\/WhatsApp-Image-2025-12-29-at-08.19.39-2.jpeg 1200w\" sizes=\"(max-width: 1024px) 100vw, 1024px\" \/><\/figure><figcaption class=\"coblocks-gallery--caption coblocks-gallery--primary-caption\"><\/figcaption><\/div><\/div><div class=\"swiper-slide\"><div class=\"coblocks-gallery--item\" role=\"button\" tabindex=\"3\"><figure class=\"coblocks-gallery--figure has-margin-left-5 has-margin-left-mobile-5 has-margin-right-5 has-margin-right-mobile-5\"><img loading=\"lazy\" decoding=\"async\" width=\"1024\" height=\"683\" alt=\"\" class=\"wp-image-54281\" data-id=\"54281\" data-link=\"https:\/\/www.ejercito.mil.uy\/?attachment_id=54281\" src=\"https:\/\/www.ejercito.mil.uy\/wp-content\/uploads\/2025\/12\/WhatsApp-Image-2025-12-29-at-08.19.41-1-1024x683.jpeg\" srcset=\"https:\/\/www.ejercito.mil.uy\/wp-content\/uploads\/2025\/12\/WhatsApp-Image-2025-12-29-at-08.19.41-1-1024x683.jpeg 1024w, https:\/\/www.ejercito.mil.uy\/wp-content\/uploads\/2025\/12\/WhatsApp-Image-2025-12-29-at-08.19.41-1-300x200.jpeg 300w, https:\/\/www.ejercito.mil.uy\/wp-content\/uploads\/2025\/12\/WhatsApp-Image-2025-12-29-at-08.19.41-1.jpeg 1200w\" sizes=\"(max-width: 1024px) 100vw, 1024px\" \/><\/figure><figcaption class=\"coblocks-gallery--caption coblocks-gallery--primary-caption\"><\/figcaption><\/div><\/div><div class=\"swiper-slide\"><div class=\"coblocks-gallery--item\" role=\"button\" tabindex=\"4\"><figure class=\"coblocks-gallery--figure has-margin-left-5 has-margin-left-mobile-5 has-margin-right-5 has-margin-right-mobile-5\"><img loading=\"lazy\" decoding=\"async\" width=\"1024\" height=\"683\" alt=\"\" class=\"wp-image-54282\" data-id=\"54282\" data-link=\"https:\/\/www.ejercito.mil.uy\/?attachment_id=54282\" src=\"https:\/\/www.ejercito.mil.uy\/wp-content\/uploads\/2025\/12\/WhatsApp-Image-2025-12-29-at-08.19.41-1024x683.jpeg\" srcset=\"https:\/\/www.ejercito.mil.uy\/wp-content\/uploads\/2025\/12\/WhatsApp-Image-2025-12-29-at-08.19.41-1024x683.jpeg 1024w, https:\/\/www.ejercito.mil.uy\/wp-content\/uploads\/2025\/12\/WhatsApp-Image-2025-12-29-at-08.19.41-300x200.jpeg 300w, https:\/\/www.ejercito.mil.uy\/wp-content\/uploads\/2025\/12\/WhatsApp-Image-2025-12-29-at-08.19.41.jpeg 1200w\" sizes=\"(max-width: 1024px) 100vw, 1024px\" \/><\/figure><figcaption class=\"coblocks-gallery--caption coblocks-gallery--primary-caption\"><\/figcaption><\/div><\/div><div class=\"swiper-slide\"><div class=\"coblocks-gallery--item\" role=\"button\" tabindex=\"5\"><figure class=\"coblocks-gallery--figure has-margin-left-5 has-margin-left-mobile-5 has-margin-right-5 has-margin-right-mobile-5\"><img loading=\"lazy\" decoding=\"async\" width=\"1024\" height=\"683\" alt=\"\" class=\"wp-image-54283\" data-id=\"54283\" data-link=\"https:\/\/www.ejercito.mil.uy\/?attachment_id=54283\" src=\"https:\/\/www.ejercito.mil.uy\/wp-content\/uploads\/2025\/12\/WhatsApp-Image-2025-12-29-at-08.19.40-2-1024x683.jpeg\" srcset=\"https:\/\/www.ejercito.mil.uy\/wp-content\/uploads\/2025\/12\/WhatsApp-Image-2025-12-29-at-08.19.40-2-1024x683.jpeg 1024w, https:\/\/www.ejercito.mil.uy\/wp-content\/uploads\/2025\/12\/WhatsApp-Image-2025-12-29-at-08.19.40-2-300x200.jpeg 300w, https:\/\/www.ejercito.mil.uy\/wp-content\/uploads\/2025\/12\/WhatsApp-Image-2025-12-29-at-08.19.40-2.jpeg 1200w\" sizes=\"(max-width: 1024px) 100vw, 1024px\" \/><\/figure><figcaption class=\"coblocks-gallery--caption coblocks-gallery--primary-caption\"><\/figcaption><\/div><\/div><div class=\"swiper-slide\"><div class=\"coblocks-gallery--item\" role=\"button\" tabindex=\"6\"><figure class=\"coblocks-gallery--figure has-margin-left-5 has-margin-left-mobile-5 has-margin-right-5 has-margin-right-mobile-5\"><img loading=\"lazy\" decoding=\"async\" width=\"1024\" height=\"683\" alt=\"\" class=\"wp-image-54284\" data-id=\"54284\" data-link=\"https:\/\/www.ejercito.mil.uy\/?attachment_id=54284\" src=\"https:\/\/www.ejercito.mil.uy\/wp-content\/uploads\/2025\/12\/WhatsApp-Image-2025-12-29-at-08.19.40-1-1024x683.jpeg\" srcset=\"https:\/\/www.ejercito.mil.uy\/wp-content\/uploads\/2025\/12\/WhatsApp-Image-2025-12-29-at-08.19.40-1-1024x683.jpeg 1024w, https:\/\/www.ejercito.mil.uy\/wp-content\/uploads\/2025\/12\/WhatsApp-Image-2025-12-29-at-08.19.40-1-300x200.jpeg 300w, https:\/\/www.ejercito.mil.uy\/wp-content\/uploads\/2025\/12\/WhatsApp-Image-2025-12-29-at-08.19.40-1.jpeg 1200w\" sizes=\"(max-width: 1024px) 100vw, 1024px\" \/><\/figure><figcaption class=\"coblocks-gallery--caption coblocks-gallery--primary-caption\"><\/figcaption><\/div><\/div><\/div><button class=\"nav-button__prev\" id=\"12345-prev\"><svg class=\"icon\" style=\"transform:rotate(180deg)\"><\/svg><\/button><button class=\"nav-button__next\" id=\"12345-next\"><svg class=\"icon\"><\/svg><\/button><\/div><\/div><\/div>\n","protected":false},"excerpt":{"rendered":"<p>29.12.25 &#8211; Actualmente, m\u00e1s de 60 efectivos trabajan para combatir el fuego, realizando tareas de enfriamiento.<\/p>\n","protected":false},"author":4,"featured_media":54301,"comment_status":"open","ping_status":"open","sticky":false,"template":"","format":"standard","meta":{"_coblocks_attr":"","_coblocks_dimensions":"","_coblocks_responsive_height":"","_coblocks_accordion_ie_support":"","_monsterinsights_skip_tracking":false,"_monsterinsights_sitenote_active":false,"_monsterinsights_sitenote_note":"","_monsterinsights_sitenote_category":0,"_uf_show_specific_survey":0,"_uf_disable_surveys":false,"footnotes":""},"categories":[2,10,14],"tags":[27,298,688,696,2171,160,1770,33],"class_list":["post-54279","post","type-post","status-publish","format-standard","has-post-thumbnail","hentry","category-blog","category-destacados","category-noticias","tag-apoyo","tag-bomberos","tag-efectivos","tag-emergencia","tag-helicopteros","tag-incendio","tag-minas","tag-seguridad"],"aioseo_notices":[],"_links":{"self":[{"href":"https:\/\/www.ejercito.mil.uy\/index.php\/wp-json\/wp\/v2\/posts\/54279","targetHints":{"allow":["GET"]}}],"collection":[{"href":"https:\/\/www.ejercito.mil.uy\/index.php\/wp-json\/wp\/v2\/posts"}],"about":[{"href":"https:\/\/www.ejercito.mil.uy\/index.php\/wp-json\/wp\/v2\/types\/post"}],"author":[{"embeddable":true,"href":"https:\/\/www.ejercito.mil.uy\/index.php\/wp-json\/wp\/v2\/users\/4"}],"replies":[{"embeddable":true,"href":"https:\/\/www.ejercito.mil.uy\/index.php\/wp-json\/wp\/v2\/comments?post=54279"}],"version-history":[{"count":9,"href":"https:\/\/www.ejercito.mil.uy\/index.php\/wp-json\/wp\/v2\/posts\/54279\/revisions"}],"predecessor-version":[{"id":54326,"href":"https:\/\/www.ejercito.mil.uy\/index.php\/wp-json\/wp\/v2\/posts\/54279\/revisions\/54326"}],"wp:featuredmedia":[{"embeddable":true,"href":"https:\/\/www.ejercito.mil.uy\/index.php\/wp-json\/wp\/v2\/media\/54301"}],"wp:attachment":[{"href":"https:\/\/www.ejercito.mil.uy\/index.php\/wp-json\/wp\/v2\/media?parent=54279"}],"wp:term":[{"taxonomy":"category","embeddable":true,"href":"https:\/\/www.ejercito.mil.uy\/index.php\/wp-json\/wp\/v2\/categories?post=54279"},{"taxonomy":"post_tag","embeddable":true,"href":"https:\/\/www.ejercito.mil.uy\/index.php\/wp-json\/wp\/v2\/tags?post=54279"}],"curies":[{"name":"wp","href":"https:\/\/api.w.org\/{rel}","templated":true}]}}