{"id":54425,"date":"2026-01-13T08:33:02","date_gmt":"2026-01-13T11:33:02","guid":{"rendered":"https:\/\/www.ejercito.mil.uy\/?p=54425"},"modified":"2026-03-16T09:53:26","modified_gmt":"2026-03-16T12:53:26","slug":"ejercicio-operacional-escudo-kivu","status":"publish","type":"post","link":"https:\/\/www.ejercito.mil.uy\/index.php\/2026\/01\/13\/ejercicio-operacional-escudo-kivu\/","title":{"rendered":"Ejercicio operacional \u00abEscudo Kivu\u00bb"},"content":{"rendered":"\n<p class=\"has-black-color has-text-color has-link-color has-small-font-size wp-elements-a55d76b0275f3bcbd75b8de65b11044a\">13.01.2026 &#8211; <strong>Goma, Rep\u00fablica Democratica del Congo<\/strong><\/p>\n\n\n\n<div style=\"height:30px\" aria-hidden=\"true\" class=\"wp-block-spacer\"><\/div>\n\n\n\n<p class=\"is-style-success has-black-color has-text-color has-background has-link-color has-medium-font-size wp-elements-1dfcb567e064233620a3692e93de8919\" style=\"background-color:#7ab1e8\">El Batall\u00f3n \u00abUruguay IV\u00bb desplegado en la Rep\u00fablica Democr\u00e1tica del Congo, realiz\u00f3 un <strong>ejercicio de simulaci\u00f3n operacional denominado \u00abEscudo Kivu\u00bb<\/strong>, orientado a evaluar distintas capacidades operativas de la Unidad.<\/p>\n\n\n\n<div style=\"height:30px\" aria-hidden=\"true\" class=\"wp-block-spacer\"><\/div>\n\n\n\n<figure class=\"wp-block-image size-large\"><img fetchpriority=\"high\" decoding=\"async\" width=\"1024\" height=\"683\" src=\"https:\/\/www.ejercito.mil.uy\/wp-content\/uploads\/2026\/01\/Ejercicio-operacional-Escudo-Kivu-1-1024x683.jpg\" alt=\"\" class=\"wp-image-54430\" srcset=\"https:\/\/www.ejercito.mil.uy\/wp-content\/uploads\/2026\/01\/Ejercicio-operacional-Escudo-Kivu-1-1024x683.jpg 1024w, https:\/\/www.ejercito.mil.uy\/wp-content\/uploads\/2026\/01\/Ejercicio-operacional-Escudo-Kivu-1-300x200.jpg 300w, https:\/\/www.ejercito.mil.uy\/wp-content\/uploads\/2026\/01\/Ejercicio-operacional-Escudo-Kivu-1.jpg 1200w\" sizes=\"(max-width: 1024px) 100vw, 1024px\" \/><\/figure>\n\n\n\n<div style=\"height:30px\" aria-hidden=\"true\" class=\"wp-block-spacer\"><\/div>\n\n\n\n<p class=\"has-black-color has-text-color has-link-color has-medium-font-size wp-elements-9a965984b2f46f421ba1c7e519bdcc52\">Durante la actividad se analizaron la capacidad de respuesta, el nivel de coordinaci\u00f3n, nivel de apresto, t\u00e9cnicas de defensa y la toma de decisiones de las diferentes fracciones que integran el Contingente Nacional, incluyendo el Estado Mayor, los elementos de maniobra y el apoyo log\u00edstico, ante diversos escenarios de crisis.<\/p>\n\n\n\n<div style=\"height:30px\" aria-hidden=\"true\" class=\"wp-block-spacer\"><\/div>\n\n\n\n<div class=\"wp-block-columns is-layout-flex wp-container-core-columns-is-layout-28f84493 wp-block-columns-is-layout-flex\">\n<div class=\"wp-block-column is-layout-flow wp-block-column-is-layout-flow\">\n<figure class=\"wp-block-image size-large\"><img decoding=\"async\" width=\"1024\" height=\"683\" src=\"https:\/\/www.ejercito.mil.uy\/wp-content\/uploads\/2026\/01\/Ejercicio-operacional-Escudo-Kivu-2-1024x683.jpg\" alt=\"\" class=\"wp-image-54432\" srcset=\"https:\/\/www.ejercito.mil.uy\/wp-content\/uploads\/2026\/01\/Ejercicio-operacional-Escudo-Kivu-2-1024x683.jpg 1024w, https:\/\/www.ejercito.mil.uy\/wp-content\/uploads\/2026\/01\/Ejercicio-operacional-Escudo-Kivu-2-300x200.jpg 300w, https:\/\/www.ejercito.mil.uy\/wp-content\/uploads\/2026\/01\/Ejercicio-operacional-Escudo-Kivu-2.jpg 1200w\" sizes=\"(max-width: 1024px) 100vw, 1024px\" \/><\/figure>\n<\/div>\n<\/div>\n\n\n\n<div style=\"height:30px\" aria-hidden=\"true\" class=\"wp-block-spacer\"><\/div>\n\n\n\n<p class=\"has-black-color has-text-color has-link-color has-medium-font-size wp-elements-57d927226ab35ac1a3cb6a5c2902fbc8\">El ejercicio se desarroll\u00f3 durante tres jornadas consecutivas, tanto diurnas como nocturnas, bajo estrictos criterios de ejecuci\u00f3n. A trav\u00e9s de un equipo responsable de la instrumentaci\u00f3n y el control de los eventos, se someti\u00f3 al Batall\u00f3n, incluida la base principal, los destacamentos y los medios desplegados, a m\u00faltiples situaciones operacionales que exigieron la planificaci\u00f3n y la adaptaci\u00f3n de medidas a nivel t\u00e1ctico, con el fin de cumplir las tareas asignadas y resolver los incidentes planteados.<\/p>\n\n\n\n<div style=\"height:30px\" aria-hidden=\"true\" class=\"wp-block-spacer\"><\/div>\n\n\n\n<div class=\"wp-block-columns is-layout-flex wp-container-core-columns-is-layout-28f84493 wp-block-columns-is-layout-flex\">\n<div class=\"wp-block-column is-layout-flow wp-block-column-is-layout-flow\">\n<figure class=\"wp-block-image size-large\"><img decoding=\"async\" width=\"1024\" height=\"683\" src=\"https:\/\/www.ejercito.mil.uy\/wp-content\/uploads\/2026\/01\/Ejercicio-operacional-Escudo-Kivu-4-1024x683.jpg\" alt=\"\" class=\"wp-image-54434\" srcset=\"https:\/\/www.ejercito.mil.uy\/wp-content\/uploads\/2026\/01\/Ejercicio-operacional-Escudo-Kivu-4-1024x683.jpg 1024w, https:\/\/www.ejercito.mil.uy\/wp-content\/uploads\/2026\/01\/Ejercicio-operacional-Escudo-Kivu-4-300x200.jpg 300w, https:\/\/www.ejercito.mil.uy\/wp-content\/uploads\/2026\/01\/Ejercicio-operacional-Escudo-Kivu-4.jpg 1200w\" sizes=\"(max-width: 1024px) 100vw, 1024px\" \/><\/figure>\n<\/div>\n\n\n\n<div class=\"wp-block-column is-layout-flow wp-block-column-is-layout-flow\">\n<figure class=\"wp-block-image size-large\"><img loading=\"lazy\" decoding=\"async\" width=\"1024\" height=\"683\" src=\"https:\/\/www.ejercito.mil.uy\/wp-content\/uploads\/2026\/01\/Ejercicio-operacional-Escudo-Kivu-7-1024x683.jpg\" alt=\"\" class=\"wp-image-54435\" srcset=\"https:\/\/www.ejercito.mil.uy\/wp-content\/uploads\/2026\/01\/Ejercicio-operacional-Escudo-Kivu-7-1024x683.jpg 1024w, https:\/\/www.ejercito.mil.uy\/wp-content\/uploads\/2026\/01\/Ejercicio-operacional-Escudo-Kivu-7-300x200.jpg 300w, https:\/\/www.ejercito.mil.uy\/wp-content\/uploads\/2026\/01\/Ejercicio-operacional-Escudo-Kivu-7.jpg 1200w\" sizes=\"(max-width: 1024px) 100vw, 1024px\" \/><\/figure>\n<\/div>\n<\/div>\n\n\n\n<div style=\"height:30px\" aria-hidden=\"true\" class=\"wp-block-spacer\"><\/div>\n\n\n\n<p class=\"has-black-color has-text-color has-link-color has-medium-font-size wp-elements-4ef7a41d6e357bd2dad72730188fa021\">Estas instancias fortalecen las destrezas de las tropas para enfrentar posibles amenazas y desaf\u00edos del entorno, reafirmando el compromiso de la Fuerza con la misi\u00f3n encomendada y con la sociedad congolesa.<\/p>\n\n\n\n<div style=\"height:30px\" aria-hidden=\"true\" class=\"wp-block-spacer\"><\/div>\n\n\n\n<div class=\"wp-block-columns is-layout-flex wp-container-core-columns-is-layout-28f84493 wp-block-columns-is-layout-flex\">\n<div class=\"wp-block-column is-layout-flow wp-block-column-is-layout-flow\">\n<figure class=\"wp-block-image size-large\"><img loading=\"lazy\" decoding=\"async\" width=\"1024\" height=\"683\" src=\"https:\/\/www.ejercito.mil.uy\/wp-content\/uploads\/2026\/01\/Ejercicio-operacional-Escudo-Kivu-5-1024x683.jpg\" alt=\"\" class=\"wp-image-54436\" srcset=\"https:\/\/www.ejercito.mil.uy\/wp-content\/uploads\/2026\/01\/Ejercicio-operacional-Escudo-Kivu-5-1024x683.jpg 1024w, https:\/\/www.ejercito.mil.uy\/wp-content\/uploads\/2026\/01\/Ejercicio-operacional-Escudo-Kivu-5-300x200.jpg 300w, https:\/\/www.ejercito.mil.uy\/wp-content\/uploads\/2026\/01\/Ejercicio-operacional-Escudo-Kivu-5.jpg 1200w\" sizes=\"(max-width: 1024px) 100vw, 1024px\" \/><\/figure>\n<\/div>\n\n\n\n<div class=\"wp-block-column is-layout-flow wp-block-column-is-layout-flow\">\n<figure class=\"wp-block-image size-large\"><img loading=\"lazy\" decoding=\"async\" width=\"1024\" height=\"683\" src=\"https:\/\/www.ejercito.mil.uy\/wp-content\/uploads\/2026\/01\/Ejercicio-operacional-Escudo-Kivu-6-1024x683.jpg\" alt=\"\" class=\"wp-image-54437\" srcset=\"https:\/\/www.ejercito.mil.uy\/wp-content\/uploads\/2026\/01\/Ejercicio-operacional-Escudo-Kivu-6-1024x683.jpg 1024w, https:\/\/www.ejercito.mil.uy\/wp-content\/uploads\/2026\/01\/Ejercicio-operacional-Escudo-Kivu-6-300x200.jpg 300w, https:\/\/www.ejercito.mil.uy\/wp-content\/uploads\/2026\/01\/Ejercicio-operacional-Escudo-Kivu-6.jpg 1200w\" sizes=\"(max-width: 1024px) 100vw, 1024px\" \/><\/figure>\n<\/div>\n<\/div>\n\n\n\n<div style=\"height:30px\" aria-hidden=\"true\" class=\"wp-block-spacer\"><\/div>\n\n\n\n<p class=\"has-black-color has-text-color has-background has-link-color wp-elements-a054865da1ead9e376b8212402df743c\" style=\"background-color:#e6cd87\">Ver nota a partir del minuto 01:54 en la edici\u00f3n #1 del informativo Ej\u00e9rcito del Uruguay &#8211; <a href=\"https:\/\/www.youtube.com\/watch?v=of82gSj6lX8&amp;t=56s\" title=\"\">Misiones operativas en el exterior<\/a><\/p>\n\n\n\n<div style=\"height:30px\" aria-hidden=\"true\" class=\"wp-block-spacer\"><\/div>\n","protected":false},"excerpt":{"rendered":"<p>13.01.2026 &#8211; El Batall\u00f3n \u00abUruguay IV\u00bb desplegado en la Rep. Democr\u00e1tica del Congo, realiz\u00f3 un ejercicio de simulaci\u00f3n operacional denominado \u00abEscudo Kivu\u00bb, orientado a evaluar distintas capacidades operativas de la Unidad.<\/p>\n","protected":false},"author":14,"featured_media":54441,"comment_status":"open","ping_status":"open","sticky":false,"template":"","format":"standard","meta":{"_coblocks_attr":"","_coblocks_dimensions":"","_coblocks_responsive_height":"","_coblocks_accordion_ie_support":"","_monsterinsights_skip_tracking":false,"_monsterinsights_sitenote_active":false,"_monsterinsights_sitenote_note":"","_monsterinsights_sitenote_category":0,"_uf_show_specific_survey":0,"_uf_disable_surveys":false,"footnotes":""},"categories":[2,10,237,14,1],"tags":[1439,825,140,2092,2176,13,153,63,19,1801,67,31,1323,2177,726],"class_list":["post-54425","post","type-post","status-publish","format-standard","has-post-thumbnail","hentry","category-blog","category-destacados","category-misiones","category-noticias","category-sin-categoria","tag-casco-azules","tag-contingente","tag-ejercicio","tag-escudo","tag-escudo-kivu","tag-instruccion","tag-maniobra","tag-mision","tag-mop","tag-operacion-3","tag-peacekeeper","tag-rdcongo","tag-simulacion","tag-tropas","tag-urubatt"],"aioseo_notices":[],"_links":{"self":[{"href":"https:\/\/www.ejercito.mil.uy\/index.php\/wp-json\/wp\/v2\/posts\/54425","targetHints":{"allow":["GET"]}}],"collection":[{"href":"https:\/\/www.ejercito.mil.uy\/index.php\/wp-json\/wp\/v2\/posts"}],"about":[{"href":"https:\/\/www.ejercito.mil.uy\/index.php\/wp-json\/wp\/v2\/types\/post"}],"author":[{"embeddable":true,"href":"https:\/\/www.ejercito.mil.uy\/index.php\/wp-json\/wp\/v2\/users\/14"}],"replies":[{"embeddable":true,"href":"https:\/\/www.ejercito.mil.uy\/index.php\/wp-json\/wp\/v2\/comments?post=54425"}],"version-history":[{"count":12,"href":"https:\/\/www.ejercito.mil.uy\/index.php\/wp-json\/wp\/v2\/posts\/54425\/revisions"}],"predecessor-version":[{"id":56229,"href":"https:\/\/www.ejercito.mil.uy\/index.php\/wp-json\/wp\/v2\/posts\/54425\/revisions\/56229"}],"wp:featuredmedia":[{"embeddable":true,"href":"https:\/\/www.ejercito.mil.uy\/index.php\/wp-json\/wp\/v2\/media\/54441"}],"wp:attachment":[{"href":"https:\/\/www.ejercito.mil.uy\/index.php\/wp-json\/wp\/v2\/media?parent=54425"}],"wp:term":[{"taxonomy":"category","embeddable":true,"href":"https:\/\/www.ejercito.mil.uy\/index.php\/wp-json\/wp\/v2\/categories?post=54425"},{"taxonomy":"post_tag","embeddable":true,"href":"https:\/\/www.ejercito.mil.uy\/index.php\/wp-json\/wp\/v2\/tags?post=54425"}],"curies":[{"name":"wp","href":"https:\/\/api.w.org\/{rel}","templated":true}]}}