{"id":54446,"date":"2026-01-14T10:49:07","date_gmt":"2026-01-14T13:49:07","guid":{"rendered":"https:\/\/www.ejercito.mil.uy\/?p=54446"},"modified":"2026-03-16T09:57:29","modified_gmt":"2026-03-16T12:57:29","slug":"incendio-en-la-r-d-congo","status":"publish","type":"post","link":"https:\/\/www.ejercito.mil.uy\/index.php\/2026\/01\/14\/incendio-en-la-r-d-congo\/","title":{"rendered":"Incendio en la R.D.Congo"},"content":{"rendered":"\n<p class=\"has-black-color has-text-color has-link-color has-small-font-size wp-elements-1211719e9b3cfeb44ac701b065113678\">14.01.2026 &#8211; <strong>Ciudad de Goma<\/strong><\/p>\n\n\n\n<div style=\"height:33px\" aria-hidden=\"true\" class=\"wp-block-spacer\"><\/div>\n\n\n\n<p class=\"is-style-success has-black-color has-text-color has-background has-link-color has-medium-font-size wp-elements-c2532408bcc9b43385c91a6986deb2f5\" style=\"background-color:#7ab1e8\">El domingo 11 de enero, el Batall\u00f3n \u00abUruguay IV\u00bb desplegado en la Rep\u00fablica Democr\u00e1tica del Congo, prest\u00f3 apoyo a la Unidad de Bomberos de la ciudad de Goma ante un <strong>incendio registrado en la zona<\/strong>.<\/p>\n\n\n\n<div style=\"height:33px\" aria-hidden=\"true\" class=\"wp-block-spacer\"><\/div>\n\n\n\n<p class=\"has-black-color has-text-color has-link-color has-medium-font-size wp-elements-dbcda6c72e44ba5e9746e2179a3c6bb6\">La emergencia, ocurrida durante la madrugada, representaba un serio peligro para la poblaci\u00f3n, as\u00ed como para instalaciones, equipos y materiales, lo que exigi\u00f3 una respuesta inmediata. En ese contexto, el Batall\u00f3n actu\u00f3 con rapidez, empleando como medio log\u00edstico un cami\u00f3n cisterna.<\/p>\n\n\n\n<div style=\"height:33px\" aria-hidden=\"true\" class=\"wp-block-spacer\"><\/div>\n\n\n\n<figure class=\"wp-block-image size-large\"><img fetchpriority=\"high\" decoding=\"async\" width=\"1024\" height=\"683\" src=\"https:\/\/www.ejercito.mil.uy\/wp-content\/uploads\/2026\/01\/Incendio-en-la-RDC-2-1024x683.png\" alt=\"\" class=\"wp-image-54452\" srcset=\"https:\/\/www.ejercito.mil.uy\/wp-content\/uploads\/2026\/01\/Incendio-en-la-RDC-2-1024x683.png 1024w, https:\/\/www.ejercito.mil.uy\/wp-content\/uploads\/2026\/01\/Incendio-en-la-RDC-2-300x200.png 300w, https:\/\/www.ejercito.mil.uy\/wp-content\/uploads\/2026\/01\/Incendio-en-la-RDC-2.png 1200w\" sizes=\"(max-width: 1024px) 100vw, 1024px\" \/><\/figure>\n\n\n\n<div style=\"height:33px\" aria-hidden=\"true\" class=\"wp-block-spacer\"><\/div>\n\n\n\n<p class=\"has-black-color has-text-color has-link-color has-medium-font-size wp-elements-23ca9943ca459d62bcb0b86be6d59188\">El alto grado de apresto y la pronta intervenci\u00f3n del personal asignado facilitaron que el equipo de bomberos contara con los recursos necesarios para combatir y extinguir el fuego, resguardando a los ciudadanos y minimizando los da\u00f1os.<\/p>\n\n\n\n<div style=\"height:33px\" aria-hidden=\"true\" class=\"wp-block-spacer\"><\/div>\n\n\n\n<figure class=\"wp-block-image size-large\"><img decoding=\"async\" width=\"1024\" height=\"683\" src=\"https:\/\/www.ejercito.mil.uy\/wp-content\/uploads\/2026\/01\/Incendio-en-la-RDC-4-1024x683.png\" alt=\"\" class=\"wp-image-54453\" srcset=\"https:\/\/www.ejercito.mil.uy\/wp-content\/uploads\/2026\/01\/Incendio-en-la-RDC-4-1024x683.png 1024w, https:\/\/www.ejercito.mil.uy\/wp-content\/uploads\/2026\/01\/Incendio-en-la-RDC-4-300x200.png 300w, https:\/\/www.ejercito.mil.uy\/wp-content\/uploads\/2026\/01\/Incendio-en-la-RDC-4.png 1200w\" sizes=\"(max-width: 1024px) 100vw, 1024px\" \/><\/figure>\n\n\n\n<div style=\"height:33px\" aria-hidden=\"true\" class=\"wp-block-spacer\"><\/div>\n\n\n\n<p class=\"has-black-color has-text-color has-link-color has-medium-font-size wp-elements-413fb49652c8e2db35d4025baa530cc5\">Este tipo de acciones pone de manifiesto el compromiso constante del Contingente Nacional con la protecci\u00f3n de la comunidad.<\/p>\n\n\n\n<div style=\"height:33px\" aria-hidden=\"true\" class=\"wp-block-spacer\"><\/div>\n\n\n\n<p class=\"has-black-color has-text-color has-link-color has-medium-font-size wp-elements-479354607717275bec9127f84272c576\"><strong><em>\u00a1Siempre listos!<\/em><\/strong><\/p>\n\n\n\n<div style=\"height:33px\" aria-hidden=\"true\" class=\"wp-block-spacer\"><\/div>\n\n\n\n<p class=\"has-black-color has-text-color has-background has-link-color wp-elements-75e89efeadba69c7bb552543812ee49e\" style=\"background-color:#e6cd87\">Ver nota a partir del minuto 01:54 en la edici\u00f3n #1 del informativo Ej\u00e9rcito del Uruguay &#8211; <a href=\"https:\/\/www.youtube.com\/watch?v=of82gSj6lX8&amp;t=56s\" title=\"\">Misiones operativas en el exterior<\/a><\/p>\n\n\n\n<div style=\"height:33px\" aria-hidden=\"true\" class=\"wp-block-spacer\"><\/div>\n","protected":false},"excerpt":{"rendered":"<p>14.01.2026 &#8211; El Batall\u00f3n \u00abUruguay IV\u00bb prest\u00f3 apoyo a la Unidad de Bomberos de la ciudad de Goma durante un incendio ocurrido en la madrugada.<\/p>\n","protected":false},"author":14,"featured_media":54449,"comment_status":"open","ping_status":"open","sticky":false,"template":"","format":"standard","meta":{"_coblocks_attr":"","_coblocks_dimensions":"","_coblocks_responsive_height":"","_coblocks_accordion_ie_support":"","_monsterinsights_skip_tracking":false,"_monsterinsights_sitenote_active":false,"_monsterinsights_sitenote_note":"","_monsterinsights_sitenote_category":0,"_uf_show_specific_survey":0,"_uf_disable_surveys":false,"footnotes":""},"categories":[2,10,237,14],"tags":[27,298,598,2179,207,688,696,807,160,2178,1317,19,139,62,67,491,33],"class_list":["post-54446","post","type-post","status-publish","format-standard","has-post-thumbnail","hentry","category-blog","category-destacados","category-misiones","category-noticias","tag-apoyo","tag-bomberos","tag-camion","tag-camion-cisterna","tag-cascos-azules","tag-efectivos","tag-emergencia","tag-fuego","tag-incendio","tag-medio-logistico","tag-mision-de-paz","tag-mop","tag-onu","tag-paz","tag-peacekeeper","tag-proteccion","tag-seguridad"],"aioseo_notices":[],"_links":{"self":[{"href":"https:\/\/www.ejercito.mil.uy\/index.php\/wp-json\/wp\/v2\/posts\/54446","targetHints":{"allow":["GET"]}}],"collection":[{"href":"https:\/\/www.ejercito.mil.uy\/index.php\/wp-json\/wp\/v2\/posts"}],"about":[{"href":"https:\/\/www.ejercito.mil.uy\/index.php\/wp-json\/wp\/v2\/types\/post"}],"author":[{"embeddable":true,"href":"https:\/\/www.ejercito.mil.uy\/index.php\/wp-json\/wp\/v2\/users\/14"}],"replies":[{"embeddable":true,"href":"https:\/\/www.ejercito.mil.uy\/index.php\/wp-json\/wp\/v2\/comments?post=54446"}],"version-history":[{"count":7,"href":"https:\/\/www.ejercito.mil.uy\/index.php\/wp-json\/wp\/v2\/posts\/54446\/revisions"}],"predecessor-version":[{"id":56230,"href":"https:\/\/www.ejercito.mil.uy\/index.php\/wp-json\/wp\/v2\/posts\/54446\/revisions\/56230"}],"wp:featuredmedia":[{"embeddable":true,"href":"https:\/\/www.ejercito.mil.uy\/index.php\/wp-json\/wp\/v2\/media\/54449"}],"wp:attachment":[{"href":"https:\/\/www.ejercito.mil.uy\/index.php\/wp-json\/wp\/v2\/media?parent=54446"}],"wp:term":[{"taxonomy":"category","embeddable":true,"href":"https:\/\/www.ejercito.mil.uy\/index.php\/wp-json\/wp\/v2\/categories?post=54446"},{"taxonomy":"post_tag","embeddable":true,"href":"https:\/\/www.ejercito.mil.uy\/index.php\/wp-json\/wp\/v2\/tags?post=54446"}],"curies":[{"name":"wp","href":"https:\/\/api.w.org\/{rel}","templated":true}]}}