{"id":54457,"date":"2026-03-09T09:10:54","date_gmt":"2026-03-09T12:10:54","guid":{"rendered":"https:\/\/www.ejercito.mil.uy\/?p=54457"},"modified":"2026-03-12T09:54:33","modified_gmt":"2026-03-12T12:54:33","slug":"servicio-de-veterinaria-y-remonta-en-cifras","status":"publish","type":"post","link":"https:\/\/www.ejercito.mil.uy\/index.php\/2026\/03\/09\/servicio-de-veterinaria-y-remonta-en-cifras\/","title":{"rendered":"Servicio de Veterinaria y Remonta en cifras"},"content":{"rendered":"\n<p class=\"has-black-color has-text-color has-link-color has-small-font-size wp-elements-d40f122b80378540219351df25ce0dc6\">09.03.2026<\/p>\n\n\n\n<div style=\"height:30px\" aria-hidden=\"true\" class=\"wp-block-spacer\"><\/div>\n\n\n\n<p class=\"has-black-color has-text-color has-background has-link-color wp-elements-161f59c1ea3a37afe024c70e2554342d\" style=\"background-color:#ffcc00;font-size:18px\">El <strong>Servicio de Veterinaria y Remonta<\/strong> tiene por misi\u00f3n asegurar todo lo relativo a la remonta de ganado y promueve el mejoramiento de las especies animales de inter\u00e9s para la Defensa Nacional, particularmente equinos y perros de trabajo militar.<\/p>\n\n\n\n<div style=\"height:30px\" aria-hidden=\"true\" class=\"wp-block-spacer\"><\/div>\n\n\n\n<figure class=\"wp-block-image size-large\"><img fetchpriority=\"high\" decoding=\"async\" width=\"1024\" height=\"683\" src=\"https:\/\/www.ejercito.mil.uy\/wp-content\/uploads\/2026\/01\/SVR-Fotografias-de-archivo-4-1024x683.jpg\" alt=\"\" class=\"wp-image-54462\" srcset=\"https:\/\/www.ejercito.mil.uy\/wp-content\/uploads\/2026\/01\/SVR-Fotografias-de-archivo-4-1024x683.jpg 1024w, https:\/\/www.ejercito.mil.uy\/wp-content\/uploads\/2026\/01\/SVR-Fotografias-de-archivo-4-300x200.jpg 300w, https:\/\/www.ejercito.mil.uy\/wp-content\/uploads\/2026\/01\/SVR-Fotografias-de-archivo-4.jpg 1200w\" sizes=\"(max-width: 1024px) 100vw, 1024px\" \/><\/figure>\n\n\n\n<p class=\"has-black-color has-text-color has-link-color has-small-font-size wp-elements-56552f98c65ab77b3176c52ff64c0b31\"><em>Fotograf\u00eda de archivo <\/em><\/p>\n\n\n\n<div style=\"height:30px\" aria-hidden=\"true\" class=\"wp-block-spacer\"><\/div>\n\n\n\n<p class=\"has-black-color has-text-color has-link-color wp-elements-7405f0cbaec60c4ae13f22539ca9d647\" style=\"font-size:18px\">Durante el a\u00f1o 2025 se planificaron y ejecutaron planes de siembra en los Campos Militares IVO N\u00ba 1, 2, 3 y 4, as\u00ed como en distintas chacras, totalizando 391 hect\u00e1reas. De estas, 161 correspondieron a verdeos y 139 a praderas, incluyendo 42 hect\u00e1reas sembradas en el Grupo de Artiller\u00eda de Defensa Antia\u00e9rea N\u00ba 1 y 49 en San Jos\u00e9 (Divisi\u00f3n de Ej\u00e9rcito II), destinadas a la producci\u00f3n de alfalfa para el abastecimiento de las Unidades Militares montadas. Adem\u00e1s, se realiz\u00f3 el mantenimiento y la refertilizaci\u00f3n de 198 hect\u00e1reas de praderas en los Campos Militares N\u00ba 2, 3 y 4.<\/p>\n\n\n\n<div style=\"height:30px\" aria-hidden=\"true\" class=\"wp-block-spacer\"><\/div>\n\n\n\n<p class=\"has-black-color has-text-color has-link-color wp-elements-c524f31c34f5f1a722a86693b3191ae5\" style=\"font-size:18px\">Actualmente, se ejecuta un plan operativo para el control de espinillo y especies ex\u00f3ticas invasoras en el monte fluvial del Campo Militar N\u00ba 1 \u00abLos Cerillos\u00bb.<\/p>\n\n\n\n<div style=\"height:30px\" aria-hidden=\"true\" class=\"wp-block-spacer\"><\/div>\n\n\n\n<figure class=\"wp-block-image size-large\"><img decoding=\"async\" width=\"1024\" height=\"683\" src=\"https:\/\/www.ejercito.mil.uy\/wp-content\/uploads\/2026\/01\/SVR-Fotografias-de-archivo-5-1024x683.jpg\" alt=\"\" class=\"wp-image-54465\" srcset=\"https:\/\/www.ejercito.mil.uy\/wp-content\/uploads\/2026\/01\/SVR-Fotografias-de-archivo-5-1024x683.jpg 1024w, https:\/\/www.ejercito.mil.uy\/wp-content\/uploads\/2026\/01\/SVR-Fotografias-de-archivo-5-300x200.jpg 300w, https:\/\/www.ejercito.mil.uy\/wp-content\/uploads\/2026\/01\/SVR-Fotografias-de-archivo-5.jpg 1200w\" sizes=\"(max-width: 1024px) 100vw, 1024px\" \/><\/figure>\n\n\n\n<p class=\"has-black-color has-text-color has-link-color has-small-font-size wp-elements-56552f98c65ab77b3176c52ff64c0b31\"><em>Fotograf\u00eda de archivo <\/em><\/p>\n\n\n\n<div style=\"height:30px\" aria-hidden=\"true\" class=\"wp-block-spacer\"><\/div>\n\n\n\n<p class=\"has-black-color has-text-color has-link-color wp-elements-e3c6c95cef0e74be7df4a02c3b699ef6\" style=\"font-size:18px\">Asimismo, se adquiri\u00f3 nueva gen\u00e9tica para la caba\u00f1a de ganado Hereford del Campo Militar N\u00ba3 \u00abArerungu\u00e1\u00bb, fundamental para la obtenci\u00f3n de animales m\u00e1s productivos, eficientes y adaptados a las exigencias del mercado. Otro hito relevante fue la adquisici\u00f3n de yeguas moras para el Haras Militar \u00abLos Orientales\u00bb, ubicado en el mismo campo. En paralelo, se ejecut\u00f3 el Plan Sanitario correspondiente a todo el ganado bovino, ovino y equino de los Campos Militares dependientes del Servicio.<\/p>\n\n\n\n<div style=\"height:30px\" aria-hidden=\"true\" class=\"wp-block-spacer\"><\/div>\n\n\n\n<div class=\"wp-block-columns is-layout-flex wp-container-core-columns-is-layout-28f84493 wp-block-columns-is-layout-flex\">\n<div class=\"wp-block-column is-layout-flow wp-block-column-is-layout-flow\">\n<figure class=\"wp-block-image size-large\"><img decoding=\"async\" width=\"1024\" height=\"683\" src=\"https:\/\/www.ejercito.mil.uy\/wp-content\/uploads\/2026\/01\/SVR-Fotografias-de-archivo-1-1024x683.jpg\" alt=\"\" class=\"wp-image-54470\" srcset=\"https:\/\/www.ejercito.mil.uy\/wp-content\/uploads\/2026\/01\/SVR-Fotografias-de-archivo-1-1024x683.jpg 1024w, https:\/\/www.ejercito.mil.uy\/wp-content\/uploads\/2026\/01\/SVR-Fotografias-de-archivo-1-300x200.jpg 300w, https:\/\/www.ejercito.mil.uy\/wp-content\/uploads\/2026\/01\/SVR-Fotografias-de-archivo-1.jpg 1200w\" sizes=\"(max-width: 1024px) 100vw, 1024px\" \/><\/figure>\n<\/div>\n\n\n\n<div class=\"wp-block-column is-layout-flow wp-block-column-is-layout-flow\">\n<figure class=\"wp-block-image size-large\"><img loading=\"lazy\" decoding=\"async\" width=\"1024\" height=\"683\" src=\"https:\/\/www.ejercito.mil.uy\/wp-content\/uploads\/2026\/01\/SVR-Fotografias-de-archivo-2-1024x683.jpg\" alt=\"\" class=\"wp-image-54471\" srcset=\"https:\/\/www.ejercito.mil.uy\/wp-content\/uploads\/2026\/01\/SVR-Fotografias-de-archivo-2-1024x683.jpg 1024w, https:\/\/www.ejercito.mil.uy\/wp-content\/uploads\/2026\/01\/SVR-Fotografias-de-archivo-2-300x200.jpg 300w, https:\/\/www.ejercito.mil.uy\/wp-content\/uploads\/2026\/01\/SVR-Fotografias-de-archivo-2.jpg 1200w\" sizes=\"(max-width: 1024px) 100vw, 1024px\" \/><\/figure>\n<\/div>\n<\/div>\n\n\n\n<p class=\"has-black-color has-text-color has-link-color has-small-font-size wp-elements-33be9719031aa22fbcd0265e71cf8fd9\"><em>Fotograf\u00edas de archivo <\/em><\/p>\n\n\n\n<div style=\"height:30px\" aria-hidden=\"true\" class=\"wp-block-spacer\"><\/div>\n\n\n\n<p class=\"has-black-color has-text-color has-link-color wp-elements-7579651e560cfa3558476011ebd3398b\" style=\"font-size:18px\">En el marco de la Expo Rural del Prado, realizada entre el 5 y el 14 de setiembre, el Servicio particip\u00f3 con tres equinos de raza deportiva, obteniendo los siguientes reconocimientos:<\/p>\n\n\n\n<div style=\"height:30px\" aria-hidden=\"true\" class=\"wp-block-spacer\"><\/div>\n\n\n\n<ul class=\"wp-block-list\">\n<li class=\"has-black-color has-text-color has-link-color wp-elements-7af1681190282b96cfddb1d723b07738\" style=\"font-size:18px\">&#8211; Gran Campeona Yegua Menor: \u00abS.V.R. Turmalina\u00bb<\/li>\n\n\n\n<li class=\"has-black-color has-text-color has-link-color wp-elements-b64b08ed991c631920be1edd18baddb2\" style=\"font-size:18px\">&#8211; Tercera Mejor Yegua Menor: \u00abS.V.R. Tordesillas\u00bb<\/li>\n<\/ul>\n\n\n\n<div style=\"height:30px\" aria-hidden=\"true\" class=\"wp-block-spacer\"><\/div>\n\n\n\n<div class=\"wp-block-columns is-layout-flex wp-container-core-columns-is-layout-28f84493 wp-block-columns-is-layout-flex\">\n<div class=\"wp-block-column is-layout-flow wp-block-column-is-layout-flow\">\n<figure class=\"wp-block-image size-large\"><img loading=\"lazy\" decoding=\"async\" width=\"1024\" height=\"683\" src=\"https:\/\/www.ejercito.mil.uy\/wp-content\/uploads\/2026\/01\/SVR-Fotografias-de-archivo-6-1024x683.jpg\" alt=\"\" class=\"wp-image-54464\" srcset=\"https:\/\/www.ejercito.mil.uy\/wp-content\/uploads\/2026\/01\/SVR-Fotografias-de-archivo-6-1024x683.jpg 1024w, https:\/\/www.ejercito.mil.uy\/wp-content\/uploads\/2026\/01\/SVR-Fotografias-de-archivo-6-300x200.jpg 300w, https:\/\/www.ejercito.mil.uy\/wp-content\/uploads\/2026\/01\/SVR-Fotografias-de-archivo-6.jpg 1200w\" sizes=\"(max-width: 1024px) 100vw, 1024px\" \/><\/figure>\n<\/div>\n<\/div>\n\n\n\n<p class=\"has-black-color has-text-color has-link-color has-small-font-size wp-elements-56552f98c65ab77b3176c52ff64c0b31\"><em>Fotograf\u00eda de archivo <\/em><\/p>\n\n\n\n<div style=\"height:30px\" aria-hidden=\"true\" class=\"wp-block-spacer\"><\/div>\n\n\n\n<p class=\"has-black-color has-text-color has-link-color wp-elements-f590f45e834d119c49e8e97c60ce8671\" style=\"font-size:18px\">En lo referente a capacitaci\u00f3n, se destacan el Curso de Enfermero Veterinario, con la aprobaci\u00f3n de 23 alumnos (14 del Ej\u00e9rcito, 1 de la Armada Nacional, 1 de la Fuerza A\u00e9rea Uruguaya y 7 civiles); el Curso de Herrador, con 10 alumnos certificados (8 del Ej\u00e9rcito y 2 civiles); y el Curso de Alambrador, con 23 integrantes de la Fuerza, totalizando 56 egresados en los distintos programas de formaci\u00f3n.<\/p>\n\n\n\n<div style=\"height:30px\" aria-hidden=\"true\" class=\"wp-block-spacer\"><\/div>\n\n\n\n<figure class=\"wp-block-image size-large\"><img loading=\"lazy\" decoding=\"async\" width=\"1024\" height=\"683\" src=\"https:\/\/www.ejercito.mil.uy\/wp-content\/uploads\/2026\/01\/SVR-Fotografias-de-archivo-7-1024x683.jpg\" alt=\"\" class=\"wp-image-54468\" srcset=\"https:\/\/www.ejercito.mil.uy\/wp-content\/uploads\/2026\/01\/SVR-Fotografias-de-archivo-7-1024x683.jpg 1024w, https:\/\/www.ejercito.mil.uy\/wp-content\/uploads\/2026\/01\/SVR-Fotografias-de-archivo-7-300x200.jpg 300w, https:\/\/www.ejercito.mil.uy\/wp-content\/uploads\/2026\/01\/SVR-Fotografias-de-archivo-7.jpg 1200w\" sizes=\"(max-width: 1024px) 100vw, 1024px\" \/><\/figure>\n\n\n\n<p class=\"has-black-color has-text-color has-link-color has-small-font-size wp-elements-56552f98c65ab77b3176c52ff64c0b31\"><em>Fotograf\u00eda de archivo <\/em><\/p>\n\n\n\n<div style=\"height:30px\" aria-hidden=\"true\" class=\"wp-block-spacer\"><\/div>\n\n\n\n<p class=\"has-black-color has-text-color has-background has-link-color wp-elements-654818f8713a1a2400f3dc7b0a1fe1b6\" style=\"background-color:#ffefd5;font-size:18px\">Por otra parte, compartimos una <strong>infograf\u00eda<\/strong> que resume algunos de los principales datos mencionados.<\/p>\n\n\n\n<div style=\"height:30px\" aria-hidden=\"true\" class=\"wp-block-spacer\"><\/div>\n\n\n\n<figure class=\"wp-block-image size-full\"><img loading=\"lazy\" decoding=\"async\" width=\"1024\" height=\"768\" src=\"https:\/\/www.ejercito.mil.uy\/wp-content\/uploads\/2026\/01\/SVR-infografia.png\" alt=\"\" class=\"wp-image-56040\" srcset=\"https:\/\/www.ejercito.mil.uy\/wp-content\/uploads\/2026\/01\/SVR-infografia.png 1024w, https:\/\/www.ejercito.mil.uy\/wp-content\/uploads\/2026\/01\/SVR-infografia-300x225.png 300w\" sizes=\"(max-width: 1024px) 100vw, 1024px\" \/><\/figure>\n\n\n\n<div style=\"height:30px\" aria-hidden=\"true\" class=\"wp-block-spacer\"><\/div>\n\n\n\n<p class=\"has-black-color has-text-color has-link-color wp-elements-e307075ecb189dece091e8c4775bb4d6\" style=\"font-size:18px\">El SVR es clave para Uruguay porque sostiene las capacidades de la Defensa Nacional mediante la sanidad, el mejoramiento gen\u00e9tico y la producci\u00f3n animal, asegurando recursos estrat\u00e9gicos como equinos y ganado en \u00f3ptimas condiciones. Al mismo tiempo, aporta al desarrollo agropecuario y a la formaci\u00f3n t\u00e9cnica de personal militar y civil, fortaleciendo la producci\u00f3n nacional.<br><br><\/p>\n","protected":false},"excerpt":{"rendered":"<p>09.03.2026 Compartimos una infograf\u00eda que resume los principales datos del SVR correspondientes al a\u00f1o 2025.<\/p>\n","protected":false},"author":14,"featured_media":54473,"comment_status":"open","ping_status":"open","sticky":false,"template":"","format":"standard","meta":{"_coblocks_attr":"","_coblocks_dimensions":"","_coblocks_responsive_height":"","_coblocks_accordion_ie_support":"","_monsterinsights_skip_tracking":false,"_monsterinsights_sitenote_active":false,"_monsterinsights_sitenote_note":"","_monsterinsights_sitenote_category":0,"_uf_show_specific_survey":0,"_uf_disable_surveys":false,"footnotes":""},"categories":[1],"tags":[1817,554,376,2180,188,2181,1431,575,497,788,574],"class_list":["post-54457","post","type-post","status-publish","format-standard","has-post-thumbnail","hentry","category-sin-categoria","tag-1817","tag-animales","tag-caballos","tag-cifras","tag-cursos","tag-datos","tag-infografia","tag-remonta","tag-servicio","tag-svr","tag-veterinaria"],"aioseo_notices":[],"_links":{"self":[{"href":"https:\/\/www.ejercito.mil.uy\/index.php\/wp-json\/wp\/v2\/posts\/54457","targetHints":{"allow":["GET"]}}],"collection":[{"href":"https:\/\/www.ejercito.mil.uy\/index.php\/wp-json\/wp\/v2\/posts"}],"about":[{"href":"https:\/\/www.ejercito.mil.uy\/index.php\/wp-json\/wp\/v2\/types\/post"}],"author":[{"embeddable":true,"href":"https:\/\/www.ejercito.mil.uy\/index.php\/wp-json\/wp\/v2\/users\/14"}],"replies":[{"embeddable":true,"href":"https:\/\/www.ejercito.mil.uy\/index.php\/wp-json\/wp\/v2\/comments?post=54457"}],"version-history":[{"count":23,"href":"https:\/\/www.ejercito.mil.uy\/index.php\/wp-json\/wp\/v2\/posts\/54457\/revisions"}],"predecessor-version":[{"id":56044,"href":"https:\/\/www.ejercito.mil.uy\/index.php\/wp-json\/wp\/v2\/posts\/54457\/revisions\/56044"}],"wp:featuredmedia":[{"embeddable":true,"href":"https:\/\/www.ejercito.mil.uy\/index.php\/wp-json\/wp\/v2\/media\/54473"}],"wp:attachment":[{"href":"https:\/\/www.ejercito.mil.uy\/index.php\/wp-json\/wp\/v2\/media?parent=54457"}],"wp:term":[{"taxonomy":"category","embeddable":true,"href":"https:\/\/www.ejercito.mil.uy\/index.php\/wp-json\/wp\/v2\/categories?post=54457"},{"taxonomy":"post_tag","embeddable":true,"href":"https:\/\/www.ejercito.mil.uy\/index.php\/wp-json\/wp\/v2\/tags?post=54457"}],"curies":[{"name":"wp","href":"https:\/\/api.w.org\/{rel}","templated":true}]}}