{"id":54490,"date":"2026-01-19T12:00:00","date_gmt":"2026-01-19T15:00:00","guid":{"rendered":"https:\/\/www.ejercito.mil.uy\/?p=54490"},"modified":"2026-03-16T09:32:46","modified_gmt":"2026-03-16T12:32:46","slug":"incendio-en-la-esmeralda","status":"publish","type":"post","link":"https:\/\/www.ejercito.mil.uy\/index.php\/2026\/01\/19\/incendio-en-la-esmeralda\/","title":{"rendered":"Incendio en La Esmeralda"},"content":{"rendered":"\n<p class=\"has-black-color has-text-color has-link-color has-small-font-size wp-elements-b3231272ce28b017820f8b07c1cedd4b\">19.01.2026 &#8211; Balneario La Esmeralda, dpto. de Rocha<\/p>\n\n\n\n<div style=\"height:33px\" aria-hidden=\"true\" class=\"wp-block-spacer\"><\/div>\n\n\n\n<p class=\"is-style-success has-black-color has-text-color has-background has-link-color has-medium-font-size wp-elements-4f57f28fdfbec582dbe6a26feace081b\" style=\"background-color:#ffcc00\">En la madrugada del 19 de enero, a las 05:30 h, se activ\u00f3 la Secci\u00f3n de Apoyo a Emergencias del Batall\u00f3n \u00abGeneral Leonardo Olivera\u00bb de Infanter\u00eda Mecanizado N\u00ba12.<\/p>\n\n\n\n<div style=\"height:33px\" aria-hidden=\"true\" class=\"wp-block-spacer\"><\/div>\n\n\n\n<div class=\"wp-block-columns is-layout-flex wp-container-core-columns-is-layout-28f84493 wp-block-columns-is-layout-flex\">\n<div class=\"wp-block-column is-layout-flow wp-block-column-is-layout-flow\">\n<figure class=\"wp-block-image size-large\"><img fetchpriority=\"high\" decoding=\"async\" width=\"1024\" height=\"683\" src=\"https:\/\/www.ejercito.mil.uy\/wp-content\/uploads\/2026\/01\/2026-01-09-Incendio-6-1024x683.png\" alt=\"\" class=\"wp-image-54497\" srcset=\"https:\/\/www.ejercito.mil.uy\/wp-content\/uploads\/2026\/01\/2026-01-09-Incendio-6-1024x683.png 1024w, https:\/\/www.ejercito.mil.uy\/wp-content\/uploads\/2026\/01\/2026-01-09-Incendio-6-300x200.png 300w, https:\/\/www.ejercito.mil.uy\/wp-content\/uploads\/2026\/01\/2026-01-09-Incendio-6.png 1200w\" sizes=\"(max-width: 1024px) 100vw, 1024px\" \/><\/figure>\n<\/div>\n\n\n\n<div class=\"wp-block-column is-layout-flow wp-block-column-is-layout-flow\">\n<figure class=\"wp-block-image size-large\"><img decoding=\"async\" width=\"1024\" height=\"683\" src=\"https:\/\/www.ejercito.mil.uy\/wp-content\/uploads\/2026\/01\/2026-01-09-Incendio-2-1024x683.png\" alt=\"\" class=\"wp-image-54493\" srcset=\"https:\/\/www.ejercito.mil.uy\/wp-content\/uploads\/2026\/01\/2026-01-09-Incendio-2-1024x683.png 1024w, https:\/\/www.ejercito.mil.uy\/wp-content\/uploads\/2026\/01\/2026-01-09-Incendio-2-300x200.png 300w, https:\/\/www.ejercito.mil.uy\/wp-content\/uploads\/2026\/01\/2026-01-09-Incendio-2.png 1200w\" sizes=\"(max-width: 1024px) 100vw, 1024px\" \/><\/figure>\n<\/div>\n<\/div>\n\n\n\n<div style=\"height:33px\" aria-hidden=\"true\" class=\"wp-block-spacer\"><\/div>\n\n\n\n<p class=\"has-black-color has-text-color has-link-color has-medium-font-size wp-elements-1bb97bc03a41964121e156e8e47d0b06\"> Aproximadamente 30 efectivos trabajan en apoyo a Bomberos para extinguir el incendio forestal que se propag\u00f3 en el Balneario La Esmeralda, en el departamento de Rocha.<\/p>\n\n\n\n<div style=\"height:33px\" aria-hidden=\"true\" class=\"wp-block-spacer\"><\/div>\n\n\n\n<div class=\"wp-block-columns is-layout-flex wp-container-core-columns-is-layout-28f84493 wp-block-columns-is-layout-flex\">\n<div class=\"wp-block-column is-layout-flow wp-block-column-is-layout-flow\">\n<figure class=\"wp-block-image size-large\"><img decoding=\"async\" width=\"1024\" height=\"683\" src=\"https:\/\/www.ejercito.mil.uy\/wp-content\/uploads\/2026\/01\/2026-01-09-Incendio-5-1024x683.png\" alt=\"\" class=\"wp-image-54494\" srcset=\"https:\/\/www.ejercito.mil.uy\/wp-content\/uploads\/2026\/01\/2026-01-09-Incendio-5-1024x683.png 1024w, https:\/\/www.ejercito.mil.uy\/wp-content\/uploads\/2026\/01\/2026-01-09-Incendio-5-300x200.png 300w, https:\/\/www.ejercito.mil.uy\/wp-content\/uploads\/2026\/01\/2026-01-09-Incendio-5.png 1200w\" sizes=\"(max-width: 1024px) 100vw, 1024px\" \/><\/figure>\n<\/div>\n\n\n\n<div class=\"wp-block-column is-layout-flow wp-block-column-is-layout-flow\">\n<figure class=\"wp-block-image size-large\"><img loading=\"lazy\" decoding=\"async\" width=\"1024\" height=\"683\" src=\"https:\/\/www.ejercito.mil.uy\/wp-content\/uploads\/2026\/01\/2026-01-09-Incendio-8-1024x683.png\" alt=\"\" class=\"wp-image-54495\" srcset=\"https:\/\/www.ejercito.mil.uy\/wp-content\/uploads\/2026\/01\/2026-01-09-Incendio-8-1024x683.png 1024w, https:\/\/www.ejercito.mil.uy\/wp-content\/uploads\/2026\/01\/2026-01-09-Incendio-8-300x200.png 300w, https:\/\/www.ejercito.mil.uy\/wp-content\/uploads\/2026\/01\/2026-01-09-Incendio-8.png 1200w\" sizes=\"(max-width: 1024px) 100vw, 1024px\" \/><\/figure>\n<\/div>\n<\/div>\n\n\n\n<div style=\"height:33px\" aria-hidden=\"true\" class=\"wp-block-spacer\"><\/div>\n\n\n\n<p class=\"has-black-color has-text-color has-background has-link-color wp-elements-82b371ac530e51aa46e1c9e3bddb2432\" style=\"background-color:#e6cd87\">Ver nota a partir del minuto 01:14 en la edici\u00f3n #1 del informativo Ej\u00e9rcito del Uruguay &#8211; <a href=\"https:\/\/www.youtube.com\/watch?v=of82gSj6lX8&amp;t=56s\" title=\"\">Secciones de Apoyo a Emergencias<\/a><\/p>\n","protected":false},"excerpt":{"rendered":"<p>19.01.2026 &#8211; Durante la madrugada, se activ\u00f3 la Secci\u00f3n de Apoyo a Emergencias del Batall\u00f3n de Infanter\u00eda Mecanizado N\u00ba12, aproximadamente 30 efectivos trabajan en apoyo a Bomberos para extinguir el fuego en Rocha.<\/p>\n","protected":false},"author":15,"featured_media":54496,"comment_status":"open","ping_status":"open","sticky":false,"template":"","format":"standard","meta":{"_coblocks_attr":"","_coblocks_dimensions":"","_coblocks_responsive_height":"","_coblocks_accordion_ie_support":"","_monsterinsights_skip_tracking":false,"_monsterinsights_sitenote_active":false,"_monsterinsights_sitenote_note":"","_monsterinsights_sitenote_category":0,"_uf_show_specific_survey":0,"_uf_disable_surveys":false,"footnotes":""},"categories":[2,10,14],"tags":[27,298,688,696,2171,160,2182,102,33],"class_list":["post-54490","post","type-post","status-publish","format-standard","has-post-thumbnail","hentry","category-blog","category-destacados","category-noticias","tag-apoyo","tag-bomberos","tag-efectivos","tag-emergencia","tag-helicopteros","tag-incendio","tag-la-esmeralda","tag-rocha","tag-seguridad"],"aioseo_notices":[],"_links":{"self":[{"href":"https:\/\/www.ejercito.mil.uy\/index.php\/wp-json\/wp\/v2\/posts\/54490","targetHints":{"allow":["GET"]}}],"collection":[{"href":"https:\/\/www.ejercito.mil.uy\/index.php\/wp-json\/wp\/v2\/posts"}],"about":[{"href":"https:\/\/www.ejercito.mil.uy\/index.php\/wp-json\/wp\/v2\/types\/post"}],"author":[{"embeddable":true,"href":"https:\/\/www.ejercito.mil.uy\/index.php\/wp-json\/wp\/v2\/users\/15"}],"replies":[{"embeddable":true,"href":"https:\/\/www.ejercito.mil.uy\/index.php\/wp-json\/wp\/v2\/comments?post=54490"}],"version-history":[{"count":6,"href":"https:\/\/www.ejercito.mil.uy\/index.php\/wp-json\/wp\/v2\/posts\/54490\/revisions"}],"predecessor-version":[{"id":56222,"href":"https:\/\/www.ejercito.mil.uy\/index.php\/wp-json\/wp\/v2\/posts\/54490\/revisions\/56222"}],"wp:featuredmedia":[{"embeddable":true,"href":"https:\/\/www.ejercito.mil.uy\/index.php\/wp-json\/wp\/v2\/media\/54496"}],"wp:attachment":[{"href":"https:\/\/www.ejercito.mil.uy\/index.php\/wp-json\/wp\/v2\/media?parent=54490"}],"wp:term":[{"taxonomy":"category","embeddable":true,"href":"https:\/\/www.ejercito.mil.uy\/index.php\/wp-json\/wp\/v2\/categories?post=54490"},{"taxonomy":"post_tag","embeddable":true,"href":"https:\/\/www.ejercito.mil.uy\/index.php\/wp-json\/wp\/v2\/tags?post=54490"}],"curies":[{"name":"wp","href":"https:\/\/api.w.org\/{rel}","templated":true}]}}