{"id":54607,"date":"2026-01-26T08:12:59","date_gmt":"2026-01-26T11:12:59","guid":{"rendered":"https:\/\/www.ejercito.mil.uy\/?p=54607"},"modified":"2026-01-26T11:50:13","modified_gmt":"2026-01-26T14:50:13","slug":"ceremonia-de-recordatorio-por-el-fallecimiento-del-soldado-1a-rodolfo-alvarez-en-la-r-d-congo","status":"publish","type":"post","link":"https:\/\/www.ejercito.mil.uy\/index.php\/2026\/01\/26\/ceremonia-de-recordatorio-por-el-fallecimiento-del-soldado-1a-rodolfo-alvarez-en-la-r-d-congo\/","title":{"rendered":"Recordatorio por el fallecimiento del Soldado 1\u00aa Rodolfo \u00c1lvarez"},"content":{"rendered":"\n<p class=\"has-black-color has-text-color has-link-color has-small-font-size wp-elements-245eadc79d53ee9f2f3adc3af19d35fa\">25.01.2026 &#8211; <strong>Rep\u00fablica Democr\u00e1tica del Congo<\/strong><\/p>\n\n\n\n<div style=\"height:61px\" aria-hidden=\"true\" class=\"wp-block-spacer\"><\/div>\n\n\n\n<p class=\"is-style-success has-black-color has-text-color has-background has-link-color has-medium-font-size wp-elements-1cd928cf8754085f6d7cd13dc5c3b4bc\" style=\"background-color:#7ab1e8\"><strong>Se cumpli\u00f3 un a\u00f1o del fallecimiento del Soldado 1\u00aa Rodolfo Cipriano \u00c1lvarez Su\u00e1rez<\/strong>, perteneciente al Grupo de Escuadrones de Caballer\u00eda Mecanizado N\u00ba1, <strong>quien el 25 de enero de 2025 perdi\u00f3 la vida mientras se encontraba desplegado en la Rep\u00fablica Democr\u00e1tica del Congo (Misi\u00f3n MONUSCO)<\/strong>, en cumplimiento del deber militar para proteger a los m\u00e1s vulnerables.<\/p>\n\n\n\n<div style=\"height:61px\" aria-hidden=\"true\" class=\"wp-block-spacer\"><\/div>\n\n\n\n<figure class=\"wp-block-image size-large\"><img fetchpriority=\"high\" decoding=\"async\" width=\"1024\" height=\"683\" src=\"https:\/\/www.ejercito.mil.uy\/wp-content\/uploads\/2026\/01\/7-1024x683.jpg\" alt=\"\" class=\"wp-image-54614\" srcset=\"https:\/\/www.ejercito.mil.uy\/wp-content\/uploads\/2026\/01\/7-1024x683.jpg 1024w, https:\/\/www.ejercito.mil.uy\/wp-content\/uploads\/2026\/01\/7-300x200.jpg 300w, https:\/\/www.ejercito.mil.uy\/wp-content\/uploads\/2026\/01\/7.jpg 1200w\" sizes=\"(max-width: 1024px) 100vw, 1024px\" \/><\/figure>\n\n\n\n<div style=\"height:61px\" aria-hidden=\"true\" class=\"wp-block-spacer\"><\/div>\n\n\n\n<p class=\"has-black-color has-text-color has-link-color wp-elements-0262ed19c2e8541c7c1fa6859499ea68\">Su ejemplo y recuerdo eterno no solo permanecer\u00e1 en la memoria y el coraz\u00f3n de todos quienes entendemos a la vida militar como un acto de profunda humanidad en favor del bien com\u00fan, sino que, ser\u00e1 una permanente gu\u00eda cada vez que la duda, el miedo o la desesperaci\u00f3n de los m\u00e1s necesitados requiera de nuestra intervenci\u00f3n. Su sacrificio, es un s\u00edmbolo de entrega, valent\u00eda y compromiso con los valores que distinguen a los Orientales en cualquier lugar donde est\u00e9n.<\/p>\n\n\n\n<div style=\"height:61px\" aria-hidden=\"true\" class=\"wp-block-spacer\"><\/div>\n\n\n\n<figure class=\"wp-block-image size-large\"><img decoding=\"async\" width=\"1024\" height=\"683\" src=\"https:\/\/www.ejercito.mil.uy\/wp-content\/uploads\/2026\/01\/2-1-1024x683.jpg\" alt=\"\" class=\"wp-image-54609\" srcset=\"https:\/\/www.ejercito.mil.uy\/wp-content\/uploads\/2026\/01\/2-1-1024x683.jpg 1024w, https:\/\/www.ejercito.mil.uy\/wp-content\/uploads\/2026\/01\/2-1-300x200.jpg 300w, https:\/\/www.ejercito.mil.uy\/wp-content\/uploads\/2026\/01\/2-1.jpg 1200w\" sizes=\"(max-width: 1024px) 100vw, 1024px\" \/><\/figure>\n\n\n\n<div style=\"height:61px\" aria-hidden=\"true\" class=\"wp-block-spacer\"><\/div>\n\n\n\n<p class=\"has-black-color has-text-color has-link-color wp-elements-3db16365613d7ffa1aef6b24ec982f89\">En esta fecha de profundo significado, efectivos del Batall\u00f3n \u201cUruguay IV\u201d realizaron un acto conmemorativo en su memoria, recordando no solo su entrega, sino tambi\u00e9n la de todos aquellos que, a lo largo del tiempo, han dado su vida al servicio de la paz.<\/p>\n\n\n\n<div style=\"height:61px\" aria-hidden=\"true\" class=\"wp-block-spacer\"><\/div>\n\n\n\n<figure class=\"wp-block-image size-large\"><img decoding=\"async\" width=\"1024\" height=\"683\" src=\"https:\/\/www.ejercito.mil.uy\/wp-content\/uploads\/2026\/01\/6-1-1024x683.jpg\" alt=\"\" class=\"wp-image-54613\" srcset=\"https:\/\/www.ejercito.mil.uy\/wp-content\/uploads\/2026\/01\/6-1-1024x683.jpg 1024w, https:\/\/www.ejercito.mil.uy\/wp-content\/uploads\/2026\/01\/6-1-300x200.jpg 300w, https:\/\/www.ejercito.mil.uy\/wp-content\/uploads\/2026\/01\/6-1.jpg 1200w\" sizes=\"(max-width: 1024px) 100vw, 1024px\" \/><\/figure>\n\n\n\n<div style=\"height:61px\" aria-hidden=\"true\" class=\"wp-block-spacer\"><\/div>\n\n\n\n<p class=\"has-black-color has-text-color has-link-color wp-elements-6c44abb37d5cfa5e1a6dd26c40189081\">El Ej\u00e9rcito Nacional acompa\u00f1a con sincero pesar y profundo respeto a sus familiares, seres queridos y camaradas, honrando su memoria y su ejemplo de entrega, valent\u00eda y vocaci\u00f3n de servicio, valores que perdurar\u00e1n como legado imborrable y gu\u00eda moral para las generaciones presentes y futuras, porque \u201clo que hacemos en vida, tiene eco en la eternidad\u201d.<\/p>\n\n\n\n<div style=\"height:61px\" aria-hidden=\"true\" class=\"wp-block-spacer\"><\/div>\n\n\n\n<div style=\"height:10px\" aria-hidden=\"true\" class=\"wp-block-spacer\"><\/div>\n\n\n\n<figure class=\"wp-block-image size-large\"><img loading=\"lazy\" decoding=\"async\" width=\"1024\" height=\"683\" src=\"https:\/\/www.ejercito.mil.uy\/wp-content\/uploads\/2026\/01\/3-1-1024x683.jpg\" alt=\"\" class=\"wp-image-54610\" srcset=\"https:\/\/www.ejercito.mil.uy\/wp-content\/uploads\/2026\/01\/3-1-1024x683.jpg 1024w, https:\/\/www.ejercito.mil.uy\/wp-content\/uploads\/2026\/01\/3-1-300x200.jpg 300w, https:\/\/www.ejercito.mil.uy\/wp-content\/uploads\/2026\/01\/3-1.jpg 1200w\" sizes=\"(max-width: 1024px) 100vw, 1024px\" \/><\/figure>\n\n\n\n<div style=\"height:33px\" aria-hidden=\"true\" class=\"wp-block-spacer\"><\/div>\n\n\n\n<p><\/p>\n","protected":false},"excerpt":{"rendered":"<p>25.01.2026 &#8211; Ceremonia tras cumplirse un a\u00f1o del fallecimiento del Soldado 1\u00aa Rodolfo \u00c1lvarez en la R.D.Congo.<\/p>\n","protected":false},"author":12,"featured_media":54614,"comment_status":"open","ping_status":"open","sticky":false,"template":"","format":"standard","meta":{"_coblocks_attr":"","_coblocks_dimensions":"","_coblocks_responsive_height":"","_coblocks_accordion_ie_support":"","_monsterinsights_skip_tracking":false,"_monsterinsights_sitenote_active":false,"_monsterinsights_sitenote_note":"","_monsterinsights_sitenote_category":0,"_uf_show_specific_survey":0,"_uf_disable_surveys":false,"footnotes":""},"categories":[2,10,237,14],"tags":[207,416,2189,1863,1317,241,19,139,62,67,473,31],"class_list":["post-54607","post","type-post","status-publish","format-standard","has-post-thumbnail","hentry","category-blog","category-destacados","category-misiones","category-noticias","tag-cascos-azules","tag-conmemoracion","tag-honores","tag-mantenimiento-de-la-paz","tag-mision-de-paz","tag-monusco","tag-mop","tag-onu","tag-paz","tag-peacekeeper","tag-rdc","tag-rdcongo"],"aioseo_notices":[],"_links":{"self":[{"href":"https:\/\/www.ejercito.mil.uy\/index.php\/wp-json\/wp\/v2\/posts\/54607","targetHints":{"allow":["GET"]}}],"collection":[{"href":"https:\/\/www.ejercito.mil.uy\/index.php\/wp-json\/wp\/v2\/posts"}],"about":[{"href":"https:\/\/www.ejercito.mil.uy\/index.php\/wp-json\/wp\/v2\/types\/post"}],"author":[{"embeddable":true,"href":"https:\/\/www.ejercito.mil.uy\/index.php\/wp-json\/wp\/v2\/users\/12"}],"replies":[{"embeddable":true,"href":"https:\/\/www.ejercito.mil.uy\/index.php\/wp-json\/wp\/v2\/comments?post=54607"}],"version-history":[{"count":7,"href":"https:\/\/www.ejercito.mil.uy\/index.php\/wp-json\/wp\/v2\/posts\/54607\/revisions"}],"predecessor-version":[{"id":54624,"href":"https:\/\/www.ejercito.mil.uy\/index.php\/wp-json\/wp\/v2\/posts\/54607\/revisions\/54624"}],"wp:featuredmedia":[{"embeddable":true,"href":"https:\/\/www.ejercito.mil.uy\/index.php\/wp-json\/wp\/v2\/media\/54614"}],"wp:attachment":[{"href":"https:\/\/www.ejercito.mil.uy\/index.php\/wp-json\/wp\/v2\/media?parent=54607"}],"wp:term":[{"taxonomy":"category","embeddable":true,"href":"https:\/\/www.ejercito.mil.uy\/index.php\/wp-json\/wp\/v2\/categories?post=54607"},{"taxonomy":"post_tag","embeddable":true,"href":"https:\/\/www.ejercito.mil.uy\/index.php\/wp-json\/wp\/v2\/tags?post=54607"}],"curies":[{"name":"wp","href":"https:\/\/api.w.org\/{rel}","templated":true}]}}