{"id":5461,"date":"2021-08-15T11:11:31","date_gmt":"2021-08-15T14:11:31","guid":{"rendered":"https:\/\/www.ejercito.mil.uy\/?p=5461"},"modified":"2024-08-02T09:59:42","modified_gmt":"2024-08-02T12:59:42","slug":"linea-0800-8353","status":"publish","type":"post","link":"https:\/\/www.ejercito.mil.uy\/index.php\/2021\/08\/15\/linea-0800-8353\/","title":{"rendered":"L\u00ednea 0800 8353"},"content":{"rendered":"\n<p style=\"font-size:14px\"><\/p>\n\n\n\n<div style=\"height:24px\" aria-hidden=\"true\" class=\"wp-block-spacer\"><\/div>\n\n\n\n<p class=\"has-white-color has-vivid-red-background-color has-text-color has-background has-huge-font-size\"><strong>LLAMA:<\/strong> <strong>L\u00ednea 0800 8353<\/strong><\/p>\n\n\n\n<p class=\"has-white-color has-vivid-red-background-color has-text-color has-background has-medium-font-size\"><img decoding=\"async\" height=\"16\" width=\"16\" alt=\"\ud83d\udc49\" src=\"https:\/\/static.xx.fbcdn.net\/images\/emoji.php\/v9\/t51\/1\/16\/1f449.png\">&nbsp;Si tienes un familiar desplegado en&nbsp;MOP&nbsp;y necesitas apoyo psicol\u00f3gico o social<\/p>\n\n\n\n<p class=\"has-white-color has-vivid-red-background-color has-text-color has-background has-medium-font-size\"><img decoding=\"async\" height=\"16\" width=\"16\" alt=\"\ud83d\udc49\" src=\"https:\/\/static.xx.fbcdn.net\/images\/emoji.php\/v9\/t51\/1\/16\/1f449.png\">&nbsp;Si eres militar y te encuentras prestando servicios dentro del Uruguay y necesitas apoyo psicol\u00f3gico<\/p>\n\n\n\n<p class=\"has-white-color has-vivid-red-background-color has-text-color has-background has-medium-font-size\">L\u00ednea gratuita del Ej\u00e9rcito es atendida por psic\u00f3logos, que brinda contenci\u00f3n profesional de manera directa y confidencial.<\/p>\n\n\n\n<div style=\"height:33px\" aria-hidden=\"true\" class=\"wp-block-spacer\"><\/div>\n\n\n<div class=\"wp-block-image\">\n<figure class=\"aligncenter size-large\"><img fetchpriority=\"high\" decoding=\"async\" width=\"725\" height=\"1024\" src=\"https:\/\/www.ejercito.mil.uy\/wp-content\/uploads\/2021\/08\/0800_8353-725x1024.jpg\" alt=\"\" class=\"wp-image-5465\" srcset=\"https:\/\/www.ejercito.mil.uy\/wp-content\/uploads\/2021\/08\/0800_8353-725x1024.jpg 725w, https:\/\/www.ejercito.mil.uy\/wp-content\/uploads\/2021\/08\/0800_8353-213x300.jpg 213w, https:\/\/www.ejercito.mil.uy\/wp-content\/uploads\/2021\/08\/0800_8353.jpg 1122w\" sizes=\"(max-width: 725px) 100vw, 725px\" \/><\/figure>\n<\/div>\n\n\n<div style=\"height:66px\" aria-hidden=\"true\" class=\"wp-block-spacer\"><\/div>\n\n\n\n<hr class=\"wp-block-separator has-text-color has-vivid-cyan-blue-color has-css-opacity has-vivid-cyan-blue-background-color has-background is-style-wide\"\/>\n\n\n\n<p>Compartimos un art\u00edculo publicado en la revista La Fuerza de todos, en su edici\u00f3n N\u00b0 41. <strong>El estr\u00e9s durante las Misiones de Paz: qu\u00e9 lo provoca y c\u00f3mo disminuir sus efectos negativos.<\/strong><\/p>\n\n\n\n<div style=\"height:33px\" aria-hidden=\"true\" class=\"wp-block-spacer\"><\/div>\n\n\n\n<p>Link al art\u00edculo referente a estr\u00e9s (p\u00e1gina 3) <img decoding=\"async\" height=\"16\" width=\"16\" alt=\"\ud83d\udc49\" src=\"https:\/\/static.xx.fbcdn.net\/images\/emoji.php\/v9\/t51\/1\/16\/1f449.png\"><\/p>\n\n\n\n<div style=\"height:33px\" aria-hidden=\"true\" class=\"wp-block-spacer\"><\/div>\n\n\n\n<p><strong>Art\u00edculo original del Dr. David M. Karp<\/strong><\/p>\n\n\n\n<div style=\"height:33px\" aria-hidden=\"true\" class=\"wp-block-spacer\"><\/div>\n\n\n\n<div data-wp-interactive=\"core\/file\" class=\"wp-block-file aligncenter\"><object data-wp-bind--hidden=\"!state.hasPdfPreview\" hidden class=\"wp-block-file__embed\" data=\"https:\/\/www.ejercito.mil.uy\/wp-content\/uploads\/2021\/08\/9_estres-durante-las-misiones-de-paz-definitiva-_12-11-14-1.pdf\" type=\"application\/pdf\" style=\"width:100%;height:600px\" aria-label=\"Embed of 9_estres-durante-las-misiones-de-paz-definitiva-_12-11-14-1.\"><\/object><a href=\"https:\/\/www.ejercito.mil.uy\/wp-content\/uploads\/2021\/08\/9_estres-durante-las-misiones-de-paz-definitiva-_12-11-14-1.pdf\">9_estres-durante-las-misiones-de-paz-definitiva-_12-11-14-1<\/a><a href=\"https:\/\/www.ejercito.mil.uy\/wp-content\/uploads\/2021\/08\/9_estres-durante-las-misiones-de-paz-definitiva-_12-11-14-1.pdf\" class=\"wp-block-file__button wp-element-button\" download>Descarga<\/a><\/div>\n\n\n\n<div style=\"height:99px\" aria-hidden=\"true\" class=\"wp-block-spacer\"><\/div>\n\n\n\n<p><\/p>\n","protected":false},"excerpt":{"rendered":"<p>L\u00ednea 0800 8353 &#8211; Apoyo psicol\u00f3gico y social para integrantes del Ej\u00e9rcito y familiares de militares en MOP.<\/p>\n","protected":false},"author":4,"featured_media":5464,"comment_status":"closed","ping_status":"open","sticky":false,"template":"","format":"standard","meta":{"_coblocks_attr":"","_coblocks_dimensions":"","_coblocks_responsive_height":"","_coblocks_accordion_ie_support":"","_monsterinsights_skip_tracking":false,"_monsterinsights_sitenote_active":false,"_monsterinsights_sitenote_note":"","_monsterinsights_sitenote_category":0,"_uf_show_specific_survey":0,"_uf_disable_surveys":false,"footnotes":""},"categories":[2,10,14],"tags":[27,32,29,30,28,37],"class_list":["post-5461","post","type-post","status-publish","format-standard","has-post-thumbnail","hentry","category-blog","category-destacados","category-noticias","tag-apoyo","tag-bienestar","tag-comunidad","tag-misiones-operativas-de-paz","tag-social","tag-sociedad"],"aioseo_notices":[],"_links":{"self":[{"href":"https:\/\/www.ejercito.mil.uy\/index.php\/wp-json\/wp\/v2\/posts\/5461","targetHints":{"allow":["GET"]}}],"collection":[{"href":"https:\/\/www.ejercito.mil.uy\/index.php\/wp-json\/wp\/v2\/posts"}],"about":[{"href":"https:\/\/www.ejercito.mil.uy\/index.php\/wp-json\/wp\/v2\/types\/post"}],"author":[{"embeddable":true,"href":"https:\/\/www.ejercito.mil.uy\/index.php\/wp-json\/wp\/v2\/users\/4"}],"replies":[{"embeddable":true,"href":"https:\/\/www.ejercito.mil.uy\/index.php\/wp-json\/wp\/v2\/comments?post=5461"}],"version-history":[{"count":9,"href":"https:\/\/www.ejercito.mil.uy\/index.php\/wp-json\/wp\/v2\/posts\/5461\/revisions"}],"predecessor-version":[{"id":33201,"href":"https:\/\/www.ejercito.mil.uy\/index.php\/wp-json\/wp\/v2\/posts\/5461\/revisions\/33201"}],"wp:featuredmedia":[{"embeddable":true,"href":"https:\/\/www.ejercito.mil.uy\/index.php\/wp-json\/wp\/v2\/media\/5464"}],"wp:attachment":[{"href":"https:\/\/www.ejercito.mil.uy\/index.php\/wp-json\/wp\/v2\/media?parent=5461"}],"wp:term":[{"taxonomy":"category","embeddable":true,"href":"https:\/\/www.ejercito.mil.uy\/index.php\/wp-json\/wp\/v2\/categories?post=5461"},{"taxonomy":"post_tag","embeddable":true,"href":"https:\/\/www.ejercito.mil.uy\/index.php\/wp-json\/wp\/v2\/tags?post=5461"}],"curies":[{"name":"wp","href":"https:\/\/api.w.org\/{rel}","templated":true}]}}