{"id":54653,"date":"2026-01-30T12:43:17","date_gmt":"2026-01-30T15:43:17","guid":{"rendered":"https:\/\/www.ejercito.mil.uy\/?p=54653"},"modified":"2026-01-30T14:05:50","modified_gmt":"2026-01-30T17:05:50","slug":"relevo-del-jefe-del-departamento-de-apoyo-y-servicios-especiales-del-ejercito","status":"publish","type":"post","link":"https:\/\/www.ejercito.mil.uy\/index.php\/2026\/01\/30\/relevo-del-jefe-del-departamento-de-apoyo-y-servicios-especiales-del-ejercito\/","title":{"rendered":"Relevo del Jefe del Departamento de Apoyo y Servicios Especiales del Ej\u00e9rcito"},"content":{"rendered":"\n<p class=\"has-black-color has-text-color has-link-color has-small-font-size wp-elements-6fd90ce1f09043b72e2acc98d05582d9\">30.01.2026 &#8211; <strong>Comando General del Ej\u00e9rcito<\/strong><\/p>\n\n\n\n<div style=\"height:22px\" aria-hidden=\"true\" class=\"wp-block-spacer\"><\/div>\n\n\n\n<p class=\"has-black-color has-text-color has-background has-link-color wp-elements-577f848723e376d262718827c463e351\" style=\"background-color:#ffcc00\">El viernes 30 de enero, con la presencia del Jefe del Estado Mayor del Ej\u00e9rcito (EME), Gral. Jos\u00e9 M. Mart\u00ednez Quintana, se realiz\u00f3 la<strong> ceremonia del relevo del Jefe del Departamento de Apoyo y Servicios Especiales<\/strong>, asumiendo en el cargo el <strong>Coronel Gabriel Gomensoro<\/strong>.<\/p>\n\n\n\n<div style=\"height:22px\" aria-hidden=\"true\" class=\"wp-block-spacer\"><\/div>\n\n\n\n<figure class=\"wp-block-image size-large\"><img fetchpriority=\"high\" decoding=\"async\" width=\"1024\" height=\"683\" src=\"https:\/\/www.ejercito.mil.uy\/wp-content\/uploads\/2026\/01\/1-3-1024x683.jpg\" alt=\"\" class=\"wp-image-54683\" srcset=\"https:\/\/www.ejercito.mil.uy\/wp-content\/uploads\/2026\/01\/1-3-1024x683.jpg 1024w, https:\/\/www.ejercito.mil.uy\/wp-content\/uploads\/2026\/01\/1-3-300x200.jpg 300w, https:\/\/www.ejercito.mil.uy\/wp-content\/uploads\/2026\/01\/1-3.jpg 1200w\" sizes=\"(max-width: 1024px) 100vw, 1024px\" \/><\/figure>\n\n\n\n<div style=\"height:22px\" aria-hidden=\"true\" class=\"wp-block-spacer\"><\/div>\n\n\n\n<p class=\"has-black-color has-text-color has-link-color has-medium-font-size wp-elements-716245fbc5c8389efe6414660a9735da\">En primera instancia, el Jefe del EME, Gral. Jos\u00e9 Mart\u00ednez salud\u00f3 a los efectivos formados y luego, procedi\u00f3 a pasar revista.<\/p>\n\n\n\n<div style=\"height:22px\" aria-hidden=\"true\" class=\"wp-block-spacer\"><\/div>\n\n\n\n<figure class=\"wp-block-image size-large\"><img decoding=\"async\" width=\"1024\" height=\"683\" src=\"https:\/\/www.ejercito.mil.uy\/wp-content\/uploads\/2026\/01\/4-3-1024x683.jpg\" alt=\"\" class=\"wp-image-54689\" srcset=\"https:\/\/www.ejercito.mil.uy\/wp-content\/uploads\/2026\/01\/4-3-1024x683.jpg 1024w, https:\/\/www.ejercito.mil.uy\/wp-content\/uploads\/2026\/01\/4-3-300x200.jpg 300w, https:\/\/www.ejercito.mil.uy\/wp-content\/uploads\/2026\/01\/4-3.jpg 1200w\" sizes=\"(max-width: 1024px) 100vw, 1024px\" \/><\/figure>\n\n\n\n<div style=\"height:22px\" aria-hidden=\"true\" class=\"wp-block-spacer\"><\/div>\n\n\n\n<p class=\"has-black-color has-text-color has-link-color has-medium-font-size wp-elements-da035d264c3fc5a9326ace01a73598ab\">Posteriormente, se di\u00f3 lectura al Oficio del Comandante en Jefe del Ej\u00e9rcito que dispone el cargo.<\/p>\n\n\n\n<div style=\"height:22px\" aria-hidden=\"true\" class=\"wp-block-spacer\"><\/div>\n\n\n\n<p class=\"has-black-color has-text-color has-link-color has-medium-font-size wp-elements-3d14225a80924c2b0faf7fb456105521\">Seguidamente, el JEME realiz\u00f3 la puesta en posesi\u00f3n del cargo entre los Jefes entrante y saliente.<\/p>\n\n\n\n<div style=\"height:22px\" aria-hidden=\"true\" class=\"wp-block-spacer\"><\/div>\n\n\n\n<div class=\"wp-block-columns is-layout-flex wp-container-core-columns-is-layout-28f84493 wp-block-columns-is-layout-flex\">\n<div class=\"wp-block-column is-layout-flow wp-block-column-is-layout-flow\">\n<figure class=\"wp-block-image size-large\"><img decoding=\"async\" width=\"1024\" height=\"683\" src=\"https:\/\/www.ejercito.mil.uy\/wp-content\/uploads\/2026\/01\/7-2-1024x683.jpg\" alt=\"\" class=\"wp-image-54684\" srcset=\"https:\/\/www.ejercito.mil.uy\/wp-content\/uploads\/2026\/01\/7-2-1024x683.jpg 1024w, https:\/\/www.ejercito.mil.uy\/wp-content\/uploads\/2026\/01\/7-2-300x200.jpg 300w, https:\/\/www.ejercito.mil.uy\/wp-content\/uploads\/2026\/01\/7-2.jpg 1200w\" sizes=\"(max-width: 1024px) 100vw, 1024px\" \/><\/figure>\n<\/div>\n<\/div>\n\n\n\n<div style=\"height:22px\" aria-hidden=\"true\" class=\"wp-block-spacer\"><\/div>\n\n\n\n<p class=\"has-black-color has-text-color has-link-color has-medium-font-size wp-elements-15b557c9f0436011caab78b5033a0264\">Adem\u00e1s, se di\u00f3 lectura al Curriculum Vitae del nuevo Jefe del Departamento de Apoyo y Servicios Especiales del Estado Mayor del Ej\u00e9rcito, Coronel Gabriel Gomensoro.<\/p>\n\n\n\n<div style=\"height:22px\" aria-hidden=\"true\" class=\"wp-block-spacer\"><\/div>\n\n\n\n<p class=\"is-style-success has-black-color has-text-color has-link-color wp-elements-d90f7bd41ceb4b09d84b107c6560b07d\">Nacido en Buenos Aires, Rep\u00fablica Argentina el 02 de abril de 1975, el <strong>Cnel. Gabriel Gomensoro<\/strong> inici\u00f3 su carrera militar el 01 de marzo de 1993 al ingresar a la Escuela Militar. Se gradu\u00f3 como Alf\u00e9rez del Arma de Ingenieros, el 21 de diciembre de 1996 y ascendi\u00f3 a la jerarqu\u00eda de Oficial Superior, el 01 de febrero de 2019. <br><br>A lo largo de su carrera, ha ocupado importantes cargos:<br>&#8211; Jefe del Batall\u00f3n \u201cGral. Celestino Bov\u00e9\u201d de Ingenieros de Combate N\u00b04<br>&#8211; 2\u00b0 Comandante de la Brigada de Ingenieros N\u00b01<br>&#8211; Director de la Direcci\u00f3n de Arquitectura e Ingenier\u00eda Hospitalaria de las Fuerzas Armadas<br><br>Se despleg\u00f3 en Misiones Operativas de Paz, en la Rep\u00fablica Democr\u00e1tica del Congo en 2 oportunidades, 2003 y 2011.<br><br>El Coronel Gomensoro es Licenciado en Ciencias Militares y Oficial Diplomado de Estado Mayor.<\/p>\n\n\n\n<div style=\"height:22px\" aria-hidden=\"true\" class=\"wp-block-spacer\"><\/div>\n\n\n\n<div class=\"wp-block-columns is-layout-flex wp-container-core-columns-is-layout-28f84493 wp-block-columns-is-layout-flex\">\n<div class=\"wp-block-column is-layout-flow wp-block-column-is-layout-flow\">\n<figure class=\"wp-block-image size-large\"><img loading=\"lazy\" decoding=\"async\" width=\"1024\" height=\"683\" src=\"https:\/\/www.ejercito.mil.uy\/wp-content\/uploads\/2026\/01\/8-1-1024x683.jpg\" alt=\"\" class=\"wp-image-54686\" srcset=\"https:\/\/www.ejercito.mil.uy\/wp-content\/uploads\/2026\/01\/8-1-1024x683.jpg 1024w, https:\/\/www.ejercito.mil.uy\/wp-content\/uploads\/2026\/01\/8-1-300x200.jpg 300w, https:\/\/www.ejercito.mil.uy\/wp-content\/uploads\/2026\/01\/8-1.jpg 1200w\" sizes=\"(max-width: 1024px) 100vw, 1024px\" \/><\/figure>\n<\/div>\n\n\n\n<div class=\"wp-block-column is-layout-flow wp-block-column-is-layout-flow\">\n<figure class=\"wp-block-image size-large\"><img loading=\"lazy\" decoding=\"async\" width=\"1024\" height=\"683\" src=\"https:\/\/www.ejercito.mil.uy\/wp-content\/uploads\/2026\/01\/12-1024x683.jpg\" alt=\"\" class=\"wp-image-54687\" srcset=\"https:\/\/www.ejercito.mil.uy\/wp-content\/uploads\/2026\/01\/12-1024x683.jpg 1024w, https:\/\/www.ejercito.mil.uy\/wp-content\/uploads\/2026\/01\/12-300x200.jpg 300w, https:\/\/www.ejercito.mil.uy\/wp-content\/uploads\/2026\/01\/12.jpg 1200w\" sizes=\"(max-width: 1024px) 100vw, 1024px\" \/><\/figure>\n<\/div>\n<\/div>\n\n\n\n<div style=\"height:17px\" aria-hidden=\"true\" class=\"wp-block-spacer\"><\/div>\n\n\n\n<figure class=\"wp-block-image size-large\"><img loading=\"lazy\" decoding=\"async\" width=\"1024\" height=\"683\" src=\"https:\/\/www.ejercito.mil.uy\/wp-content\/uploads\/2026\/01\/9-1-1024x683.jpg\" alt=\"\" class=\"wp-image-54688\" srcset=\"https:\/\/www.ejercito.mil.uy\/wp-content\/uploads\/2026\/01\/9-1-1024x683.jpg 1024w, https:\/\/www.ejercito.mil.uy\/wp-content\/uploads\/2026\/01\/9-1-300x200.jpg 300w, https:\/\/www.ejercito.mil.uy\/wp-content\/uploads\/2026\/01\/9-1.jpg 1200w\" sizes=\"(max-width: 1024px) 100vw, 1024px\" \/><\/figure>\n\n\n\n<div style=\"height:22px\" aria-hidden=\"true\" class=\"wp-block-spacer\"><\/div>\n\n\n\n<p class=\"has-black-color has-text-color has-link-color has-medium-font-size wp-elements-78db205de40d59e32e2236286df5916c\">Para finalizar, la Banda de la Escuela Militar, banderas, escoltas y la Compa\u00f1\u00eda \u00ab23 de junio de 1972\u00bb desfilaron rindiendo honores al son de los acordes de la marcha \u00abEj\u00e9rcito Nacional\u00bb.<\/p>\n\n\n\n<div style=\"height:22px\" aria-hidden=\"true\" class=\"wp-block-spacer\"><\/div>\n\n\n\n<p class=\"has-black-color has-text-color has-link-color has-medium-font-size wp-elements-0fce6a92e765d5b8071ea36584c5717f\">Asistieron al acto Oficiales Generales, Superiores, Jefes, Oficiales Subalternos, Suboficiales, Clases y Soldados.<\/p>\n\n\n\n<div style=\"height:22px\" aria-hidden=\"true\" class=\"wp-block-spacer\"><\/div>\n\n\n\n<div class=\"wp-block-columns is-layout-flex wp-container-core-columns-is-layout-28f84493 wp-block-columns-is-layout-flex\">\n<div class=\"wp-block-column is-layout-flow wp-block-column-is-layout-flow\">\n<figure class=\"wp-block-image size-large\"><img loading=\"lazy\" decoding=\"async\" width=\"1024\" height=\"683\" src=\"https:\/\/www.ejercito.mil.uy\/wp-content\/uploads\/2026\/01\/5-3-1024x683.jpg\" alt=\"\" class=\"wp-image-54690\" srcset=\"https:\/\/www.ejercito.mil.uy\/wp-content\/uploads\/2026\/01\/5-3-1024x683.jpg 1024w, https:\/\/www.ejercito.mil.uy\/wp-content\/uploads\/2026\/01\/5-3-300x200.jpg 300w, https:\/\/www.ejercito.mil.uy\/wp-content\/uploads\/2026\/01\/5-3.jpg 1200w\" sizes=\"(max-width: 1024px) 100vw, 1024px\" \/><\/figure>\n<\/div>\n\n\n\n<div class=\"wp-block-column is-layout-flow wp-block-column-is-layout-flow\">\n<figure class=\"wp-block-image size-large\"><img loading=\"lazy\" decoding=\"async\" width=\"1024\" height=\"683\" src=\"https:\/\/www.ejercito.mil.uy\/wp-content\/uploads\/2026\/01\/10-2-1024x683.jpg\" alt=\"\" class=\"wp-image-54691\" srcset=\"https:\/\/www.ejercito.mil.uy\/wp-content\/uploads\/2026\/01\/10-2-1024x683.jpg 1024w, https:\/\/www.ejercito.mil.uy\/wp-content\/uploads\/2026\/01\/10-2-300x200.jpg 300w, https:\/\/www.ejercito.mil.uy\/wp-content\/uploads\/2026\/01\/10-2.jpg 1200w\" sizes=\"(max-width: 1024px) 100vw, 1024px\" \/><\/figure>\n<\/div>\n<\/div>\n\n\n\n<div style=\"height:22px\" aria-hidden=\"true\" class=\"wp-block-spacer\"><\/div>\n\n\n\n<figure class=\"wp-block-image size-large\"><img loading=\"lazy\" decoding=\"async\" width=\"1024\" height=\"683\" src=\"https:\/\/www.ejercito.mil.uy\/wp-content\/uploads\/2026\/01\/4-4-1024x683.jpg\" alt=\"\" class=\"wp-image-54692\" srcset=\"https:\/\/www.ejercito.mil.uy\/wp-content\/uploads\/2026\/01\/4-4-1024x683.jpg 1024w, https:\/\/www.ejercito.mil.uy\/wp-content\/uploads\/2026\/01\/4-4-300x200.jpg 300w, https:\/\/www.ejercito.mil.uy\/wp-content\/uploads\/2026\/01\/4-4.jpg 1200w\" sizes=\"(max-width: 1024px) 100vw, 1024px\" \/><\/figure>\n\n\n\n<div style=\"height:22px\" aria-hidden=\"true\" class=\"wp-block-spacer\"><\/div>\n\n\n\n<p><\/p>\n","protected":false},"excerpt":{"rendered":"<p>30.01.2026 &#8211; El Coronel Gabriel Gomensoro asumi\u00f3 como nuevo Jefe del Departamento de Apoyo y Servicios Especiales del Ej\u00e9rcito.<\/p>\n","protected":false},"author":9,"featured_media":54693,"comment_status":"open","ping_status":"open","sticky":false,"template":"","format":"standard","meta":{"_coblocks_attr":"","_coblocks_dimensions":"","_coblocks_responsive_height":"","_coblocks_accordion_ie_support":"","_monsterinsights_skip_tracking":false,"_monsterinsights_sitenote_active":false,"_monsterinsights_sitenote_note":"","_monsterinsights_sitenote_category":0,"_uf_show_specific_survey":0,"_uf_disable_surveys":false,"footnotes":""},"categories":[2,10,14,1],"tags":[44,1934,818,652],"class_list":["post-54653","post","type-post","status-publish","format-standard","has-post-thumbnail","hentry","category-blog","category-destacados","category-noticias","category-sin-categoria","tag-ceremonia","tag-dayse","tag-jefe","tag-relevo"],"aioseo_notices":[],"_links":{"self":[{"href":"https:\/\/www.ejercito.mil.uy\/index.php\/wp-json\/wp\/v2\/posts\/54653","targetHints":{"allow":["GET"]}}],"collection":[{"href":"https:\/\/www.ejercito.mil.uy\/index.php\/wp-json\/wp\/v2\/posts"}],"about":[{"href":"https:\/\/www.ejercito.mil.uy\/index.php\/wp-json\/wp\/v2\/types\/post"}],"author":[{"embeddable":true,"href":"https:\/\/www.ejercito.mil.uy\/index.php\/wp-json\/wp\/v2\/users\/9"}],"replies":[{"embeddable":true,"href":"https:\/\/www.ejercito.mil.uy\/index.php\/wp-json\/wp\/v2\/comments?post=54653"}],"version-history":[{"count":12,"href":"https:\/\/www.ejercito.mil.uy\/index.php\/wp-json\/wp\/v2\/posts\/54653\/revisions"}],"predecessor-version":[{"id":54702,"href":"https:\/\/www.ejercito.mil.uy\/index.php\/wp-json\/wp\/v2\/posts\/54653\/revisions\/54702"}],"wp:featuredmedia":[{"embeddable":true,"href":"https:\/\/www.ejercito.mil.uy\/index.php\/wp-json\/wp\/v2\/media\/54693"}],"wp:attachment":[{"href":"https:\/\/www.ejercito.mil.uy\/index.php\/wp-json\/wp\/v2\/media?parent=54653"}],"wp:term":[{"taxonomy":"category","embeddable":true,"href":"https:\/\/www.ejercito.mil.uy\/index.php\/wp-json\/wp\/v2\/categories?post=54653"},{"taxonomy":"post_tag","embeddable":true,"href":"https:\/\/www.ejercito.mil.uy\/index.php\/wp-json\/wp\/v2\/tags?post=54653"}],"curies":[{"name":"wp","href":"https:\/\/api.w.org\/{rel}","templated":true}]}}