{"id":5524,"date":"2021-08-17T21:00:00","date_gmt":"2021-08-18T00:00:00","guid":{"rendered":"https:\/\/www.ejercito.mil.uy\/?p=5524"},"modified":"2024-11-11T08:22:47","modified_gmt":"2024-11-11T11:22:47","slug":"entrenamiento-predespliegue-de-la-compania-de-fusileros-mecanizada-delta-urubatt-2021","status":"publish","type":"post","link":"https:\/\/www.ejercito.mil.uy\/index.php\/2021\/08\/17\/entrenamiento-predespliegue-de-la-compania-de-fusileros-mecanizada-delta-urubatt-2021\/","title":{"rendered":"Entrenamiento predespliegue de la Compa\u00f1\u00eda de Fusileros Mecanizada \u00abDelta\u00bb &#8211; URUBATT 2021"},"content":{"rendered":"\n<p class=\"has-small-font-size\">17.08.2021<\/p>\n\n\n\n<div style=\"height:22px\" aria-hidden=\"true\" class=\"wp-block-spacer\"><\/div>\n\n\n\n<p class=\"has-black-color has-text-color has-link-color has-medium-font-size wp-elements-68e17a5cce5e08b9db239c4c5e2a3d73\">Entre el 12 de julio y el 13 de agosto se concentraron en la sede del <a href=\"https:\/\/www.facebook.com\/Batall%C3%B3n-General-Leonardo-Olivera-de-Infanteria-Mecanizado-Nro-12-317047078470716\/\">Batall\u00f3n \u00abGeneral Leonardo Olivera\u00bb de Infanter\u00eda Mecanizado N\u00ba 12<\/a>, m\u00e1s de 170 efectivos que integran la Compa\u00f1\u00eda de Fusileros Mecanizada \u201cDelta\u201d, pr\u00f3xima a desplegarse en la Rep\u00fablica Democr\u00e1tica del Congo. <\/p>\n\n\n\n<div style=\"height:50px\" aria-hidden=\"true\" class=\"wp-block-spacer\"><\/div>\n\n\n\n<p class=\"has-black-color has-text-color has-link-color wp-elements-e107d74c95909a744210f9e5bdc3ba7b\" style=\"font-size:18px\">El entrenamiento se realiz\u00f3 en varias fases, consisti\u00f3 en una evaluaci\u00f3n inicial, instrucci\u00f3n colectiva de Secci\u00f3n y Sub Unidad y una evaluaci\u00f3n final en forma colectiva. El personal pertenece al \u00e1mbito de la Divisi\u00f3n de Ej\u00e9rcito IV (DEIV) y Reserva General del Ej\u00e9rcito.<\/p>\n\n\n\n<div style=\"height:38px\" aria-hidden=\"true\" class=\"wp-block-spacer\"><\/div>\n\n\n\n<p class=\"has-black-color has-text-color has-link-color wp-elements-399cfb72c7a08c25a52cbc81dae7daad\" style=\"font-size:18px\">Al finalizar la concentraci\u00f3n, la Compa\u00f1\u00eda recibi\u00f3 la visita del Sr. Comandante de la DEIV, Gral. Luis Gonz\u00e1lez, quien hizo entrega del gallardete, s\u00edmbolo que los representar\u00e1 en el \u00e1rea de Misi\u00f3n.<\/p>\n\n\n\n<div style=\"height:99px\" aria-hidden=\"true\" class=\"wp-block-spacer\"><\/div>\n","protected":false},"excerpt":{"rendered":"<p>17.08.2021 &#8211; Entre el 12 de julio y el 13 de agosto se concentraron en la sede del Batall\u00f3n \u00abGeneral Leonardo Olivera\u00bb de Infanter\u00eda Mecanizado N\u00ba 12, m\u00e1s de 170 efectivos que integran la Compa\u00f1\u00eda de Fusileros Mecanizada \u201cDelta\u201d, pr\u00f3xima a desplegarse en la Rep\u00fablica Democr\u00e1tica del Congo. <\/p>\n","protected":false},"author":4,"featured_media":5528,"comment_status":"open","ping_status":"open","sticky":false,"template":"","format":"standard","meta":{"_coblocks_attr":"","_coblocks_dimensions":"","_coblocks_responsive_height":"","_coblocks_accordion_ie_support":"","_monsterinsights_skip_tracking":false,"_monsterinsights_sitenote_active":false,"_monsterinsights_sitenote_note":"","_monsterinsights_sitenote_category":0,"_uf_show_specific_survey":0,"_uf_disable_surveys":false,"footnotes":""},"categories":[2,14],"tags":[],"class_list":["post-5524","post","type-post","status-publish","format-standard","has-post-thumbnail","hentry","category-blog","category-noticias"],"aioseo_notices":[],"_links":{"self":[{"href":"https:\/\/www.ejercito.mil.uy\/index.php\/wp-json\/wp\/v2\/posts\/5524","targetHints":{"allow":["GET"]}}],"collection":[{"href":"https:\/\/www.ejercito.mil.uy\/index.php\/wp-json\/wp\/v2\/posts"}],"about":[{"href":"https:\/\/www.ejercito.mil.uy\/index.php\/wp-json\/wp\/v2\/types\/post"}],"author":[{"embeddable":true,"href":"https:\/\/www.ejercito.mil.uy\/index.php\/wp-json\/wp\/v2\/users\/4"}],"replies":[{"embeddable":true,"href":"https:\/\/www.ejercito.mil.uy\/index.php\/wp-json\/wp\/v2\/comments?post=5524"}],"version-history":[{"count":5,"href":"https:\/\/www.ejercito.mil.uy\/index.php\/wp-json\/wp\/v2\/posts\/5524\/revisions"}],"predecessor-version":[{"id":37145,"href":"https:\/\/www.ejercito.mil.uy\/index.php\/wp-json\/wp\/v2\/posts\/5524\/revisions\/37145"}],"wp:featuredmedia":[{"embeddable":true,"href":"https:\/\/www.ejercito.mil.uy\/index.php\/wp-json\/wp\/v2\/media\/5528"}],"wp:attachment":[{"href":"https:\/\/www.ejercito.mil.uy\/index.php\/wp-json\/wp\/v2\/media?parent=5524"}],"wp:term":[{"taxonomy":"category","embeddable":true,"href":"https:\/\/www.ejercito.mil.uy\/index.php\/wp-json\/wp\/v2\/categories?post=5524"},{"taxonomy":"post_tag","embeddable":true,"href":"https:\/\/www.ejercito.mil.uy\/index.php\/wp-json\/wp\/v2\/tags?post=5524"}],"curies":[{"name":"wp","href":"https:\/\/api.w.org\/{rel}","templated":true}]}}