{"id":5547,"date":"2021-08-18T17:30:00","date_gmt":"2021-08-18T20:30:00","guid":{"rendered":"https:\/\/www.ejercito.mil.uy\/?p=5547"},"modified":"2021-08-19T15:25:25","modified_gmt":"2021-08-19T18:25:25","slug":"saludo-de-la-atleta-militar-maria-pia-fernandez-a-los-alumnos-del-liceo-militar","status":"publish","type":"post","link":"https:\/\/www.ejercito.mil.uy\/index.php\/2021\/08\/18\/saludo-de-la-atleta-militar-maria-pia-fernandez-a-los-alumnos-del-liceo-militar\/","title":{"rendered":"Saludo de la atleta militar Mar\u00eda P\u00eda Fern\u00e1ndez a los alumnos del Liceo Militar"},"content":{"rendered":"\n<p style=\"font-size:14px\">18.08.2021<\/p>\n\n\n\n<div style=\"height:50px\" aria-hidden=\"true\" class=\"wp-block-spacer\"><\/div>\n\n\n\n<p>Compartimos el saludo de la atleta <a href=\"https:\/\/www.facebook.com\/MariaPiaFernandezRun?__cft__[0]=AZWNNFyg63RG7EKE4x1VXqR0d5jU4wnBs91avScYwhfOj_B3VJ5AybS5OhgV0FOdMlib91fyimFXARLXouvcGKk41PPgLK7gfcMTzX0chqn3jYS8rd7M3yDJZyZPFR3u0QWNAorMsAhPt5xcoXx-ojMCxpb1sq3QTx9ugmyaYZRzSHQdvEBk8j1la4i4GsT8k3OERlJ2U5cxPsCcbottHqqpgyYPqfrBTx_w7JuzPunb3g&amp;__tn__=-]K-R\">Mar\u00eda P\u00eda Fern\u00e1ndez<\/a>, dirigido a los alumnos del <a href=\"https:\/\/www.facebook.com\/LiceoMilitaruy\/?__cft__[0]=AZWNNFyg63RG7EKE4x1VXqR0d5jU4wnBs91avScYwhfOj_B3VJ5AybS5OhgV0FOdMlib91fyimFXARLXouvcGKk41PPgLK7gfcMTzX0chqn3jYS8rd7M3yDJZyZPFR3u0QWNAorMsAhPt5xcoXx-ojMCxpb1sq3QTx9ugmyaYZRzSHQdvEBk8j1la4i4GsT8k3OERlJ2U5cxPsCcbottHqqpgyYPqfrBTx_w7JuzPunb3g&amp;__tn__=kK-R\">Liceo Militar \u00abGeneral Artigas\u00bb<\/a>, qui\u00e9n los motiv\u00f3 a seguir adelante en busca de los objetivos que se propongan, ya sean personales, deportivos o profesionales. <\/p>\n\n\n\n<div style=\"height:38px\" aria-hidden=\"true\" class=\"wp-block-spacer\"><\/div>\n\n\n\n<p>Todo esfuerzo tiene su recompensa, persevera y llegar\u00e1s a la meta, \u00a1que nada te detenga!<\/p>\n\n\n\n<div style=\"height:50px\" aria-hidden=\"true\" class=\"wp-block-spacer\"><\/div>\n\n\n\n<figure class=\"wp-block-video aligncenter\"><video autoplay controls muted src=\"https:\/\/www.ejercito.mil.uy\/wp-content\/uploads\/2021\/08\/2021-08-17-Mensaje-de-la-Atleta-Militar-Sdo.-1ra-Maria-Pia-Fernandez-a-los-alumnos-del-Liceo-Militar.mp4\"><\/video><\/figure>\n\n\n\n<p><\/p>\n","protected":false},"excerpt":{"rendered":"<p>18.08.2021 &#8211; Compartimos el saludo de la atleta Mar\u00eda P\u00eda Fern\u00e1ndez, dirigido a los alumnos del Liceo Militar \u00abGeneral Artigas\u00bb, qui\u00e9n los motiv\u00f3 a seguir adelante en busca de los objetivos que se propongan, ya sean personales, deportivos o profesionales.<\/p>\n","protected":false},"author":4,"featured_media":5549,"comment_status":"open","ping_status":"open","sticky":false,"template":"","format":"standard","meta":{"_coblocks_attr":"","_coblocks_dimensions":"","_coblocks_responsive_height":"","_coblocks_accordion_ie_support":"","_monsterinsights_skip_tracking":false,"_monsterinsights_sitenote_active":false,"_monsterinsights_sitenote_note":"","_monsterinsights_sitenote_category":0,"_uf_show_specific_survey":0,"_uf_disable_surveys":false,"footnotes":""},"categories":[2,14],"tags":[166,167],"class_list":["post-5547","post","type-post","status-publish","format-standard","has-post-thumbnail","hentry","category-blog","category-noticias","tag-atletamilitar","tag-liceomilitar"],"aioseo_notices":[],"_links":{"self":[{"href":"https:\/\/www.ejercito.mil.uy\/index.php\/wp-json\/wp\/v2\/posts\/5547","targetHints":{"allow":["GET"]}}],"collection":[{"href":"https:\/\/www.ejercito.mil.uy\/index.php\/wp-json\/wp\/v2\/posts"}],"about":[{"href":"https:\/\/www.ejercito.mil.uy\/index.php\/wp-json\/wp\/v2\/types\/post"}],"author":[{"embeddable":true,"href":"https:\/\/www.ejercito.mil.uy\/index.php\/wp-json\/wp\/v2\/users\/4"}],"replies":[{"embeddable":true,"href":"https:\/\/www.ejercito.mil.uy\/index.php\/wp-json\/wp\/v2\/comments?post=5547"}],"version-history":[{"count":1,"href":"https:\/\/www.ejercito.mil.uy\/index.php\/wp-json\/wp\/v2\/posts\/5547\/revisions"}],"predecessor-version":[{"id":5550,"href":"https:\/\/www.ejercito.mil.uy\/index.php\/wp-json\/wp\/v2\/posts\/5547\/revisions\/5550"}],"wp:featuredmedia":[{"embeddable":true,"href":"https:\/\/www.ejercito.mil.uy\/index.php\/wp-json\/wp\/v2\/media\/5549"}],"wp:attachment":[{"href":"https:\/\/www.ejercito.mil.uy\/index.php\/wp-json\/wp\/v2\/media?parent=5547"}],"wp:term":[{"taxonomy":"category","embeddable":true,"href":"https:\/\/www.ejercito.mil.uy\/index.php\/wp-json\/wp\/v2\/categories?post=5547"},{"taxonomy":"post_tag","embeddable":true,"href":"https:\/\/www.ejercito.mil.uy\/index.php\/wp-json\/wp\/v2\/tags?post=5547"}],"curies":[{"name":"wp","href":"https:\/\/api.w.org\/{rel}","templated":true}]}}