{"id":55584,"date":"2026-03-05T16:04:14","date_gmt":"2026-03-05T19:04:14","guid":{"rendered":"https:\/\/www.ejercito.mil.uy\/?p=55584"},"modified":"2026-03-05T16:04:15","modified_gmt":"2026-03-05T19:04:15","slug":"197-aniversario-del-batallon-florida-de-infanteria-n1","status":"publish","type":"post","link":"https:\/\/www.ejercito.mil.uy\/index.php\/2026\/03\/05\/197-aniversario-del-batallon-florida-de-infanteria-n1\/","title":{"rendered":"197\u00b0 aniversario del Batall\u00f3n \u00abFlorida\u00bb de Infanter\u00eda N\u00b01"},"content":{"rendered":"\n<p class=\"has-black-color has-text-color has-link-color has-small-font-size wp-elements-fba3c0242b5719183e48ced51c2f7fca\">05.03.2026 &#8211; <strong>Montevideo<\/strong><\/p>\n\n\n\n<div style=\"height:22px\" aria-hidden=\"true\" class=\"wp-block-spacer\"><\/div>\n\n\n\n<p class=\"has-white-color has-text-color has-background has-link-color has-medium-font-size wp-elements-b498aba8e6aa745b374e682916a57fed\" style=\"background-color:#317f43\">En la ma\u00f1ana del jueves 05 de marzo, con la presencia de la <mark style=\"background-color:rgba(0, 0, 0, 0)\" class=\"has-inline-color has-white-color\">Ministra de Defensa Nacional, Sra. Sandra Lazo<\/mark>, se realiz\u00f3 la <strong>ceremonia por el 197\u00b0 aniversario del Batall\u00f3n \u00abFlorida\u00bb de Infanter\u00eda N\u00b01, Unidad Custodia y Protocolar del Poder Legislativo.<\/strong><\/p>\n\n\n\n<div style=\"height:22px\" aria-hidden=\"true\" class=\"wp-block-spacer\"><\/div>\n\n\n\n<figure class=\"wp-block-gallery has-nested-images columns-2 is-cropped wp-block-gallery-1 is-layout-flex wp-block-gallery-is-layout-flex\">\n<figure class=\"wp-block-image size-large\"><img fetchpriority=\"high\" decoding=\"async\" width=\"1024\" height=\"683\" data-id=\"55643\" src=\"https:\/\/www.ejercito.mil.uy\/wp-content\/uploads\/2026\/03\/FLORIDA-4-1024x683.jpg\" alt=\"\" class=\"wp-image-55643\" srcset=\"https:\/\/www.ejercito.mil.uy\/wp-content\/uploads\/2026\/03\/FLORIDA-4-1024x683.jpg 1024w, https:\/\/www.ejercito.mil.uy\/wp-content\/uploads\/2026\/03\/FLORIDA-4-300x200.jpg 300w, https:\/\/www.ejercito.mil.uy\/wp-content\/uploads\/2026\/03\/FLORIDA-4.jpg 1200w\" sizes=\"(max-width: 1024px) 100vw, 1024px\" \/><\/figure>\n\n\n\n<figure class=\"wp-block-image size-large\"><img decoding=\"async\" width=\"1024\" height=\"683\" data-id=\"55649\" src=\"https:\/\/www.ejercito.mil.uy\/wp-content\/uploads\/2026\/03\/FLORIDA-28-1024x683.jpg\" alt=\"\" class=\"wp-image-55649\" srcset=\"https:\/\/www.ejercito.mil.uy\/wp-content\/uploads\/2026\/03\/FLORIDA-28-1024x683.jpg 1024w, https:\/\/www.ejercito.mil.uy\/wp-content\/uploads\/2026\/03\/FLORIDA-28-300x200.jpg 300w, https:\/\/www.ejercito.mil.uy\/wp-content\/uploads\/2026\/03\/FLORIDA-28.jpg 1200w\" sizes=\"(max-width: 1024px) 100vw, 1024px\" \/><\/figure>\n\n\n\n<figure class=\"wp-block-image size-large\"><img decoding=\"async\" width=\"1024\" height=\"683\" data-id=\"55644\" src=\"https:\/\/www.ejercito.mil.uy\/wp-content\/uploads\/2026\/03\/FLORIDA-21-1024x683.jpg\" alt=\"\" class=\"wp-image-55644\" srcset=\"https:\/\/www.ejercito.mil.uy\/wp-content\/uploads\/2026\/03\/FLORIDA-21-1024x683.jpg 1024w, https:\/\/www.ejercito.mil.uy\/wp-content\/uploads\/2026\/03\/FLORIDA-21-300x200.jpg 300w, https:\/\/www.ejercito.mil.uy\/wp-content\/uploads\/2026\/03\/FLORIDA-21.jpg 1200w\" sizes=\"(max-width: 1024px) 100vw, 1024px\" \/><\/figure>\n<\/figure>\n\n\n\n<div style=\"height:44px\" aria-hidden=\"true\" class=\"wp-block-spacer\"><\/div>\n\n\n\n<p class=\"has-black-color has-text-color has-link-color wp-elements-cdc401751748cd9ecb0728a6700912b6\" style=\"font-size:18px\">En primera instancia, la Presidente de la Asamblea General en ejercicio, <strong>Senadora Blanca Rodr\u00edguez<\/strong>, acompa\u00f1ada del Jefe del Batall\u00f3n, <strong>Tte. Cnel. Carlos Lauriano<\/strong>, pasaron revista de los efectivos formados.<\/p>\n\n\n\n<div style=\"height:66px\" aria-hidden=\"true\" class=\"wp-block-spacer\"><\/div>\n\n\n\n<figure class=\"wp-block-gallery has-nested-images columns-default is-cropped wp-block-gallery-2 is-layout-flex wp-block-gallery-is-layout-flex\">\n<figure class=\"wp-block-image size-large\"><img loading=\"lazy\" decoding=\"async\" width=\"1024\" height=\"683\" data-id=\"55648\" src=\"https:\/\/www.ejercito.mil.uy\/wp-content\/uploads\/2026\/03\/FLORIDA-6-1024x683.jpg\" alt=\"\" class=\"wp-image-55648\" srcset=\"https:\/\/www.ejercito.mil.uy\/wp-content\/uploads\/2026\/03\/FLORIDA-6-1024x683.jpg 1024w, https:\/\/www.ejercito.mil.uy\/wp-content\/uploads\/2026\/03\/FLORIDA-6-300x200.jpg 300w, https:\/\/www.ejercito.mil.uy\/wp-content\/uploads\/2026\/03\/FLORIDA-6.jpg 1200w\" sizes=\"(max-width: 1024px) 100vw, 1024px\" \/><\/figure>\n\n\n\n<figure class=\"wp-block-image size-large\"><img loading=\"lazy\" decoding=\"async\" width=\"1024\" height=\"683\" data-id=\"55646\" src=\"https:\/\/www.ejercito.mil.uy\/wp-content\/uploads\/2026\/03\/FLORIDA-7-1024x683.jpg\" alt=\"\" class=\"wp-image-55646\" srcset=\"https:\/\/www.ejercito.mil.uy\/wp-content\/uploads\/2026\/03\/FLORIDA-7-1024x683.jpg 1024w, https:\/\/www.ejercito.mil.uy\/wp-content\/uploads\/2026\/03\/FLORIDA-7-300x200.jpg 300w, https:\/\/www.ejercito.mil.uy\/wp-content\/uploads\/2026\/03\/FLORIDA-7.jpg 1200w\" sizes=\"(max-width: 1024px) 100vw, 1024px\" \/><\/figure>\n\n\n\n<figure class=\"wp-block-image size-large\"><img loading=\"lazy\" decoding=\"async\" width=\"1024\" height=\"683\" data-id=\"55645\" src=\"https:\/\/www.ejercito.mil.uy\/wp-content\/uploads\/2026\/03\/FLORIDA-26-1024x683.jpg\" alt=\"\" class=\"wp-image-55645\" srcset=\"https:\/\/www.ejercito.mil.uy\/wp-content\/uploads\/2026\/03\/FLORIDA-26-1024x683.jpg 1024w, https:\/\/www.ejercito.mil.uy\/wp-content\/uploads\/2026\/03\/FLORIDA-26-300x200.jpg 300w, https:\/\/www.ejercito.mil.uy\/wp-content\/uploads\/2026\/03\/FLORIDA-26.jpg 1200w\" sizes=\"(max-width: 1024px) 100vw, 1024px\" \/><\/figure>\n\n\n\n<figure class=\"wp-block-image size-large\"><img loading=\"lazy\" decoding=\"async\" width=\"1024\" height=\"683\" data-id=\"55647\" src=\"https:\/\/www.ejercito.mil.uy\/wp-content\/uploads\/2026\/03\/FLORIDA-25-1024x683.jpg\" alt=\"\" class=\"wp-image-55647\" srcset=\"https:\/\/www.ejercito.mil.uy\/wp-content\/uploads\/2026\/03\/FLORIDA-25-1024x683.jpg 1024w, https:\/\/www.ejercito.mil.uy\/wp-content\/uploads\/2026\/03\/FLORIDA-25-300x200.jpg 300w, https:\/\/www.ejercito.mil.uy\/wp-content\/uploads\/2026\/03\/FLORIDA-25.jpg 1200w\" sizes=\"(max-width: 1024px) 100vw, 1024px\" \/><\/figure>\n<\/figure>\n\n\n\n<div style=\"height:22px\" aria-hidden=\"true\" class=\"wp-block-spacer\"><\/div>\n\n\n\n<p class=\"has-black-color has-text-color has-link-color wp-elements-3a95920fd8014aa4a923484403b44ad7\" style=\"font-size:18px\">La Banda Militar de la Brigada \u00abGral. Eugenio Garz\u00f3n\u00bb de Infanter\u00eda N\u00b01 ejecut\u00f3 el Himno Nacional y se invit\u00f3 a los presentes a entonar sus estrofas.<\/p>\n\n\n\n<div style=\"height:50px\" aria-hidden=\"true\" class=\"wp-block-spacer\"><\/div>\n\n\n\n<figure class=\"wp-block-image size-large\"><img loading=\"lazy\" decoding=\"async\" width=\"1024\" height=\"683\" src=\"https:\/\/www.ejercito.mil.uy\/wp-content\/uploads\/2026\/03\/FLORIDA-13-1024x683.jpg\" alt=\"\" class=\"wp-image-55664\" srcset=\"https:\/\/www.ejercito.mil.uy\/wp-content\/uploads\/2026\/03\/FLORIDA-13-1024x683.jpg 1024w, https:\/\/www.ejercito.mil.uy\/wp-content\/uploads\/2026\/03\/FLORIDA-13-300x200.jpg 300w, https:\/\/www.ejercito.mil.uy\/wp-content\/uploads\/2026\/03\/FLORIDA-13.jpg 1200w\" sizes=\"(max-width: 1024px) 100vw, 1024px\" \/><\/figure>\n\n\n\n<div style=\"height:22px\" aria-hidden=\"true\" class=\"wp-block-spacer\"><\/div>\n\n\n\n<p class=\"has-black-color has-text-color has-link-color wp-elements-4b5025340e8b67450d0adf7b09c47453\" style=\"font-size:18px\">Posteriormente, se hizo entrega de medalla y diploma al personal que pas\u00f3 a situaci\u00f3n de retiro. Se reconoci\u00f3 al:<br>&#8211; <strong>Sgto. Paulo DOS SANTOS<\/strong> con 31 a\u00f1os de servicio bien calificados<br>&#8211; <strong>Sgto. Walter SILVEIRA<\/strong> con 31 a\u00f1os de servicio bien calificados<br>&#8211; <strong>Cabo 1\u00aa Jos\u00e9 SOSA<\/strong> con 30 a\u00f1os de servicio bien calificados <br>&#8211; <strong>Cabo 1\u00aa Richard NADA<\/strong> con 25 a\u00f1os de servicio bien calificados<br>&#8211; <strong>Sdo. 1\u00aa Jos\u00e9 MACEDO<\/strong> con 27 a\u00f1os de servicio bien calificados<\/p>\n\n\n\n<div style=\"height:22px\" aria-hidden=\"true\" class=\"wp-block-spacer\"><\/div>\n\n\n\n<figure class=\"wp-block-image size-large\"><img loading=\"lazy\" decoding=\"async\" width=\"1024\" height=\"683\" src=\"https:\/\/www.ejercito.mil.uy\/wp-content\/uploads\/2026\/03\/FLORIDA-14-1024x683.jpg\" alt=\"\" class=\"wp-image-55665\" srcset=\"https:\/\/www.ejercito.mil.uy\/wp-content\/uploads\/2026\/03\/FLORIDA-14-1024x683.jpg 1024w, https:\/\/www.ejercito.mil.uy\/wp-content\/uploads\/2026\/03\/FLORIDA-14-300x200.jpg 300w, https:\/\/www.ejercito.mil.uy\/wp-content\/uploads\/2026\/03\/FLORIDA-14.jpg 1200w\" sizes=\"(max-width: 1024px) 100vw, 1024px\" \/><\/figure>\n\n\n\n<div style=\"height:66px\" aria-hidden=\"true\" class=\"wp-block-spacer\"><\/div>\n\n\n\n<p class=\"has-black-color has-text-color has-link-color wp-elements-3ee7c1431e457e08d74fdd18ed1fb487\" style=\"font-size:18px\">En su alocuci\u00f3n, el Jefe de la Unidad, record\u00f3 el origen hist\u00f3rico del Batall\u00f3n, se\u00f1alando que \u00ab<strong><em><strong>el 24 de febrero de 1829, en los albores de la organizaci\u00f3n militar del pa\u00eds, se dispuso la creaci\u00f3n del entonces Batall\u00f3n 1\u00ba de Cazadores, origen de esta Unidad<\/strong><\/em>\u00ab.<\/strong><\/p>\n\n\n\n<div style=\"height:33px\" aria-hidden=\"true\" class=\"wp-block-spacer\"><\/div>\n\n\n\n<figure class=\"wp-block-image size-large\"><img loading=\"lazy\" decoding=\"async\" width=\"1024\" height=\"683\" src=\"https:\/\/www.ejercito.mil.uy\/wp-content\/uploads\/2026\/03\/FLORIDA-24-1024x683.jpg\" alt=\"\" class=\"wp-image-55650\" srcset=\"https:\/\/www.ejercito.mil.uy\/wp-content\/uploads\/2026\/03\/FLORIDA-24-1024x683.jpg 1024w, https:\/\/www.ejercito.mil.uy\/wp-content\/uploads\/2026\/03\/FLORIDA-24-300x200.jpg 300w, https:\/\/www.ejercito.mil.uy\/wp-content\/uploads\/2026\/03\/FLORIDA-24.jpg 1200w\" sizes=\"(max-width: 1024px) 100vw, 1024px\" \/><\/figure>\n\n\n\n<div style=\"height:33px\" aria-hidden=\"true\" class=\"wp-block-spacer\"><\/div>\n\n\n\n<p class=\"has-black-color has-text-color has-link-color wp-elements-04af18d08fad192cba05f38406a003ce\" style=\"font-size:18px\">Al referirse a las tareas desarrolladas en apoyo al sistema penitenciario, explic\u00f3 que \u00ab<strong><em>el Batall\u00f3n demostr\u00f3 que el entrenamiento se traduce en resultados concretos: se detectaron y se frustraron tentativas de fuga, actuando con decisi\u00f3n, control de la situaci\u00f3n y cumplimiento estricto de los procedimientos\u00bb.<\/em><\/strong><\/p>\n\n\n\n<div style=\"height:22px\" aria-hidden=\"true\" class=\"wp-block-spacer\"><\/div>\n\n\n\n<p class=\"has-black-color has-text-color has-link-color wp-elements-23d0bcc7d681e84ab9ec1db1a387a89c\" style=\"font-size:18px\">Por \u00faltimo, destac\u00f3 el compromiso institucional afirmando que no custodian <strong><em>\u00absolo un uniforme ni un destino. Custodiamos confianza. Custodiamos a las instituciones. Custodiamos a la Rep\u00fablica\u00bb.<\/em><\/strong><\/p>\n\n\n\n<div style=\"height:0px\" aria-hidden=\"true\" class=\"wp-block-spacer\"><\/div>\n\n\n\n<div style=\"height:44px\" aria-hidden=\"true\" class=\"wp-block-spacer\"><\/div>\n\n\n\n<figure class=\"wp-block-image size-large\"><img loading=\"lazy\" decoding=\"async\" width=\"1024\" height=\"683\" src=\"https:\/\/www.ejercito.mil.uy\/wp-content\/uploads\/2026\/03\/FLORIDA-23-1024x683.jpg\" alt=\"\" class=\"wp-image-55651\" srcset=\"https:\/\/www.ejercito.mil.uy\/wp-content\/uploads\/2026\/03\/FLORIDA-23-1024x683.jpg 1024w, https:\/\/www.ejercito.mil.uy\/wp-content\/uploads\/2026\/03\/FLORIDA-23-300x200.jpg 300w, https:\/\/www.ejercito.mil.uy\/wp-content\/uploads\/2026\/03\/FLORIDA-23.jpg 1200w\" sizes=\"(max-width: 1024px) 100vw, 1024px\" \/><\/figure>\n\n\n\n<div style=\"height:44px\" aria-hidden=\"true\" class=\"wp-block-spacer\"><\/div>\n\n\n\n<p class=\"has-black-color has-text-color has-link-color wp-elements-55d9087abccc109c4cb4f3fe7edc3dee\" style=\"font-size:18px\"><strong><em>\u201cSoldados del Batall\u00f3n \u2018Florida\u2019: (\u2026) que cuando la Rep\u00fablica mire a sus instituciones, nos encuentre como siempre: serenos, firmes y confiables.<\/em><\/strong> <strong><em>\u00a1Viva el Batall\u00f3n &#8216;Florida&#8217;! \u00a1Viva la patria!<\/em><\/strong><\/p>\n\n\n\n<div style=\"height:66px\" aria-hidden=\"true\" class=\"wp-block-spacer\"><\/div>\n\n\n\n<figure class=\"wp-block-gallery has-nested-images columns-2 is-cropped wp-block-gallery-3 is-layout-flex wp-block-gallery-is-layout-flex\">\n<figure class=\"wp-block-image size-large\"><img loading=\"lazy\" decoding=\"async\" width=\"1024\" height=\"683\" data-id=\"55653\" src=\"https:\/\/www.ejercito.mil.uy\/wp-content\/uploads\/2026\/03\/FLORIDA-15-1024x683.jpg\" alt=\"\" class=\"wp-image-55653\" srcset=\"https:\/\/www.ejercito.mil.uy\/wp-content\/uploads\/2026\/03\/FLORIDA-15-1024x683.jpg 1024w, https:\/\/www.ejercito.mil.uy\/wp-content\/uploads\/2026\/03\/FLORIDA-15-300x200.jpg 300w, https:\/\/www.ejercito.mil.uy\/wp-content\/uploads\/2026\/03\/FLORIDA-15.jpg 1200w\" sizes=\"(max-width: 1024px) 100vw, 1024px\" \/><\/figure>\n\n\n\n<figure class=\"wp-block-image size-large\"><img loading=\"lazy\" decoding=\"async\" width=\"1024\" height=\"683\" data-id=\"55656\" src=\"https:\/\/www.ejercito.mil.uy\/wp-content\/uploads\/2026\/03\/FLORIDA-16-1024x683.jpg\" alt=\"\" class=\"wp-image-55656\" srcset=\"https:\/\/www.ejercito.mil.uy\/wp-content\/uploads\/2026\/03\/FLORIDA-16-1024x683.jpg 1024w, https:\/\/www.ejercito.mil.uy\/wp-content\/uploads\/2026\/03\/FLORIDA-16-300x200.jpg 300w, https:\/\/www.ejercito.mil.uy\/wp-content\/uploads\/2026\/03\/FLORIDA-16.jpg 1200w\" sizes=\"(max-width: 1024px) 100vw, 1024px\" \/><\/figure>\n\n\n\n<figure class=\"wp-block-image size-large\"><img loading=\"lazy\" decoding=\"async\" width=\"1024\" height=\"683\" data-id=\"55654\" src=\"https:\/\/www.ejercito.mil.uy\/wp-content\/uploads\/2026\/03\/FLORIDA-17-1024x683.jpg\" alt=\"\" class=\"wp-image-55654\" srcset=\"https:\/\/www.ejercito.mil.uy\/wp-content\/uploads\/2026\/03\/FLORIDA-17-1024x683.jpg 1024w, https:\/\/www.ejercito.mil.uy\/wp-content\/uploads\/2026\/03\/FLORIDA-17-300x200.jpg 300w, https:\/\/www.ejercito.mil.uy\/wp-content\/uploads\/2026\/03\/FLORIDA-17.jpg 1200w\" sizes=\"(max-width: 1024px) 100vw, 1024px\" \/><\/figure>\n\n\n\n<figure class=\"wp-block-image size-large\"><img loading=\"lazy\" decoding=\"async\" width=\"1024\" height=\"683\" data-id=\"55658\" src=\"https:\/\/www.ejercito.mil.uy\/wp-content\/uploads\/2026\/03\/FLORIDA-18-1024x683.jpg\" alt=\"\" class=\"wp-image-55658\" srcset=\"https:\/\/www.ejercito.mil.uy\/wp-content\/uploads\/2026\/03\/FLORIDA-18-1024x683.jpg 1024w, https:\/\/www.ejercito.mil.uy\/wp-content\/uploads\/2026\/03\/FLORIDA-18-300x200.jpg 300w, https:\/\/www.ejercito.mil.uy\/wp-content\/uploads\/2026\/03\/FLORIDA-18.jpg 1200w\" sizes=\"(max-width: 1024px) 100vw, 1024px\" \/><\/figure>\n\n\n\n<figure class=\"wp-block-image size-large\"><img loading=\"lazy\" decoding=\"async\" width=\"1024\" height=\"683\" data-id=\"55657\" src=\"https:\/\/www.ejercito.mil.uy\/wp-content\/uploads\/2026\/03\/FLORIDA-19-1024x683.jpg\" alt=\"\" class=\"wp-image-55657\" srcset=\"https:\/\/www.ejercito.mil.uy\/wp-content\/uploads\/2026\/03\/FLORIDA-19-1024x683.jpg 1024w, https:\/\/www.ejercito.mil.uy\/wp-content\/uploads\/2026\/03\/FLORIDA-19-300x200.jpg 300w, https:\/\/www.ejercito.mil.uy\/wp-content\/uploads\/2026\/03\/FLORIDA-19.jpg 1200w\" sizes=\"(max-width: 1024px) 100vw, 1024px\" \/><\/figure>\n\n\n\n<figure class=\"wp-block-image size-large\"><img loading=\"lazy\" decoding=\"async\" width=\"1024\" height=\"683\" data-id=\"55655\" src=\"https:\/\/www.ejercito.mil.uy\/wp-content\/uploads\/2026\/03\/FLORIDA-20-1024x683.jpg\" alt=\"\" class=\"wp-image-55655\" srcset=\"https:\/\/www.ejercito.mil.uy\/wp-content\/uploads\/2026\/03\/FLORIDA-20-1024x683.jpg 1024w, https:\/\/www.ejercito.mil.uy\/wp-content\/uploads\/2026\/03\/FLORIDA-20-300x200.jpg 300w, https:\/\/www.ejercito.mil.uy\/wp-content\/uploads\/2026\/03\/FLORIDA-20.jpg 1200w\" sizes=\"(max-width: 1024px) 100vw, 1024px\" \/><\/figure>\n<\/figure>\n\n\n\n<div style=\"height:22px\" aria-hidden=\"true\" class=\"wp-block-spacer\"><\/div>\n\n\n\n<p class=\"has-black-color has-text-color has-link-color wp-elements-213341cdfc38786e13e30b2f941652d9\" style=\"font-size:18px\">Para finalizar, la Fuerza de Parada desfil\u00f3 rindiendo honores a las autoridades.<\/p>\n\n\n\n<div style=\"height:66px\" aria-hidden=\"true\" class=\"wp-block-spacer\"><\/div>\n\n\n\n<figure class=\"wp-block-gallery has-nested-images columns-2 is-cropped wp-block-gallery-4 is-layout-flex wp-block-gallery-is-layout-flex\">\n<figure class=\"wp-block-image size-large\"><img loading=\"lazy\" decoding=\"async\" width=\"1024\" height=\"683\" data-id=\"55652\" src=\"https:\/\/www.ejercito.mil.uy\/wp-content\/uploads\/2026\/03\/FLORIDA-3-1024x683.jpg\" alt=\"\" class=\"wp-image-55652\" srcset=\"https:\/\/www.ejercito.mil.uy\/wp-content\/uploads\/2026\/03\/FLORIDA-3-1024x683.jpg 1024w, https:\/\/www.ejercito.mil.uy\/wp-content\/uploads\/2026\/03\/FLORIDA-3-300x200.jpg 300w, https:\/\/www.ejercito.mil.uy\/wp-content\/uploads\/2026\/03\/FLORIDA-3.jpg 1200w\" sizes=\"(max-width: 1024px) 100vw, 1024px\" \/><\/figure>\n\n\n\n<figure class=\"wp-block-image size-large\"><img loading=\"lazy\" decoding=\"async\" width=\"1024\" height=\"683\" data-id=\"55661\" src=\"https:\/\/www.ejercito.mil.uy\/wp-content\/uploads\/2026\/03\/2026-2-1024x683.jpg\" alt=\"\" class=\"wp-image-55661\" srcset=\"https:\/\/www.ejercito.mil.uy\/wp-content\/uploads\/2026\/03\/2026-2-1024x683.jpg 1024w, https:\/\/www.ejercito.mil.uy\/wp-content\/uploads\/2026\/03\/2026-2-300x200.jpg 300w, https:\/\/www.ejercito.mil.uy\/wp-content\/uploads\/2026\/03\/2026-2.jpg 1200w\" sizes=\"(max-width: 1024px) 100vw, 1024px\" \/><\/figure>\n\n\n\n<figure class=\"wp-block-image size-large\"><img loading=\"lazy\" decoding=\"async\" width=\"1024\" height=\"683\" data-id=\"55662\" src=\"https:\/\/www.ejercito.mil.uy\/wp-content\/uploads\/2026\/03\/2026-4-1024x683.jpg\" alt=\"\" class=\"wp-image-55662\" srcset=\"https:\/\/www.ejercito.mil.uy\/wp-content\/uploads\/2026\/03\/2026-4-1024x683.jpg 1024w, https:\/\/www.ejercito.mil.uy\/wp-content\/uploads\/2026\/03\/2026-4-300x200.jpg 300w, https:\/\/www.ejercito.mil.uy\/wp-content\/uploads\/2026\/03\/2026-4.jpg 1200w\" sizes=\"(max-width: 1024px) 100vw, 1024px\" \/><\/figure>\n\n\n\n<figure class=\"wp-block-image size-large\"><img loading=\"lazy\" decoding=\"async\" width=\"1024\" height=\"683\" data-id=\"55663\" src=\"https:\/\/www.ejercito.mil.uy\/wp-content\/uploads\/2026\/03\/2026-3-1024x683.jpg\" alt=\"\" class=\"wp-image-55663\" srcset=\"https:\/\/www.ejercito.mil.uy\/wp-content\/uploads\/2026\/03\/2026-3-1024x683.jpg 1024w, https:\/\/www.ejercito.mil.uy\/wp-content\/uploads\/2026\/03\/2026-3-300x200.jpg 300w, https:\/\/www.ejercito.mil.uy\/wp-content\/uploads\/2026\/03\/2026-3.jpg 1200w\" sizes=\"(max-width: 1024px) 100vw, 1024px\" \/><\/figure>\n\n\n\n<figure class=\"wp-block-image size-large\"><img loading=\"lazy\" decoding=\"async\" width=\"1024\" height=\"683\" data-id=\"55660\" src=\"https:\/\/www.ejercito.mil.uy\/wp-content\/uploads\/2026\/03\/2026-1-1024x683.jpg\" alt=\"\" class=\"wp-image-55660\" srcset=\"https:\/\/www.ejercito.mil.uy\/wp-content\/uploads\/2026\/03\/2026-1-1024x683.jpg 1024w, https:\/\/www.ejercito.mil.uy\/wp-content\/uploads\/2026\/03\/2026-1-300x200.jpg 300w, https:\/\/www.ejercito.mil.uy\/wp-content\/uploads\/2026\/03\/2026-1.jpg 1200w\" sizes=\"(max-width: 1024px) 100vw, 1024px\" \/><\/figure>\n<\/figure>\n\n\n\n<div style=\"height:22px\" aria-hidden=\"true\" class=\"wp-block-spacer\"><\/div>\n\n\n\n<p class=\"has-black-color has-text-color has-link-color wp-elements-f74c8a887d359649e06b6c8d3b988730\" style=\"font-size:18px\">Adem\u00e1s, asistieron al acto Oficiales Generales en actividad y retiro, el Cte. de la Brigada de Infanter\u00eda N\u00b01, autoridades militares en actividad y retiro, el Jefe de Plana Mayor del Batall\u00f3n Simb\u00f3lico de Infanter\u00eda \u00abGral. Le\u00f3n de Palleja\u00bb, <a href=\"https:\/\/www.facebook.com\/PATRICIOSDEBUENOSAIRES\/\" target=\"_blank\" rel=\"noopener\" title=\"\">Jefe del Regimiento de Infanter\u00eda N\u00b01 \u00abPatricios\u00bb de la Rep. Argentina<\/a>, Personal Subalterno e invitados especiales.<\/p>\n\n\n\n<div style=\"height:100px\" aria-hidden=\"true\" class=\"wp-block-spacer\"><\/div>\n","protected":false},"excerpt":{"rendered":"<p>05.03.2026 &#8211; Se conmemoraron los 197 a\u00f1os de creaci\u00f3n de la Unidad Custodia y Protocolar del Poder Legislativo. <\/p>\n","protected":false},"author":17,"featured_media":55640,"comment_status":"open","ping_status":"open","sticky":false,"template":"","format":"standard","meta":{"_coblocks_attr":"","_coblocks_dimensions":"","_coblocks_responsive_height":"","_coblocks_accordion_ie_support":"","_monsterinsights_skip_tracking":false,"_monsterinsights_sitenote_active":false,"_monsterinsights_sitenote_note":"","_monsterinsights_sitenote_category":0,"_uf_show_specific_survey":0,"_uf_disable_surveys":false,"footnotes":""},"categories":[2,10,14,1],"tags":[2218,58,2220,406,688,105,71,255],"class_list":["post-55584","post","type-post","status-publish","format-standard","has-post-thumbnail","hentry","category-blog","category-destacados","category-noticias","category-sin-categoria","tag-197-anos","tag-aniversario","tag-arma-de-infanteria","tag-desfile","tag-efectivos","tag-florida","tag-infanteria","tag-reconocimiento"],"aioseo_notices":[],"_links":{"self":[{"href":"https:\/\/www.ejercito.mil.uy\/index.php\/wp-json\/wp\/v2\/posts\/55584","targetHints":{"allow":["GET"]}}],"collection":[{"href":"https:\/\/www.ejercito.mil.uy\/index.php\/wp-json\/wp\/v2\/posts"}],"about":[{"href":"https:\/\/www.ejercito.mil.uy\/index.php\/wp-json\/wp\/v2\/types\/post"}],"author":[{"embeddable":true,"href":"https:\/\/www.ejercito.mil.uy\/index.php\/wp-json\/wp\/v2\/users\/17"}],"replies":[{"embeddable":true,"href":"https:\/\/www.ejercito.mil.uy\/index.php\/wp-json\/wp\/v2\/comments?post=55584"}],"version-history":[{"count":16,"href":"https:\/\/www.ejercito.mil.uy\/index.php\/wp-json\/wp\/v2\/posts\/55584\/revisions"}],"predecessor-version":[{"id":55666,"href":"https:\/\/www.ejercito.mil.uy\/index.php\/wp-json\/wp\/v2\/posts\/55584\/revisions\/55666"}],"wp:featuredmedia":[{"embeddable":true,"href":"https:\/\/www.ejercito.mil.uy\/index.php\/wp-json\/wp\/v2\/media\/55640"}],"wp:attachment":[{"href":"https:\/\/www.ejercito.mil.uy\/index.php\/wp-json\/wp\/v2\/media?parent=55584"}],"wp:term":[{"taxonomy":"category","embeddable":true,"href":"https:\/\/www.ejercito.mil.uy\/index.php\/wp-json\/wp\/v2\/categories?post=55584"},{"taxonomy":"post_tag","embeddable":true,"href":"https:\/\/www.ejercito.mil.uy\/index.php\/wp-json\/wp\/v2\/tags?post=55584"}],"curies":[{"name":"wp","href":"https:\/\/api.w.org\/{rel}","templated":true}]}}