{"id":55688,"date":"2026-02-28T13:17:21","date_gmt":"2026-02-28T16:17:21","guid":{"rendered":"https:\/\/www.ejercito.mil.uy\/?p=55688"},"modified":"2026-03-06T14:07:07","modified_gmt":"2026-03-06T17:07:07","slug":"relevo-del-jefe-de-la-compania-desplegada-en-siria-undof","status":"publish","type":"post","link":"https:\/\/www.ejercito.mil.uy\/index.php\/2026\/02\/28\/relevo-del-jefe-de-la-compania-desplegada-en-siria-undof\/","title":{"rendered":"Relevo del Jefe de la Compa\u00f1\u00eda desplegada en Siria (UNDOF)"},"content":{"rendered":"\n<p class=\"has-black-color has-text-color has-link-color has-small-font-size wp-elements-149fe1a63b1e9302f3d6548685c3997b\">28.02.2026 &#8211; <strong>Rep\u00fablica \u00c1rabe Siria<\/strong><\/p>\n\n\n\n<div style=\"height:22px\" aria-hidden=\"true\" class=\"wp-block-spacer\"><\/div>\n\n\n\n<p class=\"has-white-color has-text-color has-background has-medium-font-size\" style=\"background-color:#418ede\">Se realiz\u00f3 el relevo del <strong>Jefe de la Compa\u00f1\u00eda Uruguaya de Infanter\u00eda Mecanizada desplegada en la Rep\u00fablica \u00c1rabe Siria<\/strong>, bajo el mandato de la misi\u00f3n UNDOF.<\/p>\n\n\n\n<div style=\"height:33px\" aria-hidden=\"true\" class=\"wp-block-spacer\"><\/div>\n\n\n\n<figure class=\"wp-block-image size-large\"><img fetchpriority=\"high\" decoding=\"async\" width=\"1200\" height=\"800\" src=\"https:\/\/www.ejercito.mil.uy\/wp-content\/uploads\/2026\/03\/3-1024x683.jpeg\" alt=\"\" class=\"wp-image-55690\" srcset=\"https:\/\/www.ejercito.mil.uy\/wp-content\/uploads\/2026\/03\/3-1024x683.jpeg 1024w, https:\/\/www.ejercito.mil.uy\/wp-content\/uploads\/2026\/03\/3-300x200.jpeg 300w, https:\/\/www.ejercito.mil.uy\/wp-content\/uploads\/2026\/03\/3.jpeg 1200w\" sizes=\"(max-width: 1200px) 100vw, 1200px\" \/><\/figure>\n\n\n\n<div style=\"height:33px\" aria-hidden=\"true\" class=\"wp-block-spacer\"><\/div>\n\n\n\n<p class=\"has-black-color has-text-color has-link-color wp-elements-17020e70d753208553e0e32eb64532dc\" style=\"font-size:18px\">En primera instancia, el Comandante del Contingente Nacional saliente, Teniente Coronel Paulo Pilecco, hizo entrega de las responsabilidades al Comandante del Contingente Nacional entrante, Teniente Coronel Nelson Batista. Asimismo, el Teniente Coronel F\u00e9lix Sosa relev\u00f3 como 2\u00ba Jefe de la Compa\u00f1\u00eda con el Mayor Jacinto Alano.<\/p>\n\n\n\n<div style=\"height:33px\" aria-hidden=\"true\" class=\"wp-block-spacer\"><\/div>\n\n\n\n<figure class=\"wp-block-image size-large\"><img decoding=\"async\" width=\"1024\" height=\"683\" src=\"https:\/\/www.ejercito.mil.uy\/wp-content\/uploads\/2026\/03\/2-1024x683.jpeg\" alt=\"\" class=\"wp-image-55691\" srcset=\"https:\/\/www.ejercito.mil.uy\/wp-content\/uploads\/2026\/03\/2-1024x683.jpeg 1024w, https:\/\/www.ejercito.mil.uy\/wp-content\/uploads\/2026\/03\/2-300x200.jpeg 300w, https:\/\/www.ejercito.mil.uy\/wp-content\/uploads\/2026\/03\/2.jpeg 1200w\" sizes=\"(max-width: 1024px) 100vw, 1024px\" \/><\/figure>\n\n\n\n<div style=\"height:33px\" aria-hidden=\"true\" class=\"wp-block-spacer\"><\/div>\n\n\n\n<p class=\"has-black-color has-text-color has-link-color wp-elements-fcd21998e3ec9e9f67867fb36cd41f3f\" style=\"font-size:18px\">Cabe destacar que este Contingente, se encuentra desplegado en cuatro posiciones de Naciones Unidas (UNP), ubicadas en la zona Sur del sector \u201cLado Bravo\u201d, en los Altos del Gol\u00e1n Sirio. La UNP 80 constituye la posici\u00f3n principal, donde se ubican el Comando, Estado Mayor, la Secci\u00f3n Log\u00edstica y Secci\u00f3n 3; mientras que las restantes secciones se distribuyen en la UNP 68 (Secci\u00f3n 1), la UNP 85 (Secci\u00f3n 4) y la UNP 86B (Secci\u00f3n 2). <\/p>\n\n\n\n<div style=\"height:30px\" aria-hidden=\"true\" class=\"wp-block-spacer\"><\/div>\n\n\n\n<figure class=\"wp-block-image size-large\"><img decoding=\"async\" width=\"1024\" height=\"683\" src=\"https:\/\/www.ejercito.mil.uy\/wp-content\/uploads\/2026\/03\/Imagen1-1024x683.jpg\" alt=\"\" class=\"wp-image-55692\" srcset=\"https:\/\/www.ejercito.mil.uy\/wp-content\/uploads\/2026\/03\/Imagen1-1024x683.jpg 1024w, https:\/\/www.ejercito.mil.uy\/wp-content\/uploads\/2026\/03\/Imagen1-300x200.jpg 300w, https:\/\/www.ejercito.mil.uy\/wp-content\/uploads\/2026\/03\/Imagen1.jpg 1200w\" sizes=\"(max-width: 1024px) 100vw, 1024px\" \/><\/figure>\n\n\n\n<div style=\"height:30px\" aria-hidden=\"true\" class=\"wp-block-spacer\"><\/div>\n\n\n\n<p class=\"has-black-color has-text-color has-link-color wp-elements-754479d8c9bb5de3d91536bc5c844614\" style=\"font-size:18px\">Adem\u00e1s, un Destacamento de efectivos de la Secci\u00f3n 3 brinda seguridad al puesto observatorio de Observadores Militares OP 58, situado en el punto m\u00e1s alejado hacia el Sur.<\/p>\n\n\n\n<div style=\"height:33px\" aria-hidden=\"true\" class=\"wp-block-spacer\"><\/div>\n\n\n\n<figure class=\"wp-block-image size-large\"><img loading=\"lazy\" decoding=\"async\" width=\"1024\" height=\"683\" src=\"https:\/\/www.ejercito.mil.uy\/wp-content\/uploads\/2026\/03\/Imagen2-1024x683.jpg\" alt=\"\" class=\"wp-image-55693\" srcset=\"https:\/\/www.ejercito.mil.uy\/wp-content\/uploads\/2026\/03\/Imagen2-1024x683.jpg 1024w, https:\/\/www.ejercito.mil.uy\/wp-content\/uploads\/2026\/03\/Imagen2-300x200.jpg 300w, https:\/\/www.ejercito.mil.uy\/wp-content\/uploads\/2026\/03\/Imagen2.jpg 1200w\" sizes=\"(max-width: 1024px) 100vw, 1024px\" \/><\/figure>\n\n\n\n<div style=\"height:33px\" aria-hidden=\"true\" class=\"wp-block-spacer\"><\/div>\n\n\n\n<p class=\"has-black-color has-text-color has-link-color wp-elements-c4b2c5ccc07b7b2f9bf697de99336317\" style=\"font-size:18px\">Con entrega y profesionalismo, nuestros Cascos Azules reafirman el compromiso de nuestro pa\u00eds con el mantenimiento de la Paz Mundial.<\/p>\n","protected":false},"excerpt":{"rendered":"<p>28.02.2026 &#8211; El Teniente Coronel Nelson Batista asumi\u00f3 como Jefe de la Compa\u00f1\u00eda Uruguaya de Infanter\u00eda Mecanizada.  <\/p>\n","protected":false},"author":17,"featured_media":55691,"comment_status":"open","ping_status":"open","sticky":false,"template":"","format":"standard","meta":{"_coblocks_attr":"","_coblocks_dimensions":"","_coblocks_responsive_height":"","_coblocks_accordion_ie_support":"","_monsterinsights_skip_tracking":false,"_monsterinsights_sitenote_active":false,"_monsterinsights_sitenote_note":"","_monsterinsights_sitenote_category":0,"_uf_show_specific_survey":0,"_uf_disable_surveys":false,"footnotes":""},"categories":[2,10,237,14,1],"tags":[207,818,209,139,652,33,1460,2078,61],"class_list":["post-55688","post","type-post","status-publish","format-standard","has-post-thumbnail","hentry","category-blog","category-destacados","category-misiones","category-noticias","category-sin-categoria","tag-cascos-azules","tag-jefe","tag-naciones-unidas","tag-onu","tag-relevo","tag-seguridad","tag-siria","tag-umic","tag-undof"],"aioseo_notices":[],"_links":{"self":[{"href":"https:\/\/www.ejercito.mil.uy\/index.php\/wp-json\/wp\/v2\/posts\/55688","targetHints":{"allow":["GET"]}}],"collection":[{"href":"https:\/\/www.ejercito.mil.uy\/index.php\/wp-json\/wp\/v2\/posts"}],"about":[{"href":"https:\/\/www.ejercito.mil.uy\/index.php\/wp-json\/wp\/v2\/types\/post"}],"author":[{"embeddable":true,"href":"https:\/\/www.ejercito.mil.uy\/index.php\/wp-json\/wp\/v2\/users\/17"}],"replies":[{"embeddable":true,"href":"https:\/\/www.ejercito.mil.uy\/index.php\/wp-json\/wp\/v2\/comments?post=55688"}],"version-history":[{"count":5,"href":"https:\/\/www.ejercito.mil.uy\/index.php\/wp-json\/wp\/v2\/posts\/55688\/revisions"}],"predecessor-version":[{"id":55700,"href":"https:\/\/www.ejercito.mil.uy\/index.php\/wp-json\/wp\/v2\/posts\/55688\/revisions\/55700"}],"wp:featuredmedia":[{"embeddable":true,"href":"https:\/\/www.ejercito.mil.uy\/index.php\/wp-json\/wp\/v2\/media\/55691"}],"wp:attachment":[{"href":"https:\/\/www.ejercito.mil.uy\/index.php\/wp-json\/wp\/v2\/media?parent=55688"}],"wp:term":[{"taxonomy":"category","embeddable":true,"href":"https:\/\/www.ejercito.mil.uy\/index.php\/wp-json\/wp\/v2\/categories?post=55688"},{"taxonomy":"post_tag","embeddable":true,"href":"https:\/\/www.ejercito.mil.uy\/index.php\/wp-json\/wp\/v2\/tags?post=55688"}],"curies":[{"name":"wp","href":"https:\/\/api.w.org\/{rel}","templated":true}]}}