{"id":55713,"date":"2026-03-08T08:14:03","date_gmt":"2026-03-08T11:14:03","guid":{"rendered":"https:\/\/www.ejercito.mil.uy\/?p=55713"},"modified":"2026-03-08T08:14:04","modified_gmt":"2026-03-08T11:14:04","slug":"dia-internacional-de-la-mujer-5","status":"publish","type":"post","link":"https:\/\/www.ejercito.mil.uy\/index.php\/2026\/03\/08\/dia-internacional-de-la-mujer-5\/","title":{"rendered":"D\u00eda Internacional de la Mujer"},"content":{"rendered":"\n<p class=\"has-black-color has-text-color has-link-color has-small-font-size wp-elements-10c25416be1216d0a8ac9b8e7253b046\">08.03.2026<\/p>\n\n\n\n<div style=\"height:33px\" aria-hidden=\"true\" class=\"wp-block-spacer\"><\/div>\n\n\n\n<p class=\"has-black-color has-text-color has-link-color has-medium-font-size wp-elements-d0ad1925bdb29cb7fcd1ee5b65c8b9fa\">Cada desaf\u00edo trae consigo una oportunidad para demostrar fortaleza, compromiso y vocaci\u00f3n. Y en cada misi\u00f3n, hay mujeres que con valent\u00eda, preparaci\u00f3n y disciplina dejan en alto el honor de servir.<\/p>\n\n\n\n<div style=\"height:33px\" aria-hidden=\"true\" class=\"wp-block-spacer\"><\/div>\n\n\n\n<p class=\"is-style-success has-black-color has-text-color has-background has-link-color has-medium-font-size wp-elements-e11b3e604dc7f5a7117603a7243c95f3\" style=\"background-color:#de6dbe\">En este <strong>D\u00eda Internacional de la Mujer<\/strong>, el Ej\u00e9rcito Nacional saluda a todas las mujeres, especialmente a las que integran sus filas que con esfuerzo diario, contribuyen al cumplimiento de la misi\u00f3n.<\/p>\n\n\n\n<div style=\"height:33px\" aria-hidden=\"true\" class=\"wp-block-spacer\"><\/div>\n\n\n\n<p class=\"has-black-color has-text-color has-link-color has-medium-font-size wp-elements-54c33fd39203e86eaf6c16d5d19bca37\">Su entrega, capacidad y esp\u00edritu de servicio inspiran y fortalecen el camino de <strong><em>La Fuerza de todos.<\/em><\/strong><\/p>\n\n\n\n<div style=\"height:33px\" aria-hidden=\"true\" class=\"wp-block-spacer\"><\/div>\n\n\n\n<figure class=\"wp-block-embed is-type-video is-provider-youtube wp-block-embed-youtube wp-embed-aspect-16-9 wp-has-aspect-ratio\"><div class=\"wp-block-embed__wrapper\">\n<iframe title=\"D\u00eda Internacional de la Mujer 2026\" width=\"1778\" height=\"1000\" src=\"https:\/\/www.youtube.com\/embed\/H146rRBwu00?feature=oembed\" frameborder=\"0\" allow=\"accelerometer; autoplay; clipboard-write; encrypted-media; gyroscope; picture-in-picture; web-share\" referrerpolicy=\"strict-origin-when-cross-origin\" allowfullscreen><\/iframe>\n<\/div><\/figure>\n\n\n\n<div style=\"height:100px\" aria-hidden=\"true\" class=\"wp-block-spacer\"><\/div>\n","protected":false},"excerpt":{"rendered":"<p>08.03.2026 &#8211; En este D\u00eda Internacional de la Mujer, el Ej\u00e9rcito Nacional saluda a todas las mujeres, especialmente a las que integran sus filas que con esfuerzo diario, contribuyen al cumplimiento de la misi\u00f3n.<\/p>\n","protected":false},"author":14,"featured_media":55720,"comment_status":"open","ping_status":"open","sticky":false,"template":"","format":"standard","meta":{"_coblocks_attr":"","_coblocks_dimensions":"","_coblocks_responsive_height":"","_coblocks_accordion_ie_support":"","_monsterinsights_skip_tracking":false,"_monsterinsights_sitenote_active":false,"_monsterinsights_sitenote_note":"","_monsterinsights_sitenote_category":0,"_uf_show_specific_survey":0,"_uf_disable_surveys":false,"footnotes":""},"categories":[2,10,14,1],"tags":[2221,414,1104,843,232,98,498],"class_list":["post-55713","post","type-post","status-publish","format-standard","has-post-thumbnail","hentry","category-blog","category-destacados","category-noticias","category-sin-categoria","tag-8m","tag-dia","tag-internacional","tag-mujer","tag-mujeres","tag-saludo","tag-vocacion"],"aioseo_notices":[],"_links":{"self":[{"href":"https:\/\/www.ejercito.mil.uy\/index.php\/wp-json\/wp\/v2\/posts\/55713","targetHints":{"allow":["GET"]}}],"collection":[{"href":"https:\/\/www.ejercito.mil.uy\/index.php\/wp-json\/wp\/v2\/posts"}],"about":[{"href":"https:\/\/www.ejercito.mil.uy\/index.php\/wp-json\/wp\/v2\/types\/post"}],"author":[{"embeddable":true,"href":"https:\/\/www.ejercito.mil.uy\/index.php\/wp-json\/wp\/v2\/users\/14"}],"replies":[{"embeddable":true,"href":"https:\/\/www.ejercito.mil.uy\/index.php\/wp-json\/wp\/v2\/comments?post=55713"}],"version-history":[{"count":6,"href":"https:\/\/www.ejercito.mil.uy\/index.php\/wp-json\/wp\/v2\/posts\/55713\/revisions"}],"predecessor-version":[{"id":55722,"href":"https:\/\/www.ejercito.mil.uy\/index.php\/wp-json\/wp\/v2\/posts\/55713\/revisions\/55722"}],"wp:featuredmedia":[{"embeddable":true,"href":"https:\/\/www.ejercito.mil.uy\/index.php\/wp-json\/wp\/v2\/media\/55720"}],"wp:attachment":[{"href":"https:\/\/www.ejercito.mil.uy\/index.php\/wp-json\/wp\/v2\/media?parent=55713"}],"wp:term":[{"taxonomy":"category","embeddable":true,"href":"https:\/\/www.ejercito.mil.uy\/index.php\/wp-json\/wp\/v2\/categories?post=55713"},{"taxonomy":"post_tag","embeddable":true,"href":"https:\/\/www.ejercito.mil.uy\/index.php\/wp-json\/wp\/v2\/tags?post=55713"}],"curies":[{"name":"wp","href":"https:\/\/api.w.org\/{rel}","templated":true}]}}